{"id":277426,"date":"2025-01-27T05:56:10","date_gmt":"2025-01-27T09:56:10","guid":{"rendered":"https:\/\/www.eldiario.net\/portal\/?p=277426"},"modified":"2025-01-27T05:56:10","modified_gmt":"2025-01-27T09:56:10","slug":"lluvias-causan-desde-taponamientos-y-caida-de-muros-hasta-cierre-de-vias","status":"publish","type":"post","link":"https:\/\/www.eldiario.net\/portal\/2025\/01\/27\/lluvias-causan-desde-taponamientos-y-caida-de-muros-hasta-cierre-de-vias\/","title":{"rendered":"Lluvias causan desde taponamientos y ca\u00edda de muros hasta cierre de v\u00edas"},"content":{"rendered":"<p>Limpieza de cunetas, de material en calles, adem\u00e1s de fugas por ruptura de tuber\u00edas, sifonamientos, colapso de muro y desprendimiento de talud, que derivaron en el cierre de v\u00edas, son parte de m\u00e1s de 60 emergencias que atendi\u00f3 personal de la comuna pace\u00f1a tras la lluvia registrada el s\u00e1bado.<br \/>\n\u201cComo consecuencia de las precipitaciones pluviales de ayer (s\u00e1bado) hemos atendido ocho casos en Cotahuma: limpieza de cunetas y arrastre de material en v\u00eda; 22, en la zona Sur; 32 casos en la red 114 en cuanto a fugas, rotura de tuber\u00edas y servicios\u201d, inform\u00f3 la secretaria Municipal de Infraestructura P\u00fablica a.i., Mar\u00eda Luisa Padilla.<br \/>\nEn tanto, la secretaria interina de Resiliencia y Gesti\u00f3n de Vulnerabilidades (RGV) de la comuna pace\u00f1a, Talissa Quiroz, indic\u00f3 que la atenci\u00f3n a las emergencias fue oportuna y con trabajos que se contin\u00faan realizando.<br \/>\nDestac\u00f3 la ca\u00edda de un muro en una vivienda de Alto Vino Tinto debido a filtraciones que se registraron en el sector.<\/p>\n<p>ALTO VINO TINTO<br \/>\n\u201cHemos tenido diferentes casos de emergencia de diferente \u00edndole, los m\u00e1s importantes en Alto Vino Tinto, el colapso de un muro de vivienda por problemas de filtraci\u00f3n lo que ha ocasionado la erosi\u00f3n de la fundaci\u00f3n como tal de este muro. Gracias a la intervenci\u00f3n inmediata del grupo de atenci\u00f3n de emergencias de la Secretar\u00eda de Resiliencia as\u00ed como la empresa de Epsas y YPFB, que han acudido de manera inmediata, se ha logrado mantener en resguardo la situaci\u00f3n\u201d, explic\u00f3 la autoridad municipal.<br \/>\nAcot\u00f3 que la Subalcald\u00eda de Perif\u00e9rica emiti\u00f3 las notificaciones para la evacuaci\u00f3n preventiva de esta vivienda y otras, porque \u201chay otras \u00e1reas comprometidas\u201d.<br \/>\nTambi\u00e9n hay un poste de electricidad que estar\u00eda al borde de la ca\u00edda situaci\u00f3n que genera preocupaci\u00f3n entre los vecinos del lugar. El hecho ocurri\u00f3 la madrugada del s\u00e1bado y los habitantes de la casa expresaron su temor por lo que podr\u00eda ocurrir con su inmueble.<br \/>\n\u201cNos pidieron desalojar, pero nuestras pertenencias est\u00e1n dentro. No tenemos a d\u00f3nde ir\u201d, se\u00f1al\u00f3 el propietario, quien relat\u00f3 que, durante la noche del s\u00e1bado, tuvieron que refugiarse en \u00e1reas no comprometidas de la casa.<br \/>\nOtros vecinos temen que el deslizamiento comprometa la estabilidad de la avenida que conecta con el centro de la ciudad y exigen atenci\u00f3n inmediata de las autoridades. Aseguran que cay\u00f3 parte de una plataforma y esta continuar\u00eda cediendo.<\/p>\n<p>KANTUTANI<br \/>\nLas funcionarias ediles, cada una a su turno, indicaron que se registr\u00f3 un sifonamiento en la avenida Kantutani, que est\u00e1 siendo intervenido. \u201cLa idea es habilitarlo hasta las primeras horas de ma\u00f1ana (hoy) se est\u00e1 haciendo la reconformaci\u00f3n de material y vamos a proceder a hacer el recapeo y la atenci\u00f3n en el punto espec\u00edfico\u201d, acot\u00f3 Padilla.<br \/>\nQuiroz, por su lado, record\u00f3 que la Alcald\u00eda pace\u00f1a emiti\u00f3 un comunicado de cierre de un sector de la v\u00eda \u201cpara que los conductores tengan el cuidado correspondiente al transitar por la curva se\u00f1alada\u201d. Apunt\u00f3 que se removi\u00f3 material, luego se rellenar\u00e1 el sector y se analizar\u00e1 el tipo de intervenci\u00f3n que realizar\u00e1n.<br \/>\nRecalc\u00f3 que \u201cno hay un cierre de carril en ese sector, si hay un sector se\u00f1alizado con barreras preventivas y por la noche esta la guardia controlando para evitar que haya cualquier accidente\u201d, por lo que pidi\u00f3 conducir con precauci\u00f3n.<\/p>\n<p>OTROS<br \/>\nLa secretaria de Resiliencia y Gesti\u00f3n de Vulnerabilidades, tambi\u00e9n inform\u00f3 que en el Pasajahuira contin\u00faan los trabajos de conducci\u00f3n, con el colocado de las chapas \u00e1rmicas y \u201cestamos viendo principalmente el tema de protecci\u00f3n de servicios como la tuber\u00eda de YPFB\u201d.<br \/>\nRespecto a un posible desprendimiento de talud en Jara\u00f1apampa, Quiroz sostuvo que personal municipal valor\u00f3 el lugar y \u201chemos tenido que crear un acceso debido a que por las condiciones topogr\u00e1ficas del lugar es dif\u00edcil realizar la operatividad con maquinaria y dem\u00e1s, sin embargo se est\u00e1 atendiendo\u201d.<br \/>\nRespecto a las intervenciones que se realizan en la avenida Marcelo Quiroga Santa Cruz, en la zona Ernesto Torrez del macrodistrito Cotahuma, se inform\u00f3 que los trabajos de bajado de carga contin\u00faan, adem\u00e1s se realizar\u00e1 la valorizaci\u00f3n de algunos \u00e1rboles.<br \/>\nTambi\u00e9n se recuerda que la avenida del Poeta permanecer\u00e1 cerrada, \u201cporque el \u00e1rea afectada es mucho mayor y requiere de mayor transporte, material y algunos trabajos extras (\u2026) los conductores deben usar v\u00edas alternas como la avenida 6 de Agosto y Miraflores\u201d, recalc\u00f3 Padilla.<br \/>\nAsimismo, Quiroz resalt\u00f3 la importancia de las acciones preventivas para mitigar riesgos. \u201cLos trabajos realizados con maquinaria durante la etapa de prevenci\u00f3n y reducci\u00f3n de riesgos de desastre est\u00e1n funcionando\u201d, asever\u00f3.<\/p>\n<figure id=\"attachment_277428\" aria-describedby=\"caption-attachment-277428\" style=\"width: 1280px\" class=\"wp-caption aligncenter\"><img loading=\"lazy\" decoding=\"async\" class=\"size-full wp-image-277428\" src=\"https:\/\/www.eldiario.net\/portal\/wp-content\/uploads\/2025\/01\/F-2-informe.jpg\" alt=\"\" width=\"1280\" height=\"545\" srcset=\"https:\/\/www.eldiario.net\/portal\/wp-content\/uploads\/2025\/01\/F-2-informe.jpg 1280w, https:\/\/www.eldiario.net\/portal\/wp-content\/uploads\/2025\/01\/F-2-informe-300x128.jpg 300w, https:\/\/www.eldiario.net\/portal\/wp-content\/uploads\/2025\/01\/F-2-informe-1024x436.jpg 1024w, https:\/\/www.eldiario.net\/portal\/wp-content\/uploads\/2025\/01\/F-2-informe-768x327.jpg 768w, https:\/\/www.eldiario.net\/portal\/wp-content\/uploads\/2025\/01\/F-2-informe-986x420.jpg 986w, https:\/\/www.eldiario.net\/portal\/wp-content\/uploads\/2025\/01\/F-2-informe-696x296.jpg 696w, https:\/\/www.eldiario.net\/portal\/wp-content\/uploads\/2025\/01\/F-2-informe-1068x455.jpg 1068w\" sizes=\"auto, (max-width: 1280px) 100vw, 1280px\" \/><figcaption id=\"caption-attachment-277428\" class=\"wp-caption-text\">En la avenida se produjo un sifonamiento.<\/figcaption><\/figure>\n","protected":false},"excerpt":{"rendered":"<p>Limpieza de cunetas, de material en calles, adem\u00e1s de fugas por ruptura de tuber\u00edas, sifonamientos, colapso de muro y desprendimiento de talud, que derivaron en el cierre de v\u00edas, son parte de m\u00e1s de 60 emergencias que atendi\u00f3 personal de la comuna pace\u00f1a tras la lluvia registrada el s\u00e1bado. \u201cComo consecuencia de las precipitaciones pluviales [&hellip;]<\/p>\n","protected":false},"author":1,"featured_media":277427,"comment_status":"closed","ping_status":"open","sticky":false,"template":"","format":"standard","meta":{"_acf_changed":false,"footnotes":""},"categories":[12],"tags":[],"class_list":["post-277426","post","type-post","status-publish","format-standard","has-post-thumbnail","category-nacional"],"acf":{"antetitulo":"Piden transitar con precauci\u00f3n"},"yoast_head":"<!-- This site is optimized with the Yoast SEO plugin v28.4 - https:\/\/yoast.com\/product\/yoast-seo-wordpress\/ -->\n<title>Lluvias causan desde taponamientos y ca\u00edda de muros hasta cierre de v\u00edas - El Diario - Bolivia<\/title>\n<meta name=\"robots\" content=\"index, follow, max-snippet:-1, max-image-preview:large, max-video-preview:-1\" \/>\n<link rel=\"canonical\" href=\"https:\/\/www.eldiario.net\/portal\/2025\/01\/27\/lluvias-causan-desde-taponamientos-y-caida-de-muros-hasta-cierre-de-vias\/\" \/>\n<meta property=\"og:locale\" content=\"es_ES\" \/>\n<meta property=\"og:type\" content=\"article\" \/>\n<meta property=\"og:title\" content=\"Lluvias causan desde taponamientos y ca\u00edda de muros hasta cierre de v\u00edas - El Diario - Bolivia\" \/>\n<meta property=\"og:description\" content=\"Limpieza de cunetas, de material en calles, adem\u00e1s de fugas por ruptura de tuber\u00edas, sifonamientos, colapso de muro y desprendimiento de talud, que derivaron en el cierre de v\u00edas, son parte de m\u00e1s de 60 emergencias que atendi\u00f3 personal de la comuna pace\u00f1a tras la lluvia registrada el s\u00e1bado. \u201cComo consecuencia de las precipitaciones pluviales [&hellip;]\" \/>\n<meta property=\"og:url\" content=\"https:\/\/www.eldiario.net\/portal\/2025\/01\/27\/lluvias-causan-desde-taponamientos-y-caida-de-muros-hasta-cierre-de-vias\/\" \/>\n<meta property=\"og:site_name\" content=\"El Diario - Bolivia\" \/>\n<meta property=\"article:publisher\" content=\"https:\/\/www.facebook.com\/eldiario.bolivia\/\" \/>\n<meta property=\"article:published_time\" content=\"2025-01-27T09:56:10+00:00\" \/>\n<meta property=\"og:image\" content=\"https:\/\/www.eldiario.net\/portal\/wp-content\/uploads\/2025\/01\/F-1-informe.jpg\" \/>\n\t<meta property=\"og:image:width\" content=\"1200\" \/>\n\t<meta property=\"og:image:height\" content=\"800\" \/>\n\t<meta property=\"og:image:type\" content=\"image\/jpeg\" \/>\n<meta name=\"author\" content=\"Jeanette\" \/>\n<meta name=\"twitter:card\" content=\"summary_large_image\" \/>\n<meta name=\"twitter:creator\" content=\"@eldiario_net\" \/>\n<meta name=\"twitter:site\" content=\"@eldiario_net\" \/>\n<meta name=\"twitter:label1\" content=\"Escrito por\" \/>\n\t<meta name=\"twitter:data1\" content=\"Jeanette\" \/>\n\t<meta name=\"twitter:label2\" content=\"Tiempo de lectura\" \/>\n\t<meta name=\"twitter:data2\" content=\"4 minutos\" \/>\n<script type=\"application\/ld+json\" class=\"yoast-schema-graph\">{\"@context\":\"https:\\\/\\\/schema.org\",\"@graph\":[{\"@type\":\"Article\",\"@id\":\"https:\\\/\\\/www.eldiario.net\\\/portal\\\/2025\\\/01\\\/27\\\/lluvias-causan-desde-taponamientos-y-caida-de-muros-hasta-cierre-de-vias\\\/#article\",\"isPartOf\":{\"@id\":\"https:\\\/\\\/www.eldiario.net\\\/portal\\\/2025\\\/01\\\/27\\\/lluvias-causan-desde-taponamientos-y-caida-de-muros-hasta-cierre-de-vias\\\/\"},\"author\":{\"name\":\"Jeanette\",\"@id\":\"https:\\\/\\\/www.eldiario.net\\\/portal\\\/#\\\/schema\\\/person\\\/f46445640444750d7d753ccd04ae01b7\"},\"headline\":\"Lluvias causan desde taponamientos y ca\u00edda de muros hasta cierre de v\u00edas\",\"datePublished\":\"2025-01-27T09:56:10+00:00\",\"mainEntityOfPage\":{\"@id\":\"https:\\\/\\\/www.eldiario.net\\\/portal\\\/2025\\\/01\\\/27\\\/lluvias-causan-desde-taponamientos-y-caida-de-muros-hasta-cierre-de-vias\\\/\"},\"wordCount\":835,\"publisher\":{\"@id\":\"https:\\\/\\\/www.eldiario.net\\\/portal\\\/#organization\"},\"image\":{\"@id\":\"https:\\\/\\\/www.eldiario.net\\\/portal\\\/2025\\\/01\\\/27\\\/lluvias-causan-desde-taponamientos-y-caida-de-muros-hasta-cierre-de-vias\\\/#primaryimage\"},\"thumbnailUrl\":\"https:\\\/\\\/www.eldiario.net\\\/portal\\\/wp-content\\\/uploads\\\/2025\\\/01\\\/F-1-informe.jpg\",\"articleSection\":[\"Nacional\"],\"inLanguage\":\"es\"},{\"@type\":\"WebPage\",\"@id\":\"https:\\\/\\\/www.eldiario.net\\\/portal\\\/2025\\\/01\\\/27\\\/lluvias-causan-desde-taponamientos-y-caida-de-muros-hasta-cierre-de-vias\\\/\",\"url\":\"https:\\\/\\\/www.eldiario.net\\\/portal\\\/2025\\\/01\\\/27\\\/lluvias-causan-desde-taponamientos-y-caida-de-muros-hasta-cierre-de-vias\\\/\",\"name\":\"Lluvias causan desde taponamientos y ca\u00edda de muros hasta cierre de v\u00edas - El Diario - Bolivia\",\"isPartOf\":{\"@id\":\"https:\\\/\\\/www.eldiario.net\\\/portal\\\/#website\"},\"primaryImageOfPage\":{\"@id\":\"https:\\\/\\\/www.eldiario.net\\\/portal\\\/2025\\\/01\\\/27\\\/lluvias-causan-desde-taponamientos-y-caida-de-muros-hasta-cierre-de-vias\\\/#primaryimage\"},\"image\":{\"@id\":\"https:\\\/\\\/www.eldiario.net\\\/portal\\\/2025\\\/01\\\/27\\\/lluvias-causan-desde-taponamientos-y-caida-de-muros-hasta-cierre-de-vias\\\/#primaryimage\"},\"thumbnailUrl\":\"https:\\\/\\\/www.eldiario.net\\\/portal\\\/wp-content\\\/uploads\\\/2025\\\/01\\\/F-1-informe.jpg\",\"datePublished\":\"2025-01-27T09:56:10+00:00\",\"breadcrumb\":{\"@id\":\"https:\\\/\\\/www.eldiario.net\\\/portal\\\/2025\\\/01\\\/27\\\/lluvias-causan-desde-taponamientos-y-caida-de-muros-hasta-cierre-de-vias\\\/#breadcrumb\"},\"inLanguage\":\"es\",\"potentialAction\":[{\"@type\":\"ReadAction\",\"target\":[\"https:\\\/\\\/www.eldiario.net\\\/portal\\\/2025\\\/01\\\/27\\\/lluvias-causan-desde-taponamientos-y-caida-de-muros-hasta-cierre-de-vias\\\/\"]}]},{\"@type\":\"ImageObject\",\"inLanguage\":\"es\",\"@id\":\"https:\\\/\\\/www.eldiario.net\\\/portal\\\/2025\\\/01\\\/27\\\/lluvias-causan-desde-taponamientos-y-caida-de-muros-hasta-cierre-de-vias\\\/#primaryimage\",\"url\":\"https:\\\/\\\/www.eldiario.net\\\/portal\\\/wp-content\\\/uploads\\\/2025\\\/01\\\/F-1-informe.jpg\",\"contentUrl\":\"https:\\\/\\\/www.eldiario.net\\\/portal\\\/wp-content\\\/uploads\\\/2025\\\/01\\\/F-1-informe.jpg\",\"width\":1200,\"height\":800,\"caption\":\"Muro cay\u00f3 y afect\u00f3 a una vivienda en Alto Vino Tinto.\"},{\"@type\":\"BreadcrumbList\",\"@id\":\"https:\\\/\\\/www.eldiario.net\\\/portal\\\/2025\\\/01\\\/27\\\/lluvias-causan-desde-taponamientos-y-caida-de-muros-hasta-cierre-de-vias\\\/#breadcrumb\",\"itemListElement\":[{\"@type\":\"ListItem\",\"position\":1,\"name\":\"Portada\",\"item\":\"https:\\\/\\\/www.eldiario.net\\\/portal\\\/\"},{\"@type\":\"ListItem\",\"position\":2,\"name\":\"Lluvias causan desde taponamientos y ca\u00edda de muros hasta cierre de v\u00edas\"}]},{\"@type\":\"WebSite\",\"@id\":\"https:\\\/\\\/www.eldiario.net\\\/portal\\\/#website\",\"url\":\"https:\\\/\\\/www.eldiario.net\\\/portal\\\/\",\"name\":\"El Diario - Decano de la prensa nacional\",\"description\":\"El Diario - Decano de la prensa nacional\",\"publisher\":{\"@id\":\"https:\\\/\\\/www.eldiario.net\\\/portal\\\/#organization\"},\"potentialAction\":[{\"@type\":\"SearchAction\",\"target\":{\"@type\":\"EntryPoint\",\"urlTemplate\":\"https:\\\/\\\/www.eldiario.net\\\/portal\\\/?s={search_term_string}\"},\"query-input\":{\"@type\":\"PropertyValueSpecification\",\"valueRequired\":true,\"valueName\":\"search_term_string\"}}],\"inLanguage\":\"es\"},{\"@type\":\"Organization\",\"@id\":\"https:\\\/\\\/www.eldiario.net\\\/portal\\\/#organization\",\"name\":\"El Diario - Decano de la prensa nacional\",\"url\":\"https:\\\/\\\/www.eldiario.net\\\/portal\\\/\",\"logo\":{\"@type\":\"ImageObject\",\"inLanguage\":\"es\",\"@id\":\"https:\\\/\\\/www.eldiario.net\\\/portal\\\/#\\\/schema\\\/logo\\\/image\\\/\",\"url\":\"https:\\\/\\\/www.eldiario.net\\\/portal\\\/wp-content\\\/uploads\\\/2023\\\/07\\\/logo_ED.jpg\",\"contentUrl\":\"https:\\\/\\\/www.eldiario.net\\\/portal\\\/wp-content\\\/uploads\\\/2023\\\/07\\\/logo_ED.jpg\",\"width\":272,\"height\":52,\"caption\":\"El Diario - Decano de la prensa nacional\"},\"image\":{\"@id\":\"https:\\\/\\\/www.eldiario.net\\\/portal\\\/#\\\/schema\\\/logo\\\/image\\\/\"},\"sameAs\":[\"https:\\\/\\\/www.facebook.com\\\/eldiario.bolivia\\\/\",\"https:\\\/\\\/x.com\\\/eldiario_net\"]},{\"@type\":\"Person\",\"@id\":\"https:\\\/\\\/www.eldiario.net\\\/portal\\\/#\\\/schema\\\/person\\\/f46445640444750d7d753ccd04ae01b7\",\"name\":\"Jeanette\",\"image\":{\"@type\":\"ImageObject\",\"inLanguage\":\"es\",\"@id\":\"https:\\\/\\\/secure.gravatar.com\\\/avatar\\\/3ea2118a5f7dad2b7138b1187a6b7ee55f160b9968b66013c3a3ef39dd7e5798?s=96&d=mm&r=g\",\"url\":\"https:\\\/\\\/secure.gravatar.com\\\/avatar\\\/3ea2118a5f7dad2b7138b1187a6b7ee55f160b9968b66013c3a3ef39dd7e5798?s=96&d=mm&r=g\",\"contentUrl\":\"https:\\\/\\\/secure.gravatar.com\\\/avatar\\\/3ea2118a5f7dad2b7138b1187a6b7ee55f160b9968b66013c3a3ef39dd7e5798?s=96&d=mm&r=g\",\"caption\":\"Jeanette\"},\"sameAs\":[\"https:\\\/\\\/www.eldiario.net\\\/portal\"],\"url\":\"https:\\\/\\\/www.eldiario.net\\\/portal\\\/author\\\/jeanette\\\/\"}]}<\/script>\n<!-- \/ Yoast SEO plugin. -->","yoast_head_json":{"title":"Lluvias causan desde taponamientos y ca\u00edda de muros hasta cierre de v\u00edas - El Diario - Bolivia","robots":{"index":"index","follow":"follow","max-snippet":"max-snippet:-1","max-image-preview":"max-image-preview:large","max-video-preview":"max-video-preview:-1"},"canonical":"https:\/\/www.eldiario.net\/portal\/2025\/01\/27\/lluvias-causan-desde-taponamientos-y-caida-de-muros-hasta-cierre-de-vias\/","og_locale":"es_ES","og_type":"article","og_title":"Lluvias causan desde taponamientos y ca\u00edda de muros hasta cierre de v\u00edas - El Diario - Bolivia","og_description":"Limpieza de cunetas, de material en calles, adem\u00e1s de fugas por ruptura de tuber\u00edas, sifonamientos, colapso de muro y desprendimiento de talud, que derivaron en el cierre de v\u00edas, son parte de m\u00e1s de 60 emergencias que atendi\u00f3 personal de la comuna pace\u00f1a tras la lluvia registrada el s\u00e1bado. \u201cComo consecuencia de las precipitaciones pluviales [&hellip;]","og_url":"https:\/\/www.eldiario.net\/portal\/2025\/01\/27\/lluvias-causan-desde-taponamientos-y-caida-de-muros-hasta-cierre-de-vias\/","og_site_name":"El Diario - Bolivia","article_publisher":"https:\/\/www.facebook.com\/eldiario.bolivia\/","article_published_time":"2025-01-27T09:56:10+00:00","og_image":[{"width":1200,"height":800,"url":"https:\/\/www.eldiario.net\/portal\/wp-content\/uploads\/2025\/01\/F-1-informe.jpg","type":"image\/jpeg"}],"author":"Jeanette","twitter_card":"summary_large_image","twitter_creator":"@eldiario_net","twitter_site":"@eldiario_net","twitter_misc":{"Escrito por":"Jeanette","Tiempo de lectura":"4 minutos"},"schema":{"@context":"https:\/\/schema.org","@graph":[{"@type":"Article","@id":"https:\/\/www.eldiario.net\/portal\/2025\/01\/27\/lluvias-causan-desde-taponamientos-y-caida-de-muros-hasta-cierre-de-vias\/#article","isPartOf":{"@id":"https:\/\/www.eldiario.net\/portal\/2025\/01\/27\/lluvias-causan-desde-taponamientos-y-caida-de-muros-hasta-cierre-de-vias\/"},"author":{"name":"Jeanette","@id":"https:\/\/www.eldiario.net\/portal\/#\/schema\/person\/f46445640444750d7d753ccd04ae01b7"},"headline":"Lluvias causan desde taponamientos y ca\u00edda de muros hasta cierre de v\u00edas","datePublished":"2025-01-27T09:56:10+00:00","mainEntityOfPage":{"@id":"https:\/\/www.eldiario.net\/portal\/2025\/01\/27\/lluvias-causan-desde-taponamientos-y-caida-de-muros-hasta-cierre-de-vias\/"},"wordCount":835,"publisher":{"@id":"https:\/\/www.eldiario.net\/portal\/#organization"},"image":{"@id":"https:\/\/www.eldiario.net\/portal\/2025\/01\/27\/lluvias-causan-desde-taponamientos-y-caida-de-muros-hasta-cierre-de-vias\/#primaryimage"},"thumbnailUrl":"https:\/\/www.eldiario.net\/portal\/wp-content\/uploads\/2025\/01\/F-1-informe.jpg","articleSection":["Nacional"],"inLanguage":"es"},{"@type":"WebPage","@id":"https:\/\/www.eldiario.net\/portal\/2025\/01\/27\/lluvias-causan-desde-taponamientos-y-caida-de-muros-hasta-cierre-de-vias\/","url":"https:\/\/www.eldiario.net\/portal\/2025\/01\/27\/lluvias-causan-desde-taponamientos-y-caida-de-muros-hasta-cierre-de-vias\/","name":"Lluvias causan desde taponamientos y ca\u00edda de muros hasta cierre de v\u00edas - El Diario - Bolivia","isPartOf":{"@id":"https:\/\/www.eldiario.net\/portal\/#website"},"primaryImageOfPage":{"@id":"https:\/\/www.eldiario.net\/portal\/2025\/01\/27\/lluvias-causan-desde-taponamientos-y-caida-de-muros-hasta-cierre-de-vias\/#primaryimage"},"image":{"@id":"https:\/\/www.eldiario.net\/portal\/2025\/01\/27\/lluvias-causan-desde-taponamientos-y-caida-de-muros-hasta-cierre-de-vias\/#primaryimage"},"thumbnailUrl":"https:\/\/www.eldiario.net\/portal\/wp-content\/uploads\/2025\/01\/F-1-informe.jpg","datePublished":"2025-01-27T09:56:10+00:00","breadcrumb":{"@id":"https:\/\/www.eldiario.net\/portal\/2025\/01\/27\/lluvias-causan-desde-taponamientos-y-caida-de-muros-hasta-cierre-de-vias\/#breadcrumb"},"inLanguage":"es","potentialAction":[{"@type":"ReadAction","target":["https:\/\/www.eldiario.net\/portal\/2025\/01\/27\/lluvias-causan-desde-taponamientos-y-caida-de-muros-hasta-cierre-de-vias\/"]}]},{"@type":"ImageObject","inLanguage":"es","@id":"https:\/\/www.eldiario.net\/portal\/2025\/01\/27\/lluvias-causan-desde-taponamientos-y-caida-de-muros-hasta-cierre-de-vias\/#primaryimage","url":"https:\/\/www.eldiario.net\/portal\/wp-content\/uploads\/2025\/01\/F-1-informe.jpg","contentUrl":"https:\/\/www.eldiario.net\/portal\/wp-content\/uploads\/2025\/01\/F-1-informe.jpg","width":1200,"height":800,"caption":"Muro cay\u00f3 y afect\u00f3 a una vivienda en Alto Vino Tinto."},{"@type":"BreadcrumbList","@id":"https:\/\/www.eldiario.net\/portal\/2025\/01\/27\/lluvias-causan-desde-taponamientos-y-caida-de-muros-hasta-cierre-de-vias\/#breadcrumb","itemListElement":[{"@type":"ListItem","position":1,"name":"Portada","item":"https:\/\/www.eldiario.net\/portal\/"},{"@type":"ListItem","position":2,"name":"Lluvias causan desde taponamientos y ca\u00edda de muros hasta cierre de v\u00edas"}]},{"@type":"WebSite","@id":"https:\/\/www.eldiario.net\/portal\/#website","url":"https:\/\/www.eldiario.net\/portal\/","name":"El Diario - Decano de la prensa nacional","description":"El Diario - Decano de la prensa nacional","publisher":{"@id":"https:\/\/www.eldiario.net\/portal\/#organization"},"potentialAction":[{"@type":"SearchAction","target":{"@type":"EntryPoint","urlTemplate":"https:\/\/www.eldiario.net\/portal\/?s={search_term_string}"},"query-input":{"@type":"PropertyValueSpecification","valueRequired":true,"valueName":"search_term_string"}}],"inLanguage":"es"},{"@type":"Organization","@id":"https:\/\/www.eldiario.net\/portal\/#organization","name":"El Diario - Decano de la prensa nacional","url":"https:\/\/www.eldiario.net\/portal\/","logo":{"@type":"ImageObject","inLanguage":"es","@id":"https:\/\/www.eldiario.net\/portal\/#\/schema\/logo\/image\/","url":"https:\/\/www.eldiario.net\/portal\/wp-content\/uploads\/2023\/07\/logo_ED.jpg","contentUrl":"https:\/\/www.eldiario.net\/portal\/wp-content\/uploads\/2023\/07\/logo_ED.jpg","width":272,"height":52,"caption":"El Diario - Decano de la prensa nacional"},"image":{"@id":"https:\/\/www.eldiario.net\/portal\/#\/schema\/logo\/image\/"},"sameAs":["https:\/\/www.facebook.com\/eldiario.bolivia\/","https:\/\/x.com\/eldiario_net"]},{"@type":"Person","@id":"https:\/\/www.eldiario.net\/portal\/#\/schema\/person\/f46445640444750d7d753ccd04ae01b7","name":"Jeanette","image":{"@type":"ImageObject","inLanguage":"es","@id":"https:\/\/secure.gravatar.com\/avatar\/3ea2118a5f7dad2b7138b1187a6b7ee55f160b9968b66013c3a3ef39dd7e5798?s=96&d=mm&r=g","url":"https:\/\/secure.gravatar.com\/avatar\/3ea2118a5f7dad2b7138b1187a6b7ee55f160b9968b66013c3a3ef39dd7e5798?s=96&d=mm&r=g","contentUrl":"https:\/\/secure.gravatar.com\/avatar\/3ea2118a5f7dad2b7138b1187a6b7ee55f160b9968b66013c3a3ef39dd7e5798?s=96&d=mm&r=g","caption":"Jeanette"},"sameAs":["https:\/\/www.eldiario.net\/portal"],"url":"https:\/\/www.eldiario.net\/portal\/author\/jeanette\/"}]}},"_links":{"self":[{"href":"https:\/\/www.eldiario.net\/portal\/wp-json\/wp\/v2\/posts\/277426","targetHints":{"allow":["GET"]}}],"collection":[{"href":"https:\/\/www.eldiario.net\/portal\/wp-json\/wp\/v2\/posts"}],"about":[{"href":"https:\/\/www.eldiario.net\/portal\/wp-json\/wp\/v2\/types\/post"}],"author":[{"embeddable":true,"href":"https:\/\/www.eldiario.net\/portal\/wp-json\/wp\/v2\/users\/1"}],"replies":[{"embeddable":true,"href":"https:\/\/www.eldiario.net\/portal\/wp-json\/wp\/v2\/comments?post=277426"}],"version-history":[{"count":1,"href":"https:\/\/www.eldiario.net\/portal\/wp-json\/wp\/v2\/posts\/277426\/revisions"}],"predecessor-version":[{"id":277429,"href":"https:\/\/www.eldiario.net\/portal\/wp-json\/wp\/v2\/posts\/277426\/revisions\/277429"}],"wp:featuredmedia":[{"embeddable":true,"href":"https:\/\/www.eldiario.net\/portal\/wp-json\/wp\/v2\/media\/277427"}],"wp:attachment":[{"href":"https:\/\/www.eldiario.net\/portal\/wp-json\/wp\/v2\/media?parent=277426"}],"wp:term":[{"taxonomy":"category","embeddable":true,"href":"https:\/\/www.eldiario.net\/portal\/wp-json\/wp\/v2\/categories?post=277426"},{"taxonomy":"post_tag","embeddable":true,"href":"https:\/\/www.eldiario.net\/portal\/wp-json\/wp\/v2\/tags?post=277426"}],"curies":[{"name":"wp","href":"https:\/\/api.w.org\/{rel}","templated":true}]}}