{"id":277423,"date":"2025-01-27T05:54:46","date_gmt":"2025-01-27T09:54:46","guid":{"rendered":"https:\/\/www.eldiario.net\/portal\/?p=277423"},"modified":"2025-01-27T05:54:46","modified_gmt":"2025-01-27T09:54:46","slug":"este-miercoles-30-reinas-de-belleza-visitan-el-alto","status":"publish","type":"post","link":"https:\/\/www.eldiario.net\/portal\/2025\/01\/27\/este-miercoles-30-reinas-de-belleza-visitan-el-alto\/","title":{"rendered":"Este mi\u00e9rcoles, 30 reinas  de belleza visitan El Alto"},"content":{"rendered":"<p>Este mi\u00e9rcoles 29 de enero, El Alto estar\u00e1 en los ojos de Bolivia y el mundo con la presencia de 30 reinas de belleza para la Elecci\u00f3n de Miss Turismo Internacional. Promociones Gloria y la Alcald\u00eda de El Alto hacen posible que las representantes de Sudam\u00e9rica, Norte Am\u00e9rica e incluso Europa visiten la segunda ciudad m\u00e1s poblada de Bolivia para promocionar sus atractivos tur\u00edsticos.<br \/>\nHace siete meses la urbe alte\u00f1a tambi\u00e9n fue sede de Miss Bolivia, en esta oportunidad las participantes son candidatas a Reina Hispanoamericana y El Alto ser\u00e1 sede de la Elecci\u00f3n Miss Turismo Internacional.<br \/>\n\u201cAgradecemos a Promociones Gloria por haber tra\u00eddo este evento a la ciudad de El Alto una antesala de la elecci\u00f3n de la Reina Hispanoamericana y bueno eso nos trae a nosotros las posibilidades de poder abrir el mercado en el tema del turismo, la gastronom\u00eda y sobre todo puedan conocer a una ciudad tan joven\u201d, sostuvo la alcaldesa alte\u00f1a, Eva Copa.<br \/>\nLas representantes tendr\u00e1n la oportunidad de conocer algunos de los atractivos tur\u00edsticos de la urbe alte\u00f1a como los cholets y la comunidad Alto Milluni a los pies del Huayna Potos\u00ed. Seg\u00fan la autoridad municipal, las concursantes visitar\u00e1n 18 cholets.<br \/>\n\u201cEn unas semanas m\u00e1s vamos a cumplir 40 a\u00f1os de la ciudad de El Alto y esto nos llena de mucha satisfacci\u00f3n y este 29 de enero van a poder conocer a 30 mises de diferentes pa\u00edses del mundo y que van a participar de un evento tan importante en nuestra ciudad\u201d, agreg\u00f3 la alcaldesa.<br \/>\nLa noche del mi\u00e9rcoles 29 de enero se realizar\u00e1 la Elecci\u00f3n de Miss Turismo Internacional, nuestra actual Miss Turismo en Bolivia es la joven alte\u00f1a Sdenka Moya, quien buscar\u00e1 tener la corona a nivel internacional.<br \/>\nPor su lado, la empresaria y creadora de Promociones Gloria, Gloria Su\u00e1rez de Limpias, dijo que se espera con ansias el retorno de un concurso de esa magnitud a la urbe alte\u00f1a.<br \/>\n\u201cEstamos muy felices de ir otra vez a El Alto, realmente esper\u00e1bamos que est\u00e9 la Alcaldesa (Eva Copa) para anunciarlo y por eso estamos muy contentos\u201d, se\u00f1al\u00f3 a tiempo de destacar espacios \u201cespectaculares\u201d como la Terminal Metropolitana de El Alto.<\/p>\n","protected":false},"excerpt":{"rendered":"<p>Este mi\u00e9rcoles 29 de enero, El Alto estar\u00e1 en los ojos de Bolivia y el mundo con la presencia de 30 reinas de belleza para la Elecci\u00f3n de Miss Turismo Internacional. Promociones Gloria y la Alcald\u00eda de El Alto hacen posible que las representantes de Sudam\u00e9rica, Norte Am\u00e9rica e incluso Europa visiten la segunda ciudad [&hellip;]<\/p>\n","protected":false},"author":1,"featured_media":277424,"comment_status":"closed","ping_status":"open","sticky":false,"template":"","format":"standard","meta":{"_acf_changed":false,"footnotes":""},"categories":[12],"tags":[],"class_list":["post-277423","post","type-post","status-publish","format-standard","has-post-thumbnail","category-nacional"],"acf":{"antetitulo":"Reina Hispanoamericana"},"yoast_head":"<!-- This site is optimized with the Yoast SEO plugin v28.4 - https:\/\/yoast.com\/product\/yoast-seo-wordpress\/ -->\n<title>Este mi\u00e9rcoles, 30 reinas de belleza visitan El Alto - El Diario - Bolivia<\/title>\n<meta name=\"robots\" content=\"index, follow, max-snippet:-1, max-image-preview:large, max-video-preview:-1\" \/>\n<link rel=\"canonical\" href=\"https:\/\/www.eldiario.net\/portal\/2025\/01\/27\/este-miercoles-30-reinas-de-belleza-visitan-el-alto\/\" \/>\n<meta property=\"og:locale\" content=\"es_ES\" \/>\n<meta property=\"og:type\" content=\"article\" \/>\n<meta property=\"og:title\" content=\"Este mi\u00e9rcoles, 30 reinas de belleza visitan El Alto - El Diario - Bolivia\" \/>\n<meta property=\"og:description\" content=\"Este mi\u00e9rcoles 29 de enero, El Alto estar\u00e1 en los ojos de Bolivia y el mundo con la presencia de 30 reinas de belleza para la Elecci\u00f3n de Miss Turismo Internacional. Promociones Gloria y la Alcald\u00eda de El Alto hacen posible que las representantes de Sudam\u00e9rica, Norte Am\u00e9rica e incluso Europa visiten la segunda ciudad [&hellip;]\" \/>\n<meta property=\"og:url\" content=\"https:\/\/www.eldiario.net\/portal\/2025\/01\/27\/este-miercoles-30-reinas-de-belleza-visitan-el-alto\/\" \/>\n<meta property=\"og:site_name\" content=\"El Diario - Bolivia\" \/>\n<meta property=\"article:publisher\" content=\"https:\/\/www.facebook.com\/eldiario.bolivia\/\" \/>\n<meta property=\"article:published_time\" content=\"2025-01-27T09:54:46+00:00\" \/>\n<meta property=\"og:image\" content=\"https:\/\/www.eldiario.net\/portal\/wp-content\/uploads\/2025\/01\/F-3-reinas.jpg\" \/>\n\t<meta property=\"og:image:width\" content=\"1200\" \/>\n\t<meta property=\"og:image:height\" content=\"696\" \/>\n\t<meta property=\"og:image:type\" content=\"image\/jpeg\" \/>\n<meta name=\"author\" content=\"Jeanette\" \/>\n<meta name=\"twitter:card\" content=\"summary_large_image\" \/>\n<meta name=\"twitter:creator\" content=\"@eldiario_net\" \/>\n<meta name=\"twitter:site\" content=\"@eldiario_net\" \/>\n<meta name=\"twitter:label1\" content=\"Escrito por\" \/>\n\t<meta name=\"twitter:data1\" content=\"Jeanette\" \/>\n\t<meta name=\"twitter:label2\" content=\"Tiempo de lectura\" \/>\n\t<meta name=\"twitter:data2\" content=\"2 minutos\" \/>\n<script type=\"application\/ld+json\" class=\"yoast-schema-graph\">{\"@context\":\"https:\\\/\\\/schema.org\",\"@graph\":[{\"@type\":\"Article\",\"@id\":\"https:\\\/\\\/www.eldiario.net\\\/portal\\\/2025\\\/01\\\/27\\\/este-miercoles-30-reinas-de-belleza-visitan-el-alto\\\/#article\",\"isPartOf\":{\"@id\":\"https:\\\/\\\/www.eldiario.net\\\/portal\\\/2025\\\/01\\\/27\\\/este-miercoles-30-reinas-de-belleza-visitan-el-alto\\\/\"},\"author\":{\"name\":\"Jeanette\",\"@id\":\"https:\\\/\\\/www.eldiario.net\\\/portal\\\/#\\\/schema\\\/person\\\/f46445640444750d7d753ccd04ae01b7\"},\"headline\":\"Este mi\u00e9rcoles, 30 reinas de belleza visitan El Alto\",\"datePublished\":\"2025-01-27T09:54:46+00:00\",\"mainEntityOfPage\":{\"@id\":\"https:\\\/\\\/www.eldiario.net\\\/portal\\\/2025\\\/01\\\/27\\\/este-miercoles-30-reinas-de-belleza-visitan-el-alto\\\/\"},\"wordCount\":391,\"publisher\":{\"@id\":\"https:\\\/\\\/www.eldiario.net\\\/portal\\\/#organization\"},\"image\":{\"@id\":\"https:\\\/\\\/www.eldiario.net\\\/portal\\\/2025\\\/01\\\/27\\\/este-miercoles-30-reinas-de-belleza-visitan-el-alto\\\/#primaryimage\"},\"thumbnailUrl\":\"https:\\\/\\\/www.eldiario.net\\\/portal\\\/wp-content\\\/uploads\\\/2025\\\/01\\\/F-3-reinas.jpg\",\"articleSection\":[\"Nacional\"],\"inLanguage\":\"es\"},{\"@type\":\"WebPage\",\"@id\":\"https:\\\/\\\/www.eldiario.net\\\/portal\\\/2025\\\/01\\\/27\\\/este-miercoles-30-reinas-de-belleza-visitan-el-alto\\\/\",\"url\":\"https:\\\/\\\/www.eldiario.net\\\/portal\\\/2025\\\/01\\\/27\\\/este-miercoles-30-reinas-de-belleza-visitan-el-alto\\\/\",\"name\":\"Este mi\u00e9rcoles, 30 reinas de belleza visitan El Alto - El Diario - Bolivia\",\"isPartOf\":{\"@id\":\"https:\\\/\\\/www.eldiario.net\\\/portal\\\/#website\"},\"primaryImageOfPage\":{\"@id\":\"https:\\\/\\\/www.eldiario.net\\\/portal\\\/2025\\\/01\\\/27\\\/este-miercoles-30-reinas-de-belleza-visitan-el-alto\\\/#primaryimage\"},\"image\":{\"@id\":\"https:\\\/\\\/www.eldiario.net\\\/portal\\\/2025\\\/01\\\/27\\\/este-miercoles-30-reinas-de-belleza-visitan-el-alto\\\/#primaryimage\"},\"thumbnailUrl\":\"https:\\\/\\\/www.eldiario.net\\\/portal\\\/wp-content\\\/uploads\\\/2025\\\/01\\\/F-3-reinas.jpg\",\"datePublished\":\"2025-01-27T09:54:46+00:00\",\"breadcrumb\":{\"@id\":\"https:\\\/\\\/www.eldiario.net\\\/portal\\\/2025\\\/01\\\/27\\\/este-miercoles-30-reinas-de-belleza-visitan-el-alto\\\/#breadcrumb\"},\"inLanguage\":\"es\",\"potentialAction\":[{\"@type\":\"ReadAction\",\"target\":[\"https:\\\/\\\/www.eldiario.net\\\/portal\\\/2025\\\/01\\\/27\\\/este-miercoles-30-reinas-de-belleza-visitan-el-alto\\\/\"]}]},{\"@type\":\"ImageObject\",\"inLanguage\":\"es\",\"@id\":\"https:\\\/\\\/www.eldiario.net\\\/portal\\\/2025\\\/01\\\/27\\\/este-miercoles-30-reinas-de-belleza-visitan-el-alto\\\/#primaryimage\",\"url\":\"https:\\\/\\\/www.eldiario.net\\\/portal\\\/wp-content\\\/uploads\\\/2025\\\/01\\\/F-3-reinas.jpg\",\"contentUrl\":\"https:\\\/\\\/www.eldiario.net\\\/portal\\\/wp-content\\\/uploads\\\/2025\\\/01\\\/F-3-reinas.jpg\",\"width\":1200,\"height\":696,\"caption\":\"Las representantes que llegar\u00e1n a El Alto.\"},{\"@type\":\"BreadcrumbList\",\"@id\":\"https:\\\/\\\/www.eldiario.net\\\/portal\\\/2025\\\/01\\\/27\\\/este-miercoles-30-reinas-de-belleza-visitan-el-alto\\\/#breadcrumb\",\"itemListElement\":[{\"@type\":\"ListItem\",\"position\":1,\"name\":\"Portada\",\"item\":\"https:\\\/\\\/www.eldiario.net\\\/portal\\\/\"},{\"@type\":\"ListItem\",\"position\":2,\"name\":\"Este mi\u00e9rcoles, 30 reinas de belleza visitan El Alto\"}]},{\"@type\":\"WebSite\",\"@id\":\"https:\\\/\\\/www.eldiario.net\\\/portal\\\/#website\",\"url\":\"https:\\\/\\\/www.eldiario.net\\\/portal\\\/\",\"name\":\"El Diario - Decano de la prensa nacional\",\"description\":\"El Diario - Decano de la prensa nacional\",\"publisher\":{\"@id\":\"https:\\\/\\\/www.eldiario.net\\\/portal\\\/#organization\"},\"potentialAction\":[{\"@type\":\"SearchAction\",\"target\":{\"@type\":\"EntryPoint\",\"urlTemplate\":\"https:\\\/\\\/www.eldiario.net\\\/portal\\\/?s={search_term_string}\"},\"query-input\":{\"@type\":\"PropertyValueSpecification\",\"valueRequired\":true,\"valueName\":\"search_term_string\"}}],\"inLanguage\":\"es\"},{\"@type\":\"Organization\",\"@id\":\"https:\\\/\\\/www.eldiario.net\\\/portal\\\/#organization\",\"name\":\"El Diario - Decano de la prensa nacional\",\"url\":\"https:\\\/\\\/www.eldiario.net\\\/portal\\\/\",\"logo\":{\"@type\":\"ImageObject\",\"inLanguage\":\"es\",\"@id\":\"https:\\\/\\\/www.eldiario.net\\\/portal\\\/#\\\/schema\\\/logo\\\/image\\\/\",\"url\":\"https:\\\/\\\/www.eldiario.net\\\/portal\\\/wp-content\\\/uploads\\\/2023\\\/07\\\/logo_ED.jpg\",\"contentUrl\":\"https:\\\/\\\/www.eldiario.net\\\/portal\\\/wp-content\\\/uploads\\\/2023\\\/07\\\/logo_ED.jpg\",\"width\":272,\"height\":52,\"caption\":\"El Diario - Decano de la prensa nacional\"},\"image\":{\"@id\":\"https:\\\/\\\/www.eldiario.net\\\/portal\\\/#\\\/schema\\\/logo\\\/image\\\/\"},\"sameAs\":[\"https:\\\/\\\/www.facebook.com\\\/eldiario.bolivia\\\/\",\"https:\\\/\\\/x.com\\\/eldiario_net\"]},{\"@type\":\"Person\",\"@id\":\"https:\\\/\\\/www.eldiario.net\\\/portal\\\/#\\\/schema\\\/person\\\/f46445640444750d7d753ccd04ae01b7\",\"name\":\"Jeanette\",\"image\":{\"@type\":\"ImageObject\",\"inLanguage\":\"es\",\"@id\":\"https:\\\/\\\/secure.gravatar.com\\\/avatar\\\/3ea2118a5f7dad2b7138b1187a6b7ee55f160b9968b66013c3a3ef39dd7e5798?s=96&d=mm&r=g\",\"url\":\"https:\\\/\\\/secure.gravatar.com\\\/avatar\\\/3ea2118a5f7dad2b7138b1187a6b7ee55f160b9968b66013c3a3ef39dd7e5798?s=96&d=mm&r=g\",\"contentUrl\":\"https:\\\/\\\/secure.gravatar.com\\\/avatar\\\/3ea2118a5f7dad2b7138b1187a6b7ee55f160b9968b66013c3a3ef39dd7e5798?s=96&d=mm&r=g\",\"caption\":\"Jeanette\"},\"sameAs\":[\"https:\\\/\\\/www.eldiario.net\\\/portal\"],\"url\":\"https:\\\/\\\/www.eldiario.net\\\/portal\\\/author\\\/jeanette\\\/\"}]}<\/script>\n<!-- \/ Yoast SEO plugin. -->","yoast_head_json":{"title":"Este mi\u00e9rcoles, 30 reinas de belleza visitan El Alto - El Diario - Bolivia","robots":{"index":"index","follow":"follow","max-snippet":"max-snippet:-1","max-image-preview":"max-image-preview:large","max-video-preview":"max-video-preview:-1"},"canonical":"https:\/\/www.eldiario.net\/portal\/2025\/01\/27\/este-miercoles-30-reinas-de-belleza-visitan-el-alto\/","og_locale":"es_ES","og_type":"article","og_title":"Este mi\u00e9rcoles, 30 reinas de belleza visitan El Alto - El Diario - Bolivia","og_description":"Este mi\u00e9rcoles 29 de enero, El Alto estar\u00e1 en los ojos de Bolivia y el mundo con la presencia de 30 reinas de belleza para la Elecci\u00f3n de Miss Turismo Internacional. Promociones Gloria y la Alcald\u00eda de El Alto hacen posible que las representantes de Sudam\u00e9rica, Norte Am\u00e9rica e incluso Europa visiten la segunda ciudad [&hellip;]","og_url":"https:\/\/www.eldiario.net\/portal\/2025\/01\/27\/este-miercoles-30-reinas-de-belleza-visitan-el-alto\/","og_site_name":"El Diario - Bolivia","article_publisher":"https:\/\/www.facebook.com\/eldiario.bolivia\/","article_published_time":"2025-01-27T09:54:46+00:00","og_image":[{"width":1200,"height":696,"url":"https:\/\/www.eldiario.net\/portal\/wp-content\/uploads\/2025\/01\/F-3-reinas.jpg","type":"image\/jpeg"}],"author":"Jeanette","twitter_card":"summary_large_image","twitter_creator":"@eldiario_net","twitter_site":"@eldiario_net","twitter_misc":{"Escrito por":"Jeanette","Tiempo de lectura":"2 minutos"},"schema":{"@context":"https:\/\/schema.org","@graph":[{"@type":"Article","@id":"https:\/\/www.eldiario.net\/portal\/2025\/01\/27\/este-miercoles-30-reinas-de-belleza-visitan-el-alto\/#article","isPartOf":{"@id":"https:\/\/www.eldiario.net\/portal\/2025\/01\/27\/este-miercoles-30-reinas-de-belleza-visitan-el-alto\/"},"author":{"name":"Jeanette","@id":"https:\/\/www.eldiario.net\/portal\/#\/schema\/person\/f46445640444750d7d753ccd04ae01b7"},"headline":"Este mi\u00e9rcoles, 30 reinas de belleza visitan El Alto","datePublished":"2025-01-27T09:54:46+00:00","mainEntityOfPage":{"@id":"https:\/\/www.eldiario.net\/portal\/2025\/01\/27\/este-miercoles-30-reinas-de-belleza-visitan-el-alto\/"},"wordCount":391,"publisher":{"@id":"https:\/\/www.eldiario.net\/portal\/#organization"},"image":{"@id":"https:\/\/www.eldiario.net\/portal\/2025\/01\/27\/este-miercoles-30-reinas-de-belleza-visitan-el-alto\/#primaryimage"},"thumbnailUrl":"https:\/\/www.eldiario.net\/portal\/wp-content\/uploads\/2025\/01\/F-3-reinas.jpg","articleSection":["Nacional"],"inLanguage":"es"},{"@type":"WebPage","@id":"https:\/\/www.eldiario.net\/portal\/2025\/01\/27\/este-miercoles-30-reinas-de-belleza-visitan-el-alto\/","url":"https:\/\/www.eldiario.net\/portal\/2025\/01\/27\/este-miercoles-30-reinas-de-belleza-visitan-el-alto\/","name":"Este mi\u00e9rcoles, 30 reinas de belleza visitan El Alto - El Diario - Bolivia","isPartOf":{"@id":"https:\/\/www.eldiario.net\/portal\/#website"},"primaryImageOfPage":{"@id":"https:\/\/www.eldiario.net\/portal\/2025\/01\/27\/este-miercoles-30-reinas-de-belleza-visitan-el-alto\/#primaryimage"},"image":{"@id":"https:\/\/www.eldiario.net\/portal\/2025\/01\/27\/este-miercoles-30-reinas-de-belleza-visitan-el-alto\/#primaryimage"},"thumbnailUrl":"https:\/\/www.eldiario.net\/portal\/wp-content\/uploads\/2025\/01\/F-3-reinas.jpg","datePublished":"2025-01-27T09:54:46+00:00","breadcrumb":{"@id":"https:\/\/www.eldiario.net\/portal\/2025\/01\/27\/este-miercoles-30-reinas-de-belleza-visitan-el-alto\/#breadcrumb"},"inLanguage":"es","potentialAction":[{"@type":"ReadAction","target":["https:\/\/www.eldiario.net\/portal\/2025\/01\/27\/este-miercoles-30-reinas-de-belleza-visitan-el-alto\/"]}]},{"@type":"ImageObject","inLanguage":"es","@id":"https:\/\/www.eldiario.net\/portal\/2025\/01\/27\/este-miercoles-30-reinas-de-belleza-visitan-el-alto\/#primaryimage","url":"https:\/\/www.eldiario.net\/portal\/wp-content\/uploads\/2025\/01\/F-3-reinas.jpg","contentUrl":"https:\/\/www.eldiario.net\/portal\/wp-content\/uploads\/2025\/01\/F-3-reinas.jpg","width":1200,"height":696,"caption":"Las representantes que llegar\u00e1n a El Alto."},{"@type":"BreadcrumbList","@id":"https:\/\/www.eldiario.net\/portal\/2025\/01\/27\/este-miercoles-30-reinas-de-belleza-visitan-el-alto\/#breadcrumb","itemListElement":[{"@type":"ListItem","position":1,"name":"Portada","item":"https:\/\/www.eldiario.net\/portal\/"},{"@type":"ListItem","position":2,"name":"Este mi\u00e9rcoles, 30 reinas de belleza visitan El Alto"}]},{"@type":"WebSite","@id":"https:\/\/www.eldiario.net\/portal\/#website","url":"https:\/\/www.eldiario.net\/portal\/","name":"El Diario - Decano de la prensa nacional","description":"El Diario - Decano de la prensa nacional","publisher":{"@id":"https:\/\/www.eldiario.net\/portal\/#organization"},"potentialAction":[{"@type":"SearchAction","target":{"@type":"EntryPoint","urlTemplate":"https:\/\/www.eldiario.net\/portal\/?s={search_term_string}"},"query-input":{"@type":"PropertyValueSpecification","valueRequired":true,"valueName":"search_term_string"}}],"inLanguage":"es"},{"@type":"Organization","@id":"https:\/\/www.eldiario.net\/portal\/#organization","name":"El Diario - Decano de la prensa nacional","url":"https:\/\/www.eldiario.net\/portal\/","logo":{"@type":"ImageObject","inLanguage":"es","@id":"https:\/\/www.eldiario.net\/portal\/#\/schema\/logo\/image\/","url":"https:\/\/www.eldiario.net\/portal\/wp-content\/uploads\/2023\/07\/logo_ED.jpg","contentUrl":"https:\/\/www.eldiario.net\/portal\/wp-content\/uploads\/2023\/07\/logo_ED.jpg","width":272,"height":52,"caption":"El Diario - Decano de la prensa nacional"},"image":{"@id":"https:\/\/www.eldiario.net\/portal\/#\/schema\/logo\/image\/"},"sameAs":["https:\/\/www.facebook.com\/eldiario.bolivia\/","https:\/\/x.com\/eldiario_net"]},{"@type":"Person","@id":"https:\/\/www.eldiario.net\/portal\/#\/schema\/person\/f46445640444750d7d753ccd04ae01b7","name":"Jeanette","image":{"@type":"ImageObject","inLanguage":"es","@id":"https:\/\/secure.gravatar.com\/avatar\/3ea2118a5f7dad2b7138b1187a6b7ee55f160b9968b66013c3a3ef39dd7e5798?s=96&d=mm&r=g","url":"https:\/\/secure.gravatar.com\/avatar\/3ea2118a5f7dad2b7138b1187a6b7ee55f160b9968b66013c3a3ef39dd7e5798?s=96&d=mm&r=g","contentUrl":"https:\/\/secure.gravatar.com\/avatar\/3ea2118a5f7dad2b7138b1187a6b7ee55f160b9968b66013c3a3ef39dd7e5798?s=96&d=mm&r=g","caption":"Jeanette"},"sameAs":["https:\/\/www.eldiario.net\/portal"],"url":"https:\/\/www.eldiario.net\/portal\/author\/jeanette\/"}]}},"_links":{"self":[{"href":"https:\/\/www.eldiario.net\/portal\/wp-json\/wp\/v2\/posts\/277423","targetHints":{"allow":["GET"]}}],"collection":[{"href":"https:\/\/www.eldiario.net\/portal\/wp-json\/wp\/v2\/posts"}],"about":[{"href":"https:\/\/www.eldiario.net\/portal\/wp-json\/wp\/v2\/types\/post"}],"author":[{"embeddable":true,"href":"https:\/\/www.eldiario.net\/portal\/wp-json\/wp\/v2\/users\/1"}],"replies":[{"embeddable":true,"href":"https:\/\/www.eldiario.net\/portal\/wp-json\/wp\/v2\/comments?post=277423"}],"version-history":[{"count":1,"href":"https:\/\/www.eldiario.net\/portal\/wp-json\/wp\/v2\/posts\/277423\/revisions"}],"predecessor-version":[{"id":277425,"href":"https:\/\/www.eldiario.net\/portal\/wp-json\/wp\/v2\/posts\/277423\/revisions\/277425"}],"wp:featuredmedia":[{"embeddable":true,"href":"https:\/\/www.eldiario.net\/portal\/wp-json\/wp\/v2\/media\/277424"}],"wp:attachment":[{"href":"https:\/\/www.eldiario.net\/portal\/wp-json\/wp\/v2\/media?parent=277423"}],"wp:term":[{"taxonomy":"category","embeddable":true,"href":"https:\/\/www.eldiario.net\/portal\/wp-json\/wp\/v2\/categories?post=277423"},{"taxonomy":"post_tag","embeddable":true,"href":"https:\/\/www.eldiario.net\/portal\/wp-json\/wp\/v2\/tags?post=277423"}],"curies":[{"name":"wp","href":"https:\/\/api.w.org\/{rel}","templated":true}]}}