{"id":277421,"date":"2025-01-27T05:53:52","date_gmt":"2025-01-27T09:53:52","guid":{"rendered":"https:\/\/www.eldiario.net\/portal\/?p=277421"},"modified":"2025-01-27T05:53:52","modified_gmt":"2025-01-27T09:53:52","slug":"en-casi-una-decada-bolivia-registra-482-casos-de-lepra","status":"publish","type":"post","link":"https:\/\/www.eldiario.net\/portal\/2025\/01\/27\/en-casi-una-decada-bolivia-registra-482-casos-de-lepra\/","title":{"rendered":"En casi una d\u00e9cada, Bolivia  registra 482 casos de lepra"},"content":{"rendered":"<p>De acuerdo con datos del Ministerio de Salud, entre 2015 y 2024, en Bolivia fueron registrados 482 nuevos de lepra, concentrados en el departamento de Santa Cruz. Las personas que contraen la enfermedad tienen acceso gratuito al diagn\u00f3stico, atenci\u00f3n hospitalaria y tratamientos mediante el Sistema \u00danico de Salud (SUS). Cada \u00faltimo domingo de enero se conmemora el D\u00eda Mundial de la Lepra.<br \/>\nLos datos tambi\u00e9n dan cuenta que en los \u00faltimos cinco a\u00f1os no se registran casos en ni\u00f1os. Si bien la incidencia no es preocupante, autoridades en salud reconocen que se debe seguir trabajando con el objetivo de crear conciencia sobre la enfermedad y reducir el estigma contra quienes la padecen.<br \/>\n\u201cEn el periodo de 2015 al 2024 se han notificado un total de 482 casos, en casi 10 a\u00f1os. La mayor\u00eda en el departamento de Santa Cruz y sobre todo afecta m\u00e1s a la poblaci\u00f3n masculina entre 25 a 64 a\u00f1os de edad, y casi el 10 por ciento de los casos nuevos detectados presenta grados de discapacidad avanzadas al momento de diagn\u00f3stico\u201d, inform\u00f3 la jefa de la Unidad de Prevenci\u00f3n y Control de Enfermedades del Ministerio de Salud y Deportes, Roxana Salamanca.<br \/>\nSanta Cruz report\u00f3 377 nuevos casos; Cochabamba, 38; Beni, 24; Chuquisaca, 23; Pando, 16; La Paz, 11; Tarija, 10 y Potos\u00ed, 1.<br \/>\nActualmente, el SUS garantiza el acceso gratuito al diagn\u00f3stico y tratamiento de la lepra. Este tratamiento consiste en una poliquimioterapia que, si se inicia de forma temprana, asegura una evoluci\u00f3n favorable y la curaci\u00f3n de la enfermedad. Adem\u00e1s, se brinda profilaxis post-exposici\u00f3n para las personas en contacto con casos positivos, una medida que ha logrado interrumpir la cadena de transmisi\u00f3n en los \u00faltimos a\u00f1os.<br \/>\nDebido a su experiencia en la atenci\u00f3n de pacientes con lepra, el Hospital Dermatol\u00f3gico de Jorochito, ubicado en el municipio de El Torno del departamento de Santa Cruz, se ha convertido en un nosocomio de referencia nacional.<br \/>\nEl contagio ocurre generalmente por exposici\u00f3n prolongada a las gotitas de saliva de una persona enferma sin tratamiento. Sin embargo, la transmisi\u00f3n requiere a\u00f1os de convivencia cercana. Los s\u00edntomas pueden manifestarse en un periodo que var\u00eda desde los nueve meses hasta 20 a\u00f1os despu\u00e9s de la infecci\u00f3n.<\/p>\n","protected":false},"excerpt":{"rendered":"<p>De acuerdo con datos del Ministerio de Salud, entre 2015 y 2024, en Bolivia fueron registrados 482 nuevos de lepra, concentrados en el departamento de Santa Cruz. Las personas que contraen la enfermedad tienen acceso gratuito al diagn\u00f3stico, atenci\u00f3n hospitalaria y tratamientos mediante el Sistema \u00danico de Salud (SUS). Cada \u00faltimo domingo de enero se [&hellip;]<\/p>\n","protected":false},"author":1,"featured_media":194726,"comment_status":"closed","ping_status":"open","sticky":false,"template":"","format":"standard","meta":{"_acf_changed":false,"footnotes":""},"categories":[12],"tags":[],"class_list":["post-277421","post","type-post","status-publish","format-standard","has-post-thumbnail","category-nacional"],"acf":{"antetitulo":""},"yoast_head":"<!-- This site is optimized with the Yoast SEO plugin v28.4 - https:\/\/yoast.com\/product\/yoast-seo-wordpress\/ -->\n<title>En casi una d\u00e9cada, Bolivia registra 482 casos de lepra - El Diario - Bolivia<\/title>\n<meta name=\"robots\" content=\"index, follow, max-snippet:-1, max-image-preview:large, max-video-preview:-1\" \/>\n<link rel=\"canonical\" href=\"https:\/\/www.eldiario.net\/portal\/2025\/01\/27\/en-casi-una-decada-bolivia-registra-482-casos-de-lepra\/\" \/>\n<meta property=\"og:locale\" content=\"es_ES\" \/>\n<meta property=\"og:type\" content=\"article\" \/>\n<meta property=\"og:title\" content=\"En casi una d\u00e9cada, Bolivia registra 482 casos de lepra - El Diario - Bolivia\" \/>\n<meta property=\"og:description\" content=\"De acuerdo con datos del Ministerio de Salud, entre 2015 y 2024, en Bolivia fueron registrados 482 nuevos de lepra, concentrados en el departamento de Santa Cruz. Las personas que contraen la enfermedad tienen acceso gratuito al diagn\u00f3stico, atenci\u00f3n hospitalaria y tratamientos mediante el Sistema \u00danico de Salud (SUS). Cada \u00faltimo domingo de enero se [&hellip;]\" \/>\n<meta property=\"og:url\" content=\"https:\/\/www.eldiario.net\/portal\/2025\/01\/27\/en-casi-una-decada-bolivia-registra-482-casos-de-lepra\/\" \/>\n<meta property=\"og:site_name\" content=\"El Diario - Bolivia\" \/>\n<meta property=\"article:publisher\" content=\"https:\/\/www.facebook.com\/eldiario.bolivia\/\" \/>\n<meta property=\"article:published_time\" content=\"2025-01-27T09:53:52+00:00\" \/>\n<meta property=\"og:image\" content=\"https:\/\/www.eldiario.net\/portal\/wp-content\/uploads\/2023\/12\/Nacional.jpg\" \/>\n\t<meta property=\"og:image:width\" content=\"800\" \/>\n\t<meta property=\"og:image:height\" content=\"500\" \/>\n\t<meta property=\"og:image:type\" content=\"image\/jpeg\" \/>\n<meta name=\"author\" content=\"Jeanette\" \/>\n<meta name=\"twitter:card\" content=\"summary_large_image\" \/>\n<meta name=\"twitter:creator\" content=\"@eldiario_net\" \/>\n<meta name=\"twitter:site\" content=\"@eldiario_net\" \/>\n<meta name=\"twitter:label1\" content=\"Escrito por\" \/>\n\t<meta name=\"twitter:data1\" content=\"Jeanette\" \/>\n\t<meta name=\"twitter:label2\" content=\"Tiempo de lectura\" \/>\n\t<meta name=\"twitter:data2\" content=\"2 minutos\" \/>\n<script type=\"application\/ld+json\" class=\"yoast-schema-graph\">{\"@context\":\"https:\\\/\\\/schema.org\",\"@graph\":[{\"@type\":\"Article\",\"@id\":\"https:\\\/\\\/www.eldiario.net\\\/portal\\\/2025\\\/01\\\/27\\\/en-casi-una-decada-bolivia-registra-482-casos-de-lepra\\\/#article\",\"isPartOf\":{\"@id\":\"https:\\\/\\\/www.eldiario.net\\\/portal\\\/2025\\\/01\\\/27\\\/en-casi-una-decada-bolivia-registra-482-casos-de-lepra\\\/\"},\"author\":{\"name\":\"Jeanette\",\"@id\":\"https:\\\/\\\/www.eldiario.net\\\/portal\\\/#\\\/schema\\\/person\\\/f46445640444750d7d753ccd04ae01b7\"},\"headline\":\"En casi una d\u00e9cada, Bolivia registra 482 casos de lepra\",\"datePublished\":\"2025-01-27T09:53:52+00:00\",\"mainEntityOfPage\":{\"@id\":\"https:\\\/\\\/www.eldiario.net\\\/portal\\\/2025\\\/01\\\/27\\\/en-casi-una-decada-bolivia-registra-482-casos-de-lepra\\\/\"},\"wordCount\":386,\"publisher\":{\"@id\":\"https:\\\/\\\/www.eldiario.net\\\/portal\\\/#organization\"},\"image\":{\"@id\":\"https:\\\/\\\/www.eldiario.net\\\/portal\\\/2025\\\/01\\\/27\\\/en-casi-una-decada-bolivia-registra-482-casos-de-lepra\\\/#primaryimage\"},\"thumbnailUrl\":\"https:\\\/\\\/www.eldiario.net\\\/portal\\\/wp-content\\\/uploads\\\/2023\\\/12\\\/Nacional.jpg\",\"articleSection\":[\"Nacional\"],\"inLanguage\":\"es\"},{\"@type\":\"WebPage\",\"@id\":\"https:\\\/\\\/www.eldiario.net\\\/portal\\\/2025\\\/01\\\/27\\\/en-casi-una-decada-bolivia-registra-482-casos-de-lepra\\\/\",\"url\":\"https:\\\/\\\/www.eldiario.net\\\/portal\\\/2025\\\/01\\\/27\\\/en-casi-una-decada-bolivia-registra-482-casos-de-lepra\\\/\",\"name\":\"En casi una d\u00e9cada, Bolivia registra 482 casos de lepra - El Diario - Bolivia\",\"isPartOf\":{\"@id\":\"https:\\\/\\\/www.eldiario.net\\\/portal\\\/#website\"},\"primaryImageOfPage\":{\"@id\":\"https:\\\/\\\/www.eldiario.net\\\/portal\\\/2025\\\/01\\\/27\\\/en-casi-una-decada-bolivia-registra-482-casos-de-lepra\\\/#primaryimage\"},\"image\":{\"@id\":\"https:\\\/\\\/www.eldiario.net\\\/portal\\\/2025\\\/01\\\/27\\\/en-casi-una-decada-bolivia-registra-482-casos-de-lepra\\\/#primaryimage\"},\"thumbnailUrl\":\"https:\\\/\\\/www.eldiario.net\\\/portal\\\/wp-content\\\/uploads\\\/2023\\\/12\\\/Nacional.jpg\",\"datePublished\":\"2025-01-27T09:53:52+00:00\",\"breadcrumb\":{\"@id\":\"https:\\\/\\\/www.eldiario.net\\\/portal\\\/2025\\\/01\\\/27\\\/en-casi-una-decada-bolivia-registra-482-casos-de-lepra\\\/#breadcrumb\"},\"inLanguage\":\"es\",\"potentialAction\":[{\"@type\":\"ReadAction\",\"target\":[\"https:\\\/\\\/www.eldiario.net\\\/portal\\\/2025\\\/01\\\/27\\\/en-casi-una-decada-bolivia-registra-482-casos-de-lepra\\\/\"]}]},{\"@type\":\"ImageObject\",\"inLanguage\":\"es\",\"@id\":\"https:\\\/\\\/www.eldiario.net\\\/portal\\\/2025\\\/01\\\/27\\\/en-casi-una-decada-bolivia-registra-482-casos-de-lepra\\\/#primaryimage\",\"url\":\"https:\\\/\\\/www.eldiario.net\\\/portal\\\/wp-content\\\/uploads\\\/2023\\\/12\\\/Nacional.jpg\",\"contentUrl\":\"https:\\\/\\\/www.eldiario.net\\\/portal\\\/wp-content\\\/uploads\\\/2023\\\/12\\\/Nacional.jpg\",\"width\":800,\"height\":500},{\"@type\":\"BreadcrumbList\",\"@id\":\"https:\\\/\\\/www.eldiario.net\\\/portal\\\/2025\\\/01\\\/27\\\/en-casi-una-decada-bolivia-registra-482-casos-de-lepra\\\/#breadcrumb\",\"itemListElement\":[{\"@type\":\"ListItem\",\"position\":1,\"name\":\"Portada\",\"item\":\"https:\\\/\\\/www.eldiario.net\\\/portal\\\/\"},{\"@type\":\"ListItem\",\"position\":2,\"name\":\"En casi una d\u00e9cada, Bolivia registra 482 casos de lepra\"}]},{\"@type\":\"WebSite\",\"@id\":\"https:\\\/\\\/www.eldiario.net\\\/portal\\\/#website\",\"url\":\"https:\\\/\\\/www.eldiario.net\\\/portal\\\/\",\"name\":\"El Diario - Decano de la prensa nacional\",\"description\":\"El Diario - Decano de la prensa nacional\",\"publisher\":{\"@id\":\"https:\\\/\\\/www.eldiario.net\\\/portal\\\/#organization\"},\"potentialAction\":[{\"@type\":\"SearchAction\",\"target\":{\"@type\":\"EntryPoint\",\"urlTemplate\":\"https:\\\/\\\/www.eldiario.net\\\/portal\\\/?s={search_term_string}\"},\"query-input\":{\"@type\":\"PropertyValueSpecification\",\"valueRequired\":true,\"valueName\":\"search_term_string\"}}],\"inLanguage\":\"es\"},{\"@type\":\"Organization\",\"@id\":\"https:\\\/\\\/www.eldiario.net\\\/portal\\\/#organization\",\"name\":\"El Diario - Decano de la prensa nacional\",\"url\":\"https:\\\/\\\/www.eldiario.net\\\/portal\\\/\",\"logo\":{\"@type\":\"ImageObject\",\"inLanguage\":\"es\",\"@id\":\"https:\\\/\\\/www.eldiario.net\\\/portal\\\/#\\\/schema\\\/logo\\\/image\\\/\",\"url\":\"https:\\\/\\\/www.eldiario.net\\\/portal\\\/wp-content\\\/uploads\\\/2023\\\/07\\\/logo_ED.jpg\",\"contentUrl\":\"https:\\\/\\\/www.eldiario.net\\\/portal\\\/wp-content\\\/uploads\\\/2023\\\/07\\\/logo_ED.jpg\",\"width\":272,\"height\":52,\"caption\":\"El Diario - Decano de la prensa nacional\"},\"image\":{\"@id\":\"https:\\\/\\\/www.eldiario.net\\\/portal\\\/#\\\/schema\\\/logo\\\/image\\\/\"},\"sameAs\":[\"https:\\\/\\\/www.facebook.com\\\/eldiario.bolivia\\\/\",\"https:\\\/\\\/x.com\\\/eldiario_net\"]},{\"@type\":\"Person\",\"@id\":\"https:\\\/\\\/www.eldiario.net\\\/portal\\\/#\\\/schema\\\/person\\\/f46445640444750d7d753ccd04ae01b7\",\"name\":\"Jeanette\",\"image\":{\"@type\":\"ImageObject\",\"inLanguage\":\"es\",\"@id\":\"https:\\\/\\\/secure.gravatar.com\\\/avatar\\\/3ea2118a5f7dad2b7138b1187a6b7ee55f160b9968b66013c3a3ef39dd7e5798?s=96&d=mm&r=g\",\"url\":\"https:\\\/\\\/secure.gravatar.com\\\/avatar\\\/3ea2118a5f7dad2b7138b1187a6b7ee55f160b9968b66013c3a3ef39dd7e5798?s=96&d=mm&r=g\",\"contentUrl\":\"https:\\\/\\\/secure.gravatar.com\\\/avatar\\\/3ea2118a5f7dad2b7138b1187a6b7ee55f160b9968b66013c3a3ef39dd7e5798?s=96&d=mm&r=g\",\"caption\":\"Jeanette\"},\"sameAs\":[\"https:\\\/\\\/www.eldiario.net\\\/portal\"],\"url\":\"https:\\\/\\\/www.eldiario.net\\\/portal\\\/author\\\/jeanette\\\/\"}]}<\/script>\n<!-- \/ Yoast SEO plugin. -->","yoast_head_json":{"title":"En casi una d\u00e9cada, Bolivia registra 482 casos de lepra - El Diario - Bolivia","robots":{"index":"index","follow":"follow","max-snippet":"max-snippet:-1","max-image-preview":"max-image-preview:large","max-video-preview":"max-video-preview:-1"},"canonical":"https:\/\/www.eldiario.net\/portal\/2025\/01\/27\/en-casi-una-decada-bolivia-registra-482-casos-de-lepra\/","og_locale":"es_ES","og_type":"article","og_title":"En casi una d\u00e9cada, Bolivia registra 482 casos de lepra - El Diario - Bolivia","og_description":"De acuerdo con datos del Ministerio de Salud, entre 2015 y 2024, en Bolivia fueron registrados 482 nuevos de lepra, concentrados en el departamento de Santa Cruz. Las personas que contraen la enfermedad tienen acceso gratuito al diagn\u00f3stico, atenci\u00f3n hospitalaria y tratamientos mediante el Sistema \u00danico de Salud (SUS). Cada \u00faltimo domingo de enero se [&hellip;]","og_url":"https:\/\/www.eldiario.net\/portal\/2025\/01\/27\/en-casi-una-decada-bolivia-registra-482-casos-de-lepra\/","og_site_name":"El Diario - Bolivia","article_publisher":"https:\/\/www.facebook.com\/eldiario.bolivia\/","article_published_time":"2025-01-27T09:53:52+00:00","og_image":[{"width":800,"height":500,"url":"https:\/\/www.eldiario.net\/portal\/wp-content\/uploads\/2023\/12\/Nacional.jpg","type":"image\/jpeg"}],"author":"Jeanette","twitter_card":"summary_large_image","twitter_creator":"@eldiario_net","twitter_site":"@eldiario_net","twitter_misc":{"Escrito por":"Jeanette","Tiempo de lectura":"2 minutos"},"schema":{"@context":"https:\/\/schema.org","@graph":[{"@type":"Article","@id":"https:\/\/www.eldiario.net\/portal\/2025\/01\/27\/en-casi-una-decada-bolivia-registra-482-casos-de-lepra\/#article","isPartOf":{"@id":"https:\/\/www.eldiario.net\/portal\/2025\/01\/27\/en-casi-una-decada-bolivia-registra-482-casos-de-lepra\/"},"author":{"name":"Jeanette","@id":"https:\/\/www.eldiario.net\/portal\/#\/schema\/person\/f46445640444750d7d753ccd04ae01b7"},"headline":"En casi una d\u00e9cada, Bolivia registra 482 casos de lepra","datePublished":"2025-01-27T09:53:52+00:00","mainEntityOfPage":{"@id":"https:\/\/www.eldiario.net\/portal\/2025\/01\/27\/en-casi-una-decada-bolivia-registra-482-casos-de-lepra\/"},"wordCount":386,"publisher":{"@id":"https:\/\/www.eldiario.net\/portal\/#organization"},"image":{"@id":"https:\/\/www.eldiario.net\/portal\/2025\/01\/27\/en-casi-una-decada-bolivia-registra-482-casos-de-lepra\/#primaryimage"},"thumbnailUrl":"https:\/\/www.eldiario.net\/portal\/wp-content\/uploads\/2023\/12\/Nacional.jpg","articleSection":["Nacional"],"inLanguage":"es"},{"@type":"WebPage","@id":"https:\/\/www.eldiario.net\/portal\/2025\/01\/27\/en-casi-una-decada-bolivia-registra-482-casos-de-lepra\/","url":"https:\/\/www.eldiario.net\/portal\/2025\/01\/27\/en-casi-una-decada-bolivia-registra-482-casos-de-lepra\/","name":"En casi una d\u00e9cada, Bolivia registra 482 casos de lepra - El Diario - Bolivia","isPartOf":{"@id":"https:\/\/www.eldiario.net\/portal\/#website"},"primaryImageOfPage":{"@id":"https:\/\/www.eldiario.net\/portal\/2025\/01\/27\/en-casi-una-decada-bolivia-registra-482-casos-de-lepra\/#primaryimage"},"image":{"@id":"https:\/\/www.eldiario.net\/portal\/2025\/01\/27\/en-casi-una-decada-bolivia-registra-482-casos-de-lepra\/#primaryimage"},"thumbnailUrl":"https:\/\/www.eldiario.net\/portal\/wp-content\/uploads\/2023\/12\/Nacional.jpg","datePublished":"2025-01-27T09:53:52+00:00","breadcrumb":{"@id":"https:\/\/www.eldiario.net\/portal\/2025\/01\/27\/en-casi-una-decada-bolivia-registra-482-casos-de-lepra\/#breadcrumb"},"inLanguage":"es","potentialAction":[{"@type":"ReadAction","target":["https:\/\/www.eldiario.net\/portal\/2025\/01\/27\/en-casi-una-decada-bolivia-registra-482-casos-de-lepra\/"]}]},{"@type":"ImageObject","inLanguage":"es","@id":"https:\/\/www.eldiario.net\/portal\/2025\/01\/27\/en-casi-una-decada-bolivia-registra-482-casos-de-lepra\/#primaryimage","url":"https:\/\/www.eldiario.net\/portal\/wp-content\/uploads\/2023\/12\/Nacional.jpg","contentUrl":"https:\/\/www.eldiario.net\/portal\/wp-content\/uploads\/2023\/12\/Nacional.jpg","width":800,"height":500},{"@type":"BreadcrumbList","@id":"https:\/\/www.eldiario.net\/portal\/2025\/01\/27\/en-casi-una-decada-bolivia-registra-482-casos-de-lepra\/#breadcrumb","itemListElement":[{"@type":"ListItem","position":1,"name":"Portada","item":"https:\/\/www.eldiario.net\/portal\/"},{"@type":"ListItem","position":2,"name":"En casi una d\u00e9cada, Bolivia registra 482 casos de lepra"}]},{"@type":"WebSite","@id":"https:\/\/www.eldiario.net\/portal\/#website","url":"https:\/\/www.eldiario.net\/portal\/","name":"El Diario - Decano de la prensa nacional","description":"El Diario - Decano de la prensa nacional","publisher":{"@id":"https:\/\/www.eldiario.net\/portal\/#organization"},"potentialAction":[{"@type":"SearchAction","target":{"@type":"EntryPoint","urlTemplate":"https:\/\/www.eldiario.net\/portal\/?s={search_term_string}"},"query-input":{"@type":"PropertyValueSpecification","valueRequired":true,"valueName":"search_term_string"}}],"inLanguage":"es"},{"@type":"Organization","@id":"https:\/\/www.eldiario.net\/portal\/#organization","name":"El Diario - Decano de la prensa nacional","url":"https:\/\/www.eldiario.net\/portal\/","logo":{"@type":"ImageObject","inLanguage":"es","@id":"https:\/\/www.eldiario.net\/portal\/#\/schema\/logo\/image\/","url":"https:\/\/www.eldiario.net\/portal\/wp-content\/uploads\/2023\/07\/logo_ED.jpg","contentUrl":"https:\/\/www.eldiario.net\/portal\/wp-content\/uploads\/2023\/07\/logo_ED.jpg","width":272,"height":52,"caption":"El Diario - Decano de la prensa nacional"},"image":{"@id":"https:\/\/www.eldiario.net\/portal\/#\/schema\/logo\/image\/"},"sameAs":["https:\/\/www.facebook.com\/eldiario.bolivia\/","https:\/\/x.com\/eldiario_net"]},{"@type":"Person","@id":"https:\/\/www.eldiario.net\/portal\/#\/schema\/person\/f46445640444750d7d753ccd04ae01b7","name":"Jeanette","image":{"@type":"ImageObject","inLanguage":"es","@id":"https:\/\/secure.gravatar.com\/avatar\/3ea2118a5f7dad2b7138b1187a6b7ee55f160b9968b66013c3a3ef39dd7e5798?s=96&d=mm&r=g","url":"https:\/\/secure.gravatar.com\/avatar\/3ea2118a5f7dad2b7138b1187a6b7ee55f160b9968b66013c3a3ef39dd7e5798?s=96&d=mm&r=g","contentUrl":"https:\/\/secure.gravatar.com\/avatar\/3ea2118a5f7dad2b7138b1187a6b7ee55f160b9968b66013c3a3ef39dd7e5798?s=96&d=mm&r=g","caption":"Jeanette"},"sameAs":["https:\/\/www.eldiario.net\/portal"],"url":"https:\/\/www.eldiario.net\/portal\/author\/jeanette\/"}]}},"_links":{"self":[{"href":"https:\/\/www.eldiario.net\/portal\/wp-json\/wp\/v2\/posts\/277421","targetHints":{"allow":["GET"]}}],"collection":[{"href":"https:\/\/www.eldiario.net\/portal\/wp-json\/wp\/v2\/posts"}],"about":[{"href":"https:\/\/www.eldiario.net\/portal\/wp-json\/wp\/v2\/types\/post"}],"author":[{"embeddable":true,"href":"https:\/\/www.eldiario.net\/portal\/wp-json\/wp\/v2\/users\/1"}],"replies":[{"embeddable":true,"href":"https:\/\/www.eldiario.net\/portal\/wp-json\/wp\/v2\/comments?post=277421"}],"version-history":[{"count":1,"href":"https:\/\/www.eldiario.net\/portal\/wp-json\/wp\/v2\/posts\/277421\/revisions"}],"predecessor-version":[{"id":277422,"href":"https:\/\/www.eldiario.net\/portal\/wp-json\/wp\/v2\/posts\/277421\/revisions\/277422"}],"wp:featuredmedia":[{"embeddable":true,"href":"https:\/\/www.eldiario.net\/portal\/wp-json\/wp\/v2\/media\/194726"}],"wp:attachment":[{"href":"https:\/\/www.eldiario.net\/portal\/wp-json\/wp\/v2\/media?parent=277421"}],"wp:term":[{"taxonomy":"category","embeddable":true,"href":"https:\/\/www.eldiario.net\/portal\/wp-json\/wp\/v2\/categories?post=277421"},{"taxonomy":"post_tag","embeddable":true,"href":"https:\/\/www.eldiario.net\/portal\/wp-json\/wp\/v2\/tags?post=277421"}],"curies":[{"name":"wp","href":"https:\/\/api.w.org\/{rel}","templated":true}]}}