{"id":277412,"date":"2025-01-27T05:52:38","date_gmt":"2025-01-27T09:52:38","guid":{"rendered":"https:\/\/www.eldiario.net\/portal\/?p=277412"},"modified":"2025-01-27T05:52:38","modified_gmt":"2025-01-27T09:52:38","slug":"mundo-conmemora-80-aniversario-de-la-liberacion-de-auschwitz","status":"publish","type":"post","link":"https:\/\/www.eldiario.net\/portal\/2025\/01\/27\/mundo-conmemora-80-aniversario-de-la-liberacion-de-auschwitz\/","title":{"rendered":"Mundo conmemora 80 aniversario  de la liberaci\u00f3n de Auschwitz"},"content":{"rendered":"<p>El jefe de DDHH de la ONU alerta de un aumento \u201cgalopante\u201d del antisemitismo a nivel global.<br \/>\nEl mundo conmemorar\u00e1 hoy el 80 aniversario de la liberaci\u00f3n del campo de concentraci\u00f3n y extermino de Auschwitz-Birkenau, donde m\u00e1s de un mill\u00f3n de personas fueron asesinadas por la Alemania Nazi, la mayor\u00eda de ellos jud\u00edos. Cientos de actos de recuerdo a las v\u00edctimas servir\u00e1n este 27 de enero para poner sobre la mesa la importancia de hacer frente al antisemitismo y honrar a quienes perecieron durante el Holocausto.<br \/>\nEl canciller alem\u00e1n, Olaf Scholz, insisti\u00f3 recientemente en la \u201cgran responsabilidad\u201d de Alemania a la hora de \u201cmantener la memoria viva\u201d sobre los horrores que sucedieron en estos \u201ccampos de la muerte\u201d construidos por el r\u00e9gimen nazi durante la Segunda Guerra Mundial y repartidos en varios pa\u00edses. Se estima que 11 millones de personas murieron durante este periodo, seis millones de ellas debido a la conocida como \u201csoluci\u00f3n final\u201d, con la que exterminaron a dos tercios de la poblaci\u00f3n jud\u00eda europea.<br \/>\nScholz mostr\u00f3 una clara oposici\u00f3n a los discursos antisemitas, que aumentaron durante el \u00faltimo a\u00f1o, y expres\u00f3 su \u201cpreocupaci\u00f3n\u201d por la \u201cnormalizaci\u00f3n de este tipo de sentimientos, especialmente a trav\u00e9s de redes sociales\u201d. \u201cExiste una gran amenaza para las poblaciones jud\u00edas\u201d, lament\u00f3 durante un encuentro con comunidades jud\u00edas en Frankfurt.<br \/>\n\u201cEstoy en contra de pasar de p\u00e1gina, decir que fue hace demasiado tiempo\u201d, aclar\u00f3 antes de subrayar la importancia de explicar lo sucedido a las pr\u00f3ximas generaciones. \u201cNuestra responsabilidad no va a terminar nunca\u201d, puntualiz\u00f3 el canciller, que considera que las historias del Holocausto no son solo hist\u00f3ricas sino tambi\u00e9n \u201cpersonales\u201d.<br \/>\nLos actos conmemorativos que tendr\u00e1n lugar en el campo, situado en la actual Polonia, congregar\u00e1n a l\u00edderes de todo el mundo y se centrar\u00e1n en la liberaci\u00f3n del mismo a manos del Ej\u00e9rcito Rojo y el impacto global del genocidio, con especial hincapi\u00e9 en la necesidad de lograr comunidades \u201clibres de odio\u201d mediante un discurso \u201cinclusivo\u201d, tal y como se\u00f1alaron las autoridades polacas.<br \/>\nEl presidente polaco, Andrzej Duda, record\u00f3 que el pa\u00eds es ahora un \u201crefugio seguro para los jud\u00edos\u201d y pidi\u00f3 al Gobierno no arrestar al primer ministro Benjam\u00edn Netanyahu, en caso de que pise el pa\u00eds con motivo de la cita a pesar de que en su contra pesa una orden de arresto emitida por el Tribunal Penal Internacional (TPI) en relaci\u00f3n con la ofensiva israel\u00ed lanzada contra Gaza, donde murieron ya m\u00e1s de 47.000 personas.<br \/>\n\u201cLa importancia de estos aniversarios reside en la posibilidad de reunirse por \u00faltima vez con los supervivientes, que tienen la oportunidad de dar su testimonio, fundamental para la seguridad del mundo y para la protecci\u00f3n de la dignidad humana y sus valores\u201d, explic\u00f3 Duda.<br \/>\nAnte la breve disputa entre Duda y el primer ministro Donald Tusk, sobre la posible detenci\u00f3n de Netanyahu, este \u00faltimo acab\u00f3 por avalar su presencia en el evento y garantiz\u00f3 la seguridad de la delegaci\u00f3n israel\u00ed, que finalmente estar\u00e1 encabezada por el ministro de Educaci\u00f3n, Yoav Kisch. En este sentido, fuentes cercanas al Gobierno israel\u00ed apuntan a que el primer ministro no tiene previsto asistir.<br \/>\nPor su parte, el Alto Comisionado de Naciones Unidas para los Derechos Humanos, Volker Turk, advirti\u00f3 de que lo sucedido \u201cpuede volver a pasar\u201d y se\u00f1al\u00f3 que las \u201cconmemoraciones de este tipo permiten reconocer el pasado\u201d, aunque \u201cdeben servir tambi\u00e9n para examinar el presente y mirar al futuro\u201d.<br \/>\nTurk aprovech\u00f3 la ocasi\u00f3n para denunciar que \u201cla ret\u00f3rica del odio\u201d sigue escuch\u00e1ndose \u201cen gran parte del mundo\u201d. \u201cEl antisemitismo crece de forma galopante, en las calles y en Internet. Los jud\u00edos se enfrentan a una creciente intimidaci\u00f3n, amenazas y violencia\u201d, afirm\u00f3.<br \/>\n\u201cMuy a menudo, la discriminaci\u00f3n y la deshumanizaci\u00f3n siguen ganando la partida sobre la solidaridad y la compasi\u00f3n; la diversidad es vista como una amenaza en vez de como algo que debe ser atesorado, y muchos l\u00edderes est\u00e1n socavando y debilitando el Estado de Derecho\u201d, puntualiz\u00f3 antes de incidir en la importancia de luchar a favor de la dignidad y contra la \u201cintolerancia\u201d.<\/p>\n<p>V\u00cdCTIMAS Y TESTIMONIOS<br \/>\nMargot Friedlander, una de las \u00faltimas supervivientes del Holocausto, recalc\u00f3 que para ella no paso el tiempo. La mujer, de 103 a\u00f1os, reafirm\u00f3 que son los supervivientes los que \u201csaben qu\u00e9 sucedi\u00f3 y c\u00f3mo fue\u201d. Friedlander fue prisionera del campo de Theresienstadt, en Terezin, Rep\u00fablica Checa, mientras que su madre y su hermano fueron asesinados en Auschwitz. \u201cPerd\u00ed a toda mi familia\u201d, cuenta en declaraciones a la agencia de noticias DPA.<br \/>\nSobre el aumento del extremismo y los discursos de ultraderecha en Europa, Friedlander lament\u00f3 que \u201centonces tambi\u00e9n empez\u00f3 as\u00ed\u201d. \u201cTengan cuidado. No lo hagan. Respeten a las personas, eso es lo m\u00e1s importante\u201d, sostuvo.<br \/>\nAndrea Low, directora del Centro de Estudios sobre el Holocausto de M\u00fanich, remarc\u00f3 que cifras de Auschwitz y el Holocausto reflejan un \u201ccrimen monstruoso\u201d y defendi\u00f3 que los testimonios ayudan a la nuevas generaciones a \u201cdarle dimensi\u00f3n\u201d a lo sucedido. \u201cEran personas como t\u00fa y yo que fueron arrancadas de sus vidas\u201d, dijo.<br \/>\nLa directora del centro de memoria hist\u00f3rica ubicado en la casa en la que se llev\u00f3 a cabo la Conferencia de Wannsee donde se dise\u00f1\u00f3 la implantaci\u00f3n de la \u201csoluci\u00f3n final\u201d, Deborah Hartmann, abog\u00f3 por evitar t\u00e9rminos como \u201cinimaginable\u201d o \u201cincomprensible\u201d.<\/p>\n<p>HISTORIA DEL CAMPO<br \/>\nEl campo se cre\u00f3 en 1940 cerca de Oswiecim, en la Polonia ocupada. Inicialmente su cometido era el de prisi\u00f3n para los polacos detenidos durante las redadas masivas, pero termin\u00f3 convirti\u00e9ndose en el mayor centro de exterminio de jud\u00edos europeos una vez que comenzaron las deportaciones en 1942.<br \/>\nDe los alrededor de 1,3 millones de personas que fueron deportadas a Auschwitz, unos 1,1 millones, de los que alrededor de un mill\u00f3n eran jud\u00edos, se cree que perecieron all\u00ed, seg\u00fan los datos del Memorial y Museo Auschwitz-Birkenau. Unos 900.000 jud\u00edos fueron asesinados en las c\u00e1maras de gas inmediatamente despu\u00e9s de llegar al campo y sus cuerpos quemados en el crematorio.<br \/>\nAdem\u00e1s, alrededor de la mitad de los 400.000 prisioneros registrados en el campo perecieron en \u00e9l. Separados por etnias, la cifra inclu\u00eda a unos 100.000 jud\u00edos, 70.000 polacos, m\u00e1s de 20.000 gitanos y unos 14.000 prisioneros de guerra sovi\u00e9ticos, aunque tambi\u00e9n hab\u00eda disidentes, testigos de Jehov\u00e1, homosexuales y comunistas, entre otros.<br \/>\nEl centro de exterminio jug\u00f3 un papel significativo en el plan alem\u00e1n de asesinar a los jud\u00edos europeos. A finales de 1943, los trenes llegaban a Auschwitz con regularidad con jud\u00edos procedentes de todos los pa\u00edses europeos ocupados por Alemania, desde Noruega hasta la isla griega de Rodas, frente a Turqu\u00eda.<br \/>\nEl campo estaba compuesto por dos partes. El llamado campo Auschwitz I, donde hab\u00eda unos 15.000 prisioneros, y el campo de Birkenau, situado a unos tres kil\u00f3metros de Oswiecim, donde fueron asesinadas la mayor\u00eda de las v\u00edctimas. Birkenau contaba con m\u00e1s de 90.000 prisioneros en 1944.<br \/>\nVarios d\u00edas antes de su liberaci\u00f3n, los alemanes obligaron a casi 60.000 exhaustos prisioneros a marchar hacia el oeste para trasladarlos a otros campos de concentraci\u00f3n. Se estima que entre 9.000 y 15.000 de ellos perecieron en esa marcha de la muerte. Cuando el Ej\u00e9rcito Rojo sovi\u00e9tico liber\u00f3 el campo el 27 de enero de 1945 tan solo se encontr\u00f3 a unos 7.000 prisioneros. (EP)<\/p>\n<figure id=\"attachment_277414\" aria-describedby=\"caption-attachment-277414\" style=\"width: 800px\" class=\"wp-caption aligncenter\"><img loading=\"lazy\" decoding=\"async\" class=\"size-full wp-image-277414\" src=\"https:\/\/www.eldiario.net\/portal\/wp-content\/uploads\/2025\/01\/LIBERACION-2-Getty-Images.jpg\" alt=\"\" width=\"800\" height=\"650\" srcset=\"https:\/\/www.eldiario.net\/portal\/wp-content\/uploads\/2025\/01\/LIBERACION-2-Getty-Images.jpg 800w, https:\/\/www.eldiario.net\/portal\/wp-content\/uploads\/2025\/01\/LIBERACION-2-Getty-Images-300x244.jpg 300w, https:\/\/www.eldiario.net\/portal\/wp-content\/uploads\/2025\/01\/LIBERACION-2-Getty-Images-768x624.jpg 768w, https:\/\/www.eldiario.net\/portal\/wp-content\/uploads\/2025\/01\/LIBERACION-2-Getty-Images-517x420.jpg 517w, https:\/\/www.eldiario.net\/portal\/wp-content\/uploads\/2025\/01\/LIBERACION-2-Getty-Images-696x566.jpg 696w\" sizes=\"auto, (max-width: 800px) 100vw, 800px\" \/><figcaption id=\"caption-attachment-277414\" class=\"wp-caption-text\">Prisioneros en sus literas en el campo de concentraci\u00f3n despu\u00e9s de la liberaci\u00f3n en enero de 1945.<\/figcaption><\/figure>\n","protected":false},"excerpt":{"rendered":"<p>El jefe de DDHH de la ONU alerta de un aumento \u201cgalopante\u201d del antisemitismo a nivel global. El mundo conmemorar\u00e1 hoy el 80 aniversario de la liberaci\u00f3n del campo de concentraci\u00f3n y extermino de Auschwitz-Birkenau, donde m\u00e1s de un mill\u00f3n de personas fueron asesinadas por la Alemania Nazi, la mayor\u00eda de ellos jud\u00edos. Cientos de [&hellip;]<\/p>\n","protected":false},"author":1,"featured_media":277413,"comment_status":"closed","ping_status":"open","sticky":false,"template":"","format":"standard","meta":{"_acf_changed":false,"footnotes":""},"categories":[3],"tags":[],"class_list":["post-277412","post","type-post","status-publish","format-standard","has-post-thumbnail","category-internacional"],"acf":{"antetitulo":"Tras el terrible Holocausto"},"yoast_head":"<!-- This site is optimized with the Yoast SEO plugin v28.4 - https:\/\/yoast.com\/product\/yoast-seo-wordpress\/ -->\n<title>Mundo conmemora 80 aniversario de la liberaci\u00f3n de Auschwitz - El Diario - Bolivia<\/title>\n<meta name=\"robots\" content=\"index, follow, max-snippet:-1, max-image-preview:large, max-video-preview:-1\" \/>\n<link rel=\"canonical\" href=\"https:\/\/www.eldiario.net\/portal\/2025\/01\/27\/mundo-conmemora-80-aniversario-de-la-liberacion-de-auschwitz\/\" \/>\n<meta property=\"og:locale\" content=\"es_ES\" \/>\n<meta property=\"og:type\" content=\"article\" \/>\n<meta property=\"og:title\" content=\"Mundo conmemora 80 aniversario de la liberaci\u00f3n de Auschwitz - El Diario - Bolivia\" \/>\n<meta property=\"og:description\" content=\"El jefe de DDHH de la ONU alerta de un aumento \u201cgalopante\u201d del antisemitismo a nivel global. El mundo conmemorar\u00e1 hoy el 80 aniversario de la liberaci\u00f3n del campo de concentraci\u00f3n y extermino de Auschwitz-Birkenau, donde m\u00e1s de un mill\u00f3n de personas fueron asesinadas por la Alemania Nazi, la mayor\u00eda de ellos jud\u00edos. Cientos de [&hellip;]\" \/>\n<meta property=\"og:url\" content=\"https:\/\/www.eldiario.net\/portal\/2025\/01\/27\/mundo-conmemora-80-aniversario-de-la-liberacion-de-auschwitz\/\" \/>\n<meta property=\"og:site_name\" content=\"El Diario - Bolivia\" \/>\n<meta property=\"article:publisher\" content=\"https:\/\/www.facebook.com\/eldiario.bolivia\/\" \/>\n<meta property=\"article:published_time\" content=\"2025-01-27T09:52:38+00:00\" \/>\n<meta property=\"og:image\" content=\"https:\/\/www.eldiario.net\/portal\/wp-content\/uploads\/2025\/01\/LIBERACION-1-Diari-ARA.jpg\" \/>\n\t<meta property=\"og:image:width\" content=\"1600\" \/>\n\t<meta property=\"og:image:height\" content=\"900\" \/>\n\t<meta property=\"og:image:type\" content=\"image\/jpeg\" \/>\n<meta name=\"author\" content=\"Jeanette\" \/>\n<meta name=\"twitter:card\" content=\"summary_large_image\" \/>\n<meta name=\"twitter:creator\" content=\"@eldiario_net\" \/>\n<meta name=\"twitter:site\" content=\"@eldiario_net\" \/>\n<meta name=\"twitter:label1\" content=\"Escrito por\" \/>\n\t<meta name=\"twitter:data1\" content=\"Jeanette\" \/>\n\t<meta name=\"twitter:label2\" content=\"Tiempo de lectura\" \/>\n\t<meta name=\"twitter:data2\" content=\"6 minutos\" \/>\n<script type=\"application\/ld+json\" class=\"yoast-schema-graph\">{\"@context\":\"https:\\\/\\\/schema.org\",\"@graph\":[{\"@type\":\"Article\",\"@id\":\"https:\\\/\\\/www.eldiario.net\\\/portal\\\/2025\\\/01\\\/27\\\/mundo-conmemora-80-aniversario-de-la-liberacion-de-auschwitz\\\/#article\",\"isPartOf\":{\"@id\":\"https:\\\/\\\/www.eldiario.net\\\/portal\\\/2025\\\/01\\\/27\\\/mundo-conmemora-80-aniversario-de-la-liberacion-de-auschwitz\\\/\"},\"author\":{\"name\":\"Jeanette\",\"@id\":\"https:\\\/\\\/www.eldiario.net\\\/portal\\\/#\\\/schema\\\/person\\\/f46445640444750d7d753ccd04ae01b7\"},\"headline\":\"Mundo conmemora 80 aniversario de la liberaci\u00f3n de Auschwitz\",\"datePublished\":\"2025-01-27T09:52:38+00:00\",\"mainEntityOfPage\":{\"@id\":\"https:\\\/\\\/www.eldiario.net\\\/portal\\\/2025\\\/01\\\/27\\\/mundo-conmemora-80-aniversario-de-la-liberacion-de-auschwitz\\\/\"},\"wordCount\":1302,\"publisher\":{\"@id\":\"https:\\\/\\\/www.eldiario.net\\\/portal\\\/#organization\"},\"image\":{\"@id\":\"https:\\\/\\\/www.eldiario.net\\\/portal\\\/2025\\\/01\\\/27\\\/mundo-conmemora-80-aniversario-de-la-liberacion-de-auschwitz\\\/#primaryimage\"},\"thumbnailUrl\":\"https:\\\/\\\/www.eldiario.net\\\/portal\\\/wp-content\\\/uploads\\\/2025\\\/01\\\/LIBERACION-1-Diari-ARA.jpg\",\"articleSection\":[\"Internacional\"],\"inLanguage\":\"es\"},{\"@type\":\"WebPage\",\"@id\":\"https:\\\/\\\/www.eldiario.net\\\/portal\\\/2025\\\/01\\\/27\\\/mundo-conmemora-80-aniversario-de-la-liberacion-de-auschwitz\\\/\",\"url\":\"https:\\\/\\\/www.eldiario.net\\\/portal\\\/2025\\\/01\\\/27\\\/mundo-conmemora-80-aniversario-de-la-liberacion-de-auschwitz\\\/\",\"name\":\"Mundo conmemora 80 aniversario de la liberaci\u00f3n de Auschwitz - El Diario - Bolivia\",\"isPartOf\":{\"@id\":\"https:\\\/\\\/www.eldiario.net\\\/portal\\\/#website\"},\"primaryImageOfPage\":{\"@id\":\"https:\\\/\\\/www.eldiario.net\\\/portal\\\/2025\\\/01\\\/27\\\/mundo-conmemora-80-aniversario-de-la-liberacion-de-auschwitz\\\/#primaryimage\"},\"image\":{\"@id\":\"https:\\\/\\\/www.eldiario.net\\\/portal\\\/2025\\\/01\\\/27\\\/mundo-conmemora-80-aniversario-de-la-liberacion-de-auschwitz\\\/#primaryimage\"},\"thumbnailUrl\":\"https:\\\/\\\/www.eldiario.net\\\/portal\\\/wp-content\\\/uploads\\\/2025\\\/01\\\/LIBERACION-1-Diari-ARA.jpg\",\"datePublished\":\"2025-01-27T09:52:38+00:00\",\"breadcrumb\":{\"@id\":\"https:\\\/\\\/www.eldiario.net\\\/portal\\\/2025\\\/01\\\/27\\\/mundo-conmemora-80-aniversario-de-la-liberacion-de-auschwitz\\\/#breadcrumb\"},\"inLanguage\":\"es\",\"potentialAction\":[{\"@type\":\"ReadAction\",\"target\":[\"https:\\\/\\\/www.eldiario.net\\\/portal\\\/2025\\\/01\\\/27\\\/mundo-conmemora-80-aniversario-de-la-liberacion-de-auschwitz\\\/\"]}]},{\"@type\":\"ImageObject\",\"inLanguage\":\"es\",\"@id\":\"https:\\\/\\\/www.eldiario.net\\\/portal\\\/2025\\\/01\\\/27\\\/mundo-conmemora-80-aniversario-de-la-liberacion-de-auschwitz\\\/#primaryimage\",\"url\":\"https:\\\/\\\/www.eldiario.net\\\/portal\\\/wp-content\\\/uploads\\\/2025\\\/01\\\/LIBERACION-1-Diari-ARA.jpg\",\"contentUrl\":\"https:\\\/\\\/www.eldiario.net\\\/portal\\\/wp-content\\\/uploads\\\/2025\\\/01\\\/LIBERACION-1-Diari-ARA.jpg\",\"width\":1600,\"height\":900,\"caption\":\"Lo que suced\u00eda en el complejo de exterminio no estaba claro, aunque siempre hubo rumores.\"},{\"@type\":\"BreadcrumbList\",\"@id\":\"https:\\\/\\\/www.eldiario.net\\\/portal\\\/2025\\\/01\\\/27\\\/mundo-conmemora-80-aniversario-de-la-liberacion-de-auschwitz\\\/#breadcrumb\",\"itemListElement\":[{\"@type\":\"ListItem\",\"position\":1,\"name\":\"Portada\",\"item\":\"https:\\\/\\\/www.eldiario.net\\\/portal\\\/\"},{\"@type\":\"ListItem\",\"position\":2,\"name\":\"Mundo conmemora 80 aniversario de la liberaci\u00f3n de Auschwitz\"}]},{\"@type\":\"WebSite\",\"@id\":\"https:\\\/\\\/www.eldiario.net\\\/portal\\\/#website\",\"url\":\"https:\\\/\\\/www.eldiario.net\\\/portal\\\/\",\"name\":\"El Diario - Decano de la prensa nacional\",\"description\":\"El Diario - Decano de la prensa nacional\",\"publisher\":{\"@id\":\"https:\\\/\\\/www.eldiario.net\\\/portal\\\/#organization\"},\"potentialAction\":[{\"@type\":\"SearchAction\",\"target\":{\"@type\":\"EntryPoint\",\"urlTemplate\":\"https:\\\/\\\/www.eldiario.net\\\/portal\\\/?s={search_term_string}\"},\"query-input\":{\"@type\":\"PropertyValueSpecification\",\"valueRequired\":true,\"valueName\":\"search_term_string\"}}],\"inLanguage\":\"es\"},{\"@type\":\"Organization\",\"@id\":\"https:\\\/\\\/www.eldiario.net\\\/portal\\\/#organization\",\"name\":\"El Diario - Decano de la prensa nacional\",\"url\":\"https:\\\/\\\/www.eldiario.net\\\/portal\\\/\",\"logo\":{\"@type\":\"ImageObject\",\"inLanguage\":\"es\",\"@id\":\"https:\\\/\\\/www.eldiario.net\\\/portal\\\/#\\\/schema\\\/logo\\\/image\\\/\",\"url\":\"https:\\\/\\\/www.eldiario.net\\\/portal\\\/wp-content\\\/uploads\\\/2023\\\/07\\\/logo_ED.jpg\",\"contentUrl\":\"https:\\\/\\\/www.eldiario.net\\\/portal\\\/wp-content\\\/uploads\\\/2023\\\/07\\\/logo_ED.jpg\",\"width\":272,\"height\":52,\"caption\":\"El Diario - Decano de la prensa nacional\"},\"image\":{\"@id\":\"https:\\\/\\\/www.eldiario.net\\\/portal\\\/#\\\/schema\\\/logo\\\/image\\\/\"},\"sameAs\":[\"https:\\\/\\\/www.facebook.com\\\/eldiario.bolivia\\\/\",\"https:\\\/\\\/x.com\\\/eldiario_net\"]},{\"@type\":\"Person\",\"@id\":\"https:\\\/\\\/www.eldiario.net\\\/portal\\\/#\\\/schema\\\/person\\\/f46445640444750d7d753ccd04ae01b7\",\"name\":\"Jeanette\",\"image\":{\"@type\":\"ImageObject\",\"inLanguage\":\"es\",\"@id\":\"https:\\\/\\\/secure.gravatar.com\\\/avatar\\\/3ea2118a5f7dad2b7138b1187a6b7ee55f160b9968b66013c3a3ef39dd7e5798?s=96&d=mm&r=g\",\"url\":\"https:\\\/\\\/secure.gravatar.com\\\/avatar\\\/3ea2118a5f7dad2b7138b1187a6b7ee55f160b9968b66013c3a3ef39dd7e5798?s=96&d=mm&r=g\",\"contentUrl\":\"https:\\\/\\\/secure.gravatar.com\\\/avatar\\\/3ea2118a5f7dad2b7138b1187a6b7ee55f160b9968b66013c3a3ef39dd7e5798?s=96&d=mm&r=g\",\"caption\":\"Jeanette\"},\"sameAs\":[\"https:\\\/\\\/www.eldiario.net\\\/portal\"],\"url\":\"https:\\\/\\\/www.eldiario.net\\\/portal\\\/author\\\/jeanette\\\/\"}]}<\/script>\n<!-- \/ Yoast SEO plugin. -->","yoast_head_json":{"title":"Mundo conmemora 80 aniversario de la liberaci\u00f3n de Auschwitz - El Diario - Bolivia","robots":{"index":"index","follow":"follow","max-snippet":"max-snippet:-1","max-image-preview":"max-image-preview:large","max-video-preview":"max-video-preview:-1"},"canonical":"https:\/\/www.eldiario.net\/portal\/2025\/01\/27\/mundo-conmemora-80-aniversario-de-la-liberacion-de-auschwitz\/","og_locale":"es_ES","og_type":"article","og_title":"Mundo conmemora 80 aniversario de la liberaci\u00f3n de Auschwitz - El Diario - Bolivia","og_description":"El jefe de DDHH de la ONU alerta de un aumento \u201cgalopante\u201d del antisemitismo a nivel global. El mundo conmemorar\u00e1 hoy el 80 aniversario de la liberaci\u00f3n del campo de concentraci\u00f3n y extermino de Auschwitz-Birkenau, donde m\u00e1s de un mill\u00f3n de personas fueron asesinadas por la Alemania Nazi, la mayor\u00eda de ellos jud\u00edos. Cientos de [&hellip;]","og_url":"https:\/\/www.eldiario.net\/portal\/2025\/01\/27\/mundo-conmemora-80-aniversario-de-la-liberacion-de-auschwitz\/","og_site_name":"El Diario - Bolivia","article_publisher":"https:\/\/www.facebook.com\/eldiario.bolivia\/","article_published_time":"2025-01-27T09:52:38+00:00","og_image":[{"width":1600,"height":900,"url":"https:\/\/www.eldiario.net\/portal\/wp-content\/uploads\/2025\/01\/LIBERACION-1-Diari-ARA.jpg","type":"image\/jpeg"}],"author":"Jeanette","twitter_card":"summary_large_image","twitter_creator":"@eldiario_net","twitter_site":"@eldiario_net","twitter_misc":{"Escrito por":"Jeanette","Tiempo de lectura":"6 minutos"},"schema":{"@context":"https:\/\/schema.org","@graph":[{"@type":"Article","@id":"https:\/\/www.eldiario.net\/portal\/2025\/01\/27\/mundo-conmemora-80-aniversario-de-la-liberacion-de-auschwitz\/#article","isPartOf":{"@id":"https:\/\/www.eldiario.net\/portal\/2025\/01\/27\/mundo-conmemora-80-aniversario-de-la-liberacion-de-auschwitz\/"},"author":{"name":"Jeanette","@id":"https:\/\/www.eldiario.net\/portal\/#\/schema\/person\/f46445640444750d7d753ccd04ae01b7"},"headline":"Mundo conmemora 80 aniversario de la liberaci\u00f3n de Auschwitz","datePublished":"2025-01-27T09:52:38+00:00","mainEntityOfPage":{"@id":"https:\/\/www.eldiario.net\/portal\/2025\/01\/27\/mundo-conmemora-80-aniversario-de-la-liberacion-de-auschwitz\/"},"wordCount":1302,"publisher":{"@id":"https:\/\/www.eldiario.net\/portal\/#organization"},"image":{"@id":"https:\/\/www.eldiario.net\/portal\/2025\/01\/27\/mundo-conmemora-80-aniversario-de-la-liberacion-de-auschwitz\/#primaryimage"},"thumbnailUrl":"https:\/\/www.eldiario.net\/portal\/wp-content\/uploads\/2025\/01\/LIBERACION-1-Diari-ARA.jpg","articleSection":["Internacional"],"inLanguage":"es"},{"@type":"WebPage","@id":"https:\/\/www.eldiario.net\/portal\/2025\/01\/27\/mundo-conmemora-80-aniversario-de-la-liberacion-de-auschwitz\/","url":"https:\/\/www.eldiario.net\/portal\/2025\/01\/27\/mundo-conmemora-80-aniversario-de-la-liberacion-de-auschwitz\/","name":"Mundo conmemora 80 aniversario de la liberaci\u00f3n de Auschwitz - El Diario - Bolivia","isPartOf":{"@id":"https:\/\/www.eldiario.net\/portal\/#website"},"primaryImageOfPage":{"@id":"https:\/\/www.eldiario.net\/portal\/2025\/01\/27\/mundo-conmemora-80-aniversario-de-la-liberacion-de-auschwitz\/#primaryimage"},"image":{"@id":"https:\/\/www.eldiario.net\/portal\/2025\/01\/27\/mundo-conmemora-80-aniversario-de-la-liberacion-de-auschwitz\/#primaryimage"},"thumbnailUrl":"https:\/\/www.eldiario.net\/portal\/wp-content\/uploads\/2025\/01\/LIBERACION-1-Diari-ARA.jpg","datePublished":"2025-01-27T09:52:38+00:00","breadcrumb":{"@id":"https:\/\/www.eldiario.net\/portal\/2025\/01\/27\/mundo-conmemora-80-aniversario-de-la-liberacion-de-auschwitz\/#breadcrumb"},"inLanguage":"es","potentialAction":[{"@type":"ReadAction","target":["https:\/\/www.eldiario.net\/portal\/2025\/01\/27\/mundo-conmemora-80-aniversario-de-la-liberacion-de-auschwitz\/"]}]},{"@type":"ImageObject","inLanguage":"es","@id":"https:\/\/www.eldiario.net\/portal\/2025\/01\/27\/mundo-conmemora-80-aniversario-de-la-liberacion-de-auschwitz\/#primaryimage","url":"https:\/\/www.eldiario.net\/portal\/wp-content\/uploads\/2025\/01\/LIBERACION-1-Diari-ARA.jpg","contentUrl":"https:\/\/www.eldiario.net\/portal\/wp-content\/uploads\/2025\/01\/LIBERACION-1-Diari-ARA.jpg","width":1600,"height":900,"caption":"Lo que suced\u00eda en el complejo de exterminio no estaba claro, aunque siempre hubo rumores."},{"@type":"BreadcrumbList","@id":"https:\/\/www.eldiario.net\/portal\/2025\/01\/27\/mundo-conmemora-80-aniversario-de-la-liberacion-de-auschwitz\/#breadcrumb","itemListElement":[{"@type":"ListItem","position":1,"name":"Portada","item":"https:\/\/www.eldiario.net\/portal\/"},{"@type":"ListItem","position":2,"name":"Mundo conmemora 80 aniversario de la liberaci\u00f3n de Auschwitz"}]},{"@type":"WebSite","@id":"https:\/\/www.eldiario.net\/portal\/#website","url":"https:\/\/www.eldiario.net\/portal\/","name":"El Diario - Decano de la prensa nacional","description":"El Diario - Decano de la prensa nacional","publisher":{"@id":"https:\/\/www.eldiario.net\/portal\/#organization"},"potentialAction":[{"@type":"SearchAction","target":{"@type":"EntryPoint","urlTemplate":"https:\/\/www.eldiario.net\/portal\/?s={search_term_string}"},"query-input":{"@type":"PropertyValueSpecification","valueRequired":true,"valueName":"search_term_string"}}],"inLanguage":"es"},{"@type":"Organization","@id":"https:\/\/www.eldiario.net\/portal\/#organization","name":"El Diario - Decano de la prensa nacional","url":"https:\/\/www.eldiario.net\/portal\/","logo":{"@type":"ImageObject","inLanguage":"es","@id":"https:\/\/www.eldiario.net\/portal\/#\/schema\/logo\/image\/","url":"https:\/\/www.eldiario.net\/portal\/wp-content\/uploads\/2023\/07\/logo_ED.jpg","contentUrl":"https:\/\/www.eldiario.net\/portal\/wp-content\/uploads\/2023\/07\/logo_ED.jpg","width":272,"height":52,"caption":"El Diario - Decano de la prensa nacional"},"image":{"@id":"https:\/\/www.eldiario.net\/portal\/#\/schema\/logo\/image\/"},"sameAs":["https:\/\/www.facebook.com\/eldiario.bolivia\/","https:\/\/x.com\/eldiario_net"]},{"@type":"Person","@id":"https:\/\/www.eldiario.net\/portal\/#\/schema\/person\/f46445640444750d7d753ccd04ae01b7","name":"Jeanette","image":{"@type":"ImageObject","inLanguage":"es","@id":"https:\/\/secure.gravatar.com\/avatar\/3ea2118a5f7dad2b7138b1187a6b7ee55f160b9968b66013c3a3ef39dd7e5798?s=96&d=mm&r=g","url":"https:\/\/secure.gravatar.com\/avatar\/3ea2118a5f7dad2b7138b1187a6b7ee55f160b9968b66013c3a3ef39dd7e5798?s=96&d=mm&r=g","contentUrl":"https:\/\/secure.gravatar.com\/avatar\/3ea2118a5f7dad2b7138b1187a6b7ee55f160b9968b66013c3a3ef39dd7e5798?s=96&d=mm&r=g","caption":"Jeanette"},"sameAs":["https:\/\/www.eldiario.net\/portal"],"url":"https:\/\/www.eldiario.net\/portal\/author\/jeanette\/"}]}},"_links":{"self":[{"href":"https:\/\/www.eldiario.net\/portal\/wp-json\/wp\/v2\/posts\/277412","targetHints":{"allow":["GET"]}}],"collection":[{"href":"https:\/\/www.eldiario.net\/portal\/wp-json\/wp\/v2\/posts"}],"about":[{"href":"https:\/\/www.eldiario.net\/portal\/wp-json\/wp\/v2\/types\/post"}],"author":[{"embeddable":true,"href":"https:\/\/www.eldiario.net\/portal\/wp-json\/wp\/v2\/users\/1"}],"replies":[{"embeddable":true,"href":"https:\/\/www.eldiario.net\/portal\/wp-json\/wp\/v2\/comments?post=277412"}],"version-history":[{"count":1,"href":"https:\/\/www.eldiario.net\/portal\/wp-json\/wp\/v2\/posts\/277412\/revisions"}],"predecessor-version":[{"id":277415,"href":"https:\/\/www.eldiario.net\/portal\/wp-json\/wp\/v2\/posts\/277412\/revisions\/277415"}],"wp:featuredmedia":[{"embeddable":true,"href":"https:\/\/www.eldiario.net\/portal\/wp-json\/wp\/v2\/media\/277413"}],"wp:attachment":[{"href":"https:\/\/www.eldiario.net\/portal\/wp-json\/wp\/v2\/media?parent=277412"}],"wp:term":[{"taxonomy":"category","embeddable":true,"href":"https:\/\/www.eldiario.net\/portal\/wp-json\/wp\/v2\/categories?post=277412"},{"taxonomy":"post_tag","embeddable":true,"href":"https:\/\/www.eldiario.net\/portal\/wp-json\/wp\/v2\/tags?post=277412"}],"curies":[{"name":"wp","href":"https:\/\/api.w.org\/{rel}","templated":true}]}}