{"id":277409,"date":"2025-01-27T05:51:37","date_gmt":"2025-01-27T09:51:37","guid":{"rendered":"https:\/\/www.eldiario.net\/portal\/?p=277409"},"modified":"2025-01-27T05:51:37","modified_gmt":"2025-01-27T09:51:37","slug":"fiscalia-inculpa-al-presidente-yoon-suk-por-insurreccion","status":"publish","type":"post","link":"https:\/\/www.eldiario.net\/portal\/2025\/01\/27\/fiscalia-inculpa-al-presidente-yoon-suk-por-insurreccion\/","title":{"rendered":"Fiscal\u00eda inculpa al presidente Yoon Suk por insurrecci\u00f3n"},"content":{"rendered":"<p>La Fiscal\u00eda de Corea del Sur decidi\u00f3 imputar ayer al presidente Yoon Suk Yeol, por liderar presuntamente una insurrecci\u00f3n y abusar de su poder al declarar la ley marcial el pasado 3 de diciembre.<br \/>\nLa imputaci\u00f3n, que supone la primera en la historia de Corea del Sur para un presidente en el cargo y bajo arresto, llega dos d\u00edas antes de que expire el per\u00edodo de detenci\u00f3n decretado para que el mandatario sea interrogado por las autoridades.<br \/>\nYoon, que permanece bajo arresto preventivo desde el 15 de enero, es imputado a petici\u00f3n de la Oficina para la Investigaci\u00f3n de Casos de Corrupci\u00f3n de Altos Funcionarios (CIO), el organismo que lidera la investigaci\u00f3n penal sobre el mandatario por haber decretado fugazmente la ley marcial.<br \/>\nLa Fiscal\u00eda decidi\u00f3 proceder con la imputaci\u00f3n tras analizar las pruebas disponibles sobre el caso y ponderar que se trataba de la mejor opci\u00f3n antes de que expirara el plazo de detenci\u00f3n de Yoon.<\/p>\n<p>YOON ARRIESGA<br \/>\nCADENA PERPETUA<br \/>\nLa investigaci\u00f3n impulsada por la CIO establece que Yoon conspir\u00f3 con el entonces ministro de Defensa Nacional, Kim Yong-hyun, y otros militares para iniciar un mot\u00edn declarando la ley marcial la noche del 3 de diciembre. Tambi\u00e9n lo acusan de abusar de su poder al enviar tropas a la Asamblea Nacional (Parlamento) para impedir que los diputados revocaran el decreto de Yoon.<br \/>\nEn caso de que el mandatario sea hallado culpable de liderar una insurrecci\u00f3n, delito para el cual un presidente surcoreano no tiene inmunidad, podr\u00eda ser condenado a cadena perpetua o recibir la pena de muerte, sobre la que existe una moratoria en Corea del Sur desde 1997.<br \/>\nEn paralelo a este caso penal, el Tribunal Constitucional est\u00e1 celebrando un juicio pol\u00edtico para determinar si ratifica o no su destituci\u00f3n aprobada por el Parlamento el 14 de diciembre. Si el m\u00e1ximo tribunal surcoreano confirma su inhabilitaci\u00f3n, deber\u00e1n convocarse elecciones presidenciales anticipadas en un plazo m\u00e1ximo de 60 d\u00edas tras el fallo de la Corte. (Dw)<\/p>\n","protected":false},"excerpt":{"rendered":"<p>La Fiscal\u00eda de Corea del Sur decidi\u00f3 imputar ayer al presidente Yoon Suk Yeol, por liderar presuntamente una insurrecci\u00f3n y abusar de su poder al declarar la ley marcial el pasado 3 de diciembre. La imputaci\u00f3n, que supone la primera en la historia de Corea del Sur para un presidente en el cargo y bajo [&hellip;]<\/p>\n","protected":false},"author":1,"featured_media":277410,"comment_status":"closed","ping_status":"open","sticky":false,"template":"","format":"standard","meta":{"_acf_changed":false,"footnotes":""},"categories":[3],"tags":[],"class_list":["post-277409","post","type-post","status-publish","format-standard","has-post-thumbnail","category-internacional"],"acf":{"antetitulo":"Corea del Sur"},"yoast_head":"<!-- This site is optimized with the Yoast SEO plugin v28.4 - https:\/\/yoast.com\/product\/yoast-seo-wordpress\/ -->\n<title>Fiscal\u00eda inculpa al presidente Yoon Suk por insurrecci\u00f3n - El Diario - Bolivia<\/title>\n<meta name=\"robots\" content=\"index, follow, max-snippet:-1, max-image-preview:large, max-video-preview:-1\" \/>\n<link rel=\"canonical\" href=\"https:\/\/www.eldiario.net\/portal\/2025\/01\/27\/fiscalia-inculpa-al-presidente-yoon-suk-por-insurreccion\/\" \/>\n<meta property=\"og:locale\" content=\"es_ES\" \/>\n<meta property=\"og:type\" content=\"article\" \/>\n<meta property=\"og:title\" content=\"Fiscal\u00eda inculpa al presidente Yoon Suk por insurrecci\u00f3n - El Diario - Bolivia\" \/>\n<meta property=\"og:description\" content=\"La Fiscal\u00eda de Corea del Sur decidi\u00f3 imputar ayer al presidente Yoon Suk Yeol, por liderar presuntamente una insurrecci\u00f3n y abusar de su poder al declarar la ley marcial el pasado 3 de diciembre. La imputaci\u00f3n, que supone la primera en la historia de Corea del Sur para un presidente en el cargo y bajo [&hellip;]\" \/>\n<meta property=\"og:url\" content=\"https:\/\/www.eldiario.net\/portal\/2025\/01\/27\/fiscalia-inculpa-al-presidente-yoon-suk-por-insurreccion\/\" \/>\n<meta property=\"og:site_name\" content=\"El Diario - Bolivia\" \/>\n<meta property=\"article:publisher\" content=\"https:\/\/www.facebook.com\/eldiario.bolivia\/\" \/>\n<meta property=\"article:published_time\" content=\"2025-01-27T09:51:37+00:00\" \/>\n<meta property=\"og:image\" content=\"https:\/\/www.eldiario.net\/portal\/wp-content\/uploads\/2025\/01\/COREA-Imago.webp\" \/>\n\t<meta property=\"og:image:width\" content=\"1200\" \/>\n\t<meta property=\"og:image:height\" content=\"525\" \/>\n\t<meta property=\"og:image:type\" content=\"image\/webp\" \/>\n<meta name=\"author\" content=\"Jeanette\" \/>\n<meta name=\"twitter:card\" content=\"summary_large_image\" \/>\n<meta name=\"twitter:creator\" content=\"@eldiario_net\" \/>\n<meta name=\"twitter:site\" content=\"@eldiario_net\" \/>\n<meta name=\"twitter:label1\" content=\"Escrito por\" \/>\n\t<meta name=\"twitter:data1\" content=\"Jeanette\" \/>\n\t<meta name=\"twitter:label2\" content=\"Tiempo de lectura\" \/>\n\t<meta name=\"twitter:data2\" content=\"2 minutos\" \/>\n<script type=\"application\/ld+json\" class=\"yoast-schema-graph\">{\"@context\":\"https:\\\/\\\/schema.org\",\"@graph\":[{\"@type\":\"Article\",\"@id\":\"https:\\\/\\\/www.eldiario.net\\\/portal\\\/2025\\\/01\\\/27\\\/fiscalia-inculpa-al-presidente-yoon-suk-por-insurreccion\\\/#article\",\"isPartOf\":{\"@id\":\"https:\\\/\\\/www.eldiario.net\\\/portal\\\/2025\\\/01\\\/27\\\/fiscalia-inculpa-al-presidente-yoon-suk-por-insurreccion\\\/\"},\"author\":{\"name\":\"Jeanette\",\"@id\":\"https:\\\/\\\/www.eldiario.net\\\/portal\\\/#\\\/schema\\\/person\\\/f46445640444750d7d753ccd04ae01b7\"},\"headline\":\"Fiscal\u00eda inculpa al presidente Yoon Suk por insurrecci\u00f3n\",\"datePublished\":\"2025-01-27T09:51:37+00:00\",\"mainEntityOfPage\":{\"@id\":\"https:\\\/\\\/www.eldiario.net\\\/portal\\\/2025\\\/01\\\/27\\\/fiscalia-inculpa-al-presidente-yoon-suk-por-insurreccion\\\/\"},\"wordCount\":357,\"publisher\":{\"@id\":\"https:\\\/\\\/www.eldiario.net\\\/portal\\\/#organization\"},\"image\":{\"@id\":\"https:\\\/\\\/www.eldiario.net\\\/portal\\\/2025\\\/01\\\/27\\\/fiscalia-inculpa-al-presidente-yoon-suk-por-insurreccion\\\/#primaryimage\"},\"thumbnailUrl\":\"https:\\\/\\\/www.eldiario.net\\\/portal\\\/wp-content\\\/uploads\\\/2025\\\/01\\\/COREA-Imago.webp\",\"articleSection\":[\"Internacional\"],\"inLanguage\":\"es\"},{\"@type\":\"WebPage\",\"@id\":\"https:\\\/\\\/www.eldiario.net\\\/portal\\\/2025\\\/01\\\/27\\\/fiscalia-inculpa-al-presidente-yoon-suk-por-insurreccion\\\/\",\"url\":\"https:\\\/\\\/www.eldiario.net\\\/portal\\\/2025\\\/01\\\/27\\\/fiscalia-inculpa-al-presidente-yoon-suk-por-insurreccion\\\/\",\"name\":\"Fiscal\u00eda inculpa al presidente Yoon Suk por insurrecci\u00f3n - El Diario - Bolivia\",\"isPartOf\":{\"@id\":\"https:\\\/\\\/www.eldiario.net\\\/portal\\\/#website\"},\"primaryImageOfPage\":{\"@id\":\"https:\\\/\\\/www.eldiario.net\\\/portal\\\/2025\\\/01\\\/27\\\/fiscalia-inculpa-al-presidente-yoon-suk-por-insurreccion\\\/#primaryimage\"},\"image\":{\"@id\":\"https:\\\/\\\/www.eldiario.net\\\/portal\\\/2025\\\/01\\\/27\\\/fiscalia-inculpa-al-presidente-yoon-suk-por-insurreccion\\\/#primaryimage\"},\"thumbnailUrl\":\"https:\\\/\\\/www.eldiario.net\\\/portal\\\/wp-content\\\/uploads\\\/2025\\\/01\\\/COREA-Imago.webp\",\"datePublished\":\"2025-01-27T09:51:37+00:00\",\"breadcrumb\":{\"@id\":\"https:\\\/\\\/www.eldiario.net\\\/portal\\\/2025\\\/01\\\/27\\\/fiscalia-inculpa-al-presidente-yoon-suk-por-insurreccion\\\/#breadcrumb\"},\"inLanguage\":\"es\",\"potentialAction\":[{\"@type\":\"ReadAction\",\"target\":[\"https:\\\/\\\/www.eldiario.net\\\/portal\\\/2025\\\/01\\\/27\\\/fiscalia-inculpa-al-presidente-yoon-suk-por-insurreccion\\\/\"]}]},{\"@type\":\"ImageObject\",\"inLanguage\":\"es\",\"@id\":\"https:\\\/\\\/www.eldiario.net\\\/portal\\\/2025\\\/01\\\/27\\\/fiscalia-inculpa-al-presidente-yoon-suk-por-insurreccion\\\/#primaryimage\",\"url\":\"https:\\\/\\\/www.eldiario.net\\\/portal\\\/wp-content\\\/uploads\\\/2025\\\/01\\\/COREA-Imago.webp\",\"contentUrl\":\"https:\\\/\\\/www.eldiario.net\\\/portal\\\/wp-content\\\/uploads\\\/2025\\\/01\\\/COREA-Imago.webp\",\"width\":1200,\"height\":525,\"caption\":\"Yoon Suk Yeol, no es inmune al cargo que se le imputa.\"},{\"@type\":\"BreadcrumbList\",\"@id\":\"https:\\\/\\\/www.eldiario.net\\\/portal\\\/2025\\\/01\\\/27\\\/fiscalia-inculpa-al-presidente-yoon-suk-por-insurreccion\\\/#breadcrumb\",\"itemListElement\":[{\"@type\":\"ListItem\",\"position\":1,\"name\":\"Portada\",\"item\":\"https:\\\/\\\/www.eldiario.net\\\/portal\\\/\"},{\"@type\":\"ListItem\",\"position\":2,\"name\":\"Fiscal\u00eda inculpa al presidente Yoon Suk por insurrecci\u00f3n\"}]},{\"@type\":\"WebSite\",\"@id\":\"https:\\\/\\\/www.eldiario.net\\\/portal\\\/#website\",\"url\":\"https:\\\/\\\/www.eldiario.net\\\/portal\\\/\",\"name\":\"El Diario - Decano de la prensa nacional\",\"description\":\"El Diario - Decano de la prensa nacional\",\"publisher\":{\"@id\":\"https:\\\/\\\/www.eldiario.net\\\/portal\\\/#organization\"},\"potentialAction\":[{\"@type\":\"SearchAction\",\"target\":{\"@type\":\"EntryPoint\",\"urlTemplate\":\"https:\\\/\\\/www.eldiario.net\\\/portal\\\/?s={search_term_string}\"},\"query-input\":{\"@type\":\"PropertyValueSpecification\",\"valueRequired\":true,\"valueName\":\"search_term_string\"}}],\"inLanguage\":\"es\"},{\"@type\":\"Organization\",\"@id\":\"https:\\\/\\\/www.eldiario.net\\\/portal\\\/#organization\",\"name\":\"El Diario - Decano de la prensa nacional\",\"url\":\"https:\\\/\\\/www.eldiario.net\\\/portal\\\/\",\"logo\":{\"@type\":\"ImageObject\",\"inLanguage\":\"es\",\"@id\":\"https:\\\/\\\/www.eldiario.net\\\/portal\\\/#\\\/schema\\\/logo\\\/image\\\/\",\"url\":\"https:\\\/\\\/www.eldiario.net\\\/portal\\\/wp-content\\\/uploads\\\/2023\\\/07\\\/logo_ED.jpg\",\"contentUrl\":\"https:\\\/\\\/www.eldiario.net\\\/portal\\\/wp-content\\\/uploads\\\/2023\\\/07\\\/logo_ED.jpg\",\"width\":272,\"height\":52,\"caption\":\"El Diario - Decano de la prensa nacional\"},\"image\":{\"@id\":\"https:\\\/\\\/www.eldiario.net\\\/portal\\\/#\\\/schema\\\/logo\\\/image\\\/\"},\"sameAs\":[\"https:\\\/\\\/www.facebook.com\\\/eldiario.bolivia\\\/\",\"https:\\\/\\\/x.com\\\/eldiario_net\"]},{\"@type\":\"Person\",\"@id\":\"https:\\\/\\\/www.eldiario.net\\\/portal\\\/#\\\/schema\\\/person\\\/f46445640444750d7d753ccd04ae01b7\",\"name\":\"Jeanette\",\"image\":{\"@type\":\"ImageObject\",\"inLanguage\":\"es\",\"@id\":\"https:\\\/\\\/secure.gravatar.com\\\/avatar\\\/3ea2118a5f7dad2b7138b1187a6b7ee55f160b9968b66013c3a3ef39dd7e5798?s=96&d=mm&r=g\",\"url\":\"https:\\\/\\\/secure.gravatar.com\\\/avatar\\\/3ea2118a5f7dad2b7138b1187a6b7ee55f160b9968b66013c3a3ef39dd7e5798?s=96&d=mm&r=g\",\"contentUrl\":\"https:\\\/\\\/secure.gravatar.com\\\/avatar\\\/3ea2118a5f7dad2b7138b1187a6b7ee55f160b9968b66013c3a3ef39dd7e5798?s=96&d=mm&r=g\",\"caption\":\"Jeanette\"},\"sameAs\":[\"https:\\\/\\\/www.eldiario.net\\\/portal\"],\"url\":\"https:\\\/\\\/www.eldiario.net\\\/portal\\\/author\\\/jeanette\\\/\"}]}<\/script>\n<!-- \/ Yoast SEO plugin. -->","yoast_head_json":{"title":"Fiscal\u00eda inculpa al presidente Yoon Suk por insurrecci\u00f3n - El Diario - Bolivia","robots":{"index":"index","follow":"follow","max-snippet":"max-snippet:-1","max-image-preview":"max-image-preview:large","max-video-preview":"max-video-preview:-1"},"canonical":"https:\/\/www.eldiario.net\/portal\/2025\/01\/27\/fiscalia-inculpa-al-presidente-yoon-suk-por-insurreccion\/","og_locale":"es_ES","og_type":"article","og_title":"Fiscal\u00eda inculpa al presidente Yoon Suk por insurrecci\u00f3n - El Diario - Bolivia","og_description":"La Fiscal\u00eda de Corea del Sur decidi\u00f3 imputar ayer al presidente Yoon Suk Yeol, por liderar presuntamente una insurrecci\u00f3n y abusar de su poder al declarar la ley marcial el pasado 3 de diciembre. La imputaci\u00f3n, que supone la primera en la historia de Corea del Sur para un presidente en el cargo y bajo [&hellip;]","og_url":"https:\/\/www.eldiario.net\/portal\/2025\/01\/27\/fiscalia-inculpa-al-presidente-yoon-suk-por-insurreccion\/","og_site_name":"El Diario - Bolivia","article_publisher":"https:\/\/www.facebook.com\/eldiario.bolivia\/","article_published_time":"2025-01-27T09:51:37+00:00","og_image":[{"width":1200,"height":525,"url":"https:\/\/www.eldiario.net\/portal\/wp-content\/uploads\/2025\/01\/COREA-Imago.webp","type":"image\/webp"}],"author":"Jeanette","twitter_card":"summary_large_image","twitter_creator":"@eldiario_net","twitter_site":"@eldiario_net","twitter_misc":{"Escrito por":"Jeanette","Tiempo de lectura":"2 minutos"},"schema":{"@context":"https:\/\/schema.org","@graph":[{"@type":"Article","@id":"https:\/\/www.eldiario.net\/portal\/2025\/01\/27\/fiscalia-inculpa-al-presidente-yoon-suk-por-insurreccion\/#article","isPartOf":{"@id":"https:\/\/www.eldiario.net\/portal\/2025\/01\/27\/fiscalia-inculpa-al-presidente-yoon-suk-por-insurreccion\/"},"author":{"name":"Jeanette","@id":"https:\/\/www.eldiario.net\/portal\/#\/schema\/person\/f46445640444750d7d753ccd04ae01b7"},"headline":"Fiscal\u00eda inculpa al presidente Yoon Suk por insurrecci\u00f3n","datePublished":"2025-01-27T09:51:37+00:00","mainEntityOfPage":{"@id":"https:\/\/www.eldiario.net\/portal\/2025\/01\/27\/fiscalia-inculpa-al-presidente-yoon-suk-por-insurreccion\/"},"wordCount":357,"publisher":{"@id":"https:\/\/www.eldiario.net\/portal\/#organization"},"image":{"@id":"https:\/\/www.eldiario.net\/portal\/2025\/01\/27\/fiscalia-inculpa-al-presidente-yoon-suk-por-insurreccion\/#primaryimage"},"thumbnailUrl":"https:\/\/www.eldiario.net\/portal\/wp-content\/uploads\/2025\/01\/COREA-Imago.webp","articleSection":["Internacional"],"inLanguage":"es"},{"@type":"WebPage","@id":"https:\/\/www.eldiario.net\/portal\/2025\/01\/27\/fiscalia-inculpa-al-presidente-yoon-suk-por-insurreccion\/","url":"https:\/\/www.eldiario.net\/portal\/2025\/01\/27\/fiscalia-inculpa-al-presidente-yoon-suk-por-insurreccion\/","name":"Fiscal\u00eda inculpa al presidente Yoon Suk por insurrecci\u00f3n - El Diario - Bolivia","isPartOf":{"@id":"https:\/\/www.eldiario.net\/portal\/#website"},"primaryImageOfPage":{"@id":"https:\/\/www.eldiario.net\/portal\/2025\/01\/27\/fiscalia-inculpa-al-presidente-yoon-suk-por-insurreccion\/#primaryimage"},"image":{"@id":"https:\/\/www.eldiario.net\/portal\/2025\/01\/27\/fiscalia-inculpa-al-presidente-yoon-suk-por-insurreccion\/#primaryimage"},"thumbnailUrl":"https:\/\/www.eldiario.net\/portal\/wp-content\/uploads\/2025\/01\/COREA-Imago.webp","datePublished":"2025-01-27T09:51:37+00:00","breadcrumb":{"@id":"https:\/\/www.eldiario.net\/portal\/2025\/01\/27\/fiscalia-inculpa-al-presidente-yoon-suk-por-insurreccion\/#breadcrumb"},"inLanguage":"es","potentialAction":[{"@type":"ReadAction","target":["https:\/\/www.eldiario.net\/portal\/2025\/01\/27\/fiscalia-inculpa-al-presidente-yoon-suk-por-insurreccion\/"]}]},{"@type":"ImageObject","inLanguage":"es","@id":"https:\/\/www.eldiario.net\/portal\/2025\/01\/27\/fiscalia-inculpa-al-presidente-yoon-suk-por-insurreccion\/#primaryimage","url":"https:\/\/www.eldiario.net\/portal\/wp-content\/uploads\/2025\/01\/COREA-Imago.webp","contentUrl":"https:\/\/www.eldiario.net\/portal\/wp-content\/uploads\/2025\/01\/COREA-Imago.webp","width":1200,"height":525,"caption":"Yoon Suk Yeol, no es inmune al cargo que se le imputa."},{"@type":"BreadcrumbList","@id":"https:\/\/www.eldiario.net\/portal\/2025\/01\/27\/fiscalia-inculpa-al-presidente-yoon-suk-por-insurreccion\/#breadcrumb","itemListElement":[{"@type":"ListItem","position":1,"name":"Portada","item":"https:\/\/www.eldiario.net\/portal\/"},{"@type":"ListItem","position":2,"name":"Fiscal\u00eda inculpa al presidente Yoon Suk por insurrecci\u00f3n"}]},{"@type":"WebSite","@id":"https:\/\/www.eldiario.net\/portal\/#website","url":"https:\/\/www.eldiario.net\/portal\/","name":"El Diario - Decano de la prensa nacional","description":"El Diario - Decano de la prensa nacional","publisher":{"@id":"https:\/\/www.eldiario.net\/portal\/#organization"},"potentialAction":[{"@type":"SearchAction","target":{"@type":"EntryPoint","urlTemplate":"https:\/\/www.eldiario.net\/portal\/?s={search_term_string}"},"query-input":{"@type":"PropertyValueSpecification","valueRequired":true,"valueName":"search_term_string"}}],"inLanguage":"es"},{"@type":"Organization","@id":"https:\/\/www.eldiario.net\/portal\/#organization","name":"El Diario - Decano de la prensa nacional","url":"https:\/\/www.eldiario.net\/portal\/","logo":{"@type":"ImageObject","inLanguage":"es","@id":"https:\/\/www.eldiario.net\/portal\/#\/schema\/logo\/image\/","url":"https:\/\/www.eldiario.net\/portal\/wp-content\/uploads\/2023\/07\/logo_ED.jpg","contentUrl":"https:\/\/www.eldiario.net\/portal\/wp-content\/uploads\/2023\/07\/logo_ED.jpg","width":272,"height":52,"caption":"El Diario - Decano de la prensa nacional"},"image":{"@id":"https:\/\/www.eldiario.net\/portal\/#\/schema\/logo\/image\/"},"sameAs":["https:\/\/www.facebook.com\/eldiario.bolivia\/","https:\/\/x.com\/eldiario_net"]},{"@type":"Person","@id":"https:\/\/www.eldiario.net\/portal\/#\/schema\/person\/f46445640444750d7d753ccd04ae01b7","name":"Jeanette","image":{"@type":"ImageObject","inLanguage":"es","@id":"https:\/\/secure.gravatar.com\/avatar\/3ea2118a5f7dad2b7138b1187a6b7ee55f160b9968b66013c3a3ef39dd7e5798?s=96&d=mm&r=g","url":"https:\/\/secure.gravatar.com\/avatar\/3ea2118a5f7dad2b7138b1187a6b7ee55f160b9968b66013c3a3ef39dd7e5798?s=96&d=mm&r=g","contentUrl":"https:\/\/secure.gravatar.com\/avatar\/3ea2118a5f7dad2b7138b1187a6b7ee55f160b9968b66013c3a3ef39dd7e5798?s=96&d=mm&r=g","caption":"Jeanette"},"sameAs":["https:\/\/www.eldiario.net\/portal"],"url":"https:\/\/www.eldiario.net\/portal\/author\/jeanette\/"}]}},"_links":{"self":[{"href":"https:\/\/www.eldiario.net\/portal\/wp-json\/wp\/v2\/posts\/277409","targetHints":{"allow":["GET"]}}],"collection":[{"href":"https:\/\/www.eldiario.net\/portal\/wp-json\/wp\/v2\/posts"}],"about":[{"href":"https:\/\/www.eldiario.net\/portal\/wp-json\/wp\/v2\/types\/post"}],"author":[{"embeddable":true,"href":"https:\/\/www.eldiario.net\/portal\/wp-json\/wp\/v2\/users\/1"}],"replies":[{"embeddable":true,"href":"https:\/\/www.eldiario.net\/portal\/wp-json\/wp\/v2\/comments?post=277409"}],"version-history":[{"count":1,"href":"https:\/\/www.eldiario.net\/portal\/wp-json\/wp\/v2\/posts\/277409\/revisions"}],"predecessor-version":[{"id":277411,"href":"https:\/\/www.eldiario.net\/portal\/wp-json\/wp\/v2\/posts\/277409\/revisions\/277411"}],"wp:featuredmedia":[{"embeddable":true,"href":"https:\/\/www.eldiario.net\/portal\/wp-json\/wp\/v2\/media\/277410"}],"wp:attachment":[{"href":"https:\/\/www.eldiario.net\/portal\/wp-json\/wp\/v2\/media?parent=277409"}],"wp:term":[{"taxonomy":"category","embeddable":true,"href":"https:\/\/www.eldiario.net\/portal\/wp-json\/wp\/v2\/categories?post=277409"},{"taxonomy":"post_tag","embeddable":true,"href":"https:\/\/www.eldiario.net\/portal\/wp-json\/wp\/v2\/tags?post=277409"}],"curies":[{"name":"wp","href":"https:\/\/api.w.org\/{rel}","templated":true}]}}