{"id":277404,"date":"2025-01-27T05:50:03","date_gmt":"2025-01-27T09:50:03","guid":{"rendered":"https:\/\/www.eldiario.net\/portal\/?p=277404"},"modified":"2025-01-27T05:50:03","modified_gmt":"2025-01-27T09:50:03","slug":"trump-anuncia-aranceles-progresivos-y-sanciones-de-represalia-contra-colombia","status":"publish","type":"post","link":"https:\/\/www.eldiario.net\/portal\/2025\/01\/27\/trump-anuncia-aranceles-progresivos-y-sanciones-de-represalia-contra-colombia\/","title":{"rendered":"Trump anuncia aranceles progresivos y  sanciones de represalia contra Colombia"},"content":{"rendered":"<p>El presidente estadounidense, Donald Trump, anunci\u00f3 la imposici\u00f3n de aranceles del 25 por ciento de forma inmediata que pasar\u00e1n al 50 por ciento en el plazo de una semana, adem\u00e1s de sanciones contra dirigentes colombianos en represalia por la decisi\u00f3n de Colombia de rechazar la llegada de dos aviones con inmigrantes deportados.<br \/>\n\u201cMe acaban de informar de que no se ha permitido aterrizar en Colombia a dos vuelos de repatriaci\u00f3n de Estados Unidos con un gran n\u00famero de criminales ilegales\u201d, indic\u00f3 Trump en un mensaje publicado en su red social, TruthSocial.<br \/>\nTrump atribuye la decisi\u00f3n al \u201cpresidente socialista de Colombia\u201d, Gustavo Petro, de quien dice que \u201cya es muy impopular entre su propio pueblo\u201d. \u201cEl rechazo de Petro a estos vuelos ha amenazado la seguridad nacional y la seguridad p\u00fablica de Estados Unidos, as\u00ed que he ordenado a mi Administraci\u00f3n la adopci\u00f3n de las siguientes medidas de represalia urgentes y clave\u201d, explic\u00f3.<br \/>\nEn pol\u00edtica comercial anuncia aranceles del 25 por ciento \u201csobre todos los bienes que lleguen a Estados Unidos\u201d. Los aranceles del 25 por ciento \u201csubir\u00e1n hasta el 50 por ciento en una semana\u201d. Adem\u00e1s prev\u00e9 \u201cinspecciones aduaneras y fronterizas mejoradas sobre todos los ciudadanos y mercanc\u00edas colombianos por seguridad nacional\u201d. Menciona tambi\u00e9n sanciones previstas en la Ley Internacional de Poderes Econ\u00f3micos de Emergencia, bancarias y econ\u00f3micas.<br \/>\nTambi\u00e9n proh\u00edbe la entrada y revoca los visados de los \u201ccargos del Gobierno colombiano y todos sus aliados y simpatizantes\u201d, as\u00ed como \u201csanciones de visado contra todos los miembros del partido, familiares y simpatizantes del Gobierno colombiano\u201d.<br \/>\n\u201c\u00a1Estas medidas son solo el principio. No vamos a permitir que el Gobierno colombiano incumpla sus obligaciones legales para la aceptaci\u00f3n y el regreso de criminales que ellos introdujeron por la fuerza en Estados Unidos!\u201d, remarc\u00f3.<br \/>\nPetro anunci\u00f3 que ha desautorizado la entrada de dos aviones con inmigrantes deportados de Estados Unidos porque \u201cun migrante no es un delincuente y debe ser tratado con la dignidad que un ser humano merece\u201d y porque eran aviones militares. \u201cEn aviones civiles, sin trato de delincuentes recibiremos a nuestros connacionales. Colombia se respeta\u201d, puntualiz\u00f3.<br \/>\nColombia y Estados Unidos firmaron hace un a\u00f1o, antes de la llegada de Donald Trump a la Casa Blanca, un nuevo protocolo para el retorno de colombianos que aceler\u00f3 el proceso y ampli\u00f3 la frecuencia de los vuelos, hasta unos cuatro al mes. (Europa Press)<\/p>\n","protected":false},"excerpt":{"rendered":"<p>El presidente estadounidense, Donald Trump, anunci\u00f3 la imposici\u00f3n de aranceles del 25 por ciento de forma inmediata que pasar\u00e1n al 50 por ciento en el plazo de una semana, adem\u00e1s de sanciones contra dirigentes colombianos en represalia por la decisi\u00f3n de Colombia de rechazar la llegada de dos aviones con inmigrantes deportados. \u201cMe acaban de [&hellip;]<\/p>\n","protected":false},"author":1,"featured_media":194703,"comment_status":"closed","ping_status":"open","sticky":false,"template":"","format":"standard","meta":{"_acf_changed":false,"footnotes":""},"categories":[3],"tags":[],"class_list":["post-277404","post","type-post","status-publish","format-standard","has-post-thumbnail","category-internacional"],"acf":{"antetitulo":""},"yoast_head":"<!-- This site is optimized with the Yoast SEO plugin v28.4 - https:\/\/yoast.com\/product\/yoast-seo-wordpress\/ -->\n<title>Trump anuncia aranceles progresivos y sanciones de represalia contra Colombia - El Diario - Bolivia<\/title>\n<meta name=\"robots\" content=\"index, follow, max-snippet:-1, max-image-preview:large, max-video-preview:-1\" \/>\n<link rel=\"canonical\" href=\"https:\/\/www.eldiario.net\/portal\/2025\/01\/27\/trump-anuncia-aranceles-progresivos-y-sanciones-de-represalia-contra-colombia\/\" \/>\n<meta property=\"og:locale\" content=\"es_ES\" \/>\n<meta property=\"og:type\" content=\"article\" \/>\n<meta property=\"og:title\" content=\"Trump anuncia aranceles progresivos y sanciones de represalia contra Colombia - El Diario - Bolivia\" \/>\n<meta property=\"og:description\" content=\"El presidente estadounidense, Donald Trump, anunci\u00f3 la imposici\u00f3n de aranceles del 25 por ciento de forma inmediata que pasar\u00e1n al 50 por ciento en el plazo de una semana, adem\u00e1s de sanciones contra dirigentes colombianos en represalia por la decisi\u00f3n de Colombia de rechazar la llegada de dos aviones con inmigrantes deportados. \u201cMe acaban de [&hellip;]\" \/>\n<meta property=\"og:url\" content=\"https:\/\/www.eldiario.net\/portal\/2025\/01\/27\/trump-anuncia-aranceles-progresivos-y-sanciones-de-represalia-contra-colombia\/\" \/>\n<meta property=\"og:site_name\" content=\"El Diario - Bolivia\" \/>\n<meta property=\"article:publisher\" content=\"https:\/\/www.facebook.com\/eldiario.bolivia\/\" \/>\n<meta property=\"article:published_time\" content=\"2025-01-27T09:50:03+00:00\" \/>\n<meta property=\"og:image\" content=\"https:\/\/www.eldiario.net\/portal\/wp-content\/uploads\/2023\/12\/Internacional.jpg\" \/>\n\t<meta property=\"og:image:width\" content=\"800\" \/>\n\t<meta property=\"og:image:height\" content=\"500\" \/>\n\t<meta property=\"og:image:type\" content=\"image\/jpeg\" \/>\n<meta name=\"author\" content=\"Jeanette\" \/>\n<meta name=\"twitter:card\" content=\"summary_large_image\" \/>\n<meta name=\"twitter:creator\" content=\"@eldiario_net\" \/>\n<meta name=\"twitter:site\" content=\"@eldiario_net\" \/>\n<meta name=\"twitter:label1\" content=\"Escrito por\" \/>\n\t<meta name=\"twitter:data1\" content=\"Jeanette\" \/>\n\t<meta name=\"twitter:label2\" content=\"Tiempo de lectura\" \/>\n\t<meta name=\"twitter:data2\" content=\"2 minutos\" \/>\n<script type=\"application\/ld+json\" class=\"yoast-schema-graph\">{\"@context\":\"https:\\\/\\\/schema.org\",\"@graph\":[{\"@type\":\"Article\",\"@id\":\"https:\\\/\\\/www.eldiario.net\\\/portal\\\/2025\\\/01\\\/27\\\/trump-anuncia-aranceles-progresivos-y-sanciones-de-represalia-contra-colombia\\\/#article\",\"isPartOf\":{\"@id\":\"https:\\\/\\\/www.eldiario.net\\\/portal\\\/2025\\\/01\\\/27\\\/trump-anuncia-aranceles-progresivos-y-sanciones-de-represalia-contra-colombia\\\/\"},\"author\":{\"name\":\"Jeanette\",\"@id\":\"https:\\\/\\\/www.eldiario.net\\\/portal\\\/#\\\/schema\\\/person\\\/f46445640444750d7d753ccd04ae01b7\"},\"headline\":\"Trump anuncia aranceles progresivos y sanciones de represalia contra Colombia\",\"datePublished\":\"2025-01-27T09:50:03+00:00\",\"mainEntityOfPage\":{\"@id\":\"https:\\\/\\\/www.eldiario.net\\\/portal\\\/2025\\\/01\\\/27\\\/trump-anuncia-aranceles-progresivos-y-sanciones-de-represalia-contra-colombia\\\/\"},\"wordCount\":417,\"publisher\":{\"@id\":\"https:\\\/\\\/www.eldiario.net\\\/portal\\\/#organization\"},\"image\":{\"@id\":\"https:\\\/\\\/www.eldiario.net\\\/portal\\\/2025\\\/01\\\/27\\\/trump-anuncia-aranceles-progresivos-y-sanciones-de-represalia-contra-colombia\\\/#primaryimage\"},\"thumbnailUrl\":\"https:\\\/\\\/www.eldiario.net\\\/portal\\\/wp-content\\\/uploads\\\/2023\\\/12\\\/Internacional.jpg\",\"articleSection\":[\"Internacional\"],\"inLanguage\":\"es\"},{\"@type\":\"WebPage\",\"@id\":\"https:\\\/\\\/www.eldiario.net\\\/portal\\\/2025\\\/01\\\/27\\\/trump-anuncia-aranceles-progresivos-y-sanciones-de-represalia-contra-colombia\\\/\",\"url\":\"https:\\\/\\\/www.eldiario.net\\\/portal\\\/2025\\\/01\\\/27\\\/trump-anuncia-aranceles-progresivos-y-sanciones-de-represalia-contra-colombia\\\/\",\"name\":\"Trump anuncia aranceles progresivos y sanciones de represalia contra Colombia - El Diario - Bolivia\",\"isPartOf\":{\"@id\":\"https:\\\/\\\/www.eldiario.net\\\/portal\\\/#website\"},\"primaryImageOfPage\":{\"@id\":\"https:\\\/\\\/www.eldiario.net\\\/portal\\\/2025\\\/01\\\/27\\\/trump-anuncia-aranceles-progresivos-y-sanciones-de-represalia-contra-colombia\\\/#primaryimage\"},\"image\":{\"@id\":\"https:\\\/\\\/www.eldiario.net\\\/portal\\\/2025\\\/01\\\/27\\\/trump-anuncia-aranceles-progresivos-y-sanciones-de-represalia-contra-colombia\\\/#primaryimage\"},\"thumbnailUrl\":\"https:\\\/\\\/www.eldiario.net\\\/portal\\\/wp-content\\\/uploads\\\/2023\\\/12\\\/Internacional.jpg\",\"datePublished\":\"2025-01-27T09:50:03+00:00\",\"breadcrumb\":{\"@id\":\"https:\\\/\\\/www.eldiario.net\\\/portal\\\/2025\\\/01\\\/27\\\/trump-anuncia-aranceles-progresivos-y-sanciones-de-represalia-contra-colombia\\\/#breadcrumb\"},\"inLanguage\":\"es\",\"potentialAction\":[{\"@type\":\"ReadAction\",\"target\":[\"https:\\\/\\\/www.eldiario.net\\\/portal\\\/2025\\\/01\\\/27\\\/trump-anuncia-aranceles-progresivos-y-sanciones-de-represalia-contra-colombia\\\/\"]}]},{\"@type\":\"ImageObject\",\"inLanguage\":\"es\",\"@id\":\"https:\\\/\\\/www.eldiario.net\\\/portal\\\/2025\\\/01\\\/27\\\/trump-anuncia-aranceles-progresivos-y-sanciones-de-represalia-contra-colombia\\\/#primaryimage\",\"url\":\"https:\\\/\\\/www.eldiario.net\\\/portal\\\/wp-content\\\/uploads\\\/2023\\\/12\\\/Internacional.jpg\",\"contentUrl\":\"https:\\\/\\\/www.eldiario.net\\\/portal\\\/wp-content\\\/uploads\\\/2023\\\/12\\\/Internacional.jpg\",\"width\":800,\"height\":500},{\"@type\":\"BreadcrumbList\",\"@id\":\"https:\\\/\\\/www.eldiario.net\\\/portal\\\/2025\\\/01\\\/27\\\/trump-anuncia-aranceles-progresivos-y-sanciones-de-represalia-contra-colombia\\\/#breadcrumb\",\"itemListElement\":[{\"@type\":\"ListItem\",\"position\":1,\"name\":\"Portada\",\"item\":\"https:\\\/\\\/www.eldiario.net\\\/portal\\\/\"},{\"@type\":\"ListItem\",\"position\":2,\"name\":\"Trump anuncia aranceles progresivos y sanciones de represalia contra Colombia\"}]},{\"@type\":\"WebSite\",\"@id\":\"https:\\\/\\\/www.eldiario.net\\\/portal\\\/#website\",\"url\":\"https:\\\/\\\/www.eldiario.net\\\/portal\\\/\",\"name\":\"El Diario - Decano de la prensa nacional\",\"description\":\"El Diario - Decano de la prensa nacional\",\"publisher\":{\"@id\":\"https:\\\/\\\/www.eldiario.net\\\/portal\\\/#organization\"},\"potentialAction\":[{\"@type\":\"SearchAction\",\"target\":{\"@type\":\"EntryPoint\",\"urlTemplate\":\"https:\\\/\\\/www.eldiario.net\\\/portal\\\/?s={search_term_string}\"},\"query-input\":{\"@type\":\"PropertyValueSpecification\",\"valueRequired\":true,\"valueName\":\"search_term_string\"}}],\"inLanguage\":\"es\"},{\"@type\":\"Organization\",\"@id\":\"https:\\\/\\\/www.eldiario.net\\\/portal\\\/#organization\",\"name\":\"El Diario - Decano de la prensa nacional\",\"url\":\"https:\\\/\\\/www.eldiario.net\\\/portal\\\/\",\"logo\":{\"@type\":\"ImageObject\",\"inLanguage\":\"es\",\"@id\":\"https:\\\/\\\/www.eldiario.net\\\/portal\\\/#\\\/schema\\\/logo\\\/image\\\/\",\"url\":\"https:\\\/\\\/www.eldiario.net\\\/portal\\\/wp-content\\\/uploads\\\/2023\\\/07\\\/logo_ED.jpg\",\"contentUrl\":\"https:\\\/\\\/www.eldiario.net\\\/portal\\\/wp-content\\\/uploads\\\/2023\\\/07\\\/logo_ED.jpg\",\"width\":272,\"height\":52,\"caption\":\"El Diario - Decano de la prensa nacional\"},\"image\":{\"@id\":\"https:\\\/\\\/www.eldiario.net\\\/portal\\\/#\\\/schema\\\/logo\\\/image\\\/\"},\"sameAs\":[\"https:\\\/\\\/www.facebook.com\\\/eldiario.bolivia\\\/\",\"https:\\\/\\\/x.com\\\/eldiario_net\"]},{\"@type\":\"Person\",\"@id\":\"https:\\\/\\\/www.eldiario.net\\\/portal\\\/#\\\/schema\\\/person\\\/f46445640444750d7d753ccd04ae01b7\",\"name\":\"Jeanette\",\"image\":{\"@type\":\"ImageObject\",\"inLanguage\":\"es\",\"@id\":\"https:\\\/\\\/secure.gravatar.com\\\/avatar\\\/3ea2118a5f7dad2b7138b1187a6b7ee55f160b9968b66013c3a3ef39dd7e5798?s=96&d=mm&r=g\",\"url\":\"https:\\\/\\\/secure.gravatar.com\\\/avatar\\\/3ea2118a5f7dad2b7138b1187a6b7ee55f160b9968b66013c3a3ef39dd7e5798?s=96&d=mm&r=g\",\"contentUrl\":\"https:\\\/\\\/secure.gravatar.com\\\/avatar\\\/3ea2118a5f7dad2b7138b1187a6b7ee55f160b9968b66013c3a3ef39dd7e5798?s=96&d=mm&r=g\",\"caption\":\"Jeanette\"},\"sameAs\":[\"https:\\\/\\\/www.eldiario.net\\\/portal\"],\"url\":\"https:\\\/\\\/www.eldiario.net\\\/portal\\\/author\\\/jeanette\\\/\"}]}<\/script>\n<!-- \/ Yoast SEO plugin. -->","yoast_head_json":{"title":"Trump anuncia aranceles progresivos y sanciones de represalia contra Colombia - El Diario - Bolivia","robots":{"index":"index","follow":"follow","max-snippet":"max-snippet:-1","max-image-preview":"max-image-preview:large","max-video-preview":"max-video-preview:-1"},"canonical":"https:\/\/www.eldiario.net\/portal\/2025\/01\/27\/trump-anuncia-aranceles-progresivos-y-sanciones-de-represalia-contra-colombia\/","og_locale":"es_ES","og_type":"article","og_title":"Trump anuncia aranceles progresivos y sanciones de represalia contra Colombia - El Diario - Bolivia","og_description":"El presidente estadounidense, Donald Trump, anunci\u00f3 la imposici\u00f3n de aranceles del 25 por ciento de forma inmediata que pasar\u00e1n al 50 por ciento en el plazo de una semana, adem\u00e1s de sanciones contra dirigentes colombianos en represalia por la decisi\u00f3n de Colombia de rechazar la llegada de dos aviones con inmigrantes deportados. \u201cMe acaban de [&hellip;]","og_url":"https:\/\/www.eldiario.net\/portal\/2025\/01\/27\/trump-anuncia-aranceles-progresivos-y-sanciones-de-represalia-contra-colombia\/","og_site_name":"El Diario - Bolivia","article_publisher":"https:\/\/www.facebook.com\/eldiario.bolivia\/","article_published_time":"2025-01-27T09:50:03+00:00","og_image":[{"width":800,"height":500,"url":"https:\/\/www.eldiario.net\/portal\/wp-content\/uploads\/2023\/12\/Internacional.jpg","type":"image\/jpeg"}],"author":"Jeanette","twitter_card":"summary_large_image","twitter_creator":"@eldiario_net","twitter_site":"@eldiario_net","twitter_misc":{"Escrito por":"Jeanette","Tiempo de lectura":"2 minutos"},"schema":{"@context":"https:\/\/schema.org","@graph":[{"@type":"Article","@id":"https:\/\/www.eldiario.net\/portal\/2025\/01\/27\/trump-anuncia-aranceles-progresivos-y-sanciones-de-represalia-contra-colombia\/#article","isPartOf":{"@id":"https:\/\/www.eldiario.net\/portal\/2025\/01\/27\/trump-anuncia-aranceles-progresivos-y-sanciones-de-represalia-contra-colombia\/"},"author":{"name":"Jeanette","@id":"https:\/\/www.eldiario.net\/portal\/#\/schema\/person\/f46445640444750d7d753ccd04ae01b7"},"headline":"Trump anuncia aranceles progresivos y sanciones de represalia contra Colombia","datePublished":"2025-01-27T09:50:03+00:00","mainEntityOfPage":{"@id":"https:\/\/www.eldiario.net\/portal\/2025\/01\/27\/trump-anuncia-aranceles-progresivos-y-sanciones-de-represalia-contra-colombia\/"},"wordCount":417,"publisher":{"@id":"https:\/\/www.eldiario.net\/portal\/#organization"},"image":{"@id":"https:\/\/www.eldiario.net\/portal\/2025\/01\/27\/trump-anuncia-aranceles-progresivos-y-sanciones-de-represalia-contra-colombia\/#primaryimage"},"thumbnailUrl":"https:\/\/www.eldiario.net\/portal\/wp-content\/uploads\/2023\/12\/Internacional.jpg","articleSection":["Internacional"],"inLanguage":"es"},{"@type":"WebPage","@id":"https:\/\/www.eldiario.net\/portal\/2025\/01\/27\/trump-anuncia-aranceles-progresivos-y-sanciones-de-represalia-contra-colombia\/","url":"https:\/\/www.eldiario.net\/portal\/2025\/01\/27\/trump-anuncia-aranceles-progresivos-y-sanciones-de-represalia-contra-colombia\/","name":"Trump anuncia aranceles progresivos y sanciones de represalia contra Colombia - El Diario - Bolivia","isPartOf":{"@id":"https:\/\/www.eldiario.net\/portal\/#website"},"primaryImageOfPage":{"@id":"https:\/\/www.eldiario.net\/portal\/2025\/01\/27\/trump-anuncia-aranceles-progresivos-y-sanciones-de-represalia-contra-colombia\/#primaryimage"},"image":{"@id":"https:\/\/www.eldiario.net\/portal\/2025\/01\/27\/trump-anuncia-aranceles-progresivos-y-sanciones-de-represalia-contra-colombia\/#primaryimage"},"thumbnailUrl":"https:\/\/www.eldiario.net\/portal\/wp-content\/uploads\/2023\/12\/Internacional.jpg","datePublished":"2025-01-27T09:50:03+00:00","breadcrumb":{"@id":"https:\/\/www.eldiario.net\/portal\/2025\/01\/27\/trump-anuncia-aranceles-progresivos-y-sanciones-de-represalia-contra-colombia\/#breadcrumb"},"inLanguage":"es","potentialAction":[{"@type":"ReadAction","target":["https:\/\/www.eldiario.net\/portal\/2025\/01\/27\/trump-anuncia-aranceles-progresivos-y-sanciones-de-represalia-contra-colombia\/"]}]},{"@type":"ImageObject","inLanguage":"es","@id":"https:\/\/www.eldiario.net\/portal\/2025\/01\/27\/trump-anuncia-aranceles-progresivos-y-sanciones-de-represalia-contra-colombia\/#primaryimage","url":"https:\/\/www.eldiario.net\/portal\/wp-content\/uploads\/2023\/12\/Internacional.jpg","contentUrl":"https:\/\/www.eldiario.net\/portal\/wp-content\/uploads\/2023\/12\/Internacional.jpg","width":800,"height":500},{"@type":"BreadcrumbList","@id":"https:\/\/www.eldiario.net\/portal\/2025\/01\/27\/trump-anuncia-aranceles-progresivos-y-sanciones-de-represalia-contra-colombia\/#breadcrumb","itemListElement":[{"@type":"ListItem","position":1,"name":"Portada","item":"https:\/\/www.eldiario.net\/portal\/"},{"@type":"ListItem","position":2,"name":"Trump anuncia aranceles progresivos y sanciones de represalia contra Colombia"}]},{"@type":"WebSite","@id":"https:\/\/www.eldiario.net\/portal\/#website","url":"https:\/\/www.eldiario.net\/portal\/","name":"El Diario - Decano de la prensa nacional","description":"El Diario - Decano de la prensa nacional","publisher":{"@id":"https:\/\/www.eldiario.net\/portal\/#organization"},"potentialAction":[{"@type":"SearchAction","target":{"@type":"EntryPoint","urlTemplate":"https:\/\/www.eldiario.net\/portal\/?s={search_term_string}"},"query-input":{"@type":"PropertyValueSpecification","valueRequired":true,"valueName":"search_term_string"}}],"inLanguage":"es"},{"@type":"Organization","@id":"https:\/\/www.eldiario.net\/portal\/#organization","name":"El Diario - Decano de la prensa nacional","url":"https:\/\/www.eldiario.net\/portal\/","logo":{"@type":"ImageObject","inLanguage":"es","@id":"https:\/\/www.eldiario.net\/portal\/#\/schema\/logo\/image\/","url":"https:\/\/www.eldiario.net\/portal\/wp-content\/uploads\/2023\/07\/logo_ED.jpg","contentUrl":"https:\/\/www.eldiario.net\/portal\/wp-content\/uploads\/2023\/07\/logo_ED.jpg","width":272,"height":52,"caption":"El Diario - Decano de la prensa nacional"},"image":{"@id":"https:\/\/www.eldiario.net\/portal\/#\/schema\/logo\/image\/"},"sameAs":["https:\/\/www.facebook.com\/eldiario.bolivia\/","https:\/\/x.com\/eldiario_net"]},{"@type":"Person","@id":"https:\/\/www.eldiario.net\/portal\/#\/schema\/person\/f46445640444750d7d753ccd04ae01b7","name":"Jeanette","image":{"@type":"ImageObject","inLanguage":"es","@id":"https:\/\/secure.gravatar.com\/avatar\/3ea2118a5f7dad2b7138b1187a6b7ee55f160b9968b66013c3a3ef39dd7e5798?s=96&d=mm&r=g","url":"https:\/\/secure.gravatar.com\/avatar\/3ea2118a5f7dad2b7138b1187a6b7ee55f160b9968b66013c3a3ef39dd7e5798?s=96&d=mm&r=g","contentUrl":"https:\/\/secure.gravatar.com\/avatar\/3ea2118a5f7dad2b7138b1187a6b7ee55f160b9968b66013c3a3ef39dd7e5798?s=96&d=mm&r=g","caption":"Jeanette"},"sameAs":["https:\/\/www.eldiario.net\/portal"],"url":"https:\/\/www.eldiario.net\/portal\/author\/jeanette\/"}]}},"_links":{"self":[{"href":"https:\/\/www.eldiario.net\/portal\/wp-json\/wp\/v2\/posts\/277404","targetHints":{"allow":["GET"]}}],"collection":[{"href":"https:\/\/www.eldiario.net\/portal\/wp-json\/wp\/v2\/posts"}],"about":[{"href":"https:\/\/www.eldiario.net\/portal\/wp-json\/wp\/v2\/types\/post"}],"author":[{"embeddable":true,"href":"https:\/\/www.eldiario.net\/portal\/wp-json\/wp\/v2\/users\/1"}],"replies":[{"embeddable":true,"href":"https:\/\/www.eldiario.net\/portal\/wp-json\/wp\/v2\/comments?post=277404"}],"version-history":[{"count":1,"href":"https:\/\/www.eldiario.net\/portal\/wp-json\/wp\/v2\/posts\/277404\/revisions"}],"predecessor-version":[{"id":277405,"href":"https:\/\/www.eldiario.net\/portal\/wp-json\/wp\/v2\/posts\/277404\/revisions\/277405"}],"wp:featuredmedia":[{"embeddable":true,"href":"https:\/\/www.eldiario.net\/portal\/wp-json\/wp\/v2\/media\/194703"}],"wp:attachment":[{"href":"https:\/\/www.eldiario.net\/portal\/wp-json\/wp\/v2\/media?parent=277404"}],"wp:term":[{"taxonomy":"category","embeddable":true,"href":"https:\/\/www.eldiario.net\/portal\/wp-json\/wp\/v2\/categories?post=277404"},{"taxonomy":"post_tag","embeddable":true,"href":"https:\/\/www.eldiario.net\/portal\/wp-json\/wp\/v2\/tags?post=277404"}],"curies":[{"name":"wp","href":"https:\/\/api.w.org\/{rel}","templated":true}]}}