{"id":277401,"date":"2025-01-27T05:49:01","date_gmt":"2025-01-27T09:49:01","guid":{"rendered":"https:\/\/www.eldiario.net\/portal\/?p=277401"},"modified":"2025-01-27T15:30:34","modified_gmt":"2025-01-27T19:30:34","slug":"dea-aguarda-una-reestructuracion-de-la-policia-boliviana-e-investigacion-criminal","status":"publish","type":"post","link":"https:\/\/www.eldiario.net\/portal\/2025\/01\/27\/dea-aguarda-una-reestructuracion-de-la-policia-boliviana-e-investigacion-criminal\/","title":{"rendered":"DEA aguarda una reestructuraci\u00f3n de la Polic\u00eda Boliviana e investigaci\u00f3n criminal"},"content":{"rendered":"<p>Tras una visita a la Administraci\u00f3n de Control de Drogas (DEA) en Estados Unidos, el precandidato a la presidencia y exfiscal antidrogas, Jaime Sol\u00edz, afirm\u00f3 que esta agencia norteamericana busca desarticular a las organizaciones criminales que actualmente operan en el Chapare y otras regiones del pa\u00eds a trav\u00e9s de una reestructuraci\u00f3n de la Polic\u00eda Boliviana y el sistema de investigaci\u00f3n criminal boliviano.<\/p>\n<p>En declaraciones a la red DTV, Sol\u00edz agreg\u00f3 que la DEA busca tener nuevamente \u201cinjerencia directa\u201d sobre las actividades il\u00edcitas en el territorio nacional en colaboraci\u00f3n con el pr\u00f3ximo gobierno, al cual le pide una reestructuraci\u00f3n de la Polic\u00eda y del sistema de investigaci\u00f3n criminal boliviano.<\/p>\n<p>\u201cTuve reuniones con gente con la que trabaj\u00e9 que pertenece a la organizaci\u00f3n de la DEA (\u2026) Se encuentran trabajando alrededor de (Bolivia), saben lo que pasa dentro del pa\u00eds y est\u00e1n esperando la apertura de un nuevo gobierno que permita que la informaci\u00f3n internacional se genere por medio de una serie de comunicaciones con la participaci\u00f3n de un proceso de reestructuraci\u00f3n de la Polic\u00eda Boliviana\u201d, se\u00f1al\u00f3 el abogado y exfiscal al medio televisivo.<\/p>\n<p>Seg\u00fan el precandidato, la agencia antidroga de EEUU plantea que es necesario reestructurar la Polic\u00eda y los sistemas de investigaci\u00f3n criminal en Bolivia respecto a cr\u00edmenes de lesa humanidad y en el tema del narcotr\u00e1fico.<\/p>\n<p>Cabe recordar que, a fines de 2024, el exjefe antidroga de la Polic\u00eda Boliviana, Maximiliano D\u00e1vila, fue extraditado al pa\u00eds anglosaj\u00f3n para enfrentar cargos graves por conspiraci\u00f3n para importaci\u00f3n de coca\u00edna y posesi\u00f3n de armamento b\u00e9lico para protecci\u00f3n en el env\u00edo de ingentes cantidades de esta droga a territorio estadounidense.<\/p>\n<p>\u201cLo que precisa la DEA es saber y tener injerencia directa en clasificar, en procesar la informaci\u00f3n adecuada para capturar a las organizaciones criminales grandes que en este momento se concentran en el Chapare y en otra zonas del pa\u00eds\u201d, sostuvo Sol\u00edz.<\/p>\n<p>&nbsp;<\/p>\n<p>BOLIVIA, \u00bfPA\u00cdS TERRORISTA?<\/p>\n<p>Luego de visitar la ciudad de Houston para reunirse con empresarios del \u00e1rea hidrocarbur\u00edfera y el Capitolio en Washington para conversar con personal de la DEA y asistir al acto de investidura del presidente norteamericano Donald Trump, Sol\u00edz se\u00f1al\u00f3 que le informaron que existe el pedido de que Bolivia se considere un pa\u00eds terrorista, al igual que Nicaragua y Cuba, porque estar\u00eda protegiendo al narcotr\u00e1fico y al expresidente, Evo Morales.<\/p>\n<p>\u201cExiste el pedido de que Bolivia sea considerado un pa\u00eds terrorista (en Estados Unidos). La explicaci\u00f3n que da el departamento de Estado es que Bolivia, al proteger a Evo Morales y a una serie de clanes del narcotr\u00e1fico, lo que est\u00e1 haciendo es proteger al Chapare y no est\u00e1 tomando acciones responsables en esta materia; por tanto, a partir de ahora, todo pa\u00eds que no luche adecuadamente en contra del narcotr\u00e1fico, se convierte en terrorista\u201d, se\u00f1al\u00f3 Sol\u00edz a los medios.<\/p>\n<p>El jurista explic\u00f3 que si esto llega a ocurrir, ser\u00eda perjudicial para el pa\u00eds en temas de cooperaci\u00f3n internacional, en vista de que una condici\u00f3n impuesta por EEUU a estos organismos es que los pa\u00edses beneficiarios cumplan con los acuerdos internacionales acordados.<\/p>\n<p>\u201cSi no hacemos una lucha adecuada contra el narcotr\u00e1fico en nuestro pa\u00eds, estamos sujetos a tener ese tipo de sanci\u00f3n, lo que implica que no vamos a tener posibilidades de tener cooperaci\u00f3n internacional\u201d, agreg\u00f3 el precandidato de la alianza pol\u00edtica Unidad Nacional de Territorios (\u00danete).<\/p>\n<p>En diciembre de 2024, Sol\u00edz oficializ\u00f3 su candidatura con esta fuerza pol\u00edtica insurgente y anunci\u00f3 la militarizaci\u00f3n del Chapare desde el primer d\u00eda de su mandato, en caso de ser elegido presidente. Asimismo, prometi\u00f3 un perdonazo de impuestos, reformas fiscales, eliminaci\u00f3n de la Aduana, reducci\u00f3n del Estado y el restablecimiento de relaciones comerciales con Estados Unidos.<\/p>\n","protected":false},"excerpt":{"rendered":"<p>Tras una visita a la Administraci\u00f3n de Control de Drogas (DEA) en Estados Unidos, el precandidato a la presidencia y exfiscal antidrogas, Jaime Sol\u00edz, afirm\u00f3 que esta agencia norteamericana busca desarticular a las organizaciones criminales que actualmente operan en el Chapare y otras regiones del pa\u00eds a trav\u00e9s de una reestructuraci\u00f3n de la Polic\u00eda Boliviana [&hellip;]<\/p>\n","protected":false},"author":1,"featured_media":277594,"comment_status":"closed","ping_status":"open","sticky":false,"template":"","format":"standard","meta":{"_acf_changed":false,"footnotes":""},"categories":[39],"tags":[],"class_list":["post-277401","post","type-post","status-publish","format-standard","has-post-thumbnail","category-sociedad"],"acf":{"antetitulo":"Seg\u00fan precandidato"},"yoast_head":"<!-- This site is optimized with the Yoast SEO plugin v28.4 - https:\/\/yoast.com\/product\/yoast-seo-wordpress\/ -->\n<title>DEA aguarda una reestructuraci\u00f3n de la Polic\u00eda Boliviana e investigaci\u00f3n criminal - El Diario - Bolivia<\/title>\n<meta name=\"robots\" content=\"index, follow, max-snippet:-1, max-image-preview:large, max-video-preview:-1\" \/>\n<link rel=\"canonical\" href=\"https:\/\/www.eldiario.net\/portal\/2025\/01\/27\/dea-aguarda-una-reestructuracion-de-la-policia-boliviana-e-investigacion-criminal\/\" \/>\n<meta property=\"og:locale\" content=\"es_ES\" \/>\n<meta property=\"og:type\" content=\"article\" \/>\n<meta property=\"og:title\" content=\"DEA aguarda una reestructuraci\u00f3n de la Polic\u00eda Boliviana e investigaci\u00f3n criminal - El Diario - Bolivia\" \/>\n<meta property=\"og:description\" content=\"Tras una visita a la Administraci\u00f3n de Control de Drogas (DEA) en Estados Unidos, el precandidato a la presidencia y exfiscal antidrogas, Jaime Sol\u00edz, afirm\u00f3 que esta agencia norteamericana busca desarticular a las organizaciones criminales que actualmente operan en el Chapare y otras regiones del pa\u00eds a trav\u00e9s de una reestructuraci\u00f3n de la Polic\u00eda Boliviana [&hellip;]\" \/>\n<meta property=\"og:url\" content=\"https:\/\/www.eldiario.net\/portal\/2025\/01\/27\/dea-aguarda-una-reestructuracion-de-la-policia-boliviana-e-investigacion-criminal\/\" \/>\n<meta property=\"og:site_name\" content=\"El Diario - Bolivia\" \/>\n<meta property=\"article:publisher\" content=\"https:\/\/www.facebook.com\/eldiario.bolivia\/\" \/>\n<meta property=\"article:published_time\" content=\"2025-01-27T09:49:01+00:00\" \/>\n<meta property=\"article:modified_time\" content=\"2025-01-27T19:30:34+00:00\" \/>\n<meta property=\"og:image\" content=\"https:\/\/www.eldiario.net\/portal\/wp-content\/uploads\/2025\/01\/IMG-20250127-WA0002-scaled.jpg\" \/>\n\t<meta property=\"og:image:width\" content=\"2560\" \/>\n\t<meta property=\"og:image:height\" content=\"2194\" \/>\n\t<meta property=\"og:image:type\" content=\"image\/jpeg\" \/>\n<meta name=\"author\" content=\"Jeanette\" \/>\n<meta name=\"twitter:card\" content=\"summary_large_image\" \/>\n<meta name=\"twitter:creator\" content=\"@eldiario_net\" \/>\n<meta name=\"twitter:site\" content=\"@eldiario_net\" \/>\n<meta name=\"twitter:label1\" content=\"Escrito por\" \/>\n\t<meta name=\"twitter:data1\" content=\"Jeanette\" \/>\n\t<meta name=\"twitter:label2\" content=\"Tiempo de lectura\" \/>\n\t<meta name=\"twitter:data2\" content=\"3 minutos\" \/>\n<script type=\"application\/ld+json\" class=\"yoast-schema-graph\">{\"@context\":\"https:\\\/\\\/schema.org\",\"@graph\":[{\"@type\":\"Article\",\"@id\":\"https:\\\/\\\/www.eldiario.net\\\/portal\\\/2025\\\/01\\\/27\\\/dea-aguarda-una-reestructuracion-de-la-policia-boliviana-e-investigacion-criminal\\\/#article\",\"isPartOf\":{\"@id\":\"https:\\\/\\\/www.eldiario.net\\\/portal\\\/2025\\\/01\\\/27\\\/dea-aguarda-una-reestructuracion-de-la-policia-boliviana-e-investigacion-criminal\\\/\"},\"author\":{\"name\":\"Jeanette\",\"@id\":\"https:\\\/\\\/www.eldiario.net\\\/portal\\\/#\\\/schema\\\/person\\\/f46445640444750d7d753ccd04ae01b7\"},\"headline\":\"DEA aguarda una reestructuraci\u00f3n de la Polic\u00eda Boliviana e investigaci\u00f3n criminal\",\"datePublished\":\"2025-01-27T09:49:01+00:00\",\"dateModified\":\"2025-01-27T19:30:34+00:00\",\"mainEntityOfPage\":{\"@id\":\"https:\\\/\\\/www.eldiario.net\\\/portal\\\/2025\\\/01\\\/27\\\/dea-aguarda-una-reestructuracion-de-la-policia-boliviana-e-investigacion-criminal\\\/\"},\"wordCount\":688,\"publisher\":{\"@id\":\"https:\\\/\\\/www.eldiario.net\\\/portal\\\/#organization\"},\"image\":{\"@id\":\"https:\\\/\\\/www.eldiario.net\\\/portal\\\/2025\\\/01\\\/27\\\/dea-aguarda-una-reestructuracion-de-la-policia-boliviana-e-investigacion-criminal\\\/#primaryimage\"},\"thumbnailUrl\":\"https:\\\/\\\/www.eldiario.net\\\/portal\\\/wp-content\\\/uploads\\\/2025\\\/01\\\/IMG-20250127-WA0002-scaled.jpg\",\"articleSection\":[\"Sociedad - Seguridad\"],\"inLanguage\":\"es\"},{\"@type\":\"WebPage\",\"@id\":\"https:\\\/\\\/www.eldiario.net\\\/portal\\\/2025\\\/01\\\/27\\\/dea-aguarda-una-reestructuracion-de-la-policia-boliviana-e-investigacion-criminal\\\/\",\"url\":\"https:\\\/\\\/www.eldiario.net\\\/portal\\\/2025\\\/01\\\/27\\\/dea-aguarda-una-reestructuracion-de-la-policia-boliviana-e-investigacion-criminal\\\/\",\"name\":\"DEA aguarda una reestructuraci\u00f3n de la Polic\u00eda Boliviana e investigaci\u00f3n criminal - El Diario - Bolivia\",\"isPartOf\":{\"@id\":\"https:\\\/\\\/www.eldiario.net\\\/portal\\\/#website\"},\"primaryImageOfPage\":{\"@id\":\"https:\\\/\\\/www.eldiario.net\\\/portal\\\/2025\\\/01\\\/27\\\/dea-aguarda-una-reestructuracion-de-la-policia-boliviana-e-investigacion-criminal\\\/#primaryimage\"},\"image\":{\"@id\":\"https:\\\/\\\/www.eldiario.net\\\/portal\\\/2025\\\/01\\\/27\\\/dea-aguarda-una-reestructuracion-de-la-policia-boliviana-e-investigacion-criminal\\\/#primaryimage\"},\"thumbnailUrl\":\"https:\\\/\\\/www.eldiario.net\\\/portal\\\/wp-content\\\/uploads\\\/2025\\\/01\\\/IMG-20250127-WA0002-scaled.jpg\",\"datePublished\":\"2025-01-27T09:49:01+00:00\",\"dateModified\":\"2025-01-27T19:30:34+00:00\",\"breadcrumb\":{\"@id\":\"https:\\\/\\\/www.eldiario.net\\\/portal\\\/2025\\\/01\\\/27\\\/dea-aguarda-una-reestructuracion-de-la-policia-boliviana-e-investigacion-criminal\\\/#breadcrumb\"},\"inLanguage\":\"es\",\"potentialAction\":[{\"@type\":\"ReadAction\",\"target\":[\"https:\\\/\\\/www.eldiario.net\\\/portal\\\/2025\\\/01\\\/27\\\/dea-aguarda-una-reestructuracion-de-la-policia-boliviana-e-investigacion-criminal\\\/\"]}]},{\"@type\":\"ImageObject\",\"inLanguage\":\"es\",\"@id\":\"https:\\\/\\\/www.eldiario.net\\\/portal\\\/2025\\\/01\\\/27\\\/dea-aguarda-una-reestructuracion-de-la-policia-boliviana-e-investigacion-criminal\\\/#primaryimage\",\"url\":\"https:\\\/\\\/www.eldiario.net\\\/portal\\\/wp-content\\\/uploads\\\/2025\\\/01\\\/IMG-20250127-WA0002-scaled.jpg\",\"contentUrl\":\"https:\\\/\\\/www.eldiario.net\\\/portal\\\/wp-content\\\/uploads\\\/2025\\\/01\\\/IMG-20250127-WA0002-scaled.jpg\",\"width\":2560,\"height\":2194},{\"@type\":\"BreadcrumbList\",\"@id\":\"https:\\\/\\\/www.eldiario.net\\\/portal\\\/2025\\\/01\\\/27\\\/dea-aguarda-una-reestructuracion-de-la-policia-boliviana-e-investigacion-criminal\\\/#breadcrumb\",\"itemListElement\":[{\"@type\":\"ListItem\",\"position\":1,\"name\":\"Portada\",\"item\":\"https:\\\/\\\/www.eldiario.net\\\/portal\\\/\"},{\"@type\":\"ListItem\",\"position\":2,\"name\":\"DEA aguarda una reestructuraci\u00f3n de la Polic\u00eda Boliviana e investigaci\u00f3n criminal\"}]},{\"@type\":\"WebSite\",\"@id\":\"https:\\\/\\\/www.eldiario.net\\\/portal\\\/#website\",\"url\":\"https:\\\/\\\/www.eldiario.net\\\/portal\\\/\",\"name\":\"El Diario - Decano de la prensa nacional\",\"description\":\"El Diario - Decano de la prensa nacional\",\"publisher\":{\"@id\":\"https:\\\/\\\/www.eldiario.net\\\/portal\\\/#organization\"},\"potentialAction\":[{\"@type\":\"SearchAction\",\"target\":{\"@type\":\"EntryPoint\",\"urlTemplate\":\"https:\\\/\\\/www.eldiario.net\\\/portal\\\/?s={search_term_string}\"},\"query-input\":{\"@type\":\"PropertyValueSpecification\",\"valueRequired\":true,\"valueName\":\"search_term_string\"}}],\"inLanguage\":\"es\"},{\"@type\":\"Organization\",\"@id\":\"https:\\\/\\\/www.eldiario.net\\\/portal\\\/#organization\",\"name\":\"El Diario - Decano de la prensa nacional\",\"url\":\"https:\\\/\\\/www.eldiario.net\\\/portal\\\/\",\"logo\":{\"@type\":\"ImageObject\",\"inLanguage\":\"es\",\"@id\":\"https:\\\/\\\/www.eldiario.net\\\/portal\\\/#\\\/schema\\\/logo\\\/image\\\/\",\"url\":\"https:\\\/\\\/www.eldiario.net\\\/portal\\\/wp-content\\\/uploads\\\/2023\\\/07\\\/logo_ED.jpg\",\"contentUrl\":\"https:\\\/\\\/www.eldiario.net\\\/portal\\\/wp-content\\\/uploads\\\/2023\\\/07\\\/logo_ED.jpg\",\"width\":272,\"height\":52,\"caption\":\"El Diario - Decano de la prensa nacional\"},\"image\":{\"@id\":\"https:\\\/\\\/www.eldiario.net\\\/portal\\\/#\\\/schema\\\/logo\\\/image\\\/\"},\"sameAs\":[\"https:\\\/\\\/www.facebook.com\\\/eldiario.bolivia\\\/\",\"https:\\\/\\\/x.com\\\/eldiario_net\"]},{\"@type\":\"Person\",\"@id\":\"https:\\\/\\\/www.eldiario.net\\\/portal\\\/#\\\/schema\\\/person\\\/f46445640444750d7d753ccd04ae01b7\",\"name\":\"Jeanette\",\"image\":{\"@type\":\"ImageObject\",\"inLanguage\":\"es\",\"@id\":\"https:\\\/\\\/secure.gravatar.com\\\/avatar\\\/3ea2118a5f7dad2b7138b1187a6b7ee55f160b9968b66013c3a3ef39dd7e5798?s=96&d=mm&r=g\",\"url\":\"https:\\\/\\\/secure.gravatar.com\\\/avatar\\\/3ea2118a5f7dad2b7138b1187a6b7ee55f160b9968b66013c3a3ef39dd7e5798?s=96&d=mm&r=g\",\"contentUrl\":\"https:\\\/\\\/secure.gravatar.com\\\/avatar\\\/3ea2118a5f7dad2b7138b1187a6b7ee55f160b9968b66013c3a3ef39dd7e5798?s=96&d=mm&r=g\",\"caption\":\"Jeanette\"},\"sameAs\":[\"https:\\\/\\\/www.eldiario.net\\\/portal\"],\"url\":\"https:\\\/\\\/www.eldiario.net\\\/portal\\\/author\\\/jeanette\\\/\"}]}<\/script>\n<!-- \/ Yoast SEO plugin. -->","yoast_head_json":{"title":"DEA aguarda una reestructuraci\u00f3n de la Polic\u00eda Boliviana e investigaci\u00f3n criminal - El Diario - Bolivia","robots":{"index":"index","follow":"follow","max-snippet":"max-snippet:-1","max-image-preview":"max-image-preview:large","max-video-preview":"max-video-preview:-1"},"canonical":"https:\/\/www.eldiario.net\/portal\/2025\/01\/27\/dea-aguarda-una-reestructuracion-de-la-policia-boliviana-e-investigacion-criminal\/","og_locale":"es_ES","og_type":"article","og_title":"DEA aguarda una reestructuraci\u00f3n de la Polic\u00eda Boliviana e investigaci\u00f3n criminal - El Diario - Bolivia","og_description":"Tras una visita a la Administraci\u00f3n de Control de Drogas (DEA) en Estados Unidos, el precandidato a la presidencia y exfiscal antidrogas, Jaime Sol\u00edz, afirm\u00f3 que esta agencia norteamericana busca desarticular a las organizaciones criminales que actualmente operan en el Chapare y otras regiones del pa\u00eds a trav\u00e9s de una reestructuraci\u00f3n de la Polic\u00eda Boliviana [&hellip;]","og_url":"https:\/\/www.eldiario.net\/portal\/2025\/01\/27\/dea-aguarda-una-reestructuracion-de-la-policia-boliviana-e-investigacion-criminal\/","og_site_name":"El Diario - Bolivia","article_publisher":"https:\/\/www.facebook.com\/eldiario.bolivia\/","article_published_time":"2025-01-27T09:49:01+00:00","article_modified_time":"2025-01-27T19:30:34+00:00","og_image":[{"width":2560,"height":2194,"url":"https:\/\/www.eldiario.net\/portal\/wp-content\/uploads\/2025\/01\/IMG-20250127-WA0002-scaled.jpg","type":"image\/jpeg"}],"author":"Jeanette","twitter_card":"summary_large_image","twitter_creator":"@eldiario_net","twitter_site":"@eldiario_net","twitter_misc":{"Escrito por":"Jeanette","Tiempo de lectura":"3 minutos"},"schema":{"@context":"https:\/\/schema.org","@graph":[{"@type":"Article","@id":"https:\/\/www.eldiario.net\/portal\/2025\/01\/27\/dea-aguarda-una-reestructuracion-de-la-policia-boliviana-e-investigacion-criminal\/#article","isPartOf":{"@id":"https:\/\/www.eldiario.net\/portal\/2025\/01\/27\/dea-aguarda-una-reestructuracion-de-la-policia-boliviana-e-investigacion-criminal\/"},"author":{"name":"Jeanette","@id":"https:\/\/www.eldiario.net\/portal\/#\/schema\/person\/f46445640444750d7d753ccd04ae01b7"},"headline":"DEA aguarda una reestructuraci\u00f3n de la Polic\u00eda Boliviana e investigaci\u00f3n criminal","datePublished":"2025-01-27T09:49:01+00:00","dateModified":"2025-01-27T19:30:34+00:00","mainEntityOfPage":{"@id":"https:\/\/www.eldiario.net\/portal\/2025\/01\/27\/dea-aguarda-una-reestructuracion-de-la-policia-boliviana-e-investigacion-criminal\/"},"wordCount":688,"publisher":{"@id":"https:\/\/www.eldiario.net\/portal\/#organization"},"image":{"@id":"https:\/\/www.eldiario.net\/portal\/2025\/01\/27\/dea-aguarda-una-reestructuracion-de-la-policia-boliviana-e-investigacion-criminal\/#primaryimage"},"thumbnailUrl":"https:\/\/www.eldiario.net\/portal\/wp-content\/uploads\/2025\/01\/IMG-20250127-WA0002-scaled.jpg","articleSection":["Sociedad - Seguridad"],"inLanguage":"es"},{"@type":"WebPage","@id":"https:\/\/www.eldiario.net\/portal\/2025\/01\/27\/dea-aguarda-una-reestructuracion-de-la-policia-boliviana-e-investigacion-criminal\/","url":"https:\/\/www.eldiario.net\/portal\/2025\/01\/27\/dea-aguarda-una-reestructuracion-de-la-policia-boliviana-e-investigacion-criminal\/","name":"DEA aguarda una reestructuraci\u00f3n de la Polic\u00eda Boliviana e investigaci\u00f3n criminal - El Diario - Bolivia","isPartOf":{"@id":"https:\/\/www.eldiario.net\/portal\/#website"},"primaryImageOfPage":{"@id":"https:\/\/www.eldiario.net\/portal\/2025\/01\/27\/dea-aguarda-una-reestructuracion-de-la-policia-boliviana-e-investigacion-criminal\/#primaryimage"},"image":{"@id":"https:\/\/www.eldiario.net\/portal\/2025\/01\/27\/dea-aguarda-una-reestructuracion-de-la-policia-boliviana-e-investigacion-criminal\/#primaryimage"},"thumbnailUrl":"https:\/\/www.eldiario.net\/portal\/wp-content\/uploads\/2025\/01\/IMG-20250127-WA0002-scaled.jpg","datePublished":"2025-01-27T09:49:01+00:00","dateModified":"2025-01-27T19:30:34+00:00","breadcrumb":{"@id":"https:\/\/www.eldiario.net\/portal\/2025\/01\/27\/dea-aguarda-una-reestructuracion-de-la-policia-boliviana-e-investigacion-criminal\/#breadcrumb"},"inLanguage":"es","potentialAction":[{"@type":"ReadAction","target":["https:\/\/www.eldiario.net\/portal\/2025\/01\/27\/dea-aguarda-una-reestructuracion-de-la-policia-boliviana-e-investigacion-criminal\/"]}]},{"@type":"ImageObject","inLanguage":"es","@id":"https:\/\/www.eldiario.net\/portal\/2025\/01\/27\/dea-aguarda-una-reestructuracion-de-la-policia-boliviana-e-investigacion-criminal\/#primaryimage","url":"https:\/\/www.eldiario.net\/portal\/wp-content\/uploads\/2025\/01\/IMG-20250127-WA0002-scaled.jpg","contentUrl":"https:\/\/www.eldiario.net\/portal\/wp-content\/uploads\/2025\/01\/IMG-20250127-WA0002-scaled.jpg","width":2560,"height":2194},{"@type":"BreadcrumbList","@id":"https:\/\/www.eldiario.net\/portal\/2025\/01\/27\/dea-aguarda-una-reestructuracion-de-la-policia-boliviana-e-investigacion-criminal\/#breadcrumb","itemListElement":[{"@type":"ListItem","position":1,"name":"Portada","item":"https:\/\/www.eldiario.net\/portal\/"},{"@type":"ListItem","position":2,"name":"DEA aguarda una reestructuraci\u00f3n de la Polic\u00eda Boliviana e investigaci\u00f3n criminal"}]},{"@type":"WebSite","@id":"https:\/\/www.eldiario.net\/portal\/#website","url":"https:\/\/www.eldiario.net\/portal\/","name":"El Diario - Decano de la prensa nacional","description":"El Diario - Decano de la prensa nacional","publisher":{"@id":"https:\/\/www.eldiario.net\/portal\/#organization"},"potentialAction":[{"@type":"SearchAction","target":{"@type":"EntryPoint","urlTemplate":"https:\/\/www.eldiario.net\/portal\/?s={search_term_string}"},"query-input":{"@type":"PropertyValueSpecification","valueRequired":true,"valueName":"search_term_string"}}],"inLanguage":"es"},{"@type":"Organization","@id":"https:\/\/www.eldiario.net\/portal\/#organization","name":"El Diario - Decano de la prensa nacional","url":"https:\/\/www.eldiario.net\/portal\/","logo":{"@type":"ImageObject","inLanguage":"es","@id":"https:\/\/www.eldiario.net\/portal\/#\/schema\/logo\/image\/","url":"https:\/\/www.eldiario.net\/portal\/wp-content\/uploads\/2023\/07\/logo_ED.jpg","contentUrl":"https:\/\/www.eldiario.net\/portal\/wp-content\/uploads\/2023\/07\/logo_ED.jpg","width":272,"height":52,"caption":"El Diario - Decano de la prensa nacional"},"image":{"@id":"https:\/\/www.eldiario.net\/portal\/#\/schema\/logo\/image\/"},"sameAs":["https:\/\/www.facebook.com\/eldiario.bolivia\/","https:\/\/x.com\/eldiario_net"]},{"@type":"Person","@id":"https:\/\/www.eldiario.net\/portal\/#\/schema\/person\/f46445640444750d7d753ccd04ae01b7","name":"Jeanette","image":{"@type":"ImageObject","inLanguage":"es","@id":"https:\/\/secure.gravatar.com\/avatar\/3ea2118a5f7dad2b7138b1187a6b7ee55f160b9968b66013c3a3ef39dd7e5798?s=96&d=mm&r=g","url":"https:\/\/secure.gravatar.com\/avatar\/3ea2118a5f7dad2b7138b1187a6b7ee55f160b9968b66013c3a3ef39dd7e5798?s=96&d=mm&r=g","contentUrl":"https:\/\/secure.gravatar.com\/avatar\/3ea2118a5f7dad2b7138b1187a6b7ee55f160b9968b66013c3a3ef39dd7e5798?s=96&d=mm&r=g","caption":"Jeanette"},"sameAs":["https:\/\/www.eldiario.net\/portal"],"url":"https:\/\/www.eldiario.net\/portal\/author\/jeanette\/"}]}},"_links":{"self":[{"href":"https:\/\/www.eldiario.net\/portal\/wp-json\/wp\/v2\/posts\/277401","targetHints":{"allow":["GET"]}}],"collection":[{"href":"https:\/\/www.eldiario.net\/portal\/wp-json\/wp\/v2\/posts"}],"about":[{"href":"https:\/\/www.eldiario.net\/portal\/wp-json\/wp\/v2\/types\/post"}],"author":[{"embeddable":true,"href":"https:\/\/www.eldiario.net\/portal\/wp-json\/wp\/v2\/users\/1"}],"replies":[{"embeddable":true,"href":"https:\/\/www.eldiario.net\/portal\/wp-json\/wp\/v2\/comments?post=277401"}],"version-history":[{"count":1,"href":"https:\/\/www.eldiario.net\/portal\/wp-json\/wp\/v2\/posts\/277401\/revisions"}],"predecessor-version":[{"id":277403,"href":"https:\/\/www.eldiario.net\/portal\/wp-json\/wp\/v2\/posts\/277401\/revisions\/277403"}],"wp:featuredmedia":[{"embeddable":true,"href":"https:\/\/www.eldiario.net\/portal\/wp-json\/wp\/v2\/media\/277594"}],"wp:attachment":[{"href":"https:\/\/www.eldiario.net\/portal\/wp-json\/wp\/v2\/media?parent=277401"}],"wp:term":[{"taxonomy":"category","embeddable":true,"href":"https:\/\/www.eldiario.net\/portal\/wp-json\/wp\/v2\/categories?post=277401"},{"taxonomy":"post_tag","embeddable":true,"href":"https:\/\/www.eldiario.net\/portal\/wp-json\/wp\/v2\/tags?post=277401"}],"curies":[{"name":"wp","href":"https:\/\/api.w.org\/{rel}","templated":true}]}}