{"id":277392,"date":"2025-01-27T05:47:14","date_gmt":"2025-01-27T09:47:14","guid":{"rendered":"https:\/\/www.eldiario.net\/portal\/?p=277392"},"modified":"2025-01-27T05:47:14","modified_gmt":"2025-01-27T09:47:14","slug":"chile-busca-reducir-flujo-migratorio-y-reconducir-deportados-por-bolivia","status":"publish","type":"post","link":"https:\/\/www.eldiario.net\/portal\/2025\/01\/27\/chile-busca-reducir-flujo-migratorio-y-reconducir-deportados-por-bolivia\/","title":{"rendered":"Chile busca reducir flujo migratorio y reconducir deportados por Bolivia"},"content":{"rendered":"<p>El jefe del Servicio de Migraciones (Sermig) de Chile, Eduardo Thayer, se\u00f1al\u00f3 que no promover\u00e1 la llegada de nuevos migrantes a su pa\u00eds ante un posible arribo masivo de extranjeros, tras las investiduras de Nicol\u00e1s Maduro en Venezuela y Donald Trump en Estados Unidos.<\/p>\n<p>Asimismo, destac\u00f3 el acuerdo alcanzado por Bolivia, mediante el cual este pa\u00eds acepta que sean deportados tanto bolivianos como migrantes provenientes de terceros pa\u00edses, medida que fue criticada por especialistas y diplom\u00e1ticos.<\/p>\n<p>\u201cChile no incentivar\u00e1 nuevos flujos migratorios. (\u2026) Primero hay que integrar a quienes ya est\u00e1n en el pa\u00eds y resolver las tensiones que se puedan dar o los problemas de integraci\u00f3n y regularidad\u201d, indic\u00f3 Thayer en entrevista con EFE.<\/p>\n<p>Indic\u00f3 que si bien es \u201cprematuro\u201d hablar de un incremento migratorio, el Gobierno chileno aumentar\u00e1 el control fronterizo para reducir ingresos \u201cirregulares\u201d.\u00a0En la regi\u00f3n, Chile es uno de los pa\u00edses con m\u00e1s migrantes extranjeros.<\/p>\n<p>El Sermig reporta que los ingresos irregulares a este pa\u00eds disminuyeron en 2024 en un 37% en comparaci\u00f3n con 2023 y un 48% respecto a 2022. Seg\u00fan el Instituto Nacional de Estad\u00edsticas (INE), el 6,6% de la poblaci\u00f3n extranjera que reside en Chile se encuentra en situaci\u00f3n irregular.<\/p>\n<p>\u201cTener personas en situaci\u00f3n irregular es un problema para la seguridad del pa\u00eds, para la integraci\u00f3n y para la convivencia\u201d, indic\u00f3 Thayer.<\/p>\n<p>&nbsp;<\/p>\n<p>ACUERDO<\/p>\n<p>El jefe del Sermig indic\u00f3 que con Bolivia se han conseguido logros \u201csignificativos\u201d. Inform\u00f3 que las autoridades de La Paz firmaron en diciembre un acuerdo por el que aceptaron recibir a deportados bolivianos y otros extranjeros, sobre todo venezolanos, en territorio boliviano.<\/p>\n<p>\u201cSe destrab\u00f3 el impedimento de la reconducci\u00f3n (deportaci\u00f3n, NdE) y es el principal avance que hemos tenido en t\u00e9rminos de colaboraci\u00f3n migratoria con pa\u00edses vecinos\u201d, indic\u00f3 Thayer.<\/p>\n<p>Este acuerdo, que fue firmado en diciembre de 2024, fue criticado por diplom\u00e1ticos bolivianos. El excanciller, Ronald MacLean, dijo que \u201cBolivia estaba de rodillas\u201d ante Chile al haber aceptado la deportaci\u00f3n de connacionales y venezolanos. El ministro de Gobierno, Eduardo Del Castillo, defendi\u00f3 los pactos asegurando que reflejan un compromiso mutuo por mejorar la cooperaci\u00f3n y la seguridad en la frontera.<\/p>\n<p>Aparte del tema migratorio, se firmaron otros dos acuerdos: uno de combate del contrabando mediante el intercambio de informaci\u00f3n y acci\u00f3n conjunta en la frontera y otro sobre tr\u00e1nsito fronterizo vecinal, que permite el desplazamiento interfronterizo por tres d\u00edas a residentes de comunidades ubicadas en las zonas lim\u00edtrofes de ambos pa\u00edses.\u00a0(Br\u00fajula Digital)<\/p>\n","protected":false},"excerpt":{"rendered":"<p>El jefe del Servicio de Migraciones (Sermig) de Chile, Eduardo Thayer, se\u00f1al\u00f3 que no promover\u00e1 la llegada de nuevos migrantes a su pa\u00eds ante un posible arribo masivo de extranjeros, tras las investiduras de Nicol\u00e1s Maduro en Venezuela y Donald Trump en Estados Unidos. Asimismo, destac\u00f3 el acuerdo alcanzado por Bolivia, mediante el cual este [&hellip;]<\/p>\n","protected":false},"author":1,"featured_media":277393,"comment_status":"closed","ping_status":"open","sticky":false,"template":"","format":"standard","meta":{"_acf_changed":false,"footnotes":""},"categories":[39],"tags":[],"class_list":["post-277392","post","type-post","status-publish","format-standard","has-post-thumbnail","category-sociedad"],"acf":{"antetitulo":"Reducci\u00f3n de ingresos ilegales"},"yoast_head":"<!-- This site is optimized with the Yoast SEO plugin v28.4 - https:\/\/yoast.com\/product\/yoast-seo-wordpress\/ -->\n<title>Chile busca reducir flujo migratorio y reconducir deportados por Bolivia - El Diario - Bolivia<\/title>\n<meta name=\"robots\" content=\"index, follow, max-snippet:-1, max-image-preview:large, max-video-preview:-1\" \/>\n<link rel=\"canonical\" href=\"https:\/\/www.eldiario.net\/portal\/2025\/01\/27\/chile-busca-reducir-flujo-migratorio-y-reconducir-deportados-por-bolivia\/\" \/>\n<meta property=\"og:locale\" content=\"es_ES\" \/>\n<meta property=\"og:type\" content=\"article\" \/>\n<meta property=\"og:title\" content=\"Chile busca reducir flujo migratorio y reconducir deportados por Bolivia - El Diario - Bolivia\" \/>\n<meta property=\"og:description\" content=\"El jefe del Servicio de Migraciones (Sermig) de Chile, Eduardo Thayer, se\u00f1al\u00f3 que no promover\u00e1 la llegada de nuevos migrantes a su pa\u00eds ante un posible arribo masivo de extranjeros, tras las investiduras de Nicol\u00e1s Maduro en Venezuela y Donald Trump en Estados Unidos. Asimismo, destac\u00f3 el acuerdo alcanzado por Bolivia, mediante el cual este [&hellip;]\" \/>\n<meta property=\"og:url\" content=\"https:\/\/www.eldiario.net\/portal\/2025\/01\/27\/chile-busca-reducir-flujo-migratorio-y-reconducir-deportados-por-bolivia\/\" \/>\n<meta property=\"og:site_name\" content=\"El Diario - Bolivia\" \/>\n<meta property=\"article:publisher\" content=\"https:\/\/www.facebook.com\/eldiario.bolivia\/\" \/>\n<meta property=\"article:published_time\" content=\"2025-01-27T09:47:14+00:00\" \/>\n<meta property=\"og:image\" content=\"https:\/\/www.eldiario.net\/portal\/wp-content\/uploads\/2025\/01\/27-MIG.jpg\" \/>\n\t<meta property=\"og:image:width\" content=\"980\" \/>\n\t<meta property=\"og:image:height\" content=\"551\" \/>\n\t<meta property=\"og:image:type\" content=\"image\/jpeg\" \/>\n<meta name=\"author\" content=\"Jeanette\" \/>\n<meta name=\"twitter:card\" content=\"summary_large_image\" \/>\n<meta name=\"twitter:creator\" content=\"@eldiario_net\" \/>\n<meta name=\"twitter:site\" content=\"@eldiario_net\" \/>\n<meta name=\"twitter:label1\" content=\"Escrito por\" \/>\n\t<meta name=\"twitter:data1\" content=\"Jeanette\" \/>\n\t<meta name=\"twitter:label2\" content=\"Tiempo de lectura\" \/>\n\t<meta name=\"twitter:data2\" content=\"2 minutos\" \/>\n<script type=\"application\/ld+json\" class=\"yoast-schema-graph\">{\"@context\":\"https:\\\/\\\/schema.org\",\"@graph\":[{\"@type\":\"Article\",\"@id\":\"https:\\\/\\\/www.eldiario.net\\\/portal\\\/2025\\\/01\\\/27\\\/chile-busca-reducir-flujo-migratorio-y-reconducir-deportados-por-bolivia\\\/#article\",\"isPartOf\":{\"@id\":\"https:\\\/\\\/www.eldiario.net\\\/portal\\\/2025\\\/01\\\/27\\\/chile-busca-reducir-flujo-migratorio-y-reconducir-deportados-por-bolivia\\\/\"},\"author\":{\"name\":\"Jeanette\",\"@id\":\"https:\\\/\\\/www.eldiario.net\\\/portal\\\/#\\\/schema\\\/person\\\/f46445640444750d7d753ccd04ae01b7\"},\"headline\":\"Chile busca reducir flujo migratorio y reconducir deportados por Bolivia\",\"datePublished\":\"2025-01-27T09:47:14+00:00\",\"mainEntityOfPage\":{\"@id\":\"https:\\\/\\\/www.eldiario.net\\\/portal\\\/2025\\\/01\\\/27\\\/chile-busca-reducir-flujo-migratorio-y-reconducir-deportados-por-bolivia\\\/\"},\"wordCount\":443,\"publisher\":{\"@id\":\"https:\\\/\\\/www.eldiario.net\\\/portal\\\/#organization\"},\"image\":{\"@id\":\"https:\\\/\\\/www.eldiario.net\\\/portal\\\/2025\\\/01\\\/27\\\/chile-busca-reducir-flujo-migratorio-y-reconducir-deportados-por-bolivia\\\/#primaryimage\"},\"thumbnailUrl\":\"https:\\\/\\\/www.eldiario.net\\\/portal\\\/wp-content\\\/uploads\\\/2025\\\/01\\\/27-MIG.jpg\",\"articleSection\":[\"Sociedad - Seguridad\"],\"inLanguage\":\"es\"},{\"@type\":\"WebPage\",\"@id\":\"https:\\\/\\\/www.eldiario.net\\\/portal\\\/2025\\\/01\\\/27\\\/chile-busca-reducir-flujo-migratorio-y-reconducir-deportados-por-bolivia\\\/\",\"url\":\"https:\\\/\\\/www.eldiario.net\\\/portal\\\/2025\\\/01\\\/27\\\/chile-busca-reducir-flujo-migratorio-y-reconducir-deportados-por-bolivia\\\/\",\"name\":\"Chile busca reducir flujo migratorio y reconducir deportados por Bolivia - El Diario - Bolivia\",\"isPartOf\":{\"@id\":\"https:\\\/\\\/www.eldiario.net\\\/portal\\\/#website\"},\"primaryImageOfPage\":{\"@id\":\"https:\\\/\\\/www.eldiario.net\\\/portal\\\/2025\\\/01\\\/27\\\/chile-busca-reducir-flujo-migratorio-y-reconducir-deportados-por-bolivia\\\/#primaryimage\"},\"image\":{\"@id\":\"https:\\\/\\\/www.eldiario.net\\\/portal\\\/2025\\\/01\\\/27\\\/chile-busca-reducir-flujo-migratorio-y-reconducir-deportados-por-bolivia\\\/#primaryimage\"},\"thumbnailUrl\":\"https:\\\/\\\/www.eldiario.net\\\/portal\\\/wp-content\\\/uploads\\\/2025\\\/01\\\/27-MIG.jpg\",\"datePublished\":\"2025-01-27T09:47:14+00:00\",\"breadcrumb\":{\"@id\":\"https:\\\/\\\/www.eldiario.net\\\/portal\\\/2025\\\/01\\\/27\\\/chile-busca-reducir-flujo-migratorio-y-reconducir-deportados-por-bolivia\\\/#breadcrumb\"},\"inLanguage\":\"es\",\"potentialAction\":[{\"@type\":\"ReadAction\",\"target\":[\"https:\\\/\\\/www.eldiario.net\\\/portal\\\/2025\\\/01\\\/27\\\/chile-busca-reducir-flujo-migratorio-y-reconducir-deportados-por-bolivia\\\/\"]}]},{\"@type\":\"ImageObject\",\"inLanguage\":\"es\",\"@id\":\"https:\\\/\\\/www.eldiario.net\\\/portal\\\/2025\\\/01\\\/27\\\/chile-busca-reducir-flujo-migratorio-y-reconducir-deportados-por-bolivia\\\/#primaryimage\",\"url\":\"https:\\\/\\\/www.eldiario.net\\\/portal\\\/wp-content\\\/uploads\\\/2025\\\/01\\\/27-MIG.jpg\",\"contentUrl\":\"https:\\\/\\\/www.eldiario.net\\\/portal\\\/wp-content\\\/uploads\\\/2025\\\/01\\\/27-MIG.jpg\",\"width\":980,\"height\":551,\"caption\":\"Imagen referencial. Cr\u00e9ditos: Internet\"},{\"@type\":\"BreadcrumbList\",\"@id\":\"https:\\\/\\\/www.eldiario.net\\\/portal\\\/2025\\\/01\\\/27\\\/chile-busca-reducir-flujo-migratorio-y-reconducir-deportados-por-bolivia\\\/#breadcrumb\",\"itemListElement\":[{\"@type\":\"ListItem\",\"position\":1,\"name\":\"Portada\",\"item\":\"https:\\\/\\\/www.eldiario.net\\\/portal\\\/\"},{\"@type\":\"ListItem\",\"position\":2,\"name\":\"Chile busca reducir flujo migratorio y reconducir deportados por Bolivia\"}]},{\"@type\":\"WebSite\",\"@id\":\"https:\\\/\\\/www.eldiario.net\\\/portal\\\/#website\",\"url\":\"https:\\\/\\\/www.eldiario.net\\\/portal\\\/\",\"name\":\"El Diario - Decano de la prensa nacional\",\"description\":\"El Diario - Decano de la prensa nacional\",\"publisher\":{\"@id\":\"https:\\\/\\\/www.eldiario.net\\\/portal\\\/#organization\"},\"potentialAction\":[{\"@type\":\"SearchAction\",\"target\":{\"@type\":\"EntryPoint\",\"urlTemplate\":\"https:\\\/\\\/www.eldiario.net\\\/portal\\\/?s={search_term_string}\"},\"query-input\":{\"@type\":\"PropertyValueSpecification\",\"valueRequired\":true,\"valueName\":\"search_term_string\"}}],\"inLanguage\":\"es\"},{\"@type\":\"Organization\",\"@id\":\"https:\\\/\\\/www.eldiario.net\\\/portal\\\/#organization\",\"name\":\"El Diario - Decano de la prensa nacional\",\"url\":\"https:\\\/\\\/www.eldiario.net\\\/portal\\\/\",\"logo\":{\"@type\":\"ImageObject\",\"inLanguage\":\"es\",\"@id\":\"https:\\\/\\\/www.eldiario.net\\\/portal\\\/#\\\/schema\\\/logo\\\/image\\\/\",\"url\":\"https:\\\/\\\/www.eldiario.net\\\/portal\\\/wp-content\\\/uploads\\\/2023\\\/07\\\/logo_ED.jpg\",\"contentUrl\":\"https:\\\/\\\/www.eldiario.net\\\/portal\\\/wp-content\\\/uploads\\\/2023\\\/07\\\/logo_ED.jpg\",\"width\":272,\"height\":52,\"caption\":\"El Diario - Decano de la prensa nacional\"},\"image\":{\"@id\":\"https:\\\/\\\/www.eldiario.net\\\/portal\\\/#\\\/schema\\\/logo\\\/image\\\/\"},\"sameAs\":[\"https:\\\/\\\/www.facebook.com\\\/eldiario.bolivia\\\/\",\"https:\\\/\\\/x.com\\\/eldiario_net\"]},{\"@type\":\"Person\",\"@id\":\"https:\\\/\\\/www.eldiario.net\\\/portal\\\/#\\\/schema\\\/person\\\/f46445640444750d7d753ccd04ae01b7\",\"name\":\"Jeanette\",\"image\":{\"@type\":\"ImageObject\",\"inLanguage\":\"es\",\"@id\":\"https:\\\/\\\/secure.gravatar.com\\\/avatar\\\/3ea2118a5f7dad2b7138b1187a6b7ee55f160b9968b66013c3a3ef39dd7e5798?s=96&d=mm&r=g\",\"url\":\"https:\\\/\\\/secure.gravatar.com\\\/avatar\\\/3ea2118a5f7dad2b7138b1187a6b7ee55f160b9968b66013c3a3ef39dd7e5798?s=96&d=mm&r=g\",\"contentUrl\":\"https:\\\/\\\/secure.gravatar.com\\\/avatar\\\/3ea2118a5f7dad2b7138b1187a6b7ee55f160b9968b66013c3a3ef39dd7e5798?s=96&d=mm&r=g\",\"caption\":\"Jeanette\"},\"sameAs\":[\"https:\\\/\\\/www.eldiario.net\\\/portal\"],\"url\":\"https:\\\/\\\/www.eldiario.net\\\/portal\\\/author\\\/jeanette\\\/\"}]}<\/script>\n<!-- \/ Yoast SEO plugin. -->","yoast_head_json":{"title":"Chile busca reducir flujo migratorio y reconducir deportados por Bolivia - El Diario - Bolivia","robots":{"index":"index","follow":"follow","max-snippet":"max-snippet:-1","max-image-preview":"max-image-preview:large","max-video-preview":"max-video-preview:-1"},"canonical":"https:\/\/www.eldiario.net\/portal\/2025\/01\/27\/chile-busca-reducir-flujo-migratorio-y-reconducir-deportados-por-bolivia\/","og_locale":"es_ES","og_type":"article","og_title":"Chile busca reducir flujo migratorio y reconducir deportados por Bolivia - El Diario - Bolivia","og_description":"El jefe del Servicio de Migraciones (Sermig) de Chile, Eduardo Thayer, se\u00f1al\u00f3 que no promover\u00e1 la llegada de nuevos migrantes a su pa\u00eds ante un posible arribo masivo de extranjeros, tras las investiduras de Nicol\u00e1s Maduro en Venezuela y Donald Trump en Estados Unidos. Asimismo, destac\u00f3 el acuerdo alcanzado por Bolivia, mediante el cual este [&hellip;]","og_url":"https:\/\/www.eldiario.net\/portal\/2025\/01\/27\/chile-busca-reducir-flujo-migratorio-y-reconducir-deportados-por-bolivia\/","og_site_name":"El Diario - Bolivia","article_publisher":"https:\/\/www.facebook.com\/eldiario.bolivia\/","article_published_time":"2025-01-27T09:47:14+00:00","og_image":[{"width":980,"height":551,"url":"https:\/\/www.eldiario.net\/portal\/wp-content\/uploads\/2025\/01\/27-MIG.jpg","type":"image\/jpeg"}],"author":"Jeanette","twitter_card":"summary_large_image","twitter_creator":"@eldiario_net","twitter_site":"@eldiario_net","twitter_misc":{"Escrito por":"Jeanette","Tiempo de lectura":"2 minutos"},"schema":{"@context":"https:\/\/schema.org","@graph":[{"@type":"Article","@id":"https:\/\/www.eldiario.net\/portal\/2025\/01\/27\/chile-busca-reducir-flujo-migratorio-y-reconducir-deportados-por-bolivia\/#article","isPartOf":{"@id":"https:\/\/www.eldiario.net\/portal\/2025\/01\/27\/chile-busca-reducir-flujo-migratorio-y-reconducir-deportados-por-bolivia\/"},"author":{"name":"Jeanette","@id":"https:\/\/www.eldiario.net\/portal\/#\/schema\/person\/f46445640444750d7d753ccd04ae01b7"},"headline":"Chile busca reducir flujo migratorio y reconducir deportados por Bolivia","datePublished":"2025-01-27T09:47:14+00:00","mainEntityOfPage":{"@id":"https:\/\/www.eldiario.net\/portal\/2025\/01\/27\/chile-busca-reducir-flujo-migratorio-y-reconducir-deportados-por-bolivia\/"},"wordCount":443,"publisher":{"@id":"https:\/\/www.eldiario.net\/portal\/#organization"},"image":{"@id":"https:\/\/www.eldiario.net\/portal\/2025\/01\/27\/chile-busca-reducir-flujo-migratorio-y-reconducir-deportados-por-bolivia\/#primaryimage"},"thumbnailUrl":"https:\/\/www.eldiario.net\/portal\/wp-content\/uploads\/2025\/01\/27-MIG.jpg","articleSection":["Sociedad - Seguridad"],"inLanguage":"es"},{"@type":"WebPage","@id":"https:\/\/www.eldiario.net\/portal\/2025\/01\/27\/chile-busca-reducir-flujo-migratorio-y-reconducir-deportados-por-bolivia\/","url":"https:\/\/www.eldiario.net\/portal\/2025\/01\/27\/chile-busca-reducir-flujo-migratorio-y-reconducir-deportados-por-bolivia\/","name":"Chile busca reducir flujo migratorio y reconducir deportados por Bolivia - El Diario - Bolivia","isPartOf":{"@id":"https:\/\/www.eldiario.net\/portal\/#website"},"primaryImageOfPage":{"@id":"https:\/\/www.eldiario.net\/portal\/2025\/01\/27\/chile-busca-reducir-flujo-migratorio-y-reconducir-deportados-por-bolivia\/#primaryimage"},"image":{"@id":"https:\/\/www.eldiario.net\/portal\/2025\/01\/27\/chile-busca-reducir-flujo-migratorio-y-reconducir-deportados-por-bolivia\/#primaryimage"},"thumbnailUrl":"https:\/\/www.eldiario.net\/portal\/wp-content\/uploads\/2025\/01\/27-MIG.jpg","datePublished":"2025-01-27T09:47:14+00:00","breadcrumb":{"@id":"https:\/\/www.eldiario.net\/portal\/2025\/01\/27\/chile-busca-reducir-flujo-migratorio-y-reconducir-deportados-por-bolivia\/#breadcrumb"},"inLanguage":"es","potentialAction":[{"@type":"ReadAction","target":["https:\/\/www.eldiario.net\/portal\/2025\/01\/27\/chile-busca-reducir-flujo-migratorio-y-reconducir-deportados-por-bolivia\/"]}]},{"@type":"ImageObject","inLanguage":"es","@id":"https:\/\/www.eldiario.net\/portal\/2025\/01\/27\/chile-busca-reducir-flujo-migratorio-y-reconducir-deportados-por-bolivia\/#primaryimage","url":"https:\/\/www.eldiario.net\/portal\/wp-content\/uploads\/2025\/01\/27-MIG.jpg","contentUrl":"https:\/\/www.eldiario.net\/portal\/wp-content\/uploads\/2025\/01\/27-MIG.jpg","width":980,"height":551,"caption":"Imagen referencial. Cr\u00e9ditos: Internet"},{"@type":"BreadcrumbList","@id":"https:\/\/www.eldiario.net\/portal\/2025\/01\/27\/chile-busca-reducir-flujo-migratorio-y-reconducir-deportados-por-bolivia\/#breadcrumb","itemListElement":[{"@type":"ListItem","position":1,"name":"Portada","item":"https:\/\/www.eldiario.net\/portal\/"},{"@type":"ListItem","position":2,"name":"Chile busca reducir flujo migratorio y reconducir deportados por Bolivia"}]},{"@type":"WebSite","@id":"https:\/\/www.eldiario.net\/portal\/#website","url":"https:\/\/www.eldiario.net\/portal\/","name":"El Diario - Decano de la prensa nacional","description":"El Diario - Decano de la prensa nacional","publisher":{"@id":"https:\/\/www.eldiario.net\/portal\/#organization"},"potentialAction":[{"@type":"SearchAction","target":{"@type":"EntryPoint","urlTemplate":"https:\/\/www.eldiario.net\/portal\/?s={search_term_string}"},"query-input":{"@type":"PropertyValueSpecification","valueRequired":true,"valueName":"search_term_string"}}],"inLanguage":"es"},{"@type":"Organization","@id":"https:\/\/www.eldiario.net\/portal\/#organization","name":"El Diario - Decano de la prensa nacional","url":"https:\/\/www.eldiario.net\/portal\/","logo":{"@type":"ImageObject","inLanguage":"es","@id":"https:\/\/www.eldiario.net\/portal\/#\/schema\/logo\/image\/","url":"https:\/\/www.eldiario.net\/portal\/wp-content\/uploads\/2023\/07\/logo_ED.jpg","contentUrl":"https:\/\/www.eldiario.net\/portal\/wp-content\/uploads\/2023\/07\/logo_ED.jpg","width":272,"height":52,"caption":"El Diario - Decano de la prensa nacional"},"image":{"@id":"https:\/\/www.eldiario.net\/portal\/#\/schema\/logo\/image\/"},"sameAs":["https:\/\/www.facebook.com\/eldiario.bolivia\/","https:\/\/x.com\/eldiario_net"]},{"@type":"Person","@id":"https:\/\/www.eldiario.net\/portal\/#\/schema\/person\/f46445640444750d7d753ccd04ae01b7","name":"Jeanette","image":{"@type":"ImageObject","inLanguage":"es","@id":"https:\/\/secure.gravatar.com\/avatar\/3ea2118a5f7dad2b7138b1187a6b7ee55f160b9968b66013c3a3ef39dd7e5798?s=96&d=mm&r=g","url":"https:\/\/secure.gravatar.com\/avatar\/3ea2118a5f7dad2b7138b1187a6b7ee55f160b9968b66013c3a3ef39dd7e5798?s=96&d=mm&r=g","contentUrl":"https:\/\/secure.gravatar.com\/avatar\/3ea2118a5f7dad2b7138b1187a6b7ee55f160b9968b66013c3a3ef39dd7e5798?s=96&d=mm&r=g","caption":"Jeanette"},"sameAs":["https:\/\/www.eldiario.net\/portal"],"url":"https:\/\/www.eldiario.net\/portal\/author\/jeanette\/"}]}},"_links":{"self":[{"href":"https:\/\/www.eldiario.net\/portal\/wp-json\/wp\/v2\/posts\/277392","targetHints":{"allow":["GET"]}}],"collection":[{"href":"https:\/\/www.eldiario.net\/portal\/wp-json\/wp\/v2\/posts"}],"about":[{"href":"https:\/\/www.eldiario.net\/portal\/wp-json\/wp\/v2\/types\/post"}],"author":[{"embeddable":true,"href":"https:\/\/www.eldiario.net\/portal\/wp-json\/wp\/v2\/users\/1"}],"replies":[{"embeddable":true,"href":"https:\/\/www.eldiario.net\/portal\/wp-json\/wp\/v2\/comments?post=277392"}],"version-history":[{"count":1,"href":"https:\/\/www.eldiario.net\/portal\/wp-json\/wp\/v2\/posts\/277392\/revisions"}],"predecessor-version":[{"id":277394,"href":"https:\/\/www.eldiario.net\/portal\/wp-json\/wp\/v2\/posts\/277392\/revisions\/277394"}],"wp:featuredmedia":[{"embeddable":true,"href":"https:\/\/www.eldiario.net\/portal\/wp-json\/wp\/v2\/media\/277393"}],"wp:attachment":[{"href":"https:\/\/www.eldiario.net\/portal\/wp-json\/wp\/v2\/media?parent=277392"}],"wp:term":[{"taxonomy":"category","embeddable":true,"href":"https:\/\/www.eldiario.net\/portal\/wp-json\/wp\/v2\/categories?post=277392"},{"taxonomy":"post_tag","embeddable":true,"href":"https:\/\/www.eldiario.net\/portal\/wp-json\/wp\/v2\/tags?post=277392"}],"curies":[{"name":"wp","href":"https:\/\/api.w.org\/{rel}","templated":true}]}}