{"id":277383,"date":"2025-01-27T05:43:19","date_gmt":"2025-01-27T09:43:19","guid":{"rendered":"https:\/\/www.eldiario.net\/portal\/?p=277383"},"modified":"2025-01-27T05:43:19","modified_gmt":"2025-01-27T09:43:19","slug":"eeuu-suspende-visados-en-colombia-en-represalia-al-rechazo-de-inmigrantes","status":"publish","type":"post","link":"https:\/\/www.eldiario.net\/portal\/2025\/01\/27\/eeuu-suspende-visados-en-colombia-en-represalia-al-rechazo-de-inmigrantes\/","title":{"rendered":"EEUU suspende visados en Colombia  en represalia al rechazo de inmigrantes"},"content":{"rendered":"<p class=\"v1MsoNormal\">La Embajada de Estados Unidos en Bogot\u00e1 anunci\u00f3 el cierre de su secci\u00f3n de visados a partir de hoy (lunes), 27 de enero, en represalia por la negativa el Gobierno colombiano a aceptar los vuelos de expulsi\u00f3n de inmigrantes de la que inform\u00f3 el presidente Gustavo Petro.<\/p>\n<p class=\"v1MsoNormal\">\u00abEn respuesta a la negativa del presidente Petro de aceptar dos vuelos con deportados colombianos, que anteriormente el presidente hab\u00eda autorizado y que hab\u00edan sido aprobados a los m\u00e1s altos niveles del Gobierno, la Embajada de Estados Unidos en Colombia cerrar\u00e1 ma\u00f1ana la secci\u00f3n de visas. Pr\u00f3ximamente se implementar\u00e1n medidas de represalia adicionales\u00bb, explicaron fuentes de la Embajada citadas por varios medios colombianos.<\/p>\n<p class=\"v1MsoNormal\">Petro hab\u00eda argumentado que \u00ablos EEUU no pueden tratar como delincuentes a los migrantes Colombianos\u00bb. \u00abDesautorizo la entrada de aviones norteamericanos con migrantes colombianos a nuestro territorio\u00bb, sostuvo en su cuenta en la red social X. Petro emplaz\u00f3 as\u00ed a Estados Unidos a \u00abestablecer un protocolo de tratamiento digno a los migrantes antes que los recibamos nosotros\u00bb.<\/p>\n<p class=\"v1MsoNormal\">M\u00e1s tarde argument\u00f3 que rechaz\u00f3 los aviones porque \u00abun migrante no es un delincuente y debe ser tratado con la dignidad que un ser humano merece\u00bb y porque eran aviones militares. \u00abEn aviones civiles, sin trato de delincuentes recibiremos a nuestros connacionales. Colombia se respeta\u00bb, plante\u00f3.<\/p>\n<p class=\"v1MsoNormal\">Sin embargo, antes de estos mensajes, Petro hab\u00eda publicado otro anunci\u00f3 la llegada de dos de estos vuelos en el que invitaba a la gente a recibir a los repatriados \u00abcon banderas y flores\u00bb. Sin embargo, el mensaje fue borrado minutos despu\u00e9s y sustituido por el definitivo.<\/p>\n<p class=\"v1MsoNormal\">\u00abA las 6.45 a.m. llegar\u00e1 el primer avi\u00f3n con deportados colombianos de Estados Unidos. Otro avi\u00f3n llegar\u00e1 hacia las 10 a.m., recib\u00e1moslos con banderas y flores\u00bb,\u00a0 sostiene el mensaje original, cuya captura de pantalla fue publicada en redes sociales.<\/p>\n<p class=\"v1MsoNormal\">Una vez anunciada la represalia, Petro llam\u00f3 la atenci\u00f3n sobre la presencia de 15.660 estadounidenses \u00abestablecidos en Colombia de manera irregular\u00bb. \u00abDeben acercase a nuestro servicio migratorio para regularizar su situaci\u00f3n\u00bb, emplaz\u00f3.<\/p>\n<p class=\"v1MsoNormal\">Petro asegur\u00f3 que \u00abno me ver\u00e1n jam\u00e1s quemando una bandera gringa o haciendo una ratzia para devolver los ilegales esposados a EEUU\u00bb. \u00abLos libertarios de verdad jam\u00e1s agrediremos la libertad humana. Somos lo contrario de los nazis\u00bb, argument\u00f3.<\/p>\n<p class=\"v1MsoNormal\">El mandatario colombiano se refiri\u00f3 tambi\u00e9n a las negociaciones sobre el Dari\u00e9n. \u00abEspero que no se congele el dialogo sobre el Darien. Si no hay regularizaci\u00f3n aumentar\u00e1n las ilegalidades. Ya lo vimos cuando Estados Unidos bloqueo a Venezuela e hizo estallar la oleada migratoria. Primero es la dignidad de Colombia y Am\u00e9rica Latina. Los migrantes son seres humanos y sujetos de derechos y como tal deben ser tratados\u00bb, agreg\u00f3.<\/p>\n<p class=\"v1MsoNormal\">Petro denunci\u00f3 que \u00abun mill\u00f3n de latinoamericanos han ca\u00eddo asesinados por la prohibici\u00f3n contra la coca\u00edna y la marihuana, mientras el vino, el whisky y el tabaco, que matan m\u00e1s, son legales\u00bb. Por eso plante\u00f3 convocar una asamblea extraordinaria de presidentes latinoamericanos para examinar los problemas de la migraci\u00f3n y la nueva configuraci\u00f3n del mercado de drogas en Am\u00e9rica. \u00abSi no nos quieren en el norte, el sur debe unirse. Nunca tuvieron dignidad. Experiment\u00e9mosla\u00bb, sostuvo.<\/p>\n<p class=\"v1MsoNormal\">Colombia y Estados Unidos firmaron hace un a\u00f1o, antes de la llegada de Donald Trump a la Casa Blanca, un nuevo protocolo para el retorno de colombianos que aceler\u00f3 el proceso y ampli\u00f3 la frecuencia de los vuelos, hasta unos cuatro al mes.<\/p>\n<p class=\"v1MsoNormal\">El cierre de la secci\u00f3n de visas, que es la que expide los documentos para que los colombianos puedan viajar a Estados Unidos por turismo y tambi\u00e9n por trabajo y estudio constituye una respuesta sin antecedentes con un gran impacto.(EP)<\/p>\n","protected":false},"excerpt":{"rendered":"<p>La Embajada de Estados Unidos en Bogot\u00e1 anunci\u00f3 el cierre de su secci\u00f3n de visados a partir de hoy (lunes), 27 de enero, en represalia por la negativa el Gobierno colombiano a aceptar los vuelos de expulsi\u00f3n de inmigrantes de la que inform\u00f3 el presidente Gustavo Petro. \u00abEn respuesta a la negativa del presidente Petro [&hellip;]<\/p>\n","protected":false},"author":1,"featured_media":277384,"comment_status":"closed","ping_status":"open","sticky":false,"template":"","format":"standard","meta":{"_acf_changed":false,"footnotes":""},"categories":[3],"tags":[],"class_list":["post-277383","post","type-post","status-publish","format-standard","has-post-thumbnail","category-internacional"],"acf":{"antetitulo":"Tras negarse al aterrizaje de avi\u00f3n"},"yoast_head":"<!-- This site is optimized with the Yoast SEO plugin v28.4 - https:\/\/yoast.com\/product\/yoast-seo-wordpress\/ -->\n<title>EEUU suspende visados en Colombia en represalia al rechazo de inmigrantes - El Diario - Bolivia<\/title>\n<meta name=\"robots\" content=\"index, follow, max-snippet:-1, max-image-preview:large, max-video-preview:-1\" \/>\n<link rel=\"canonical\" href=\"https:\/\/www.eldiario.net\/portal\/2025\/01\/27\/eeuu-suspende-visados-en-colombia-en-represalia-al-rechazo-de-inmigrantes\/\" \/>\n<meta property=\"og:locale\" content=\"es_ES\" \/>\n<meta property=\"og:type\" content=\"article\" \/>\n<meta property=\"og:title\" content=\"EEUU suspende visados en Colombia en represalia al rechazo de inmigrantes - El Diario - Bolivia\" \/>\n<meta property=\"og:description\" content=\"La Embajada de Estados Unidos en Bogot\u00e1 anunci\u00f3 el cierre de su secci\u00f3n de visados a partir de hoy (lunes), 27 de enero, en represalia por la negativa el Gobierno colombiano a aceptar los vuelos de expulsi\u00f3n de inmigrantes de la que inform\u00f3 el presidente Gustavo Petro. \u00abEn respuesta a la negativa del presidente Petro [&hellip;]\" \/>\n<meta property=\"og:url\" content=\"https:\/\/www.eldiario.net\/portal\/2025\/01\/27\/eeuu-suspende-visados-en-colombia-en-represalia-al-rechazo-de-inmigrantes\/\" \/>\n<meta property=\"og:site_name\" content=\"El Diario - Bolivia\" \/>\n<meta property=\"article:publisher\" content=\"https:\/\/www.facebook.com\/eldiario.bolivia\/\" \/>\n<meta property=\"article:published_time\" content=\"2025-01-27T09:43:19+00:00\" \/>\n<meta property=\"og:image\" content=\"https:\/\/www.eldiario.net\/portal\/wp-content\/uploads\/2025\/01\/COLOMBIA-Europa-Press.jpg\" \/>\n\t<meta property=\"og:image:width\" content=\"690\" \/>\n\t<meta property=\"og:image:height\" content=\"460\" \/>\n\t<meta property=\"og:image:type\" content=\"image\/jpeg\" \/>\n<meta name=\"author\" content=\"Jeanette\" \/>\n<meta name=\"twitter:card\" content=\"summary_large_image\" \/>\n<meta name=\"twitter:creator\" content=\"@eldiario_net\" \/>\n<meta name=\"twitter:site\" content=\"@eldiario_net\" \/>\n<meta name=\"twitter:label1\" content=\"Escrito por\" \/>\n\t<meta name=\"twitter:data1\" content=\"Jeanette\" \/>\n\t<meta name=\"twitter:label2\" content=\"Tiempo de lectura\" \/>\n\t<meta name=\"twitter:data2\" content=\"3 minutos\" \/>\n<script type=\"application\/ld+json\" class=\"yoast-schema-graph\">{\"@context\":\"https:\\\/\\\/schema.org\",\"@graph\":[{\"@type\":\"Article\",\"@id\":\"https:\\\/\\\/www.eldiario.net\\\/portal\\\/2025\\\/01\\\/27\\\/eeuu-suspende-visados-en-colombia-en-represalia-al-rechazo-de-inmigrantes\\\/#article\",\"isPartOf\":{\"@id\":\"https:\\\/\\\/www.eldiario.net\\\/portal\\\/2025\\\/01\\\/27\\\/eeuu-suspende-visados-en-colombia-en-represalia-al-rechazo-de-inmigrantes\\\/\"},\"author\":{\"name\":\"Jeanette\",\"@id\":\"https:\\\/\\\/www.eldiario.net\\\/portal\\\/#\\\/schema\\\/person\\\/f46445640444750d7d753ccd04ae01b7\"},\"headline\":\"EEUU suspende visados en Colombia en represalia al rechazo de inmigrantes\",\"datePublished\":\"2025-01-27T09:43:19+00:00\",\"mainEntityOfPage\":{\"@id\":\"https:\\\/\\\/www.eldiario.net\\\/portal\\\/2025\\\/01\\\/27\\\/eeuu-suspende-visados-en-colombia-en-represalia-al-rechazo-de-inmigrantes\\\/\"},\"wordCount\":644,\"publisher\":{\"@id\":\"https:\\\/\\\/www.eldiario.net\\\/portal\\\/#organization\"},\"image\":{\"@id\":\"https:\\\/\\\/www.eldiario.net\\\/portal\\\/2025\\\/01\\\/27\\\/eeuu-suspende-visados-en-colombia-en-represalia-al-rechazo-de-inmigrantes\\\/#primaryimage\"},\"thumbnailUrl\":\"https:\\\/\\\/www.eldiario.net\\\/portal\\\/wp-content\\\/uploads\\\/2025\\\/01\\\/COLOMBIA-Europa-Press.jpg\",\"articleSection\":[\"Internacional\"],\"inLanguage\":\"es\"},{\"@type\":\"WebPage\",\"@id\":\"https:\\\/\\\/www.eldiario.net\\\/portal\\\/2025\\\/01\\\/27\\\/eeuu-suspende-visados-en-colombia-en-represalia-al-rechazo-de-inmigrantes\\\/\",\"url\":\"https:\\\/\\\/www.eldiario.net\\\/portal\\\/2025\\\/01\\\/27\\\/eeuu-suspende-visados-en-colombia-en-represalia-al-rechazo-de-inmigrantes\\\/\",\"name\":\"EEUU suspende visados en Colombia en represalia al rechazo de inmigrantes - El Diario - Bolivia\",\"isPartOf\":{\"@id\":\"https:\\\/\\\/www.eldiario.net\\\/portal\\\/#website\"},\"primaryImageOfPage\":{\"@id\":\"https:\\\/\\\/www.eldiario.net\\\/portal\\\/2025\\\/01\\\/27\\\/eeuu-suspende-visados-en-colombia-en-represalia-al-rechazo-de-inmigrantes\\\/#primaryimage\"},\"image\":{\"@id\":\"https:\\\/\\\/www.eldiario.net\\\/portal\\\/2025\\\/01\\\/27\\\/eeuu-suspende-visados-en-colombia-en-represalia-al-rechazo-de-inmigrantes\\\/#primaryimage\"},\"thumbnailUrl\":\"https:\\\/\\\/www.eldiario.net\\\/portal\\\/wp-content\\\/uploads\\\/2025\\\/01\\\/COLOMBIA-Europa-Press.jpg\",\"datePublished\":\"2025-01-27T09:43:19+00:00\",\"breadcrumb\":{\"@id\":\"https:\\\/\\\/www.eldiario.net\\\/portal\\\/2025\\\/01\\\/27\\\/eeuu-suspende-visados-en-colombia-en-represalia-al-rechazo-de-inmigrantes\\\/#breadcrumb\"},\"inLanguage\":\"es\",\"potentialAction\":[{\"@type\":\"ReadAction\",\"target\":[\"https:\\\/\\\/www.eldiario.net\\\/portal\\\/2025\\\/01\\\/27\\\/eeuu-suspende-visados-en-colombia-en-represalia-al-rechazo-de-inmigrantes\\\/\"]}]},{\"@type\":\"ImageObject\",\"inLanguage\":\"es\",\"@id\":\"https:\\\/\\\/www.eldiario.net\\\/portal\\\/2025\\\/01\\\/27\\\/eeuu-suspende-visados-en-colombia-en-represalia-al-rechazo-de-inmigrantes\\\/#primaryimage\",\"url\":\"https:\\\/\\\/www.eldiario.net\\\/portal\\\/wp-content\\\/uploads\\\/2025\\\/01\\\/COLOMBIA-Europa-Press.jpg\",\"contentUrl\":\"https:\\\/\\\/www.eldiario.net\\\/portal\\\/wp-content\\\/uploads\\\/2025\\\/01\\\/COLOMBIA-Europa-Press.jpg\",\"width\":690,\"height\":460,\"caption\":\"El presidente de Colombia, Gustavo Petro. CREDITO: Europa Press\"},{\"@type\":\"BreadcrumbList\",\"@id\":\"https:\\\/\\\/www.eldiario.net\\\/portal\\\/2025\\\/01\\\/27\\\/eeuu-suspende-visados-en-colombia-en-represalia-al-rechazo-de-inmigrantes\\\/#breadcrumb\",\"itemListElement\":[{\"@type\":\"ListItem\",\"position\":1,\"name\":\"Portada\",\"item\":\"https:\\\/\\\/www.eldiario.net\\\/portal\\\/\"},{\"@type\":\"ListItem\",\"position\":2,\"name\":\"EEUU suspende visados en Colombia en represalia al rechazo de inmigrantes\"}]},{\"@type\":\"WebSite\",\"@id\":\"https:\\\/\\\/www.eldiario.net\\\/portal\\\/#website\",\"url\":\"https:\\\/\\\/www.eldiario.net\\\/portal\\\/\",\"name\":\"El Diario - Decano de la prensa nacional\",\"description\":\"El Diario - Decano de la prensa nacional\",\"publisher\":{\"@id\":\"https:\\\/\\\/www.eldiario.net\\\/portal\\\/#organization\"},\"potentialAction\":[{\"@type\":\"SearchAction\",\"target\":{\"@type\":\"EntryPoint\",\"urlTemplate\":\"https:\\\/\\\/www.eldiario.net\\\/portal\\\/?s={search_term_string}\"},\"query-input\":{\"@type\":\"PropertyValueSpecification\",\"valueRequired\":true,\"valueName\":\"search_term_string\"}}],\"inLanguage\":\"es\"},{\"@type\":\"Organization\",\"@id\":\"https:\\\/\\\/www.eldiario.net\\\/portal\\\/#organization\",\"name\":\"El Diario - Decano de la prensa nacional\",\"url\":\"https:\\\/\\\/www.eldiario.net\\\/portal\\\/\",\"logo\":{\"@type\":\"ImageObject\",\"inLanguage\":\"es\",\"@id\":\"https:\\\/\\\/www.eldiario.net\\\/portal\\\/#\\\/schema\\\/logo\\\/image\\\/\",\"url\":\"https:\\\/\\\/www.eldiario.net\\\/portal\\\/wp-content\\\/uploads\\\/2023\\\/07\\\/logo_ED.jpg\",\"contentUrl\":\"https:\\\/\\\/www.eldiario.net\\\/portal\\\/wp-content\\\/uploads\\\/2023\\\/07\\\/logo_ED.jpg\",\"width\":272,\"height\":52,\"caption\":\"El Diario - Decano de la prensa nacional\"},\"image\":{\"@id\":\"https:\\\/\\\/www.eldiario.net\\\/portal\\\/#\\\/schema\\\/logo\\\/image\\\/\"},\"sameAs\":[\"https:\\\/\\\/www.facebook.com\\\/eldiario.bolivia\\\/\",\"https:\\\/\\\/x.com\\\/eldiario_net\"]},{\"@type\":\"Person\",\"@id\":\"https:\\\/\\\/www.eldiario.net\\\/portal\\\/#\\\/schema\\\/person\\\/f46445640444750d7d753ccd04ae01b7\",\"name\":\"Jeanette\",\"image\":{\"@type\":\"ImageObject\",\"inLanguage\":\"es\",\"@id\":\"https:\\\/\\\/secure.gravatar.com\\\/avatar\\\/3ea2118a5f7dad2b7138b1187a6b7ee55f160b9968b66013c3a3ef39dd7e5798?s=96&d=mm&r=g\",\"url\":\"https:\\\/\\\/secure.gravatar.com\\\/avatar\\\/3ea2118a5f7dad2b7138b1187a6b7ee55f160b9968b66013c3a3ef39dd7e5798?s=96&d=mm&r=g\",\"contentUrl\":\"https:\\\/\\\/secure.gravatar.com\\\/avatar\\\/3ea2118a5f7dad2b7138b1187a6b7ee55f160b9968b66013c3a3ef39dd7e5798?s=96&d=mm&r=g\",\"caption\":\"Jeanette\"},\"sameAs\":[\"https:\\\/\\\/www.eldiario.net\\\/portal\"],\"url\":\"https:\\\/\\\/www.eldiario.net\\\/portal\\\/author\\\/jeanette\\\/\"}]}<\/script>\n<!-- \/ Yoast SEO plugin. -->","yoast_head_json":{"title":"EEUU suspende visados en Colombia en represalia al rechazo de inmigrantes - El Diario - Bolivia","robots":{"index":"index","follow":"follow","max-snippet":"max-snippet:-1","max-image-preview":"max-image-preview:large","max-video-preview":"max-video-preview:-1"},"canonical":"https:\/\/www.eldiario.net\/portal\/2025\/01\/27\/eeuu-suspende-visados-en-colombia-en-represalia-al-rechazo-de-inmigrantes\/","og_locale":"es_ES","og_type":"article","og_title":"EEUU suspende visados en Colombia en represalia al rechazo de inmigrantes - El Diario - Bolivia","og_description":"La Embajada de Estados Unidos en Bogot\u00e1 anunci\u00f3 el cierre de su secci\u00f3n de visados a partir de hoy (lunes), 27 de enero, en represalia por la negativa el Gobierno colombiano a aceptar los vuelos de expulsi\u00f3n de inmigrantes de la que inform\u00f3 el presidente Gustavo Petro. \u00abEn respuesta a la negativa del presidente Petro [&hellip;]","og_url":"https:\/\/www.eldiario.net\/portal\/2025\/01\/27\/eeuu-suspende-visados-en-colombia-en-represalia-al-rechazo-de-inmigrantes\/","og_site_name":"El Diario - Bolivia","article_publisher":"https:\/\/www.facebook.com\/eldiario.bolivia\/","article_published_time":"2025-01-27T09:43:19+00:00","og_image":[{"width":690,"height":460,"url":"https:\/\/www.eldiario.net\/portal\/wp-content\/uploads\/2025\/01\/COLOMBIA-Europa-Press.jpg","type":"image\/jpeg"}],"author":"Jeanette","twitter_card":"summary_large_image","twitter_creator":"@eldiario_net","twitter_site":"@eldiario_net","twitter_misc":{"Escrito por":"Jeanette","Tiempo de lectura":"3 minutos"},"schema":{"@context":"https:\/\/schema.org","@graph":[{"@type":"Article","@id":"https:\/\/www.eldiario.net\/portal\/2025\/01\/27\/eeuu-suspende-visados-en-colombia-en-represalia-al-rechazo-de-inmigrantes\/#article","isPartOf":{"@id":"https:\/\/www.eldiario.net\/portal\/2025\/01\/27\/eeuu-suspende-visados-en-colombia-en-represalia-al-rechazo-de-inmigrantes\/"},"author":{"name":"Jeanette","@id":"https:\/\/www.eldiario.net\/portal\/#\/schema\/person\/f46445640444750d7d753ccd04ae01b7"},"headline":"EEUU suspende visados en Colombia en represalia al rechazo de inmigrantes","datePublished":"2025-01-27T09:43:19+00:00","mainEntityOfPage":{"@id":"https:\/\/www.eldiario.net\/portal\/2025\/01\/27\/eeuu-suspende-visados-en-colombia-en-represalia-al-rechazo-de-inmigrantes\/"},"wordCount":644,"publisher":{"@id":"https:\/\/www.eldiario.net\/portal\/#organization"},"image":{"@id":"https:\/\/www.eldiario.net\/portal\/2025\/01\/27\/eeuu-suspende-visados-en-colombia-en-represalia-al-rechazo-de-inmigrantes\/#primaryimage"},"thumbnailUrl":"https:\/\/www.eldiario.net\/portal\/wp-content\/uploads\/2025\/01\/COLOMBIA-Europa-Press.jpg","articleSection":["Internacional"],"inLanguage":"es"},{"@type":"WebPage","@id":"https:\/\/www.eldiario.net\/portal\/2025\/01\/27\/eeuu-suspende-visados-en-colombia-en-represalia-al-rechazo-de-inmigrantes\/","url":"https:\/\/www.eldiario.net\/portal\/2025\/01\/27\/eeuu-suspende-visados-en-colombia-en-represalia-al-rechazo-de-inmigrantes\/","name":"EEUU suspende visados en Colombia en represalia al rechazo de inmigrantes - El Diario - Bolivia","isPartOf":{"@id":"https:\/\/www.eldiario.net\/portal\/#website"},"primaryImageOfPage":{"@id":"https:\/\/www.eldiario.net\/portal\/2025\/01\/27\/eeuu-suspende-visados-en-colombia-en-represalia-al-rechazo-de-inmigrantes\/#primaryimage"},"image":{"@id":"https:\/\/www.eldiario.net\/portal\/2025\/01\/27\/eeuu-suspende-visados-en-colombia-en-represalia-al-rechazo-de-inmigrantes\/#primaryimage"},"thumbnailUrl":"https:\/\/www.eldiario.net\/portal\/wp-content\/uploads\/2025\/01\/COLOMBIA-Europa-Press.jpg","datePublished":"2025-01-27T09:43:19+00:00","breadcrumb":{"@id":"https:\/\/www.eldiario.net\/portal\/2025\/01\/27\/eeuu-suspende-visados-en-colombia-en-represalia-al-rechazo-de-inmigrantes\/#breadcrumb"},"inLanguage":"es","potentialAction":[{"@type":"ReadAction","target":["https:\/\/www.eldiario.net\/portal\/2025\/01\/27\/eeuu-suspende-visados-en-colombia-en-represalia-al-rechazo-de-inmigrantes\/"]}]},{"@type":"ImageObject","inLanguage":"es","@id":"https:\/\/www.eldiario.net\/portal\/2025\/01\/27\/eeuu-suspende-visados-en-colombia-en-represalia-al-rechazo-de-inmigrantes\/#primaryimage","url":"https:\/\/www.eldiario.net\/portal\/wp-content\/uploads\/2025\/01\/COLOMBIA-Europa-Press.jpg","contentUrl":"https:\/\/www.eldiario.net\/portal\/wp-content\/uploads\/2025\/01\/COLOMBIA-Europa-Press.jpg","width":690,"height":460,"caption":"El presidente de Colombia, Gustavo Petro. CREDITO: Europa Press"},{"@type":"BreadcrumbList","@id":"https:\/\/www.eldiario.net\/portal\/2025\/01\/27\/eeuu-suspende-visados-en-colombia-en-represalia-al-rechazo-de-inmigrantes\/#breadcrumb","itemListElement":[{"@type":"ListItem","position":1,"name":"Portada","item":"https:\/\/www.eldiario.net\/portal\/"},{"@type":"ListItem","position":2,"name":"EEUU suspende visados en Colombia en represalia al rechazo de inmigrantes"}]},{"@type":"WebSite","@id":"https:\/\/www.eldiario.net\/portal\/#website","url":"https:\/\/www.eldiario.net\/portal\/","name":"El Diario - Decano de la prensa nacional","description":"El Diario - Decano de la prensa nacional","publisher":{"@id":"https:\/\/www.eldiario.net\/portal\/#organization"},"potentialAction":[{"@type":"SearchAction","target":{"@type":"EntryPoint","urlTemplate":"https:\/\/www.eldiario.net\/portal\/?s={search_term_string}"},"query-input":{"@type":"PropertyValueSpecification","valueRequired":true,"valueName":"search_term_string"}}],"inLanguage":"es"},{"@type":"Organization","@id":"https:\/\/www.eldiario.net\/portal\/#organization","name":"El Diario - Decano de la prensa nacional","url":"https:\/\/www.eldiario.net\/portal\/","logo":{"@type":"ImageObject","inLanguage":"es","@id":"https:\/\/www.eldiario.net\/portal\/#\/schema\/logo\/image\/","url":"https:\/\/www.eldiario.net\/portal\/wp-content\/uploads\/2023\/07\/logo_ED.jpg","contentUrl":"https:\/\/www.eldiario.net\/portal\/wp-content\/uploads\/2023\/07\/logo_ED.jpg","width":272,"height":52,"caption":"El Diario - Decano de la prensa nacional"},"image":{"@id":"https:\/\/www.eldiario.net\/portal\/#\/schema\/logo\/image\/"},"sameAs":["https:\/\/www.facebook.com\/eldiario.bolivia\/","https:\/\/x.com\/eldiario_net"]},{"@type":"Person","@id":"https:\/\/www.eldiario.net\/portal\/#\/schema\/person\/f46445640444750d7d753ccd04ae01b7","name":"Jeanette","image":{"@type":"ImageObject","inLanguage":"es","@id":"https:\/\/secure.gravatar.com\/avatar\/3ea2118a5f7dad2b7138b1187a6b7ee55f160b9968b66013c3a3ef39dd7e5798?s=96&d=mm&r=g","url":"https:\/\/secure.gravatar.com\/avatar\/3ea2118a5f7dad2b7138b1187a6b7ee55f160b9968b66013c3a3ef39dd7e5798?s=96&d=mm&r=g","contentUrl":"https:\/\/secure.gravatar.com\/avatar\/3ea2118a5f7dad2b7138b1187a6b7ee55f160b9968b66013c3a3ef39dd7e5798?s=96&d=mm&r=g","caption":"Jeanette"},"sameAs":["https:\/\/www.eldiario.net\/portal"],"url":"https:\/\/www.eldiario.net\/portal\/author\/jeanette\/"}]}},"_links":{"self":[{"href":"https:\/\/www.eldiario.net\/portal\/wp-json\/wp\/v2\/posts\/277383","targetHints":{"allow":["GET"]}}],"collection":[{"href":"https:\/\/www.eldiario.net\/portal\/wp-json\/wp\/v2\/posts"}],"about":[{"href":"https:\/\/www.eldiario.net\/portal\/wp-json\/wp\/v2\/types\/post"}],"author":[{"embeddable":true,"href":"https:\/\/www.eldiario.net\/portal\/wp-json\/wp\/v2\/users\/1"}],"replies":[{"embeddable":true,"href":"https:\/\/www.eldiario.net\/portal\/wp-json\/wp\/v2\/comments?post=277383"}],"version-history":[{"count":1,"href":"https:\/\/www.eldiario.net\/portal\/wp-json\/wp\/v2\/posts\/277383\/revisions"}],"predecessor-version":[{"id":277385,"href":"https:\/\/www.eldiario.net\/portal\/wp-json\/wp\/v2\/posts\/277383\/revisions\/277385"}],"wp:featuredmedia":[{"embeddable":true,"href":"https:\/\/www.eldiario.net\/portal\/wp-json\/wp\/v2\/media\/277384"}],"wp:attachment":[{"href":"https:\/\/www.eldiario.net\/portal\/wp-json\/wp\/v2\/media?parent=277383"}],"wp:term":[{"taxonomy":"category","embeddable":true,"href":"https:\/\/www.eldiario.net\/portal\/wp-json\/wp\/v2\/categories?post=277383"},{"taxonomy":"post_tag","embeddable":true,"href":"https:\/\/www.eldiario.net\/portal\/wp-json\/wp\/v2\/tags?post=277383"}],"curies":[{"name":"wp","href":"https:\/\/api.w.org\/{rel}","templated":true}]}}