{"id":277380,"date":"2025-01-27T05:42:39","date_gmt":"2025-01-27T09:42:39","guid":{"rendered":"https:\/\/www.eldiario.net\/portal\/?p=277380"},"modified":"2025-01-27T05:42:39","modified_gmt":"2025-01-27T09:42:39","slug":"narges-mohammadi-revela-que-fue-recluida-en-celdas-de-aislamiento","status":"publish","type":"post","link":"https:\/\/www.eldiario.net\/portal\/2025\/01\/27\/narges-mohammadi-revela-que-fue-recluida-en-celdas-de-aislamiento\/","title":{"rendered":"Narges Mohammadi revela que fue  recluida en celdas de aislamiento"},"content":{"rendered":"<p class=\"v1MsoNormal\">La activista Narges Mohammadi, estuvo en prisi\u00f3n m\u00e1s de tres a\u00f1os, fue liberada en diciembre por un per\u00edodo l\u00edmite por razones m\u00e9dicas. Seg\u00fan su equipo jur\u00eddico, puede ser de nuevo detenida y enviada a la c\u00e1rcel en cualquier momento. Galardonada con el Premio Nobel de la Paz en 2023 por su defensa de los derechos humanos en Ir\u00e1n, apoy\u00f3 totalmente las manifestaciones por el asesinato de Mahsa Amini.<\/p>\n<p class=\"v1MsoNormal\">La activista de 52 a\u00f1os brind\u00f3 una entrevista acordada a la televisi\u00f3n p\u00fablica espa\u00f1ola desde un lugar no identificado de Ir\u00e1n. Durante el reportaje, relat\u00f3 c\u00f3mo fueron sus d\u00edas de reclusi\u00f3n en una prisi\u00f3n de Teher\u00e1n.<\/p>\n<p class=\"v1MsoNormal\">\u00abLa vida en la c\u00e1rcel es pr\u00e1cticamente imposible. Parte de la condena la pas\u00e9 en celdas de aislamiento, en un espacio muy peque\u00f1o, con tres paredes y una puerta, sin nada m\u00e1s\u00bb, explic\u00f3 a TVE, con una imagen de Amini.<\/p>\n<p class=\"v1MsoNormal\">Consultada sobre si consideraba que su activismo val\u00eda la pena teniendo en cuenta lo que hab\u00eda sufrido, sostuvo que si volv\u00eda atr\u00e1s, \u00abindudablemente har\u00eda lo mismo, incluso si tuviera que pagar un precio m\u00e1s caro\u00bb.<\/p>\n<p class=\"v1MsoNormal\">Asimismo, consider\u00f3 que las manifestaciones contra el r\u00e9gimen persa, surgidas tras el asesinato en 2022 de Amini, conllevaron \u00abcambios profundos\u00bb en la sociedad: \u00abTras estas protestas y el movimiento \u00abMujer, Vida, Libertad\u00bb, estamos observando cambios muy profundos en la sociedad\u00bb.<\/p>\n<p class=\"v1MsoNormal\">Mahsa Amini, una kurda iran\u00ed de 22 a\u00f1os, muri\u00f3 en detenci\u00f3n el 16 de septiembre de 2022, d\u00edas despu\u00e9s de ser arrestada por la polic\u00eda de la moral por presunto desacato del estricto c\u00f3digo indumentario en la Rep\u00fablica Isl\u00e1mica.<\/p>\n<p class=\"v1MsoNormal\">Su asesinato desat\u00f3, bajo el lema \u00abMujer, Vida, Libertad\u00bb, meses de manifestaciones en todo el pa\u00eds que dejaron cientos de fallecidos, mientras que miles de manifestantes fueron detenidos.<\/p>\n<p class=\"v1MsoNormal\">\n<p class=\"v1MsoNormal\">DEBEN PARAR LAS EJECUCIONES<\/p>\n<p class=\"v1MsoNormal\">Mohammadi levant\u00f3 una vez m\u00e1s su voz contra las ejecuciones en Ir\u00e1n y enfatiz\u00f3 la importancia de la unidad y la solidaridad para frenar los ahorcamientos, incluida la \u00abinjusta\u00bb sentencia de muerte dictada por la justicia del pa\u00eds contra la activista kurda Pakhshan Azizi.<\/p>\n<p class=\"v1MsoNormal\">\u00abDebemos unirnos contra las ejecuciones en Ir\u00e1n\u00bb, afirm\u00f3 Mohammadi en un mensaje de audio publicado el pasado domingo en su cuenta de X, gestionada por su familia en exilio.<\/p>\n<p class=\"v1MsoNormal\">El mensaje estuvo dirigido a una reuni\u00f3n virtual en la que participaron numerosos activistas de derechos humanos, abogados y defensores de los derechos de las mujeres de todo el mundo, con el fin de reunir apoyo para Azizi, cuya sentencia de muerte fue confirmada el mi\u00e9rcoles por la Corte Suprema de Ir\u00e1n por \u00abrebeli\u00f3n y formar parte de grupos armados\u00bb que operan contra la Rep\u00fablica Isl\u00e1mica.<\/p>\n<p class=\"v1MsoNormal\">En 2024 al menos 901 personas, incluidas 31 mujeres, fueron ejecutadas en Ir\u00e1n, seg\u00fan datos de la ONU, siendo la cifra m\u00e1s alta de ahorcamientos desde 2015, cuando se registraron 972 ejecuciones.<\/p>\n<p class=\"v1MsoNormal\">\u00abEs profundamente perturbador que, una vez m\u00e1s, veamos un aumento en el n\u00famero de personas sometidas a la pena de muerte en Ir\u00e1n a\u00f1o tras a\u00f1o\u00bb, sostuvo el Alto Comisionado de las Naciones Unidas para los Derechos Humanos, Volker Turk. Y agreg\u00f3: \u00abEs hora de que Ir\u00e1n detenga esta marea creciente de ejecuciones\u00bb.<\/p>\n<p class=\"v1MsoNormal\">El r\u00e9gimen de Ir\u00e1n utiliza la pena capital para delitos graves, incluidos homicidio, tr\u00e1fico de drogas, violaci\u00f3n y agresi\u00f3n sexual.<\/p>\n<p class=\"v1MsoNormal\">Volker Turk insisti\u00f3 en que la ONU se opone a la pena de muerte \u00aben todas las circunstancias\u00bb, en la medida en que este tipo de pr\u00e1ctica \u00abes incompatible con el derecho fundamental a la vida\u00bb y existe \u00abun riesgo inaceptable de ejecutar a personas inocentes\u00bb.(Infobae)<\/p>\n<p class=\"v1MsoNormal\">\n","protected":false},"excerpt":{"rendered":"<p>La activista Narges Mohammadi, estuvo en prisi\u00f3n m\u00e1s de tres a\u00f1os, fue liberada en diciembre por un per\u00edodo l\u00edmite por razones m\u00e9dicas. Seg\u00fan su equipo jur\u00eddico, puede ser de nuevo detenida y enviada a la c\u00e1rcel en cualquier momento. Galardonada con el Premio Nobel de la Paz en 2023 por su defensa de los derechos [&hellip;]<\/p>\n","protected":false},"author":1,"featured_media":277381,"comment_status":"closed","ping_status":"open","sticky":false,"template":"","format":"standard","meta":{"_acf_changed":false,"footnotes":""},"categories":[3],"tags":[],"class_list":["post-277380","post","type-post","status-publish","format-standard","has-post-thumbnail","category-internacional"],"acf":{"antetitulo":"Ir\u00e1n"},"yoast_head":"<!-- This site is optimized with the Yoast SEO plugin v28.4 - https:\/\/yoast.com\/product\/yoast-seo-wordpress\/ -->\n<title>Narges Mohammadi revela que fue recluida en celdas de aislamiento - El Diario - Bolivia<\/title>\n<meta name=\"robots\" content=\"index, follow, max-snippet:-1, max-image-preview:large, max-video-preview:-1\" \/>\n<link rel=\"canonical\" href=\"https:\/\/www.eldiario.net\/portal\/2025\/01\/27\/narges-mohammadi-revela-que-fue-recluida-en-celdas-de-aislamiento\/\" \/>\n<meta property=\"og:locale\" content=\"es_ES\" \/>\n<meta property=\"og:type\" content=\"article\" \/>\n<meta property=\"og:title\" content=\"Narges Mohammadi revela que fue recluida en celdas de aislamiento - El Diario - Bolivia\" \/>\n<meta property=\"og:description\" content=\"La activista Narges Mohammadi, estuvo en prisi\u00f3n m\u00e1s de tres a\u00f1os, fue liberada en diciembre por un per\u00edodo l\u00edmite por razones m\u00e9dicas. Seg\u00fan su equipo jur\u00eddico, puede ser de nuevo detenida y enviada a la c\u00e1rcel en cualquier momento. Galardonada con el Premio Nobel de la Paz en 2023 por su defensa de los derechos [&hellip;]\" \/>\n<meta property=\"og:url\" content=\"https:\/\/www.eldiario.net\/portal\/2025\/01\/27\/narges-mohammadi-revela-que-fue-recluida-en-celdas-de-aislamiento\/\" \/>\n<meta property=\"og:site_name\" content=\"El Diario - Bolivia\" \/>\n<meta property=\"article:publisher\" content=\"https:\/\/www.facebook.com\/eldiario.bolivia\/\" \/>\n<meta property=\"article:published_time\" content=\"2025-01-27T09:42:39+00:00\" \/>\n<meta property=\"og:image\" content=\"https:\/\/www.eldiario.net\/portal\/wp-content\/uploads\/2025\/01\/IRAN-AlinejadMasih.jpg\" \/>\n\t<meta property=\"og:image:width\" content=\"992\" \/>\n\t<meta property=\"og:image:height\" content=\"558\" \/>\n\t<meta property=\"og:image:type\" content=\"image\/jpeg\" \/>\n<meta name=\"author\" content=\"Jeanette\" \/>\n<meta name=\"twitter:card\" content=\"summary_large_image\" \/>\n<meta name=\"twitter:creator\" content=\"@eldiario_net\" \/>\n<meta name=\"twitter:site\" content=\"@eldiario_net\" \/>\n<meta name=\"twitter:label1\" content=\"Escrito por\" \/>\n\t<meta name=\"twitter:data1\" content=\"Jeanette\" \/>\n\t<meta name=\"twitter:label2\" content=\"Tiempo de lectura\" \/>\n\t<meta name=\"twitter:data2\" content=\"3 minutos\" \/>\n<script type=\"application\/ld+json\" class=\"yoast-schema-graph\">{\"@context\":\"https:\\\/\\\/schema.org\",\"@graph\":[{\"@type\":\"Article\",\"@id\":\"https:\\\/\\\/www.eldiario.net\\\/portal\\\/2025\\\/01\\\/27\\\/narges-mohammadi-revela-que-fue-recluida-en-celdas-de-aislamiento\\\/#article\",\"isPartOf\":{\"@id\":\"https:\\\/\\\/www.eldiario.net\\\/portal\\\/2025\\\/01\\\/27\\\/narges-mohammadi-revela-que-fue-recluida-en-celdas-de-aislamiento\\\/\"},\"author\":{\"name\":\"Jeanette\",\"@id\":\"https:\\\/\\\/www.eldiario.net\\\/portal\\\/#\\\/schema\\\/person\\\/f46445640444750d7d753ccd04ae01b7\"},\"headline\":\"Narges Mohammadi revela que fue recluida en celdas de aislamiento\",\"datePublished\":\"2025-01-27T09:42:39+00:00\",\"mainEntityOfPage\":{\"@id\":\"https:\\\/\\\/www.eldiario.net\\\/portal\\\/2025\\\/01\\\/27\\\/narges-mohammadi-revela-que-fue-recluida-en-celdas-de-aislamiento\\\/\"},\"wordCount\":645,\"publisher\":{\"@id\":\"https:\\\/\\\/www.eldiario.net\\\/portal\\\/#organization\"},\"image\":{\"@id\":\"https:\\\/\\\/www.eldiario.net\\\/portal\\\/2025\\\/01\\\/27\\\/narges-mohammadi-revela-que-fue-recluida-en-celdas-de-aislamiento\\\/#primaryimage\"},\"thumbnailUrl\":\"https:\\\/\\\/www.eldiario.net\\\/portal\\\/wp-content\\\/uploads\\\/2025\\\/01\\\/IRAN-AlinejadMasih.jpg\",\"articleSection\":[\"Internacional\"],\"inLanguage\":\"es\"},{\"@type\":\"WebPage\",\"@id\":\"https:\\\/\\\/www.eldiario.net\\\/portal\\\/2025\\\/01\\\/27\\\/narges-mohammadi-revela-que-fue-recluida-en-celdas-de-aislamiento\\\/\",\"url\":\"https:\\\/\\\/www.eldiario.net\\\/portal\\\/2025\\\/01\\\/27\\\/narges-mohammadi-revela-que-fue-recluida-en-celdas-de-aislamiento\\\/\",\"name\":\"Narges Mohammadi revela que fue recluida en celdas de aislamiento - El Diario - Bolivia\",\"isPartOf\":{\"@id\":\"https:\\\/\\\/www.eldiario.net\\\/portal\\\/#website\"},\"primaryImageOfPage\":{\"@id\":\"https:\\\/\\\/www.eldiario.net\\\/portal\\\/2025\\\/01\\\/27\\\/narges-mohammadi-revela-que-fue-recluida-en-celdas-de-aislamiento\\\/#primaryimage\"},\"image\":{\"@id\":\"https:\\\/\\\/www.eldiario.net\\\/portal\\\/2025\\\/01\\\/27\\\/narges-mohammadi-revela-que-fue-recluida-en-celdas-de-aislamiento\\\/#primaryimage\"},\"thumbnailUrl\":\"https:\\\/\\\/www.eldiario.net\\\/portal\\\/wp-content\\\/uploads\\\/2025\\\/01\\\/IRAN-AlinejadMasih.jpg\",\"datePublished\":\"2025-01-27T09:42:39+00:00\",\"breadcrumb\":{\"@id\":\"https:\\\/\\\/www.eldiario.net\\\/portal\\\/2025\\\/01\\\/27\\\/narges-mohammadi-revela-que-fue-recluida-en-celdas-de-aislamiento\\\/#breadcrumb\"},\"inLanguage\":\"es\",\"potentialAction\":[{\"@type\":\"ReadAction\",\"target\":[\"https:\\\/\\\/www.eldiario.net\\\/portal\\\/2025\\\/01\\\/27\\\/narges-mohammadi-revela-que-fue-recluida-en-celdas-de-aislamiento\\\/\"]}]},{\"@type\":\"ImageObject\",\"inLanguage\":\"es\",\"@id\":\"https:\\\/\\\/www.eldiario.net\\\/portal\\\/2025\\\/01\\\/27\\\/narges-mohammadi-revela-que-fue-recluida-en-celdas-de-aislamiento\\\/#primaryimage\",\"url\":\"https:\\\/\\\/www.eldiario.net\\\/portal\\\/wp-content\\\/uploads\\\/2025\\\/01\\\/IRAN-AlinejadMasih.jpg\",\"contentUrl\":\"https:\\\/\\\/www.eldiario.net\\\/portal\\\/wp-content\\\/uploads\\\/2025\\\/01\\\/IRAN-AlinejadMasih.jpg\",\"width\":992,\"height\":558,\"caption\":\"La activista Narges Mohammadi con una foto de Masha Amini. CREDITO: @AlinejadMasih\"},{\"@type\":\"BreadcrumbList\",\"@id\":\"https:\\\/\\\/www.eldiario.net\\\/portal\\\/2025\\\/01\\\/27\\\/narges-mohammadi-revela-que-fue-recluida-en-celdas-de-aislamiento\\\/#breadcrumb\",\"itemListElement\":[{\"@type\":\"ListItem\",\"position\":1,\"name\":\"Portada\",\"item\":\"https:\\\/\\\/www.eldiario.net\\\/portal\\\/\"},{\"@type\":\"ListItem\",\"position\":2,\"name\":\"Narges Mohammadi revela que fue recluida en celdas de aislamiento\"}]},{\"@type\":\"WebSite\",\"@id\":\"https:\\\/\\\/www.eldiario.net\\\/portal\\\/#website\",\"url\":\"https:\\\/\\\/www.eldiario.net\\\/portal\\\/\",\"name\":\"El Diario - Decano de la prensa nacional\",\"description\":\"El Diario - Decano de la prensa nacional\",\"publisher\":{\"@id\":\"https:\\\/\\\/www.eldiario.net\\\/portal\\\/#organization\"},\"potentialAction\":[{\"@type\":\"SearchAction\",\"target\":{\"@type\":\"EntryPoint\",\"urlTemplate\":\"https:\\\/\\\/www.eldiario.net\\\/portal\\\/?s={search_term_string}\"},\"query-input\":{\"@type\":\"PropertyValueSpecification\",\"valueRequired\":true,\"valueName\":\"search_term_string\"}}],\"inLanguage\":\"es\"},{\"@type\":\"Organization\",\"@id\":\"https:\\\/\\\/www.eldiario.net\\\/portal\\\/#organization\",\"name\":\"El Diario - Decano de la prensa nacional\",\"url\":\"https:\\\/\\\/www.eldiario.net\\\/portal\\\/\",\"logo\":{\"@type\":\"ImageObject\",\"inLanguage\":\"es\",\"@id\":\"https:\\\/\\\/www.eldiario.net\\\/portal\\\/#\\\/schema\\\/logo\\\/image\\\/\",\"url\":\"https:\\\/\\\/www.eldiario.net\\\/portal\\\/wp-content\\\/uploads\\\/2023\\\/07\\\/logo_ED.jpg\",\"contentUrl\":\"https:\\\/\\\/www.eldiario.net\\\/portal\\\/wp-content\\\/uploads\\\/2023\\\/07\\\/logo_ED.jpg\",\"width\":272,\"height\":52,\"caption\":\"El Diario - Decano de la prensa nacional\"},\"image\":{\"@id\":\"https:\\\/\\\/www.eldiario.net\\\/portal\\\/#\\\/schema\\\/logo\\\/image\\\/\"},\"sameAs\":[\"https:\\\/\\\/www.facebook.com\\\/eldiario.bolivia\\\/\",\"https:\\\/\\\/x.com\\\/eldiario_net\"]},{\"@type\":\"Person\",\"@id\":\"https:\\\/\\\/www.eldiario.net\\\/portal\\\/#\\\/schema\\\/person\\\/f46445640444750d7d753ccd04ae01b7\",\"name\":\"Jeanette\",\"image\":{\"@type\":\"ImageObject\",\"inLanguage\":\"es\",\"@id\":\"https:\\\/\\\/secure.gravatar.com\\\/avatar\\\/3ea2118a5f7dad2b7138b1187a6b7ee55f160b9968b66013c3a3ef39dd7e5798?s=96&d=mm&r=g\",\"url\":\"https:\\\/\\\/secure.gravatar.com\\\/avatar\\\/3ea2118a5f7dad2b7138b1187a6b7ee55f160b9968b66013c3a3ef39dd7e5798?s=96&d=mm&r=g\",\"contentUrl\":\"https:\\\/\\\/secure.gravatar.com\\\/avatar\\\/3ea2118a5f7dad2b7138b1187a6b7ee55f160b9968b66013c3a3ef39dd7e5798?s=96&d=mm&r=g\",\"caption\":\"Jeanette\"},\"sameAs\":[\"https:\\\/\\\/www.eldiario.net\\\/portal\"],\"url\":\"https:\\\/\\\/www.eldiario.net\\\/portal\\\/author\\\/jeanette\\\/\"}]}<\/script>\n<!-- \/ Yoast SEO plugin. -->","yoast_head_json":{"title":"Narges Mohammadi revela que fue recluida en celdas de aislamiento - El Diario - Bolivia","robots":{"index":"index","follow":"follow","max-snippet":"max-snippet:-1","max-image-preview":"max-image-preview:large","max-video-preview":"max-video-preview:-1"},"canonical":"https:\/\/www.eldiario.net\/portal\/2025\/01\/27\/narges-mohammadi-revela-que-fue-recluida-en-celdas-de-aislamiento\/","og_locale":"es_ES","og_type":"article","og_title":"Narges Mohammadi revela que fue recluida en celdas de aislamiento - El Diario - Bolivia","og_description":"La activista Narges Mohammadi, estuvo en prisi\u00f3n m\u00e1s de tres a\u00f1os, fue liberada en diciembre por un per\u00edodo l\u00edmite por razones m\u00e9dicas. Seg\u00fan su equipo jur\u00eddico, puede ser de nuevo detenida y enviada a la c\u00e1rcel en cualquier momento. Galardonada con el Premio Nobel de la Paz en 2023 por su defensa de los derechos [&hellip;]","og_url":"https:\/\/www.eldiario.net\/portal\/2025\/01\/27\/narges-mohammadi-revela-que-fue-recluida-en-celdas-de-aislamiento\/","og_site_name":"El Diario - Bolivia","article_publisher":"https:\/\/www.facebook.com\/eldiario.bolivia\/","article_published_time":"2025-01-27T09:42:39+00:00","og_image":[{"width":992,"height":558,"url":"https:\/\/www.eldiario.net\/portal\/wp-content\/uploads\/2025\/01\/IRAN-AlinejadMasih.jpg","type":"image\/jpeg"}],"author":"Jeanette","twitter_card":"summary_large_image","twitter_creator":"@eldiario_net","twitter_site":"@eldiario_net","twitter_misc":{"Escrito por":"Jeanette","Tiempo de lectura":"3 minutos"},"schema":{"@context":"https:\/\/schema.org","@graph":[{"@type":"Article","@id":"https:\/\/www.eldiario.net\/portal\/2025\/01\/27\/narges-mohammadi-revela-que-fue-recluida-en-celdas-de-aislamiento\/#article","isPartOf":{"@id":"https:\/\/www.eldiario.net\/portal\/2025\/01\/27\/narges-mohammadi-revela-que-fue-recluida-en-celdas-de-aislamiento\/"},"author":{"name":"Jeanette","@id":"https:\/\/www.eldiario.net\/portal\/#\/schema\/person\/f46445640444750d7d753ccd04ae01b7"},"headline":"Narges Mohammadi revela que fue recluida en celdas de aislamiento","datePublished":"2025-01-27T09:42:39+00:00","mainEntityOfPage":{"@id":"https:\/\/www.eldiario.net\/portal\/2025\/01\/27\/narges-mohammadi-revela-que-fue-recluida-en-celdas-de-aislamiento\/"},"wordCount":645,"publisher":{"@id":"https:\/\/www.eldiario.net\/portal\/#organization"},"image":{"@id":"https:\/\/www.eldiario.net\/portal\/2025\/01\/27\/narges-mohammadi-revela-que-fue-recluida-en-celdas-de-aislamiento\/#primaryimage"},"thumbnailUrl":"https:\/\/www.eldiario.net\/portal\/wp-content\/uploads\/2025\/01\/IRAN-AlinejadMasih.jpg","articleSection":["Internacional"],"inLanguage":"es"},{"@type":"WebPage","@id":"https:\/\/www.eldiario.net\/portal\/2025\/01\/27\/narges-mohammadi-revela-que-fue-recluida-en-celdas-de-aislamiento\/","url":"https:\/\/www.eldiario.net\/portal\/2025\/01\/27\/narges-mohammadi-revela-que-fue-recluida-en-celdas-de-aislamiento\/","name":"Narges Mohammadi revela que fue recluida en celdas de aislamiento - El Diario - Bolivia","isPartOf":{"@id":"https:\/\/www.eldiario.net\/portal\/#website"},"primaryImageOfPage":{"@id":"https:\/\/www.eldiario.net\/portal\/2025\/01\/27\/narges-mohammadi-revela-que-fue-recluida-en-celdas-de-aislamiento\/#primaryimage"},"image":{"@id":"https:\/\/www.eldiario.net\/portal\/2025\/01\/27\/narges-mohammadi-revela-que-fue-recluida-en-celdas-de-aislamiento\/#primaryimage"},"thumbnailUrl":"https:\/\/www.eldiario.net\/portal\/wp-content\/uploads\/2025\/01\/IRAN-AlinejadMasih.jpg","datePublished":"2025-01-27T09:42:39+00:00","breadcrumb":{"@id":"https:\/\/www.eldiario.net\/portal\/2025\/01\/27\/narges-mohammadi-revela-que-fue-recluida-en-celdas-de-aislamiento\/#breadcrumb"},"inLanguage":"es","potentialAction":[{"@type":"ReadAction","target":["https:\/\/www.eldiario.net\/portal\/2025\/01\/27\/narges-mohammadi-revela-que-fue-recluida-en-celdas-de-aislamiento\/"]}]},{"@type":"ImageObject","inLanguage":"es","@id":"https:\/\/www.eldiario.net\/portal\/2025\/01\/27\/narges-mohammadi-revela-que-fue-recluida-en-celdas-de-aislamiento\/#primaryimage","url":"https:\/\/www.eldiario.net\/portal\/wp-content\/uploads\/2025\/01\/IRAN-AlinejadMasih.jpg","contentUrl":"https:\/\/www.eldiario.net\/portal\/wp-content\/uploads\/2025\/01\/IRAN-AlinejadMasih.jpg","width":992,"height":558,"caption":"La activista Narges Mohammadi con una foto de Masha Amini. CREDITO: @AlinejadMasih"},{"@type":"BreadcrumbList","@id":"https:\/\/www.eldiario.net\/portal\/2025\/01\/27\/narges-mohammadi-revela-que-fue-recluida-en-celdas-de-aislamiento\/#breadcrumb","itemListElement":[{"@type":"ListItem","position":1,"name":"Portada","item":"https:\/\/www.eldiario.net\/portal\/"},{"@type":"ListItem","position":2,"name":"Narges Mohammadi revela que fue recluida en celdas de aislamiento"}]},{"@type":"WebSite","@id":"https:\/\/www.eldiario.net\/portal\/#website","url":"https:\/\/www.eldiario.net\/portal\/","name":"El Diario - Decano de la prensa nacional","description":"El Diario - Decano de la prensa nacional","publisher":{"@id":"https:\/\/www.eldiario.net\/portal\/#organization"},"potentialAction":[{"@type":"SearchAction","target":{"@type":"EntryPoint","urlTemplate":"https:\/\/www.eldiario.net\/portal\/?s={search_term_string}"},"query-input":{"@type":"PropertyValueSpecification","valueRequired":true,"valueName":"search_term_string"}}],"inLanguage":"es"},{"@type":"Organization","@id":"https:\/\/www.eldiario.net\/portal\/#organization","name":"El Diario - Decano de la prensa nacional","url":"https:\/\/www.eldiario.net\/portal\/","logo":{"@type":"ImageObject","inLanguage":"es","@id":"https:\/\/www.eldiario.net\/portal\/#\/schema\/logo\/image\/","url":"https:\/\/www.eldiario.net\/portal\/wp-content\/uploads\/2023\/07\/logo_ED.jpg","contentUrl":"https:\/\/www.eldiario.net\/portal\/wp-content\/uploads\/2023\/07\/logo_ED.jpg","width":272,"height":52,"caption":"El Diario - Decano de la prensa nacional"},"image":{"@id":"https:\/\/www.eldiario.net\/portal\/#\/schema\/logo\/image\/"},"sameAs":["https:\/\/www.facebook.com\/eldiario.bolivia\/","https:\/\/x.com\/eldiario_net"]},{"@type":"Person","@id":"https:\/\/www.eldiario.net\/portal\/#\/schema\/person\/f46445640444750d7d753ccd04ae01b7","name":"Jeanette","image":{"@type":"ImageObject","inLanguage":"es","@id":"https:\/\/secure.gravatar.com\/avatar\/3ea2118a5f7dad2b7138b1187a6b7ee55f160b9968b66013c3a3ef39dd7e5798?s=96&d=mm&r=g","url":"https:\/\/secure.gravatar.com\/avatar\/3ea2118a5f7dad2b7138b1187a6b7ee55f160b9968b66013c3a3ef39dd7e5798?s=96&d=mm&r=g","contentUrl":"https:\/\/secure.gravatar.com\/avatar\/3ea2118a5f7dad2b7138b1187a6b7ee55f160b9968b66013c3a3ef39dd7e5798?s=96&d=mm&r=g","caption":"Jeanette"},"sameAs":["https:\/\/www.eldiario.net\/portal"],"url":"https:\/\/www.eldiario.net\/portal\/author\/jeanette\/"}]}},"_links":{"self":[{"href":"https:\/\/www.eldiario.net\/portal\/wp-json\/wp\/v2\/posts\/277380","targetHints":{"allow":["GET"]}}],"collection":[{"href":"https:\/\/www.eldiario.net\/portal\/wp-json\/wp\/v2\/posts"}],"about":[{"href":"https:\/\/www.eldiario.net\/portal\/wp-json\/wp\/v2\/types\/post"}],"author":[{"embeddable":true,"href":"https:\/\/www.eldiario.net\/portal\/wp-json\/wp\/v2\/users\/1"}],"replies":[{"embeddable":true,"href":"https:\/\/www.eldiario.net\/portal\/wp-json\/wp\/v2\/comments?post=277380"}],"version-history":[{"count":1,"href":"https:\/\/www.eldiario.net\/portal\/wp-json\/wp\/v2\/posts\/277380\/revisions"}],"predecessor-version":[{"id":277382,"href":"https:\/\/www.eldiario.net\/portal\/wp-json\/wp\/v2\/posts\/277380\/revisions\/277382"}],"wp:featuredmedia":[{"embeddable":true,"href":"https:\/\/www.eldiario.net\/portal\/wp-json\/wp\/v2\/media\/277381"}],"wp:attachment":[{"href":"https:\/\/www.eldiario.net\/portal\/wp-json\/wp\/v2\/media?parent=277380"}],"wp:term":[{"taxonomy":"category","embeddable":true,"href":"https:\/\/www.eldiario.net\/portal\/wp-json\/wp\/v2\/categories?post=277380"},{"taxonomy":"post_tag","embeddable":true,"href":"https:\/\/www.eldiario.net\/portal\/wp-json\/wp\/v2\/tags?post=277380"}],"curies":[{"name":"wp","href":"https:\/\/api.w.org\/{rel}","templated":true}]}}