{"id":276255,"date":"2025-01-21T12:16:57","date_gmt":"2025-01-21T16:16:57","guid":{"rendered":"https:\/\/www.eldiario.net\/portal\/?p=276255"},"modified":"2025-01-21T12:25:40","modified_gmt":"2025-01-21T16:25:40","slug":"docentes-de-institutos-tecnicos-y-tecnologicos-bloquean-el-prado-paceno-1208","status":"publish","type":"post","link":"https:\/\/www.eldiario.net\/portal\/2025\/01\/21\/docentes-de-institutos-tecnicos-y-tecnologicos-bloquean-el-prado-paceno-1208\/","title":{"rendered":"Docentes de Institutos T\u00e9cnicos y Tecnol\u00f3gicos bloquean el prado pace\u00f1o. (12:08)"},"content":{"rendered":"<p>Un bloqueo protagonizado por docentes de los Institutos T\u00e9cnicos y Tecnol\u00f3gicos afecta parcialmente el tr\u00e1nsito vehicular en el carril de bajada de la avenida 16 de Julio, en la ciudad de La Paz.<\/p>\n<p>Ante esta situaci\u00f3n, la calle M\u00e9xico se presenta como una alternativa para quienes se dirigen hacia la zona Sur, mientras que el carril de subida de la misma avenida registra una alta congesti\u00f3n vehicular para los conductores que buscan llegar al centro pace\u00f1o por lo que la avenida Camacho ser\u00eda una ruta alterna.<\/p>\n<p>La protesta se lleva adelante en puertas del Vicerrectorado de la UMSA \u00a0donde delegados de los docentes y autoridades est\u00e1n reunidos y se mantendr\u00e1n en el lugar hasta recibir la respuesta de dicha reuni\u00f3n.<\/p>\n<p>Seg\u00fan, Arturo Machicado, ejecutivo de los maestros, demandan la revisi\u00f3n del reglamentos, convocatorias y las \u00faltimas disposiciones gubernamentales ya que estar\u00eda poniendo en riesgo sus fuentes laborales y generando inestabilidad en el sector.<\/p>\n<p>&nbsp;<\/p>\n","protected":false},"excerpt":{"rendered":"<p>Un bloqueo protagonizado por docentes de los Institutos T\u00e9cnicos y Tecnol\u00f3gicos afecta parcialmente el tr\u00e1nsito vehicular en el carril de bajada de la avenida 16 de Julio, en la ciudad de La Paz. Ante esta situaci\u00f3n, la calle M\u00e9xico se presenta como una alternativa para quienes se dirigen hacia la zona Sur, mientras que el [&hellip;]<\/p>\n","protected":false},"author":7,"featured_media":276258,"comment_status":"closed","ping_status":"open","sticky":false,"template":"","format":"standard","meta":{"_acf_changed":false,"footnotes":""},"categories":[51],"tags":[],"class_list":["post-276255","post","type-post","status-publish","format-standard","has-post-thumbnail","category-ultima-hora"],"acf":{"antetitulo":""},"yoast_head":"<!-- This site is optimized with the Yoast SEO plugin v28.4 - https:\/\/yoast.com\/product\/yoast-seo-wordpress\/ -->\n<title>Docentes de Institutos T\u00e9cnicos y Tecnol\u00f3gicos bloquean el prado pace\u00f1o. (12:08) - El Diario - Bolivia<\/title>\n<meta name=\"robots\" content=\"index, follow, max-snippet:-1, max-image-preview:large, max-video-preview:-1\" \/>\n<link rel=\"canonical\" href=\"https:\/\/www.eldiario.net\/portal\/2025\/01\/21\/docentes-de-institutos-tecnicos-y-tecnologicos-bloquean-el-prado-paceno-1208\/\" \/>\n<meta property=\"og:locale\" content=\"es_ES\" \/>\n<meta property=\"og:type\" content=\"article\" \/>\n<meta property=\"og:title\" content=\"Docentes de Institutos T\u00e9cnicos y Tecnol\u00f3gicos bloquean el prado pace\u00f1o. (12:08) - El Diario - Bolivia\" \/>\n<meta property=\"og:description\" content=\"Un bloqueo protagonizado por docentes de los Institutos T\u00e9cnicos y Tecnol\u00f3gicos afecta parcialmente el tr\u00e1nsito vehicular en el carril de bajada de la avenida 16 de Julio, en la ciudad de La Paz. Ante esta situaci\u00f3n, la calle M\u00e9xico se presenta como una alternativa para quienes se dirigen hacia la zona Sur, mientras que el [&hellip;]\" \/>\n<meta property=\"og:url\" content=\"https:\/\/www.eldiario.net\/portal\/2025\/01\/21\/docentes-de-institutos-tecnicos-y-tecnologicos-bloquean-el-prado-paceno-1208\/\" \/>\n<meta property=\"og:site_name\" content=\"El Diario - Bolivia\" \/>\n<meta property=\"article:publisher\" content=\"https:\/\/www.facebook.com\/eldiario.bolivia\/\" \/>\n<meta property=\"article:published_time\" content=\"2025-01-21T16:16:57+00:00\" \/>\n<meta property=\"article:modified_time\" content=\"2025-01-21T16:25:40+00:00\" \/>\n<meta property=\"og:image\" content=\"https:\/\/www.eldiario.net\/portal\/wp-content\/uploads\/2025\/01\/institutos-2-e1737476726113.png\" \/>\n\t<meta property=\"og:image:width\" content=\"500\" \/>\n\t<meta property=\"og:image:height\" content=\"759\" \/>\n\t<meta property=\"og:image:type\" content=\"image\/png\" \/>\n<meta name=\"author\" content=\"Viviana Monrroy\" \/>\n<meta name=\"twitter:card\" content=\"summary_large_image\" \/>\n<meta name=\"twitter:creator\" content=\"@eldiario_net\" \/>\n<meta name=\"twitter:site\" content=\"@eldiario_net\" \/>\n<meta name=\"twitter:label1\" content=\"Escrito por\" \/>\n\t<meta name=\"twitter:data1\" content=\"Viviana Monrroy\" \/>\n\t<meta name=\"twitter:label2\" content=\"Tiempo de lectura\" \/>\n\t<meta name=\"twitter:data2\" content=\"1 minuto\" \/>\n<script type=\"application\/ld+json\" class=\"yoast-schema-graph\">{\"@context\":\"https:\\\/\\\/schema.org\",\"@graph\":[{\"@type\":\"Article\",\"@id\":\"https:\\\/\\\/www.eldiario.net\\\/portal\\\/2025\\\/01\\\/21\\\/docentes-de-institutos-tecnicos-y-tecnologicos-bloquean-el-prado-paceno-1208\\\/#article\",\"isPartOf\":{\"@id\":\"https:\\\/\\\/www.eldiario.net\\\/portal\\\/2025\\\/01\\\/21\\\/docentes-de-institutos-tecnicos-y-tecnologicos-bloquean-el-prado-paceno-1208\\\/\"},\"author\":{\"name\":\"Viviana Monrroy\",\"@id\":\"https:\\\/\\\/www.eldiario.net\\\/portal\\\/#\\\/schema\\\/person\\\/32cc89e801dfcbad3a54f91da7f2ea06\"},\"headline\":\"Docentes de Institutos T\u00e9cnicos y Tecnol\u00f3gicos bloquean el prado pace\u00f1o. (12:08)\",\"datePublished\":\"2025-01-21T16:16:57+00:00\",\"dateModified\":\"2025-01-21T16:25:40+00:00\",\"mainEntityOfPage\":{\"@id\":\"https:\\\/\\\/www.eldiario.net\\\/portal\\\/2025\\\/01\\\/21\\\/docentes-de-institutos-tecnicos-y-tecnologicos-bloquean-el-prado-paceno-1208\\\/\"},\"wordCount\":180,\"publisher\":{\"@id\":\"https:\\\/\\\/www.eldiario.net\\\/portal\\\/#organization\"},\"image\":{\"@id\":\"https:\\\/\\\/www.eldiario.net\\\/portal\\\/2025\\\/01\\\/21\\\/docentes-de-institutos-tecnicos-y-tecnologicos-bloquean-el-prado-paceno-1208\\\/#primaryimage\"},\"thumbnailUrl\":\"https:\\\/\\\/www.eldiario.net\\\/portal\\\/wp-content\\\/uploads\\\/2025\\\/01\\\/institutos-2-e1737476726113.png\",\"articleSection\":[\"\u00daltima Hora\"],\"inLanguage\":\"es\"},{\"@type\":\"WebPage\",\"@id\":\"https:\\\/\\\/www.eldiario.net\\\/portal\\\/2025\\\/01\\\/21\\\/docentes-de-institutos-tecnicos-y-tecnologicos-bloquean-el-prado-paceno-1208\\\/\",\"url\":\"https:\\\/\\\/www.eldiario.net\\\/portal\\\/2025\\\/01\\\/21\\\/docentes-de-institutos-tecnicos-y-tecnologicos-bloquean-el-prado-paceno-1208\\\/\",\"name\":\"Docentes de Institutos T\u00e9cnicos y Tecnol\u00f3gicos bloquean el prado pace\u00f1o. (12:08) - El Diario - Bolivia\",\"isPartOf\":{\"@id\":\"https:\\\/\\\/www.eldiario.net\\\/portal\\\/#website\"},\"primaryImageOfPage\":{\"@id\":\"https:\\\/\\\/www.eldiario.net\\\/portal\\\/2025\\\/01\\\/21\\\/docentes-de-institutos-tecnicos-y-tecnologicos-bloquean-el-prado-paceno-1208\\\/#primaryimage\"},\"image\":{\"@id\":\"https:\\\/\\\/www.eldiario.net\\\/portal\\\/2025\\\/01\\\/21\\\/docentes-de-institutos-tecnicos-y-tecnologicos-bloquean-el-prado-paceno-1208\\\/#primaryimage\"},\"thumbnailUrl\":\"https:\\\/\\\/www.eldiario.net\\\/portal\\\/wp-content\\\/uploads\\\/2025\\\/01\\\/institutos-2-e1737476726113.png\",\"datePublished\":\"2025-01-21T16:16:57+00:00\",\"dateModified\":\"2025-01-21T16:25:40+00:00\",\"breadcrumb\":{\"@id\":\"https:\\\/\\\/www.eldiario.net\\\/portal\\\/2025\\\/01\\\/21\\\/docentes-de-institutos-tecnicos-y-tecnologicos-bloquean-el-prado-paceno-1208\\\/#breadcrumb\"},\"inLanguage\":\"es\",\"potentialAction\":[{\"@type\":\"ReadAction\",\"target\":[\"https:\\\/\\\/www.eldiario.net\\\/portal\\\/2025\\\/01\\\/21\\\/docentes-de-institutos-tecnicos-y-tecnologicos-bloquean-el-prado-paceno-1208\\\/\"]}]},{\"@type\":\"ImageObject\",\"inLanguage\":\"es\",\"@id\":\"https:\\\/\\\/www.eldiario.net\\\/portal\\\/2025\\\/01\\\/21\\\/docentes-de-institutos-tecnicos-y-tecnologicos-bloquean-el-prado-paceno-1208\\\/#primaryimage\",\"url\":\"https:\\\/\\\/www.eldiario.net\\\/portal\\\/wp-content\\\/uploads\\\/2025\\\/01\\\/institutos-2-e1737476726113.png\",\"contentUrl\":\"https:\\\/\\\/www.eldiario.net\\\/portal\\\/wp-content\\\/uploads\\\/2025\\\/01\\\/institutos-2-e1737476726113.png\",\"width\":500,\"height\":759,\"caption\":\"Foto: El Diario\"},{\"@type\":\"BreadcrumbList\",\"@id\":\"https:\\\/\\\/www.eldiario.net\\\/portal\\\/2025\\\/01\\\/21\\\/docentes-de-institutos-tecnicos-y-tecnologicos-bloquean-el-prado-paceno-1208\\\/#breadcrumb\",\"itemListElement\":[{\"@type\":\"ListItem\",\"position\":1,\"name\":\"Portada\",\"item\":\"https:\\\/\\\/www.eldiario.net\\\/portal\\\/\"},{\"@type\":\"ListItem\",\"position\":2,\"name\":\"Docentes de Institutos T\u00e9cnicos y Tecnol\u00f3gicos bloquean el prado pace\u00f1o. (12:08)\"}]},{\"@type\":\"WebSite\",\"@id\":\"https:\\\/\\\/www.eldiario.net\\\/portal\\\/#website\",\"url\":\"https:\\\/\\\/www.eldiario.net\\\/portal\\\/\",\"name\":\"El Diario - Decano de la prensa nacional\",\"description\":\"El Diario - Decano de la prensa nacional\",\"publisher\":{\"@id\":\"https:\\\/\\\/www.eldiario.net\\\/portal\\\/#organization\"},\"potentialAction\":[{\"@type\":\"SearchAction\",\"target\":{\"@type\":\"EntryPoint\",\"urlTemplate\":\"https:\\\/\\\/www.eldiario.net\\\/portal\\\/?s={search_term_string}\"},\"query-input\":{\"@type\":\"PropertyValueSpecification\",\"valueRequired\":true,\"valueName\":\"search_term_string\"}}],\"inLanguage\":\"es\"},{\"@type\":\"Organization\",\"@id\":\"https:\\\/\\\/www.eldiario.net\\\/portal\\\/#organization\",\"name\":\"El Diario - Decano de la prensa nacional\",\"url\":\"https:\\\/\\\/www.eldiario.net\\\/portal\\\/\",\"logo\":{\"@type\":\"ImageObject\",\"inLanguage\":\"es\",\"@id\":\"https:\\\/\\\/www.eldiario.net\\\/portal\\\/#\\\/schema\\\/logo\\\/image\\\/\",\"url\":\"https:\\\/\\\/www.eldiario.net\\\/portal\\\/wp-content\\\/uploads\\\/2023\\\/07\\\/logo_ED.jpg\",\"contentUrl\":\"https:\\\/\\\/www.eldiario.net\\\/portal\\\/wp-content\\\/uploads\\\/2023\\\/07\\\/logo_ED.jpg\",\"width\":272,\"height\":52,\"caption\":\"El Diario - Decano de la prensa nacional\"},\"image\":{\"@id\":\"https:\\\/\\\/www.eldiario.net\\\/portal\\\/#\\\/schema\\\/logo\\\/image\\\/\"},\"sameAs\":[\"https:\\\/\\\/www.facebook.com\\\/eldiario.bolivia\\\/\",\"https:\\\/\\\/x.com\\\/eldiario_net\"]},{\"@type\":\"Person\",\"@id\":\"https:\\\/\\\/www.eldiario.net\\\/portal\\\/#\\\/schema\\\/person\\\/32cc89e801dfcbad3a54f91da7f2ea06\",\"name\":\"Viviana Monrroy\",\"image\":{\"@type\":\"ImageObject\",\"inLanguage\":\"es\",\"@id\":\"https:\\\/\\\/secure.gravatar.com\\\/avatar\\\/dfd1611ed5600959a0e5a9754503b6c05d1dcf190010998e0363aee2ad98afca?s=96&d=mm&r=g\",\"url\":\"https:\\\/\\\/secure.gravatar.com\\\/avatar\\\/dfd1611ed5600959a0e5a9754503b6c05d1dcf190010998e0363aee2ad98afca?s=96&d=mm&r=g\",\"contentUrl\":\"https:\\\/\\\/secure.gravatar.com\\\/avatar\\\/dfd1611ed5600959a0e5a9754503b6c05d1dcf190010998e0363aee2ad98afca?s=96&d=mm&r=g\",\"caption\":\"Viviana Monrroy\"},\"sameAs\":[\"http:\\\/\\\/www.eldiario.net\"],\"url\":\"https:\\\/\\\/www.eldiario.net\\\/portal\\\/author\\\/vivianamonrroy\\\/\"}]}<\/script>\n<!-- \/ Yoast SEO plugin. -->","yoast_head_json":{"title":"Docentes de Institutos T\u00e9cnicos y Tecnol\u00f3gicos bloquean el prado pace\u00f1o. (12:08) - El Diario - Bolivia","robots":{"index":"index","follow":"follow","max-snippet":"max-snippet:-1","max-image-preview":"max-image-preview:large","max-video-preview":"max-video-preview:-1"},"canonical":"https:\/\/www.eldiario.net\/portal\/2025\/01\/21\/docentes-de-institutos-tecnicos-y-tecnologicos-bloquean-el-prado-paceno-1208\/","og_locale":"es_ES","og_type":"article","og_title":"Docentes de Institutos T\u00e9cnicos y Tecnol\u00f3gicos bloquean el prado pace\u00f1o. (12:08) - El Diario - Bolivia","og_description":"Un bloqueo protagonizado por docentes de los Institutos T\u00e9cnicos y Tecnol\u00f3gicos afecta parcialmente el tr\u00e1nsito vehicular en el carril de bajada de la avenida 16 de Julio, en la ciudad de La Paz. Ante esta situaci\u00f3n, la calle M\u00e9xico se presenta como una alternativa para quienes se dirigen hacia la zona Sur, mientras que el [&hellip;]","og_url":"https:\/\/www.eldiario.net\/portal\/2025\/01\/21\/docentes-de-institutos-tecnicos-y-tecnologicos-bloquean-el-prado-paceno-1208\/","og_site_name":"El Diario - Bolivia","article_publisher":"https:\/\/www.facebook.com\/eldiario.bolivia\/","article_published_time":"2025-01-21T16:16:57+00:00","article_modified_time":"2025-01-21T16:25:40+00:00","og_image":[{"width":500,"height":759,"url":"https:\/\/www.eldiario.net\/portal\/wp-content\/uploads\/2025\/01\/institutos-2-e1737476726113.png","type":"image\/png"}],"author":"Viviana Monrroy","twitter_card":"summary_large_image","twitter_creator":"@eldiario_net","twitter_site":"@eldiario_net","twitter_misc":{"Escrito por":"Viviana Monrroy","Tiempo de lectura":"1 minuto"},"schema":{"@context":"https:\/\/schema.org","@graph":[{"@type":"Article","@id":"https:\/\/www.eldiario.net\/portal\/2025\/01\/21\/docentes-de-institutos-tecnicos-y-tecnologicos-bloquean-el-prado-paceno-1208\/#article","isPartOf":{"@id":"https:\/\/www.eldiario.net\/portal\/2025\/01\/21\/docentes-de-institutos-tecnicos-y-tecnologicos-bloquean-el-prado-paceno-1208\/"},"author":{"name":"Viviana Monrroy","@id":"https:\/\/www.eldiario.net\/portal\/#\/schema\/person\/32cc89e801dfcbad3a54f91da7f2ea06"},"headline":"Docentes de Institutos T\u00e9cnicos y Tecnol\u00f3gicos bloquean el prado pace\u00f1o. (12:08)","datePublished":"2025-01-21T16:16:57+00:00","dateModified":"2025-01-21T16:25:40+00:00","mainEntityOfPage":{"@id":"https:\/\/www.eldiario.net\/portal\/2025\/01\/21\/docentes-de-institutos-tecnicos-y-tecnologicos-bloquean-el-prado-paceno-1208\/"},"wordCount":180,"publisher":{"@id":"https:\/\/www.eldiario.net\/portal\/#organization"},"image":{"@id":"https:\/\/www.eldiario.net\/portal\/2025\/01\/21\/docentes-de-institutos-tecnicos-y-tecnologicos-bloquean-el-prado-paceno-1208\/#primaryimage"},"thumbnailUrl":"https:\/\/www.eldiario.net\/portal\/wp-content\/uploads\/2025\/01\/institutos-2-e1737476726113.png","articleSection":["\u00daltima Hora"],"inLanguage":"es"},{"@type":"WebPage","@id":"https:\/\/www.eldiario.net\/portal\/2025\/01\/21\/docentes-de-institutos-tecnicos-y-tecnologicos-bloquean-el-prado-paceno-1208\/","url":"https:\/\/www.eldiario.net\/portal\/2025\/01\/21\/docentes-de-institutos-tecnicos-y-tecnologicos-bloquean-el-prado-paceno-1208\/","name":"Docentes de Institutos T\u00e9cnicos y Tecnol\u00f3gicos bloquean el prado pace\u00f1o. (12:08) - El Diario - Bolivia","isPartOf":{"@id":"https:\/\/www.eldiario.net\/portal\/#website"},"primaryImageOfPage":{"@id":"https:\/\/www.eldiario.net\/portal\/2025\/01\/21\/docentes-de-institutos-tecnicos-y-tecnologicos-bloquean-el-prado-paceno-1208\/#primaryimage"},"image":{"@id":"https:\/\/www.eldiario.net\/portal\/2025\/01\/21\/docentes-de-institutos-tecnicos-y-tecnologicos-bloquean-el-prado-paceno-1208\/#primaryimage"},"thumbnailUrl":"https:\/\/www.eldiario.net\/portal\/wp-content\/uploads\/2025\/01\/institutos-2-e1737476726113.png","datePublished":"2025-01-21T16:16:57+00:00","dateModified":"2025-01-21T16:25:40+00:00","breadcrumb":{"@id":"https:\/\/www.eldiario.net\/portal\/2025\/01\/21\/docentes-de-institutos-tecnicos-y-tecnologicos-bloquean-el-prado-paceno-1208\/#breadcrumb"},"inLanguage":"es","potentialAction":[{"@type":"ReadAction","target":["https:\/\/www.eldiario.net\/portal\/2025\/01\/21\/docentes-de-institutos-tecnicos-y-tecnologicos-bloquean-el-prado-paceno-1208\/"]}]},{"@type":"ImageObject","inLanguage":"es","@id":"https:\/\/www.eldiario.net\/portal\/2025\/01\/21\/docentes-de-institutos-tecnicos-y-tecnologicos-bloquean-el-prado-paceno-1208\/#primaryimage","url":"https:\/\/www.eldiario.net\/portal\/wp-content\/uploads\/2025\/01\/institutos-2-e1737476726113.png","contentUrl":"https:\/\/www.eldiario.net\/portal\/wp-content\/uploads\/2025\/01\/institutos-2-e1737476726113.png","width":500,"height":759,"caption":"Foto: El Diario"},{"@type":"BreadcrumbList","@id":"https:\/\/www.eldiario.net\/portal\/2025\/01\/21\/docentes-de-institutos-tecnicos-y-tecnologicos-bloquean-el-prado-paceno-1208\/#breadcrumb","itemListElement":[{"@type":"ListItem","position":1,"name":"Portada","item":"https:\/\/www.eldiario.net\/portal\/"},{"@type":"ListItem","position":2,"name":"Docentes de Institutos T\u00e9cnicos y Tecnol\u00f3gicos bloquean el prado pace\u00f1o. (12:08)"}]},{"@type":"WebSite","@id":"https:\/\/www.eldiario.net\/portal\/#website","url":"https:\/\/www.eldiario.net\/portal\/","name":"El Diario - Decano de la prensa nacional","description":"El Diario - Decano de la prensa nacional","publisher":{"@id":"https:\/\/www.eldiario.net\/portal\/#organization"},"potentialAction":[{"@type":"SearchAction","target":{"@type":"EntryPoint","urlTemplate":"https:\/\/www.eldiario.net\/portal\/?s={search_term_string}"},"query-input":{"@type":"PropertyValueSpecification","valueRequired":true,"valueName":"search_term_string"}}],"inLanguage":"es"},{"@type":"Organization","@id":"https:\/\/www.eldiario.net\/portal\/#organization","name":"El Diario - Decano de la prensa nacional","url":"https:\/\/www.eldiario.net\/portal\/","logo":{"@type":"ImageObject","inLanguage":"es","@id":"https:\/\/www.eldiario.net\/portal\/#\/schema\/logo\/image\/","url":"https:\/\/www.eldiario.net\/portal\/wp-content\/uploads\/2023\/07\/logo_ED.jpg","contentUrl":"https:\/\/www.eldiario.net\/portal\/wp-content\/uploads\/2023\/07\/logo_ED.jpg","width":272,"height":52,"caption":"El Diario - Decano de la prensa nacional"},"image":{"@id":"https:\/\/www.eldiario.net\/portal\/#\/schema\/logo\/image\/"},"sameAs":["https:\/\/www.facebook.com\/eldiario.bolivia\/","https:\/\/x.com\/eldiario_net"]},{"@type":"Person","@id":"https:\/\/www.eldiario.net\/portal\/#\/schema\/person\/32cc89e801dfcbad3a54f91da7f2ea06","name":"Viviana Monrroy","image":{"@type":"ImageObject","inLanguage":"es","@id":"https:\/\/secure.gravatar.com\/avatar\/dfd1611ed5600959a0e5a9754503b6c05d1dcf190010998e0363aee2ad98afca?s=96&d=mm&r=g","url":"https:\/\/secure.gravatar.com\/avatar\/dfd1611ed5600959a0e5a9754503b6c05d1dcf190010998e0363aee2ad98afca?s=96&d=mm&r=g","contentUrl":"https:\/\/secure.gravatar.com\/avatar\/dfd1611ed5600959a0e5a9754503b6c05d1dcf190010998e0363aee2ad98afca?s=96&d=mm&r=g","caption":"Viviana Monrroy"},"sameAs":["http:\/\/www.eldiario.net"],"url":"https:\/\/www.eldiario.net\/portal\/author\/vivianamonrroy\/"}]}},"_links":{"self":[{"href":"https:\/\/www.eldiario.net\/portal\/wp-json\/wp\/v2\/posts\/276255","targetHints":{"allow":["GET"]}}],"collection":[{"href":"https:\/\/www.eldiario.net\/portal\/wp-json\/wp\/v2\/posts"}],"about":[{"href":"https:\/\/www.eldiario.net\/portal\/wp-json\/wp\/v2\/types\/post"}],"author":[{"embeddable":true,"href":"https:\/\/www.eldiario.net\/portal\/wp-json\/wp\/v2\/users\/7"}],"replies":[{"embeddable":true,"href":"https:\/\/www.eldiario.net\/portal\/wp-json\/wp\/v2\/comments?post=276255"}],"version-history":[{"count":1,"href":"https:\/\/www.eldiario.net\/portal\/wp-json\/wp\/v2\/posts\/276255\/revisions"}],"predecessor-version":[{"id":276257,"href":"https:\/\/www.eldiario.net\/portal\/wp-json\/wp\/v2\/posts\/276255\/revisions\/276257"}],"wp:featuredmedia":[{"embeddable":true,"href":"https:\/\/www.eldiario.net\/portal\/wp-json\/wp\/v2\/media\/276258"}],"wp:attachment":[{"href":"https:\/\/www.eldiario.net\/portal\/wp-json\/wp\/v2\/media?parent=276255"}],"wp:term":[{"taxonomy":"category","embeddable":true,"href":"https:\/\/www.eldiario.net\/portal\/wp-json\/wp\/v2\/categories?post=276255"},{"taxonomy":"post_tag","embeddable":true,"href":"https:\/\/www.eldiario.net\/portal\/wp-json\/wp\/v2\/tags?post=276255"}],"curies":[{"name":"wp","href":"https:\/\/api.w.org\/{rel}","templated":true}]}}