{"id":276116,"date":"2025-01-21T06:02:14","date_gmt":"2025-01-21T10:02:14","guid":{"rendered":"https:\/\/www.eldiario.net\/portal\/?p=276116"},"modified":"2025-01-21T06:02:14","modified_gmt":"2025-01-21T10:02:14","slug":"trump-asume-presidencia-y-proclama-inicio-de-era-dorada-para-eeuu","status":"publish","type":"post","link":"https:\/\/www.eldiario.net\/portal\/2025\/01\/21\/trump-asume-presidencia-y-proclama-inicio-de-era-dorada-para-eeuu\/","title":{"rendered":"Trump asume presidencia y proclama  inicio de \u201cera dorada\u201d para EEUU"},"content":{"rendered":"<p>El presidente de Estados Unidos, Donald Trump, anunci\u00f3 el inicio de una \u201cera dorada\u201d en el inicio de su segundo mandato, en un discurso inaugural en el que dio a conocer algunas de sus primeras medidas tras llegar al cargo y que incluir\u00e1n la declaraci\u00f3n de la emergencia nacional en la frontera con M\u00e9xico y otra iniciativa para aumentar las extracciones de gas y petr\u00f3leo.<\/p>\n<p>\u201cEstados Unidos va a volver a ser respetado en todo el mundo\u201d, dijo Trump poco despu\u00e9s de tomar posesi\u00f3n en el interior del Capitolio, donde repiti\u00f3 gran parte de las consignas que lo llevaron de vuelta a la Casa Blanca cuatro a\u00f1os despu\u00e9s.<\/p>\n<p>Trump quiere \u201cponer a Estados Unidos en primer lugar\u201d, lograr un pa\u00eds \u201cm\u00e1s grande, m\u00e1s fuerte y mucho m\u00e1s excepcional\u201d, recalc\u00f3 que este 20 de enero (ayer) puede considerarse \u201cel d\u00eda de la liberaci\u00f3n\u201d y ha llamado a pasar p\u00e1gina del \u00abstablishment corrupto\u00bb que durante \u201cmuchos a\u00f1os\u201d marc\u00f3 el devenir de su pa\u00eds.<\/p>\n<p>Trump, record\u00f3 el intento de magnicidio sufrido el verano pasado, se\u00f1alando que si sigue vivo es porque Dios le ha permitido \u201cvolver a hacer de Estados Unidos un pa\u00eds grande de nuevo\u201d, con una \u201cvuelta pol\u00edtica hist\u00f3rica\u201d que llega con una bater\u00eda de medidas bajo el brazo.<\/p>\n<p>El magnate neoyorquino ha prometido resolver la \u201ccrisis de confianza\u201d ciudadana y que el Departamento de Justicia no ser\u00e1 un \u00abarma\u00bb al servicio de intereses pol\u00edtico, cuestionando de nuevo de manera velada los m\u00faltiples procesos que tiene abiertos en su contra y que le han llevado a ser el primer presidente condenado en la historia del pa\u00eds.<\/p>\n<p>FRONTERA CON M\u00c9XICO<\/p>\n<p>\u201cComo Comandante en Jefe, no tengo mayor responsabilidad que defender a nuestro pa\u00eds de amenazas e invasiones\u201d, subray\u00f3. As\u00ed, ha criticado que un Gobierno que ha dado financiaci\u00f3n \u201cilimitada\u201d a otros pa\u00edses para defender sus fronteras no haya sido capaz de proteger las suyas.<\/p>\n<p>Decretar\u00e1 la emergencia nacional en la frontera sur, de tal manera que las autoridades estadounidenses frenar\u00e1n cualquier \u201centrada ilegal\u201d y deportar\u00e1n a \u201cmillones de extranjeros delincuentes\u201d. \u201cVamos a instaurar la pol\u00edtica de &#8216;qu\u00e9date en M\u00e9xico&#8217;\u201d, asegur\u00f3.<\/p>\n<p>Dentro de las futuras \u00f3rdenes ejecutivas se incluye la designaci\u00f3n como organizaciones terroristas extranjeras de los c\u00e1rteles de la droga, al tiempo que recuperar\u00e1 la Ley de Enemigos Extranjeros de 1798 para perseguir a las bandas y redes de delincuencia que alimentan la inseguridad de las ciudades.<\/p>\n<p>En t\u00e9rminos sociales, ha anunciado que el g\u00e9nero y la raza dejar\u00e1n de ser \u201carmas de ingenier\u00eda social\u201d, lo que implica por ejemplo que, por ley, \u201cs\u00f3lo habr\u00e1 dos g\u00e9neros: hombre y mujer\u201d. \u201cVamos a forjar una sociedad que sea ciega ante el color y que se base en los m\u00e9ritos\u201d, a\u00f1adi\u00f3. Asimismo, ha anunciado que readmitir\u00e1 a los militares expulsados de las Fuerzas Armadas por no vacunarse contra el covid-19.<\/p>\n<p>Por otro lado, el nuevo mandatario norteamericano quiere combatir la inflaci\u00f3n y mejorar el nivel de vida, para lo cual ha reiterado su compromiso de imponer aranceles a las importaciones y una nueva estrategia industrial y energ\u00e9tica a nivel interno. Estados Unidos impondr\u00e1 una \u201cemergencia nacional energ\u00e9tica\u201d.<\/p>\n<p>\u201cVamos a perforar\u201d, asegur\u00f3 Trump, que busca aumentar la extracci\u00f3n de gas y petr\u00f3leo para reducir los precios, \u201cllenar\u201d las reservas estrat\u00e9gicas y aumentar las exportaciones de combustibles f\u00f3siles a otros pa\u00edses.<\/p>\n<p>\u201cRECUPERAR\u201d EL CANAL<\/p>\n<p>El discurso de Trump ha incluido contadas alusiones a temas de pol\u00edtica exterior, pero el magnate s\u00ed ha resumido su doctrina diplom\u00e1tica en que quiere que Estados Unidos \u201crecupere su lugar como el pa\u00eds m\u00e1s poderoso y respetado de la tierra\u201d, con medidas simb\u00f3licas como el cambio de nombre del golfo de M\u00e9xico, que pasar\u00e1 a llamarse golfo de Am\u00e9rica.<\/p>\n<p>Tambi\u00e9n ha aludido de nuevo al canal de Panam\u00e1, para insistir en que su objetivo es \u201crecuperarlo\u201d. Considera que las autoridades paname\u00f1as han incumplido las promesas y han permitido que sea China quien tenga el control &#8216;de facto&#8217; de esta estrat\u00e9gica infraestructura.<\/p>\n<p>Busca ser un presidente \u201cpacificador\u201d y resalt\u00f3 que un d\u00eda antes de que jurase el cargo este lunes Ham\u00e1s accedi\u00f3 a entregar a un primer grupo de rehenes en virtud del alto el fuego suscrito con Israel. (Europa Press)<\/p>\n<p>M\u00c1S INFORMACI\u00d3N INTERNACIONAL.<\/p>\n","protected":false},"excerpt":{"rendered":"<p>El presidente de Estados Unidos, Donald Trump, anunci\u00f3 el inicio de una \u201cera dorada\u201d en el inicio de su segundo mandato, en un discurso inaugural en el que dio a conocer algunas de sus primeras medidas tras llegar al cargo y que incluir\u00e1n la declaraci\u00f3n de la emergencia nacional en la frontera con M\u00e9xico y [&hellip;]<\/p>\n","protected":false},"author":1,"featured_media":276117,"comment_status":"closed","ping_status":"open","sticky":false,"template":"","format":"standard","meta":{"_acf_changed":false,"footnotes":""},"categories":[17],"tags":[],"class_list":["post-276116","post","type-post","status-publish","format-standard","has-post-thumbnail","category-principal"],"acf":{"antetitulo":""},"yoast_head":"<!-- This site is optimized with the Yoast SEO plugin v28.3 - https:\/\/yoast.com\/product\/yoast-seo-wordpress\/ -->\n<title>Trump asume presidencia y proclama inicio de \u201cera dorada\u201d para EEUU - El Diario - Bolivia<\/title>\n<meta name=\"robots\" content=\"index, follow, max-snippet:-1, max-image-preview:large, max-video-preview:-1\" \/>\n<link rel=\"canonical\" href=\"https:\/\/www.eldiario.net\/portal\/2025\/01\/21\/trump-asume-presidencia-y-proclama-inicio-de-era-dorada-para-eeuu\/\" \/>\n<meta property=\"og:locale\" content=\"es_ES\" \/>\n<meta property=\"og:type\" content=\"article\" \/>\n<meta property=\"og:title\" content=\"Trump asume presidencia y proclama inicio de \u201cera dorada\u201d para EEUU - El Diario - Bolivia\" \/>\n<meta property=\"og:description\" content=\"El presidente de Estados Unidos, Donald Trump, anunci\u00f3 el inicio de una \u201cera dorada\u201d en el inicio de su segundo mandato, en un discurso inaugural en el que dio a conocer algunas de sus primeras medidas tras llegar al cargo y que incluir\u00e1n la declaraci\u00f3n de la emergencia nacional en la frontera con M\u00e9xico y [&hellip;]\" \/>\n<meta property=\"og:url\" content=\"https:\/\/www.eldiario.net\/portal\/2025\/01\/21\/trump-asume-presidencia-y-proclama-inicio-de-era-dorada-para-eeuu\/\" \/>\n<meta property=\"og:site_name\" content=\"El Diario - Bolivia\" \/>\n<meta property=\"article:publisher\" content=\"https:\/\/www.facebook.com\/eldiario.bolivia\/\" \/>\n<meta property=\"article:published_time\" content=\"2025-01-21T10:02:14+00:00\" \/>\n<meta property=\"og:image\" content=\"https:\/\/www.eldiario.net\/portal\/wp-content\/uploads\/2025\/01\/ASUME-FOTO.jpg\" \/>\n\t<meta property=\"og:image:width\" content=\"990\" \/>\n\t<meta property=\"og:image:height\" content=\"484\" \/>\n\t<meta property=\"og:image:type\" content=\"image\/jpeg\" \/>\n<meta name=\"author\" content=\"Jeanette\" \/>\n<meta name=\"twitter:card\" content=\"summary_large_image\" \/>\n<meta name=\"twitter:creator\" content=\"@eldiario_net\" \/>\n<meta name=\"twitter:site\" content=\"@eldiario_net\" \/>\n<meta name=\"twitter:label1\" content=\"Escrito por\" \/>\n\t<meta name=\"twitter:data1\" content=\"Jeanette\" \/>\n\t<meta name=\"twitter:label2\" content=\"Tiempo de lectura\" \/>\n\t<meta name=\"twitter:data2\" content=\"4 minutos\" \/>\n<script type=\"application\/ld+json\" class=\"yoast-schema-graph\">{\"@context\":\"https:\\\/\\\/schema.org\",\"@graph\":[{\"@type\":\"Article\",\"@id\":\"https:\\\/\\\/www.eldiario.net\\\/portal\\\/2025\\\/01\\\/21\\\/trump-asume-presidencia-y-proclama-inicio-de-era-dorada-para-eeuu\\\/#article\",\"isPartOf\":{\"@id\":\"https:\\\/\\\/www.eldiario.net\\\/portal\\\/2025\\\/01\\\/21\\\/trump-asume-presidencia-y-proclama-inicio-de-era-dorada-para-eeuu\\\/\"},\"author\":{\"name\":\"Jeanette\",\"@id\":\"https:\\\/\\\/www.eldiario.net\\\/portal\\\/#\\\/schema\\\/person\\\/f46445640444750d7d753ccd04ae01b7\"},\"headline\":\"Trump asume presidencia y proclama inicio de \u201cera dorada\u201d para EEUU\",\"datePublished\":\"2025-01-21T10:02:14+00:00\",\"mainEntityOfPage\":{\"@id\":\"https:\\\/\\\/www.eldiario.net\\\/portal\\\/2025\\\/01\\\/21\\\/trump-asume-presidencia-y-proclama-inicio-de-era-dorada-para-eeuu\\\/\"},\"wordCount\":767,\"publisher\":{\"@id\":\"https:\\\/\\\/www.eldiario.net\\\/portal\\\/#organization\"},\"image\":{\"@id\":\"https:\\\/\\\/www.eldiario.net\\\/portal\\\/2025\\\/01\\\/21\\\/trump-asume-presidencia-y-proclama-inicio-de-era-dorada-para-eeuu\\\/#primaryimage\"},\"thumbnailUrl\":\"https:\\\/\\\/www.eldiario.net\\\/portal\\\/wp-content\\\/uploads\\\/2025\\\/01\\\/ASUME-FOTO.jpg\",\"articleSection\":[\"Principal\"],\"inLanguage\":\"es\"},{\"@type\":\"WebPage\",\"@id\":\"https:\\\/\\\/www.eldiario.net\\\/portal\\\/2025\\\/01\\\/21\\\/trump-asume-presidencia-y-proclama-inicio-de-era-dorada-para-eeuu\\\/\",\"url\":\"https:\\\/\\\/www.eldiario.net\\\/portal\\\/2025\\\/01\\\/21\\\/trump-asume-presidencia-y-proclama-inicio-de-era-dorada-para-eeuu\\\/\",\"name\":\"Trump asume presidencia y proclama inicio de \u201cera dorada\u201d para EEUU - El Diario - Bolivia\",\"isPartOf\":{\"@id\":\"https:\\\/\\\/www.eldiario.net\\\/portal\\\/#website\"},\"primaryImageOfPage\":{\"@id\":\"https:\\\/\\\/www.eldiario.net\\\/portal\\\/2025\\\/01\\\/21\\\/trump-asume-presidencia-y-proclama-inicio-de-era-dorada-para-eeuu\\\/#primaryimage\"},\"image\":{\"@id\":\"https:\\\/\\\/www.eldiario.net\\\/portal\\\/2025\\\/01\\\/21\\\/trump-asume-presidencia-y-proclama-inicio-de-era-dorada-para-eeuu\\\/#primaryimage\"},\"thumbnailUrl\":\"https:\\\/\\\/www.eldiario.net\\\/portal\\\/wp-content\\\/uploads\\\/2025\\\/01\\\/ASUME-FOTO.jpg\",\"datePublished\":\"2025-01-21T10:02:14+00:00\",\"breadcrumb\":{\"@id\":\"https:\\\/\\\/www.eldiario.net\\\/portal\\\/2025\\\/01\\\/21\\\/trump-asume-presidencia-y-proclama-inicio-de-era-dorada-para-eeuu\\\/#breadcrumb\"},\"inLanguage\":\"es\",\"potentialAction\":[{\"@type\":\"ReadAction\",\"target\":[\"https:\\\/\\\/www.eldiario.net\\\/portal\\\/2025\\\/01\\\/21\\\/trump-asume-presidencia-y-proclama-inicio-de-era-dorada-para-eeuu\\\/\"]}]},{\"@type\":\"ImageObject\",\"inLanguage\":\"es\",\"@id\":\"https:\\\/\\\/www.eldiario.net\\\/portal\\\/2025\\\/01\\\/21\\\/trump-asume-presidencia-y-proclama-inicio-de-era-dorada-para-eeuu\\\/#primaryimage\",\"url\":\"https:\\\/\\\/www.eldiario.net\\\/portal\\\/wp-content\\\/uploads\\\/2025\\\/01\\\/ASUME-FOTO.jpg\",\"contentUrl\":\"https:\\\/\\\/www.eldiario.net\\\/portal\\\/wp-content\\\/uploads\\\/2025\\\/01\\\/ASUME-FOTO.jpg\",\"width\":990,\"height\":484},{\"@type\":\"BreadcrumbList\",\"@id\":\"https:\\\/\\\/www.eldiario.net\\\/portal\\\/2025\\\/01\\\/21\\\/trump-asume-presidencia-y-proclama-inicio-de-era-dorada-para-eeuu\\\/#breadcrumb\",\"itemListElement\":[{\"@type\":\"ListItem\",\"position\":1,\"name\":\"Portada\",\"item\":\"https:\\\/\\\/www.eldiario.net\\\/portal\\\/\"},{\"@type\":\"ListItem\",\"position\":2,\"name\":\"Trump asume presidencia y proclama inicio de \u201cera dorada\u201d para EEUU\"}]},{\"@type\":\"WebSite\",\"@id\":\"https:\\\/\\\/www.eldiario.net\\\/portal\\\/#website\",\"url\":\"https:\\\/\\\/www.eldiario.net\\\/portal\\\/\",\"name\":\"El Diario - Decano de la prensa nacional\",\"description\":\"El Diario - Decano de la prensa nacional\",\"publisher\":{\"@id\":\"https:\\\/\\\/www.eldiario.net\\\/portal\\\/#organization\"},\"potentialAction\":[{\"@type\":\"SearchAction\",\"target\":{\"@type\":\"EntryPoint\",\"urlTemplate\":\"https:\\\/\\\/www.eldiario.net\\\/portal\\\/?s={search_term_string}\"},\"query-input\":{\"@type\":\"PropertyValueSpecification\",\"valueRequired\":true,\"valueName\":\"search_term_string\"}}],\"inLanguage\":\"es\"},{\"@type\":\"Organization\",\"@id\":\"https:\\\/\\\/www.eldiario.net\\\/portal\\\/#organization\",\"name\":\"El Diario - Decano de la prensa nacional\",\"url\":\"https:\\\/\\\/www.eldiario.net\\\/portal\\\/\",\"logo\":{\"@type\":\"ImageObject\",\"inLanguage\":\"es\",\"@id\":\"https:\\\/\\\/www.eldiario.net\\\/portal\\\/#\\\/schema\\\/logo\\\/image\\\/\",\"url\":\"https:\\\/\\\/www.eldiario.net\\\/portal\\\/wp-content\\\/uploads\\\/2023\\\/07\\\/logo_ED.jpg\",\"contentUrl\":\"https:\\\/\\\/www.eldiario.net\\\/portal\\\/wp-content\\\/uploads\\\/2023\\\/07\\\/logo_ED.jpg\",\"width\":272,\"height\":52,\"caption\":\"El Diario - Decano de la prensa nacional\"},\"image\":{\"@id\":\"https:\\\/\\\/www.eldiario.net\\\/portal\\\/#\\\/schema\\\/logo\\\/image\\\/\"},\"sameAs\":[\"https:\\\/\\\/www.facebook.com\\\/eldiario.bolivia\\\/\",\"https:\\\/\\\/x.com\\\/eldiario_net\"]},{\"@type\":\"Person\",\"@id\":\"https:\\\/\\\/www.eldiario.net\\\/portal\\\/#\\\/schema\\\/person\\\/f46445640444750d7d753ccd04ae01b7\",\"name\":\"Jeanette\",\"image\":{\"@type\":\"ImageObject\",\"inLanguage\":\"es\",\"@id\":\"https:\\\/\\\/secure.gravatar.com\\\/avatar\\\/3ea2118a5f7dad2b7138b1187a6b7ee55f160b9968b66013c3a3ef39dd7e5798?s=96&d=mm&r=g\",\"url\":\"https:\\\/\\\/secure.gravatar.com\\\/avatar\\\/3ea2118a5f7dad2b7138b1187a6b7ee55f160b9968b66013c3a3ef39dd7e5798?s=96&d=mm&r=g\",\"contentUrl\":\"https:\\\/\\\/secure.gravatar.com\\\/avatar\\\/3ea2118a5f7dad2b7138b1187a6b7ee55f160b9968b66013c3a3ef39dd7e5798?s=96&d=mm&r=g\",\"caption\":\"Jeanette\"},\"sameAs\":[\"https:\\\/\\\/www.eldiario.net\\\/portal\"],\"url\":\"https:\\\/\\\/www.eldiario.net\\\/portal\\\/author\\\/jeanette\\\/\"}]}<\/script>\n<!-- \/ Yoast SEO plugin. -->","yoast_head_json":{"title":"Trump asume presidencia y proclama inicio de \u201cera dorada\u201d para EEUU - El Diario - Bolivia","robots":{"index":"index","follow":"follow","max-snippet":"max-snippet:-1","max-image-preview":"max-image-preview:large","max-video-preview":"max-video-preview:-1"},"canonical":"https:\/\/www.eldiario.net\/portal\/2025\/01\/21\/trump-asume-presidencia-y-proclama-inicio-de-era-dorada-para-eeuu\/","og_locale":"es_ES","og_type":"article","og_title":"Trump asume presidencia y proclama inicio de \u201cera dorada\u201d para EEUU - El Diario - Bolivia","og_description":"El presidente de Estados Unidos, Donald Trump, anunci\u00f3 el inicio de una \u201cera dorada\u201d en el inicio de su segundo mandato, en un discurso inaugural en el que dio a conocer algunas de sus primeras medidas tras llegar al cargo y que incluir\u00e1n la declaraci\u00f3n de la emergencia nacional en la frontera con M\u00e9xico y [&hellip;]","og_url":"https:\/\/www.eldiario.net\/portal\/2025\/01\/21\/trump-asume-presidencia-y-proclama-inicio-de-era-dorada-para-eeuu\/","og_site_name":"El Diario - Bolivia","article_publisher":"https:\/\/www.facebook.com\/eldiario.bolivia\/","article_published_time":"2025-01-21T10:02:14+00:00","og_image":[{"width":990,"height":484,"url":"https:\/\/www.eldiario.net\/portal\/wp-content\/uploads\/2025\/01\/ASUME-FOTO.jpg","type":"image\/jpeg"}],"author":"Jeanette","twitter_card":"summary_large_image","twitter_creator":"@eldiario_net","twitter_site":"@eldiario_net","twitter_misc":{"Escrito por":"Jeanette","Tiempo de lectura":"4 minutos"},"schema":{"@context":"https:\/\/schema.org","@graph":[{"@type":"Article","@id":"https:\/\/www.eldiario.net\/portal\/2025\/01\/21\/trump-asume-presidencia-y-proclama-inicio-de-era-dorada-para-eeuu\/#article","isPartOf":{"@id":"https:\/\/www.eldiario.net\/portal\/2025\/01\/21\/trump-asume-presidencia-y-proclama-inicio-de-era-dorada-para-eeuu\/"},"author":{"name":"Jeanette","@id":"https:\/\/www.eldiario.net\/portal\/#\/schema\/person\/f46445640444750d7d753ccd04ae01b7"},"headline":"Trump asume presidencia y proclama inicio de \u201cera dorada\u201d para EEUU","datePublished":"2025-01-21T10:02:14+00:00","mainEntityOfPage":{"@id":"https:\/\/www.eldiario.net\/portal\/2025\/01\/21\/trump-asume-presidencia-y-proclama-inicio-de-era-dorada-para-eeuu\/"},"wordCount":767,"publisher":{"@id":"https:\/\/www.eldiario.net\/portal\/#organization"},"image":{"@id":"https:\/\/www.eldiario.net\/portal\/2025\/01\/21\/trump-asume-presidencia-y-proclama-inicio-de-era-dorada-para-eeuu\/#primaryimage"},"thumbnailUrl":"https:\/\/www.eldiario.net\/portal\/wp-content\/uploads\/2025\/01\/ASUME-FOTO.jpg","articleSection":["Principal"],"inLanguage":"es"},{"@type":"WebPage","@id":"https:\/\/www.eldiario.net\/portal\/2025\/01\/21\/trump-asume-presidencia-y-proclama-inicio-de-era-dorada-para-eeuu\/","url":"https:\/\/www.eldiario.net\/portal\/2025\/01\/21\/trump-asume-presidencia-y-proclama-inicio-de-era-dorada-para-eeuu\/","name":"Trump asume presidencia y proclama inicio de \u201cera dorada\u201d para EEUU - El Diario - Bolivia","isPartOf":{"@id":"https:\/\/www.eldiario.net\/portal\/#website"},"primaryImageOfPage":{"@id":"https:\/\/www.eldiario.net\/portal\/2025\/01\/21\/trump-asume-presidencia-y-proclama-inicio-de-era-dorada-para-eeuu\/#primaryimage"},"image":{"@id":"https:\/\/www.eldiario.net\/portal\/2025\/01\/21\/trump-asume-presidencia-y-proclama-inicio-de-era-dorada-para-eeuu\/#primaryimage"},"thumbnailUrl":"https:\/\/www.eldiario.net\/portal\/wp-content\/uploads\/2025\/01\/ASUME-FOTO.jpg","datePublished":"2025-01-21T10:02:14+00:00","breadcrumb":{"@id":"https:\/\/www.eldiario.net\/portal\/2025\/01\/21\/trump-asume-presidencia-y-proclama-inicio-de-era-dorada-para-eeuu\/#breadcrumb"},"inLanguage":"es","potentialAction":[{"@type":"ReadAction","target":["https:\/\/www.eldiario.net\/portal\/2025\/01\/21\/trump-asume-presidencia-y-proclama-inicio-de-era-dorada-para-eeuu\/"]}]},{"@type":"ImageObject","inLanguage":"es","@id":"https:\/\/www.eldiario.net\/portal\/2025\/01\/21\/trump-asume-presidencia-y-proclama-inicio-de-era-dorada-para-eeuu\/#primaryimage","url":"https:\/\/www.eldiario.net\/portal\/wp-content\/uploads\/2025\/01\/ASUME-FOTO.jpg","contentUrl":"https:\/\/www.eldiario.net\/portal\/wp-content\/uploads\/2025\/01\/ASUME-FOTO.jpg","width":990,"height":484},{"@type":"BreadcrumbList","@id":"https:\/\/www.eldiario.net\/portal\/2025\/01\/21\/trump-asume-presidencia-y-proclama-inicio-de-era-dorada-para-eeuu\/#breadcrumb","itemListElement":[{"@type":"ListItem","position":1,"name":"Portada","item":"https:\/\/www.eldiario.net\/portal\/"},{"@type":"ListItem","position":2,"name":"Trump asume presidencia y proclama inicio de \u201cera dorada\u201d para EEUU"}]},{"@type":"WebSite","@id":"https:\/\/www.eldiario.net\/portal\/#website","url":"https:\/\/www.eldiario.net\/portal\/","name":"El Diario - Decano de la prensa nacional","description":"El Diario - Decano de la prensa nacional","publisher":{"@id":"https:\/\/www.eldiario.net\/portal\/#organization"},"potentialAction":[{"@type":"SearchAction","target":{"@type":"EntryPoint","urlTemplate":"https:\/\/www.eldiario.net\/portal\/?s={search_term_string}"},"query-input":{"@type":"PropertyValueSpecification","valueRequired":true,"valueName":"search_term_string"}}],"inLanguage":"es"},{"@type":"Organization","@id":"https:\/\/www.eldiario.net\/portal\/#organization","name":"El Diario - Decano de la prensa nacional","url":"https:\/\/www.eldiario.net\/portal\/","logo":{"@type":"ImageObject","inLanguage":"es","@id":"https:\/\/www.eldiario.net\/portal\/#\/schema\/logo\/image\/","url":"https:\/\/www.eldiario.net\/portal\/wp-content\/uploads\/2023\/07\/logo_ED.jpg","contentUrl":"https:\/\/www.eldiario.net\/portal\/wp-content\/uploads\/2023\/07\/logo_ED.jpg","width":272,"height":52,"caption":"El Diario - Decano de la prensa nacional"},"image":{"@id":"https:\/\/www.eldiario.net\/portal\/#\/schema\/logo\/image\/"},"sameAs":["https:\/\/www.facebook.com\/eldiario.bolivia\/","https:\/\/x.com\/eldiario_net"]},{"@type":"Person","@id":"https:\/\/www.eldiario.net\/portal\/#\/schema\/person\/f46445640444750d7d753ccd04ae01b7","name":"Jeanette","image":{"@type":"ImageObject","inLanguage":"es","@id":"https:\/\/secure.gravatar.com\/avatar\/3ea2118a5f7dad2b7138b1187a6b7ee55f160b9968b66013c3a3ef39dd7e5798?s=96&d=mm&r=g","url":"https:\/\/secure.gravatar.com\/avatar\/3ea2118a5f7dad2b7138b1187a6b7ee55f160b9968b66013c3a3ef39dd7e5798?s=96&d=mm&r=g","contentUrl":"https:\/\/secure.gravatar.com\/avatar\/3ea2118a5f7dad2b7138b1187a6b7ee55f160b9968b66013c3a3ef39dd7e5798?s=96&d=mm&r=g","caption":"Jeanette"},"sameAs":["https:\/\/www.eldiario.net\/portal"],"url":"https:\/\/www.eldiario.net\/portal\/author\/jeanette\/"}]}},"_links":{"self":[{"href":"https:\/\/www.eldiario.net\/portal\/wp-json\/wp\/v2\/posts\/276116","targetHints":{"allow":["GET"]}}],"collection":[{"href":"https:\/\/www.eldiario.net\/portal\/wp-json\/wp\/v2\/posts"}],"about":[{"href":"https:\/\/www.eldiario.net\/portal\/wp-json\/wp\/v2\/types\/post"}],"author":[{"embeddable":true,"href":"https:\/\/www.eldiario.net\/portal\/wp-json\/wp\/v2\/users\/1"}],"replies":[{"embeddable":true,"href":"https:\/\/www.eldiario.net\/portal\/wp-json\/wp\/v2\/comments?post=276116"}],"version-history":[{"count":1,"href":"https:\/\/www.eldiario.net\/portal\/wp-json\/wp\/v2\/posts\/276116\/revisions"}],"predecessor-version":[{"id":276118,"href":"https:\/\/www.eldiario.net\/portal\/wp-json\/wp\/v2\/posts\/276116\/revisions\/276118"}],"wp:featuredmedia":[{"embeddable":true,"href":"https:\/\/www.eldiario.net\/portal\/wp-json\/wp\/v2\/media\/276117"}],"wp:attachment":[{"href":"https:\/\/www.eldiario.net\/portal\/wp-json\/wp\/v2\/media?parent=276116"}],"wp:term":[{"taxonomy":"category","embeddable":true,"href":"https:\/\/www.eldiario.net\/portal\/wp-json\/wp\/v2\/categories?post=276116"},{"taxonomy":"post_tag","embeddable":true,"href":"https:\/\/www.eldiario.net\/portal\/wp-json\/wp\/v2\/tags?post=276116"}],"curies":[{"name":"wp","href":"https:\/\/api.w.org\/{rel}","templated":true}]}}