{"id":276113,"date":"2025-01-21T06:01:05","date_gmt":"2025-01-21T10:01:05","guid":{"rendered":"https:\/\/www.eldiario.net\/portal\/?p=276113"},"modified":"2025-01-21T06:01:05","modified_gmt":"2025-01-21T10:01:05","slug":"el-bicentenario-tendra-el-deficit-fiscal-mas-alto-de-la-historia","status":"publish","type":"post","link":"https:\/\/www.eldiario.net\/portal\/2025\/01\/21\/el-bicentenario-tendra-el-deficit-fiscal-mas-alto-de-la-historia\/","title":{"rendered":"\u201cEl Bicentenario tendr\u00e1 el d\u00e9ficit  fiscal m\u00e1s alto de la historia\u201d"},"content":{"rendered":"<p>\u201cPresidente, \u00bfest\u00e1 usted consciente que el pa\u00eds tendr\u00e1 en el Bicentenario el d\u00e9ficit fiscal m\u00e1s alto de su historia en t\u00e9rminos absolutos, que adem\u00e1s implica dejar sin recursos externos y una alta emisi\u00f3n inorg\u00e1nica con consecuencias en la inflaci\u00f3n para una siguiente gesti\u00f3n?\u201d, fue uno de los cuestionamientos remitidos por la C\u00e1mara de Industria, Comercio, Servicios y Turismo de Santa Cruz (Cainco) al jefe de Estado, Luis Arce Catacora.<\/p>\n<p>En su primer mensaje de la gesti\u00f3n 2025, el m\u00e1ximo ejecutivo de la entidad empresarial, Jean Pierre Antelo, elev\u00f3 una serie de preguntas a la espera de respuestas por parte de Arce Catacora y la administraci\u00f3n estatal, mismas que ponen en manifiesto las cr\u00edticas que tambi\u00e9n han surgido desde diferentes esferas del aparato productivo nacional.<\/p>\n<p>\u201cPresidente, hoy nos enfrentamos a una crisis que lo muestra sin decisiones, sin liderazgo y sin claridad en lo que se debe hacer, \u00bfQu\u00e9 pas\u00f3?\u201d, fue otro de los cuestionamientos de Antelo en conferencia de prensa, apuntando tambi\u00e9n al modelo econ\u00f3mico estatal.<\/p>\n<p>En sus cuestionamientos, el dirigente record\u00f3 que Arce Catacora fue el arquitecto de modelo econ\u00f3mico que se defendi\u00f3 como exitoso, pero hay en un contexto de inflaci\u00f3n, desabastecimiento de combustible, un d\u00f3lar paralelo y una econom\u00eda golpeada, se consult\u00f3 en qu\u00e9 momento el modelo dej\u00f3 de ser el correcto (si es que lo fue).<\/p>\n<p>Antelo record\u00f3 que Arce tuvo y tiene un rol determinante en las decisiones econ\u00f3micas de este pa\u00eds, advirtiendo que la ausencia objetiva de autocr\u00edtica impide que se corrijan adecuadamente y con serenidad la inviabilidad del modelo econ\u00f3mico.<\/p>\n<p>\u201c\u00bfSer\u00e1 capaz de contestarle al pa\u00eds sin trasladar culpas y responsabilidades sobre los hechos cr\u00edticos que m\u00e1s preocupan a los bolivianos? \u00bfCu\u00e1l es su idea de autocr\u00edtica? \u00bfLa pr\u00e1ctica personalmente? Presidente, \u00bfc\u00f3mo cree que los bolivianos pueden confiar en un l\u00edder que parece (escribir) la (misma) historia una y otra vez, sin aceptar su parte en el fracaso de su propio modelo? \u00bfSe ha fijado que usted apunta con el dedo a todos menos a s\u00ed mismo?\u201d, remarc\u00f3 el ejecutivo.<\/p>\n<p>Entre otras consultas, tambi\u00e9n se pregunt\u00f3 si Arce garantizar\u00e1 el normal abastecimiento de combustibles, los motivos por los que nuevamente hay filas en los surtidores y si los d\u00f3lares para importar di\u00e9sel vendr\u00e1n del empe\u00f1o de las reservas de oro o el endeudamiento.<\/p>\n<p>M\u00c1S TEMAS COYUNTURALES<\/p>\n<p>\u201cPresidente, \u00bfes aceptable que el pa\u00eds se resigne a normalizar la irregularidad de la composici\u00f3n del Tribunal Constitucional con s\u00f3lo cuatro magistrados elegidos y cinco que permanecen de manera ilimitada, perpetuando as\u00ed la desconfianza, la desinstitucionalizaci\u00f3n y el riesgo del control judicial?\u201d, fue otra de las preguntas.<\/p>\n<p>Del mismo modo, Antelo consult\u00f3 a Arce c\u00f3mo se llegar\u00e1 a las elecciones y qu\u00e9 garant\u00edas existen para la transparencia y la legitimidad del proceso electoral si el Tribunal Constitucional interfiere constantemente en la habilitaci\u00f3n e inhabilitaci\u00f3n de candidaturas. (Santa Cruz, agencias)<\/p>\n<p>&nbsp;<\/p>\n","protected":false},"excerpt":{"rendered":"<p>\u201cPresidente, \u00bfest\u00e1 usted consciente que el pa\u00eds tendr\u00e1 en el Bicentenario el d\u00e9ficit fiscal m\u00e1s alto de su historia en t\u00e9rminos absolutos, que adem\u00e1s implica dejar sin recursos externos y una alta emisi\u00f3n inorg\u00e1nica con consecuencias en la inflaci\u00f3n para una siguiente gesti\u00f3n?\u201d, fue uno de los cuestionamientos remitidos por la C\u00e1mara de Industria, Comercio, [&hellip;]<\/p>\n","protected":false},"author":1,"featured_media":276114,"comment_status":"closed","ping_status":"open","sticky":false,"template":"","format":"standard","meta":{"_acf_changed":false,"footnotes":""},"categories":[15],"tags":[],"class_list":["post-276113","post","type-post","status-publish","format-standard","has-post-thumbnail","category-portada"],"acf":{"antetitulo":"Cainco al Presidente del Estado"},"yoast_head":"<!-- This site is optimized with the Yoast SEO plugin v28.3 - https:\/\/yoast.com\/product\/yoast-seo-wordpress\/ -->\n<title>\u201cEl Bicentenario tendr\u00e1 el d\u00e9ficit fiscal m\u00e1s alto de la historia\u201d - El Diario - Bolivia<\/title>\n<meta name=\"robots\" content=\"index, follow, max-snippet:-1, max-image-preview:large, max-video-preview:-1\" \/>\n<link rel=\"canonical\" href=\"https:\/\/www.eldiario.net\/portal\/2025\/01\/21\/el-bicentenario-tendra-el-deficit-fiscal-mas-alto-de-la-historia\/\" \/>\n<meta property=\"og:locale\" content=\"es_ES\" \/>\n<meta property=\"og:type\" content=\"article\" \/>\n<meta property=\"og:title\" content=\"\u201cEl Bicentenario tendr\u00e1 el d\u00e9ficit fiscal m\u00e1s alto de la historia\u201d - El Diario - Bolivia\" \/>\n<meta property=\"og:description\" content=\"\u201cPresidente, \u00bfest\u00e1 usted consciente que el pa\u00eds tendr\u00e1 en el Bicentenario el d\u00e9ficit fiscal m\u00e1s alto de su historia en t\u00e9rminos absolutos, que adem\u00e1s implica dejar sin recursos externos y una alta emisi\u00f3n inorg\u00e1nica con consecuencias en la inflaci\u00f3n para una siguiente gesti\u00f3n?\u201d, fue uno de los cuestionamientos remitidos por la C\u00e1mara de Industria, Comercio, [&hellip;]\" \/>\n<meta property=\"og:url\" content=\"https:\/\/www.eldiario.net\/portal\/2025\/01\/21\/el-bicentenario-tendra-el-deficit-fiscal-mas-alto-de-la-historia\/\" \/>\n<meta property=\"og:site_name\" content=\"El Diario - Bolivia\" \/>\n<meta property=\"article:publisher\" content=\"https:\/\/www.facebook.com\/eldiario.bolivia\/\" \/>\n<meta property=\"article:published_time\" content=\"2025-01-21T10:01:05+00:00\" \/>\n<meta property=\"og:image\" content=\"https:\/\/www.eldiario.net\/portal\/wp-content\/uploads\/2025\/01\/CAINCO-FOTO.jpg\" \/>\n\t<meta property=\"og:image:width\" content=\"1200\" \/>\n\t<meta property=\"og:image:height\" content=\"511\" \/>\n\t<meta property=\"og:image:type\" content=\"image\/jpeg\" \/>\n<meta name=\"author\" content=\"Jeanette\" \/>\n<meta name=\"twitter:card\" content=\"summary_large_image\" \/>\n<meta name=\"twitter:creator\" content=\"@eldiario_net\" \/>\n<meta name=\"twitter:site\" content=\"@eldiario_net\" \/>\n<meta name=\"twitter:label1\" content=\"Escrito por\" \/>\n\t<meta name=\"twitter:data1\" content=\"Jeanette\" \/>\n\t<meta name=\"twitter:label2\" content=\"Tiempo de lectura\" \/>\n\t<meta name=\"twitter:data2\" content=\"3 minutos\" \/>\n<script type=\"application\/ld+json\" class=\"yoast-schema-graph\">{\"@context\":\"https:\\\/\\\/schema.org\",\"@graph\":[{\"@type\":\"Article\",\"@id\":\"https:\\\/\\\/www.eldiario.net\\\/portal\\\/2025\\\/01\\\/21\\\/el-bicentenario-tendra-el-deficit-fiscal-mas-alto-de-la-historia\\\/#article\",\"isPartOf\":{\"@id\":\"https:\\\/\\\/www.eldiario.net\\\/portal\\\/2025\\\/01\\\/21\\\/el-bicentenario-tendra-el-deficit-fiscal-mas-alto-de-la-historia\\\/\"},\"author\":{\"name\":\"Jeanette\",\"@id\":\"https:\\\/\\\/www.eldiario.net\\\/portal\\\/#\\\/schema\\\/person\\\/f46445640444750d7d753ccd04ae01b7\"},\"headline\":\"\u201cEl Bicentenario tendr\u00e1 el d\u00e9ficit fiscal m\u00e1s alto de la historia\u201d\",\"datePublished\":\"2025-01-21T10:01:05+00:00\",\"mainEntityOfPage\":{\"@id\":\"https:\\\/\\\/www.eldiario.net\\\/portal\\\/2025\\\/01\\\/21\\\/el-bicentenario-tendra-el-deficit-fiscal-mas-alto-de-la-historia\\\/\"},\"wordCount\":532,\"publisher\":{\"@id\":\"https:\\\/\\\/www.eldiario.net\\\/portal\\\/#organization\"},\"image\":{\"@id\":\"https:\\\/\\\/www.eldiario.net\\\/portal\\\/2025\\\/01\\\/21\\\/el-bicentenario-tendra-el-deficit-fiscal-mas-alto-de-la-historia\\\/#primaryimage\"},\"thumbnailUrl\":\"https:\\\/\\\/www.eldiario.net\\\/portal\\\/wp-content\\\/uploads\\\/2025\\\/01\\\/CAINCO-FOTO.jpg\",\"articleSection\":[\"Portada\"],\"inLanguage\":\"es\"},{\"@type\":\"WebPage\",\"@id\":\"https:\\\/\\\/www.eldiario.net\\\/portal\\\/2025\\\/01\\\/21\\\/el-bicentenario-tendra-el-deficit-fiscal-mas-alto-de-la-historia\\\/\",\"url\":\"https:\\\/\\\/www.eldiario.net\\\/portal\\\/2025\\\/01\\\/21\\\/el-bicentenario-tendra-el-deficit-fiscal-mas-alto-de-la-historia\\\/\",\"name\":\"\u201cEl Bicentenario tendr\u00e1 el d\u00e9ficit fiscal m\u00e1s alto de la historia\u201d - El Diario - Bolivia\",\"isPartOf\":{\"@id\":\"https:\\\/\\\/www.eldiario.net\\\/portal\\\/#website\"},\"primaryImageOfPage\":{\"@id\":\"https:\\\/\\\/www.eldiario.net\\\/portal\\\/2025\\\/01\\\/21\\\/el-bicentenario-tendra-el-deficit-fiscal-mas-alto-de-la-historia\\\/#primaryimage\"},\"image\":{\"@id\":\"https:\\\/\\\/www.eldiario.net\\\/portal\\\/2025\\\/01\\\/21\\\/el-bicentenario-tendra-el-deficit-fiscal-mas-alto-de-la-historia\\\/#primaryimage\"},\"thumbnailUrl\":\"https:\\\/\\\/www.eldiario.net\\\/portal\\\/wp-content\\\/uploads\\\/2025\\\/01\\\/CAINCO-FOTO.jpg\",\"datePublished\":\"2025-01-21T10:01:05+00:00\",\"breadcrumb\":{\"@id\":\"https:\\\/\\\/www.eldiario.net\\\/portal\\\/2025\\\/01\\\/21\\\/el-bicentenario-tendra-el-deficit-fiscal-mas-alto-de-la-historia\\\/#breadcrumb\"},\"inLanguage\":\"es\",\"potentialAction\":[{\"@type\":\"ReadAction\",\"target\":[\"https:\\\/\\\/www.eldiario.net\\\/portal\\\/2025\\\/01\\\/21\\\/el-bicentenario-tendra-el-deficit-fiscal-mas-alto-de-la-historia\\\/\"]}]},{\"@type\":\"ImageObject\",\"inLanguage\":\"es\",\"@id\":\"https:\\\/\\\/www.eldiario.net\\\/portal\\\/2025\\\/01\\\/21\\\/el-bicentenario-tendra-el-deficit-fiscal-mas-alto-de-la-historia\\\/#primaryimage\",\"url\":\"https:\\\/\\\/www.eldiario.net\\\/portal\\\/wp-content\\\/uploads\\\/2025\\\/01\\\/CAINCO-FOTO.jpg\",\"contentUrl\":\"https:\\\/\\\/www.eldiario.net\\\/portal\\\/wp-content\\\/uploads\\\/2025\\\/01\\\/CAINCO-FOTO.jpg\",\"width\":1200,\"height\":511,\"caption\":\"Desde la entidad empresarial observan el modelo econ\u00f3mico y la falta de autocr\u00edtica del Jefe de Estado. FOTO: RRSS\"},{\"@type\":\"BreadcrumbList\",\"@id\":\"https:\\\/\\\/www.eldiario.net\\\/portal\\\/2025\\\/01\\\/21\\\/el-bicentenario-tendra-el-deficit-fiscal-mas-alto-de-la-historia\\\/#breadcrumb\",\"itemListElement\":[{\"@type\":\"ListItem\",\"position\":1,\"name\":\"Portada\",\"item\":\"https:\\\/\\\/www.eldiario.net\\\/portal\\\/\"},{\"@type\":\"ListItem\",\"position\":2,\"name\":\"\u201cEl Bicentenario tendr\u00e1 el d\u00e9ficit fiscal m\u00e1s alto de la historia\u201d\"}]},{\"@type\":\"WebSite\",\"@id\":\"https:\\\/\\\/www.eldiario.net\\\/portal\\\/#website\",\"url\":\"https:\\\/\\\/www.eldiario.net\\\/portal\\\/\",\"name\":\"El Diario - Decano de la prensa nacional\",\"description\":\"El Diario - Decano de la prensa nacional\",\"publisher\":{\"@id\":\"https:\\\/\\\/www.eldiario.net\\\/portal\\\/#organization\"},\"potentialAction\":[{\"@type\":\"SearchAction\",\"target\":{\"@type\":\"EntryPoint\",\"urlTemplate\":\"https:\\\/\\\/www.eldiario.net\\\/portal\\\/?s={search_term_string}\"},\"query-input\":{\"@type\":\"PropertyValueSpecification\",\"valueRequired\":true,\"valueName\":\"search_term_string\"}}],\"inLanguage\":\"es\"},{\"@type\":\"Organization\",\"@id\":\"https:\\\/\\\/www.eldiario.net\\\/portal\\\/#organization\",\"name\":\"El Diario - Decano de la prensa nacional\",\"url\":\"https:\\\/\\\/www.eldiario.net\\\/portal\\\/\",\"logo\":{\"@type\":\"ImageObject\",\"inLanguage\":\"es\",\"@id\":\"https:\\\/\\\/www.eldiario.net\\\/portal\\\/#\\\/schema\\\/logo\\\/image\\\/\",\"url\":\"https:\\\/\\\/www.eldiario.net\\\/portal\\\/wp-content\\\/uploads\\\/2023\\\/07\\\/logo_ED.jpg\",\"contentUrl\":\"https:\\\/\\\/www.eldiario.net\\\/portal\\\/wp-content\\\/uploads\\\/2023\\\/07\\\/logo_ED.jpg\",\"width\":272,\"height\":52,\"caption\":\"El Diario - Decano de la prensa nacional\"},\"image\":{\"@id\":\"https:\\\/\\\/www.eldiario.net\\\/portal\\\/#\\\/schema\\\/logo\\\/image\\\/\"},\"sameAs\":[\"https:\\\/\\\/www.facebook.com\\\/eldiario.bolivia\\\/\",\"https:\\\/\\\/x.com\\\/eldiario_net\"]},{\"@type\":\"Person\",\"@id\":\"https:\\\/\\\/www.eldiario.net\\\/portal\\\/#\\\/schema\\\/person\\\/f46445640444750d7d753ccd04ae01b7\",\"name\":\"Jeanette\",\"image\":{\"@type\":\"ImageObject\",\"inLanguage\":\"es\",\"@id\":\"https:\\\/\\\/secure.gravatar.com\\\/avatar\\\/3ea2118a5f7dad2b7138b1187a6b7ee55f160b9968b66013c3a3ef39dd7e5798?s=96&d=mm&r=g\",\"url\":\"https:\\\/\\\/secure.gravatar.com\\\/avatar\\\/3ea2118a5f7dad2b7138b1187a6b7ee55f160b9968b66013c3a3ef39dd7e5798?s=96&d=mm&r=g\",\"contentUrl\":\"https:\\\/\\\/secure.gravatar.com\\\/avatar\\\/3ea2118a5f7dad2b7138b1187a6b7ee55f160b9968b66013c3a3ef39dd7e5798?s=96&d=mm&r=g\",\"caption\":\"Jeanette\"},\"sameAs\":[\"https:\\\/\\\/www.eldiario.net\\\/portal\"],\"url\":\"https:\\\/\\\/www.eldiario.net\\\/portal\\\/author\\\/jeanette\\\/\"}]}<\/script>\n<!-- \/ Yoast SEO plugin. -->","yoast_head_json":{"title":"\u201cEl Bicentenario tendr\u00e1 el d\u00e9ficit fiscal m\u00e1s alto de la historia\u201d - El Diario - Bolivia","robots":{"index":"index","follow":"follow","max-snippet":"max-snippet:-1","max-image-preview":"max-image-preview:large","max-video-preview":"max-video-preview:-1"},"canonical":"https:\/\/www.eldiario.net\/portal\/2025\/01\/21\/el-bicentenario-tendra-el-deficit-fiscal-mas-alto-de-la-historia\/","og_locale":"es_ES","og_type":"article","og_title":"\u201cEl Bicentenario tendr\u00e1 el d\u00e9ficit fiscal m\u00e1s alto de la historia\u201d - El Diario - Bolivia","og_description":"\u201cPresidente, \u00bfest\u00e1 usted consciente que el pa\u00eds tendr\u00e1 en el Bicentenario el d\u00e9ficit fiscal m\u00e1s alto de su historia en t\u00e9rminos absolutos, que adem\u00e1s implica dejar sin recursos externos y una alta emisi\u00f3n inorg\u00e1nica con consecuencias en la inflaci\u00f3n para una siguiente gesti\u00f3n?\u201d, fue uno de los cuestionamientos remitidos por la C\u00e1mara de Industria, Comercio, [&hellip;]","og_url":"https:\/\/www.eldiario.net\/portal\/2025\/01\/21\/el-bicentenario-tendra-el-deficit-fiscal-mas-alto-de-la-historia\/","og_site_name":"El Diario - Bolivia","article_publisher":"https:\/\/www.facebook.com\/eldiario.bolivia\/","article_published_time":"2025-01-21T10:01:05+00:00","og_image":[{"width":1200,"height":511,"url":"https:\/\/www.eldiario.net\/portal\/wp-content\/uploads\/2025\/01\/CAINCO-FOTO.jpg","type":"image\/jpeg"}],"author":"Jeanette","twitter_card":"summary_large_image","twitter_creator":"@eldiario_net","twitter_site":"@eldiario_net","twitter_misc":{"Escrito por":"Jeanette","Tiempo de lectura":"3 minutos"},"schema":{"@context":"https:\/\/schema.org","@graph":[{"@type":"Article","@id":"https:\/\/www.eldiario.net\/portal\/2025\/01\/21\/el-bicentenario-tendra-el-deficit-fiscal-mas-alto-de-la-historia\/#article","isPartOf":{"@id":"https:\/\/www.eldiario.net\/portal\/2025\/01\/21\/el-bicentenario-tendra-el-deficit-fiscal-mas-alto-de-la-historia\/"},"author":{"name":"Jeanette","@id":"https:\/\/www.eldiario.net\/portal\/#\/schema\/person\/f46445640444750d7d753ccd04ae01b7"},"headline":"\u201cEl Bicentenario tendr\u00e1 el d\u00e9ficit fiscal m\u00e1s alto de la historia\u201d","datePublished":"2025-01-21T10:01:05+00:00","mainEntityOfPage":{"@id":"https:\/\/www.eldiario.net\/portal\/2025\/01\/21\/el-bicentenario-tendra-el-deficit-fiscal-mas-alto-de-la-historia\/"},"wordCount":532,"publisher":{"@id":"https:\/\/www.eldiario.net\/portal\/#organization"},"image":{"@id":"https:\/\/www.eldiario.net\/portal\/2025\/01\/21\/el-bicentenario-tendra-el-deficit-fiscal-mas-alto-de-la-historia\/#primaryimage"},"thumbnailUrl":"https:\/\/www.eldiario.net\/portal\/wp-content\/uploads\/2025\/01\/CAINCO-FOTO.jpg","articleSection":["Portada"],"inLanguage":"es"},{"@type":"WebPage","@id":"https:\/\/www.eldiario.net\/portal\/2025\/01\/21\/el-bicentenario-tendra-el-deficit-fiscal-mas-alto-de-la-historia\/","url":"https:\/\/www.eldiario.net\/portal\/2025\/01\/21\/el-bicentenario-tendra-el-deficit-fiscal-mas-alto-de-la-historia\/","name":"\u201cEl Bicentenario tendr\u00e1 el d\u00e9ficit fiscal m\u00e1s alto de la historia\u201d - El Diario - Bolivia","isPartOf":{"@id":"https:\/\/www.eldiario.net\/portal\/#website"},"primaryImageOfPage":{"@id":"https:\/\/www.eldiario.net\/portal\/2025\/01\/21\/el-bicentenario-tendra-el-deficit-fiscal-mas-alto-de-la-historia\/#primaryimage"},"image":{"@id":"https:\/\/www.eldiario.net\/portal\/2025\/01\/21\/el-bicentenario-tendra-el-deficit-fiscal-mas-alto-de-la-historia\/#primaryimage"},"thumbnailUrl":"https:\/\/www.eldiario.net\/portal\/wp-content\/uploads\/2025\/01\/CAINCO-FOTO.jpg","datePublished":"2025-01-21T10:01:05+00:00","breadcrumb":{"@id":"https:\/\/www.eldiario.net\/portal\/2025\/01\/21\/el-bicentenario-tendra-el-deficit-fiscal-mas-alto-de-la-historia\/#breadcrumb"},"inLanguage":"es","potentialAction":[{"@type":"ReadAction","target":["https:\/\/www.eldiario.net\/portal\/2025\/01\/21\/el-bicentenario-tendra-el-deficit-fiscal-mas-alto-de-la-historia\/"]}]},{"@type":"ImageObject","inLanguage":"es","@id":"https:\/\/www.eldiario.net\/portal\/2025\/01\/21\/el-bicentenario-tendra-el-deficit-fiscal-mas-alto-de-la-historia\/#primaryimage","url":"https:\/\/www.eldiario.net\/portal\/wp-content\/uploads\/2025\/01\/CAINCO-FOTO.jpg","contentUrl":"https:\/\/www.eldiario.net\/portal\/wp-content\/uploads\/2025\/01\/CAINCO-FOTO.jpg","width":1200,"height":511,"caption":"Desde la entidad empresarial observan el modelo econ\u00f3mico y la falta de autocr\u00edtica del Jefe de Estado. FOTO: RRSS"},{"@type":"BreadcrumbList","@id":"https:\/\/www.eldiario.net\/portal\/2025\/01\/21\/el-bicentenario-tendra-el-deficit-fiscal-mas-alto-de-la-historia\/#breadcrumb","itemListElement":[{"@type":"ListItem","position":1,"name":"Portada","item":"https:\/\/www.eldiario.net\/portal\/"},{"@type":"ListItem","position":2,"name":"\u201cEl Bicentenario tendr\u00e1 el d\u00e9ficit fiscal m\u00e1s alto de la historia\u201d"}]},{"@type":"WebSite","@id":"https:\/\/www.eldiario.net\/portal\/#website","url":"https:\/\/www.eldiario.net\/portal\/","name":"El Diario - Decano de la prensa nacional","description":"El Diario - Decano de la prensa nacional","publisher":{"@id":"https:\/\/www.eldiario.net\/portal\/#organization"},"potentialAction":[{"@type":"SearchAction","target":{"@type":"EntryPoint","urlTemplate":"https:\/\/www.eldiario.net\/portal\/?s={search_term_string}"},"query-input":{"@type":"PropertyValueSpecification","valueRequired":true,"valueName":"search_term_string"}}],"inLanguage":"es"},{"@type":"Organization","@id":"https:\/\/www.eldiario.net\/portal\/#organization","name":"El Diario - Decano de la prensa nacional","url":"https:\/\/www.eldiario.net\/portal\/","logo":{"@type":"ImageObject","inLanguage":"es","@id":"https:\/\/www.eldiario.net\/portal\/#\/schema\/logo\/image\/","url":"https:\/\/www.eldiario.net\/portal\/wp-content\/uploads\/2023\/07\/logo_ED.jpg","contentUrl":"https:\/\/www.eldiario.net\/portal\/wp-content\/uploads\/2023\/07\/logo_ED.jpg","width":272,"height":52,"caption":"El Diario - Decano de la prensa nacional"},"image":{"@id":"https:\/\/www.eldiario.net\/portal\/#\/schema\/logo\/image\/"},"sameAs":["https:\/\/www.facebook.com\/eldiario.bolivia\/","https:\/\/x.com\/eldiario_net"]},{"@type":"Person","@id":"https:\/\/www.eldiario.net\/portal\/#\/schema\/person\/f46445640444750d7d753ccd04ae01b7","name":"Jeanette","image":{"@type":"ImageObject","inLanguage":"es","@id":"https:\/\/secure.gravatar.com\/avatar\/3ea2118a5f7dad2b7138b1187a6b7ee55f160b9968b66013c3a3ef39dd7e5798?s=96&d=mm&r=g","url":"https:\/\/secure.gravatar.com\/avatar\/3ea2118a5f7dad2b7138b1187a6b7ee55f160b9968b66013c3a3ef39dd7e5798?s=96&d=mm&r=g","contentUrl":"https:\/\/secure.gravatar.com\/avatar\/3ea2118a5f7dad2b7138b1187a6b7ee55f160b9968b66013c3a3ef39dd7e5798?s=96&d=mm&r=g","caption":"Jeanette"},"sameAs":["https:\/\/www.eldiario.net\/portal"],"url":"https:\/\/www.eldiario.net\/portal\/author\/jeanette\/"}]}},"_links":{"self":[{"href":"https:\/\/www.eldiario.net\/portal\/wp-json\/wp\/v2\/posts\/276113","targetHints":{"allow":["GET"]}}],"collection":[{"href":"https:\/\/www.eldiario.net\/portal\/wp-json\/wp\/v2\/posts"}],"about":[{"href":"https:\/\/www.eldiario.net\/portal\/wp-json\/wp\/v2\/types\/post"}],"author":[{"embeddable":true,"href":"https:\/\/www.eldiario.net\/portal\/wp-json\/wp\/v2\/users\/1"}],"replies":[{"embeddable":true,"href":"https:\/\/www.eldiario.net\/portal\/wp-json\/wp\/v2\/comments?post=276113"}],"version-history":[{"count":1,"href":"https:\/\/www.eldiario.net\/portal\/wp-json\/wp\/v2\/posts\/276113\/revisions"}],"predecessor-version":[{"id":276115,"href":"https:\/\/www.eldiario.net\/portal\/wp-json\/wp\/v2\/posts\/276113\/revisions\/276115"}],"wp:featuredmedia":[{"embeddable":true,"href":"https:\/\/www.eldiario.net\/portal\/wp-json\/wp\/v2\/media\/276114"}],"wp:attachment":[{"href":"https:\/\/www.eldiario.net\/portal\/wp-json\/wp\/v2\/media?parent=276113"}],"wp:term":[{"taxonomy":"category","embeddable":true,"href":"https:\/\/www.eldiario.net\/portal\/wp-json\/wp\/v2\/categories?post=276113"},{"taxonomy":"post_tag","embeddable":true,"href":"https:\/\/www.eldiario.net\/portal\/wp-json\/wp\/v2\/tags?post=276113"}],"curies":[{"name":"wp","href":"https:\/\/api.w.org\/{rel}","templated":true}]}}