{"id":275720,"date":"2025-01-19T07:35:58","date_gmt":"2025-01-19T11:35:58","guid":{"rendered":"https:\/\/www.eldiario.net\/portal\/?p=275720"},"modified":"2025-01-19T07:35:58","modified_gmt":"2025-01-19T11:35:58","slug":"the-strongest-a-trabajar","status":"publish","type":"post","link":"https:\/\/www.eldiario.net\/portal\/2025\/01\/19\/the-strongest-a-trabajar\/","title":{"rendered":"The Strongest, a trabajar"},"content":{"rendered":"<p>Manos a la obra. Antonio Carlos Zago fue presentado ayer para asumir el mando del club The Strongest como director t\u00e9cnico. El brasile\u00f1o, quien cuenta con pasado en Bol\u00edvar y la Selecci\u00f3n Nacional, recalc\u00f3 que ser\u00e1 importante contar con amistosos antes de su presentaci\u00f3n en las fases previas a la Copa Libertadores contra el Bah\u00eda, equipo que tambi\u00e9n conoce.<br \/>\n\u201cLo ideal ser\u00eda jugar cinco amistosos, porque Bah\u00eda tendr\u00e1 ocho partidos, porque en Brasil comenzaron los torneos estaduales. Los jugadores de Bah\u00eda est\u00e1n haciendo temporada en Girona volver\u00e1n y har\u00e1n seis amistosos\u201d, declar\u00f3 Zago.<br \/>\nEl brasile\u00f1o fue anunciado como el nuevo entrenador hace una semana, pero \u201creci\u00e9n\u201d el viernes arrib\u00f3 a La Paz y ayer realiz\u00f3 su primer d\u00eda de trabajo. En estos d\u00edas, el trabajo del equipo estuvo a cargo de Juan Carlos Paz Garc\u00eda, entrenador de la reserva junto a Giancarlo Zago, hijo de Antonio Carlos, como parte del cuerpo t\u00e9cnico y estuvo manteniendo informado al director t\u00e9cnico.<br \/>\n\u201cTenemos tiempo, a\u00fan no se sabe cu\u00e1ndo empieza el campeonato local y viendo a Bah\u00eda es un equipo que est\u00e1 invirtiendo mucha plata, tiene por detr\u00e1s al grupo City\u201d, agreg\u00f3 Zago, quien dirigi\u00f3 a Bol\u00edvar en 2021-2022, saliendo campe\u00f3n en 2022.<\/p>\n<p>REFUERZOS<br \/>\nCon el prop\u00f3sito de repetir esa campa\u00f1a, Zago se reunir\u00e1 estos d\u00edas con la dirigencia para acordar el tema de los refuerzos, \u201cver que necesitamos para hacer contrataciones, es importante reforzar los equipos, vamos a intentar hacerlo\u201d. Adem\u00e1s de definir la continuidad del colombiano Michael Ortega, quien lleg\u00f3 con demora a la pretemporada.<\/p>\n<p>CONTRA BOL\u00cdVAR<br \/>\nEn respuesta a Marcelo Claure, quien el pasado a\u00f1o invit\u00f3 a The Strongest para realizar un amistoso en homenaje al Centenario de Bol\u00edvar en abril, el brasile\u00f1o enfatiz\u00f3 que deber\u00e1 ser un \u201cacuerdo entre dirigentes\u201d, pero de parte de \u00e9l \u201caceptar\u00eda este partido\u201d.<\/p>\n","protected":false},"excerpt":{"rendered":"<p>Manos a la obra. Antonio Carlos Zago fue presentado ayer para asumir el mando del club The Strongest como director t\u00e9cnico. El brasile\u00f1o, quien cuenta con pasado en Bol\u00edvar y la Selecci\u00f3n Nacional, recalc\u00f3 que ser\u00e1 importante contar con amistosos antes de su presentaci\u00f3n en las fases previas a la Copa Libertadores contra el Bah\u00eda, [&hellip;]<\/p>\n","protected":false},"author":1,"featured_media":275721,"comment_status":"closed","ping_status":"open","sticky":false,"template":"","format":"standard","meta":{"_acf_changed":false,"footnotes":""},"categories":[6],"tags":[],"class_list":["post-275720","post","type-post","status-publish","format-standard","has-post-thumbnail","category-deportes"],"acf":{"antetitulo":""},"yoast_head":"<!-- This site is optimized with the Yoast SEO plugin v28.3 - https:\/\/yoast.com\/product\/yoast-seo-wordpress\/ -->\n<title>The Strongest, a trabajar - El Diario - Bolivia<\/title>\n<meta name=\"robots\" content=\"index, follow, max-snippet:-1, max-image-preview:large, max-video-preview:-1\" \/>\n<link rel=\"canonical\" href=\"https:\/\/www.eldiario.net\/portal\/2025\/01\/19\/the-strongest-a-trabajar\/\" \/>\n<meta property=\"og:locale\" content=\"es_ES\" \/>\n<meta property=\"og:type\" content=\"article\" \/>\n<meta property=\"og:title\" content=\"The Strongest, a trabajar - El Diario - Bolivia\" \/>\n<meta property=\"og:description\" content=\"Manos a la obra. Antonio Carlos Zago fue presentado ayer para asumir el mando del club The Strongest como director t\u00e9cnico. El brasile\u00f1o, quien cuenta con pasado en Bol\u00edvar y la Selecci\u00f3n Nacional, recalc\u00f3 que ser\u00e1 importante contar con amistosos antes de su presentaci\u00f3n en las fases previas a la Copa Libertadores contra el Bah\u00eda, [&hellip;]\" \/>\n<meta property=\"og:url\" content=\"https:\/\/www.eldiario.net\/portal\/2025\/01\/19\/the-strongest-a-trabajar\/\" \/>\n<meta property=\"og:site_name\" content=\"El Diario - Bolivia\" \/>\n<meta property=\"article:publisher\" content=\"https:\/\/www.facebook.com\/eldiario.bolivia\/\" \/>\n<meta property=\"article:published_time\" content=\"2025-01-19T11:35:58+00:00\" \/>\n<meta property=\"og:image\" content=\"https:\/\/www.eldiario.net\/portal\/wp-content\/uploads\/2025\/01\/WhatsApp-Image-2025-01-18-at-2.54.jpg\" \/>\n\t<meta property=\"og:image:width\" content=\"768\" \/>\n\t<meta property=\"og:image:height\" content=\"696\" \/>\n\t<meta property=\"og:image:type\" content=\"image\/jpeg\" \/>\n<meta name=\"author\" content=\"Jeanette\" \/>\n<meta name=\"twitter:card\" content=\"summary_large_image\" \/>\n<meta name=\"twitter:creator\" content=\"@eldiario_net\" \/>\n<meta name=\"twitter:site\" content=\"@eldiario_net\" \/>\n<meta name=\"twitter:label1\" content=\"Escrito por\" \/>\n\t<meta name=\"twitter:data1\" content=\"Jeanette\" \/>\n\t<meta name=\"twitter:label2\" content=\"Tiempo de lectura\" \/>\n\t<meta name=\"twitter:data2\" content=\"2 minutos\" \/>\n<script type=\"application\/ld+json\" class=\"yoast-schema-graph\">{\"@context\":\"https:\\\/\\\/schema.org\",\"@graph\":[{\"@type\":\"Article\",\"@id\":\"https:\\\/\\\/www.eldiario.net\\\/portal\\\/2025\\\/01\\\/19\\\/the-strongest-a-trabajar\\\/#article\",\"isPartOf\":{\"@id\":\"https:\\\/\\\/www.eldiario.net\\\/portal\\\/2025\\\/01\\\/19\\\/the-strongest-a-trabajar\\\/\"},\"author\":{\"name\":\"Jeanette\",\"@id\":\"https:\\\/\\\/www.eldiario.net\\\/portal\\\/#\\\/schema\\\/person\\\/f46445640444750d7d753ccd04ae01b7\"},\"headline\":\"The Strongest, a trabajar\",\"datePublished\":\"2025-01-19T11:35:58+00:00\",\"mainEntityOfPage\":{\"@id\":\"https:\\\/\\\/www.eldiario.net\\\/portal\\\/2025\\\/01\\\/19\\\/the-strongest-a-trabajar\\\/\"},\"wordCount\":337,\"publisher\":{\"@id\":\"https:\\\/\\\/www.eldiario.net\\\/portal\\\/#organization\"},\"image\":{\"@id\":\"https:\\\/\\\/www.eldiario.net\\\/portal\\\/2025\\\/01\\\/19\\\/the-strongest-a-trabajar\\\/#primaryimage\"},\"thumbnailUrl\":\"https:\\\/\\\/www.eldiario.net\\\/portal\\\/wp-content\\\/uploads\\\/2025\\\/01\\\/WhatsApp-Image-2025-01-18-at-2.54.jpg\",\"articleSection\":[\"Deportes\"],\"inLanguage\":\"es\"},{\"@type\":\"WebPage\",\"@id\":\"https:\\\/\\\/www.eldiario.net\\\/portal\\\/2025\\\/01\\\/19\\\/the-strongest-a-trabajar\\\/\",\"url\":\"https:\\\/\\\/www.eldiario.net\\\/portal\\\/2025\\\/01\\\/19\\\/the-strongest-a-trabajar\\\/\",\"name\":\"The Strongest, a trabajar - El Diario - Bolivia\",\"isPartOf\":{\"@id\":\"https:\\\/\\\/www.eldiario.net\\\/portal\\\/#website\"},\"primaryImageOfPage\":{\"@id\":\"https:\\\/\\\/www.eldiario.net\\\/portal\\\/2025\\\/01\\\/19\\\/the-strongest-a-trabajar\\\/#primaryimage\"},\"image\":{\"@id\":\"https:\\\/\\\/www.eldiario.net\\\/portal\\\/2025\\\/01\\\/19\\\/the-strongest-a-trabajar\\\/#primaryimage\"},\"thumbnailUrl\":\"https:\\\/\\\/www.eldiario.net\\\/portal\\\/wp-content\\\/uploads\\\/2025\\\/01\\\/WhatsApp-Image-2025-01-18-at-2.54.jpg\",\"datePublished\":\"2025-01-19T11:35:58+00:00\",\"breadcrumb\":{\"@id\":\"https:\\\/\\\/www.eldiario.net\\\/portal\\\/2025\\\/01\\\/19\\\/the-strongest-a-trabajar\\\/#breadcrumb\"},\"inLanguage\":\"es\",\"potentialAction\":[{\"@type\":\"ReadAction\",\"target\":[\"https:\\\/\\\/www.eldiario.net\\\/portal\\\/2025\\\/01\\\/19\\\/the-strongest-a-trabajar\\\/\"]}]},{\"@type\":\"ImageObject\",\"inLanguage\":\"es\",\"@id\":\"https:\\\/\\\/www.eldiario.net\\\/portal\\\/2025\\\/01\\\/19\\\/the-strongest-a-trabajar\\\/#primaryimage\",\"url\":\"https:\\\/\\\/www.eldiario.net\\\/portal\\\/wp-content\\\/uploads\\\/2025\\\/01\\\/WhatsApp-Image-2025-01-18-at-2.54.jpg\",\"contentUrl\":\"https:\\\/\\\/www.eldiario.net\\\/portal\\\/wp-content\\\/uploads\\\/2025\\\/01\\\/WhatsApp-Image-2025-01-18-at-2.54.jpg\",\"width\":768,\"height\":696},{\"@type\":\"BreadcrumbList\",\"@id\":\"https:\\\/\\\/www.eldiario.net\\\/portal\\\/2025\\\/01\\\/19\\\/the-strongest-a-trabajar\\\/#breadcrumb\",\"itemListElement\":[{\"@type\":\"ListItem\",\"position\":1,\"name\":\"Portada\",\"item\":\"https:\\\/\\\/www.eldiario.net\\\/portal\\\/\"},{\"@type\":\"ListItem\",\"position\":2,\"name\":\"The Strongest, a trabajar\"}]},{\"@type\":\"WebSite\",\"@id\":\"https:\\\/\\\/www.eldiario.net\\\/portal\\\/#website\",\"url\":\"https:\\\/\\\/www.eldiario.net\\\/portal\\\/\",\"name\":\"El Diario - Decano de la prensa nacional\",\"description\":\"El Diario - Decano de la prensa nacional\",\"publisher\":{\"@id\":\"https:\\\/\\\/www.eldiario.net\\\/portal\\\/#organization\"},\"potentialAction\":[{\"@type\":\"SearchAction\",\"target\":{\"@type\":\"EntryPoint\",\"urlTemplate\":\"https:\\\/\\\/www.eldiario.net\\\/portal\\\/?s={search_term_string}\"},\"query-input\":{\"@type\":\"PropertyValueSpecification\",\"valueRequired\":true,\"valueName\":\"search_term_string\"}}],\"inLanguage\":\"es\"},{\"@type\":\"Organization\",\"@id\":\"https:\\\/\\\/www.eldiario.net\\\/portal\\\/#organization\",\"name\":\"El Diario - Decano de la prensa nacional\",\"url\":\"https:\\\/\\\/www.eldiario.net\\\/portal\\\/\",\"logo\":{\"@type\":\"ImageObject\",\"inLanguage\":\"es\",\"@id\":\"https:\\\/\\\/www.eldiario.net\\\/portal\\\/#\\\/schema\\\/logo\\\/image\\\/\",\"url\":\"https:\\\/\\\/www.eldiario.net\\\/portal\\\/wp-content\\\/uploads\\\/2023\\\/07\\\/logo_ED.jpg\",\"contentUrl\":\"https:\\\/\\\/www.eldiario.net\\\/portal\\\/wp-content\\\/uploads\\\/2023\\\/07\\\/logo_ED.jpg\",\"width\":272,\"height\":52,\"caption\":\"El Diario - Decano de la prensa nacional\"},\"image\":{\"@id\":\"https:\\\/\\\/www.eldiario.net\\\/portal\\\/#\\\/schema\\\/logo\\\/image\\\/\"},\"sameAs\":[\"https:\\\/\\\/www.facebook.com\\\/eldiario.bolivia\\\/\",\"https:\\\/\\\/x.com\\\/eldiario_net\"]},{\"@type\":\"Person\",\"@id\":\"https:\\\/\\\/www.eldiario.net\\\/portal\\\/#\\\/schema\\\/person\\\/f46445640444750d7d753ccd04ae01b7\",\"name\":\"Jeanette\",\"image\":{\"@type\":\"ImageObject\",\"inLanguage\":\"es\",\"@id\":\"https:\\\/\\\/secure.gravatar.com\\\/avatar\\\/3ea2118a5f7dad2b7138b1187a6b7ee55f160b9968b66013c3a3ef39dd7e5798?s=96&d=mm&r=g\",\"url\":\"https:\\\/\\\/secure.gravatar.com\\\/avatar\\\/3ea2118a5f7dad2b7138b1187a6b7ee55f160b9968b66013c3a3ef39dd7e5798?s=96&d=mm&r=g\",\"contentUrl\":\"https:\\\/\\\/secure.gravatar.com\\\/avatar\\\/3ea2118a5f7dad2b7138b1187a6b7ee55f160b9968b66013c3a3ef39dd7e5798?s=96&d=mm&r=g\",\"caption\":\"Jeanette\"},\"sameAs\":[\"https:\\\/\\\/www.eldiario.net\\\/portal\"],\"url\":\"https:\\\/\\\/www.eldiario.net\\\/portal\\\/author\\\/jeanette\\\/\"}]}<\/script>\n<!-- \/ Yoast SEO plugin. -->","yoast_head_json":{"title":"The Strongest, a trabajar - El Diario - Bolivia","robots":{"index":"index","follow":"follow","max-snippet":"max-snippet:-1","max-image-preview":"max-image-preview:large","max-video-preview":"max-video-preview:-1"},"canonical":"https:\/\/www.eldiario.net\/portal\/2025\/01\/19\/the-strongest-a-trabajar\/","og_locale":"es_ES","og_type":"article","og_title":"The Strongest, a trabajar - El Diario - Bolivia","og_description":"Manos a la obra. Antonio Carlos Zago fue presentado ayer para asumir el mando del club The Strongest como director t\u00e9cnico. El brasile\u00f1o, quien cuenta con pasado en Bol\u00edvar y la Selecci\u00f3n Nacional, recalc\u00f3 que ser\u00e1 importante contar con amistosos antes de su presentaci\u00f3n en las fases previas a la Copa Libertadores contra el Bah\u00eda, [&hellip;]","og_url":"https:\/\/www.eldiario.net\/portal\/2025\/01\/19\/the-strongest-a-trabajar\/","og_site_name":"El Diario - Bolivia","article_publisher":"https:\/\/www.facebook.com\/eldiario.bolivia\/","article_published_time":"2025-01-19T11:35:58+00:00","og_image":[{"width":768,"height":696,"url":"https:\/\/www.eldiario.net\/portal\/wp-content\/uploads\/2025\/01\/WhatsApp-Image-2025-01-18-at-2.54.jpg","type":"image\/jpeg"}],"author":"Jeanette","twitter_card":"summary_large_image","twitter_creator":"@eldiario_net","twitter_site":"@eldiario_net","twitter_misc":{"Escrito por":"Jeanette","Tiempo de lectura":"2 minutos"},"schema":{"@context":"https:\/\/schema.org","@graph":[{"@type":"Article","@id":"https:\/\/www.eldiario.net\/portal\/2025\/01\/19\/the-strongest-a-trabajar\/#article","isPartOf":{"@id":"https:\/\/www.eldiario.net\/portal\/2025\/01\/19\/the-strongest-a-trabajar\/"},"author":{"name":"Jeanette","@id":"https:\/\/www.eldiario.net\/portal\/#\/schema\/person\/f46445640444750d7d753ccd04ae01b7"},"headline":"The Strongest, a trabajar","datePublished":"2025-01-19T11:35:58+00:00","mainEntityOfPage":{"@id":"https:\/\/www.eldiario.net\/portal\/2025\/01\/19\/the-strongest-a-trabajar\/"},"wordCount":337,"publisher":{"@id":"https:\/\/www.eldiario.net\/portal\/#organization"},"image":{"@id":"https:\/\/www.eldiario.net\/portal\/2025\/01\/19\/the-strongest-a-trabajar\/#primaryimage"},"thumbnailUrl":"https:\/\/www.eldiario.net\/portal\/wp-content\/uploads\/2025\/01\/WhatsApp-Image-2025-01-18-at-2.54.jpg","articleSection":["Deportes"],"inLanguage":"es"},{"@type":"WebPage","@id":"https:\/\/www.eldiario.net\/portal\/2025\/01\/19\/the-strongest-a-trabajar\/","url":"https:\/\/www.eldiario.net\/portal\/2025\/01\/19\/the-strongest-a-trabajar\/","name":"The Strongest, a trabajar - El Diario - Bolivia","isPartOf":{"@id":"https:\/\/www.eldiario.net\/portal\/#website"},"primaryImageOfPage":{"@id":"https:\/\/www.eldiario.net\/portal\/2025\/01\/19\/the-strongest-a-trabajar\/#primaryimage"},"image":{"@id":"https:\/\/www.eldiario.net\/portal\/2025\/01\/19\/the-strongest-a-trabajar\/#primaryimage"},"thumbnailUrl":"https:\/\/www.eldiario.net\/portal\/wp-content\/uploads\/2025\/01\/WhatsApp-Image-2025-01-18-at-2.54.jpg","datePublished":"2025-01-19T11:35:58+00:00","breadcrumb":{"@id":"https:\/\/www.eldiario.net\/portal\/2025\/01\/19\/the-strongest-a-trabajar\/#breadcrumb"},"inLanguage":"es","potentialAction":[{"@type":"ReadAction","target":["https:\/\/www.eldiario.net\/portal\/2025\/01\/19\/the-strongest-a-trabajar\/"]}]},{"@type":"ImageObject","inLanguage":"es","@id":"https:\/\/www.eldiario.net\/portal\/2025\/01\/19\/the-strongest-a-trabajar\/#primaryimage","url":"https:\/\/www.eldiario.net\/portal\/wp-content\/uploads\/2025\/01\/WhatsApp-Image-2025-01-18-at-2.54.jpg","contentUrl":"https:\/\/www.eldiario.net\/portal\/wp-content\/uploads\/2025\/01\/WhatsApp-Image-2025-01-18-at-2.54.jpg","width":768,"height":696},{"@type":"BreadcrumbList","@id":"https:\/\/www.eldiario.net\/portal\/2025\/01\/19\/the-strongest-a-trabajar\/#breadcrumb","itemListElement":[{"@type":"ListItem","position":1,"name":"Portada","item":"https:\/\/www.eldiario.net\/portal\/"},{"@type":"ListItem","position":2,"name":"The Strongest, a trabajar"}]},{"@type":"WebSite","@id":"https:\/\/www.eldiario.net\/portal\/#website","url":"https:\/\/www.eldiario.net\/portal\/","name":"El Diario - Decano de la prensa nacional","description":"El Diario - Decano de la prensa nacional","publisher":{"@id":"https:\/\/www.eldiario.net\/portal\/#organization"},"potentialAction":[{"@type":"SearchAction","target":{"@type":"EntryPoint","urlTemplate":"https:\/\/www.eldiario.net\/portal\/?s={search_term_string}"},"query-input":{"@type":"PropertyValueSpecification","valueRequired":true,"valueName":"search_term_string"}}],"inLanguage":"es"},{"@type":"Organization","@id":"https:\/\/www.eldiario.net\/portal\/#organization","name":"El Diario - Decano de la prensa nacional","url":"https:\/\/www.eldiario.net\/portal\/","logo":{"@type":"ImageObject","inLanguage":"es","@id":"https:\/\/www.eldiario.net\/portal\/#\/schema\/logo\/image\/","url":"https:\/\/www.eldiario.net\/portal\/wp-content\/uploads\/2023\/07\/logo_ED.jpg","contentUrl":"https:\/\/www.eldiario.net\/portal\/wp-content\/uploads\/2023\/07\/logo_ED.jpg","width":272,"height":52,"caption":"El Diario - Decano de la prensa nacional"},"image":{"@id":"https:\/\/www.eldiario.net\/portal\/#\/schema\/logo\/image\/"},"sameAs":["https:\/\/www.facebook.com\/eldiario.bolivia\/","https:\/\/x.com\/eldiario_net"]},{"@type":"Person","@id":"https:\/\/www.eldiario.net\/portal\/#\/schema\/person\/f46445640444750d7d753ccd04ae01b7","name":"Jeanette","image":{"@type":"ImageObject","inLanguage":"es","@id":"https:\/\/secure.gravatar.com\/avatar\/3ea2118a5f7dad2b7138b1187a6b7ee55f160b9968b66013c3a3ef39dd7e5798?s=96&d=mm&r=g","url":"https:\/\/secure.gravatar.com\/avatar\/3ea2118a5f7dad2b7138b1187a6b7ee55f160b9968b66013c3a3ef39dd7e5798?s=96&d=mm&r=g","contentUrl":"https:\/\/secure.gravatar.com\/avatar\/3ea2118a5f7dad2b7138b1187a6b7ee55f160b9968b66013c3a3ef39dd7e5798?s=96&d=mm&r=g","caption":"Jeanette"},"sameAs":["https:\/\/www.eldiario.net\/portal"],"url":"https:\/\/www.eldiario.net\/portal\/author\/jeanette\/"}]}},"_links":{"self":[{"href":"https:\/\/www.eldiario.net\/portal\/wp-json\/wp\/v2\/posts\/275720","targetHints":{"allow":["GET"]}}],"collection":[{"href":"https:\/\/www.eldiario.net\/portal\/wp-json\/wp\/v2\/posts"}],"about":[{"href":"https:\/\/www.eldiario.net\/portal\/wp-json\/wp\/v2\/types\/post"}],"author":[{"embeddable":true,"href":"https:\/\/www.eldiario.net\/portal\/wp-json\/wp\/v2\/users\/1"}],"replies":[{"embeddable":true,"href":"https:\/\/www.eldiario.net\/portal\/wp-json\/wp\/v2\/comments?post=275720"}],"version-history":[{"count":1,"href":"https:\/\/www.eldiario.net\/portal\/wp-json\/wp\/v2\/posts\/275720\/revisions"}],"predecessor-version":[{"id":275722,"href":"https:\/\/www.eldiario.net\/portal\/wp-json\/wp\/v2\/posts\/275720\/revisions\/275722"}],"wp:featuredmedia":[{"embeddable":true,"href":"https:\/\/www.eldiario.net\/portal\/wp-json\/wp\/v2\/media\/275721"}],"wp:attachment":[{"href":"https:\/\/www.eldiario.net\/portal\/wp-json\/wp\/v2\/media?parent=275720"}],"wp:term":[{"taxonomy":"category","embeddable":true,"href":"https:\/\/www.eldiario.net\/portal\/wp-json\/wp\/v2\/categories?post=275720"},{"taxonomy":"post_tag","embeddable":true,"href":"https:\/\/www.eldiario.net\/portal\/wp-json\/wp\/v2\/tags?post=275720"}],"curies":[{"name":"wp","href":"https:\/\/api.w.org\/{rel}","templated":true}]}}