{"id":275711,"date":"2025-01-19T07:34:10","date_gmt":"2025-01-19T11:34:10","guid":{"rendered":"https:\/\/www.eldiario.net\/portal\/?p=275711"},"modified":"2025-01-19T07:34:10","modified_gmt":"2025-01-19T11:34:10","slug":"ancelotti-vinicius-ha-aprendido-de-la-tarjeta-roja","status":"publish","type":"post","link":"https:\/\/www.eldiario.net\/portal\/2025\/01\/19\/ancelotti-vinicius-ha-aprendido-de-la-tarjeta-roja\/","title":{"rendered":"Ancelotti: \u00abVin\u00edcius ha aprendido de la tarjeta roja\u00bb"},"content":{"rendered":"<p>El Real Madrid disputar\u00e1 hoy ante la UD Las Palmas el primero de sus dos partidos en LaLiga EA Sports sin Vin\u00edcius Junior, al que su t\u00e9cnico, Carlo Ancelotti, asegur\u00f3 que echar\u00e1n \u00abde menos\u00bb, tras reconocer que el delantero brasile\u00f1o \u00abha aprendido de la tarjeta roja\u00bb que recibi\u00f3 en Mestalla en el primer partido del 2025.<br \/>\n\u00abNo hemos hablado de esto pero si ha estado m\u00e1s tranquilo es porque pienso que ha aprendido de lo que ha pasado en los \u00faltimos tiempos, de la tarjeta roja. Le echamos de menos porque siempre Vini es un gran jugador\u00bb, dijo en rueda de prensa Ancelotti.<br \/>\nConfirm\u00f3 el t\u00e9cnico italiano que mantendr\u00e1 el sistema 4-3-3 con un tridente en el que no tendr\u00e1 cabida el brasile\u00f1o Endrick de inicio pese a marcar dos goles al Celta de Vigo en la pr\u00f3rroga, que dieron al Real Madrid el pase a cuartos de final de la Copa del Rey. \u00abTiene opciones, como todos, pero la idea es meter a lo que estamos acostumbrado. Tenemos a Brahim en buena forma y Mbapp\u00e9 y Rodrygo est\u00e1n muy bien\u00bb, asegur\u00f3 desvelando el tridente por que apostar\u00e1 sin Vin\u00edcius.<br \/>\nEndrick debe seguir con su aprendizaje. \u00abNunca ha cambiado mi idea, podemos contar con \u00e9l teniendo en cuenta el aprendizaje que tiene que tener un jugador joven de 18 a\u00f1os que viene de Brasil y tiene que adaptarse. Est\u00e1 progresando de la manera que pens\u00e1bamos iba a progresar, est\u00e1 trabajando, es muy serio y profesional. Ha aprovechado los minutos mostrando su mejor cualidad que es marcar goles\u00bb, analiz\u00f3.<\/p>\n","protected":false},"excerpt":{"rendered":"<p>El Real Madrid disputar\u00e1 hoy ante la UD Las Palmas el primero de sus dos partidos en LaLiga EA Sports sin Vin\u00edcius Junior, al que su t\u00e9cnico, Carlo Ancelotti, asegur\u00f3 que echar\u00e1n \u00abde menos\u00bb, tras reconocer que el delantero brasile\u00f1o \u00abha aprendido de la tarjeta roja\u00bb que recibi\u00f3 en Mestalla en el primer partido del [&hellip;]<\/p>\n","protected":false},"author":1,"featured_media":275712,"comment_status":"closed","ping_status":"open","sticky":false,"template":"","format":"standard","meta":{"_acf_changed":false,"footnotes":""},"categories":[6],"tags":[],"class_list":["post-275711","post","type-post","status-publish","format-standard","has-post-thumbnail","category-deportes"],"acf":{"antetitulo":""},"yoast_head":"<!-- This site is optimized with the Yoast SEO plugin v28.3 - https:\/\/yoast.com\/product\/yoast-seo-wordpress\/ -->\n<title>Ancelotti: &quot;Vin\u00edcius ha aprendido de la tarjeta roja&quot; - El Diario - Bolivia<\/title>\n<meta name=\"robots\" content=\"index, follow, max-snippet:-1, max-image-preview:large, max-video-preview:-1\" \/>\n<link rel=\"canonical\" href=\"https:\/\/www.eldiario.net\/portal\/2025\/01\/19\/ancelotti-vinicius-ha-aprendido-de-la-tarjeta-roja\/\" \/>\n<meta property=\"og:locale\" content=\"es_ES\" \/>\n<meta property=\"og:type\" content=\"article\" \/>\n<meta property=\"og:title\" content=\"Ancelotti: &quot;Vin\u00edcius ha aprendido de la tarjeta roja&quot; - El Diario - Bolivia\" \/>\n<meta property=\"og:description\" content=\"El Real Madrid disputar\u00e1 hoy ante la UD Las Palmas el primero de sus dos partidos en LaLiga EA Sports sin Vin\u00edcius Junior, al que su t\u00e9cnico, Carlo Ancelotti, asegur\u00f3 que echar\u00e1n \u00abde menos\u00bb, tras reconocer que el delantero brasile\u00f1o \u00abha aprendido de la tarjeta roja\u00bb que recibi\u00f3 en Mestalla en el primer partido del [&hellip;]\" \/>\n<meta property=\"og:url\" content=\"https:\/\/www.eldiario.net\/portal\/2025\/01\/19\/ancelotti-vinicius-ha-aprendido-de-la-tarjeta-roja\/\" \/>\n<meta property=\"og:site_name\" content=\"El Diario - Bolivia\" \/>\n<meta property=\"article:publisher\" content=\"https:\/\/www.facebook.com\/eldiario.bolivia\/\" \/>\n<meta property=\"article:published_time\" content=\"2025-01-19T11:34:10+00:00\" \/>\n<meta property=\"og:image\" content=\"https:\/\/www.eldiario.net\/portal\/wp-content\/uploads\/2025\/01\/VINICIUS.jpg\" \/>\n\t<meta property=\"og:image:width\" content=\"1200\" \/>\n\t<meta property=\"og:image:height\" content=\"800\" \/>\n\t<meta property=\"og:image:type\" content=\"image\/jpeg\" \/>\n<meta name=\"author\" content=\"Jeanette\" \/>\n<meta name=\"twitter:card\" content=\"summary_large_image\" \/>\n<meta name=\"twitter:creator\" content=\"@eldiario_net\" \/>\n<meta name=\"twitter:site\" content=\"@eldiario_net\" \/>\n<meta name=\"twitter:label1\" content=\"Escrito por\" \/>\n\t<meta name=\"twitter:data1\" content=\"Jeanette\" \/>\n\t<meta name=\"twitter:label2\" content=\"Tiempo de lectura\" \/>\n\t<meta name=\"twitter:data2\" content=\"2 minutos\" \/>\n<script type=\"application\/ld+json\" class=\"yoast-schema-graph\">{\"@context\":\"https:\\\/\\\/schema.org\",\"@graph\":[{\"@type\":\"Article\",\"@id\":\"https:\\\/\\\/www.eldiario.net\\\/portal\\\/2025\\\/01\\\/19\\\/ancelotti-vinicius-ha-aprendido-de-la-tarjeta-roja\\\/#article\",\"isPartOf\":{\"@id\":\"https:\\\/\\\/www.eldiario.net\\\/portal\\\/2025\\\/01\\\/19\\\/ancelotti-vinicius-ha-aprendido-de-la-tarjeta-roja\\\/\"},\"author\":{\"name\":\"Jeanette\",\"@id\":\"https:\\\/\\\/www.eldiario.net\\\/portal\\\/#\\\/schema\\\/person\\\/f46445640444750d7d753ccd04ae01b7\"},\"headline\":\"Ancelotti: \u00abVin\u00edcius ha aprendido de la tarjeta roja\u00bb\",\"datePublished\":\"2025-01-19T11:34:10+00:00\",\"mainEntityOfPage\":{\"@id\":\"https:\\\/\\\/www.eldiario.net\\\/portal\\\/2025\\\/01\\\/19\\\/ancelotti-vinicius-ha-aprendido-de-la-tarjeta-roja\\\/\"},\"wordCount\":278,\"publisher\":{\"@id\":\"https:\\\/\\\/www.eldiario.net\\\/portal\\\/#organization\"},\"image\":{\"@id\":\"https:\\\/\\\/www.eldiario.net\\\/portal\\\/2025\\\/01\\\/19\\\/ancelotti-vinicius-ha-aprendido-de-la-tarjeta-roja\\\/#primaryimage\"},\"thumbnailUrl\":\"https:\\\/\\\/www.eldiario.net\\\/portal\\\/wp-content\\\/uploads\\\/2025\\\/01\\\/VINICIUS.jpg\",\"articleSection\":[\"Deportes\"],\"inLanguage\":\"es\"},{\"@type\":\"WebPage\",\"@id\":\"https:\\\/\\\/www.eldiario.net\\\/portal\\\/2025\\\/01\\\/19\\\/ancelotti-vinicius-ha-aprendido-de-la-tarjeta-roja\\\/\",\"url\":\"https:\\\/\\\/www.eldiario.net\\\/portal\\\/2025\\\/01\\\/19\\\/ancelotti-vinicius-ha-aprendido-de-la-tarjeta-roja\\\/\",\"name\":\"Ancelotti: \\\"Vin\u00edcius ha aprendido de la tarjeta roja\\\" - El Diario - Bolivia\",\"isPartOf\":{\"@id\":\"https:\\\/\\\/www.eldiario.net\\\/portal\\\/#website\"},\"primaryImageOfPage\":{\"@id\":\"https:\\\/\\\/www.eldiario.net\\\/portal\\\/2025\\\/01\\\/19\\\/ancelotti-vinicius-ha-aprendido-de-la-tarjeta-roja\\\/#primaryimage\"},\"image\":{\"@id\":\"https:\\\/\\\/www.eldiario.net\\\/portal\\\/2025\\\/01\\\/19\\\/ancelotti-vinicius-ha-aprendido-de-la-tarjeta-roja\\\/#primaryimage\"},\"thumbnailUrl\":\"https:\\\/\\\/www.eldiario.net\\\/portal\\\/wp-content\\\/uploads\\\/2025\\\/01\\\/VINICIUS.jpg\",\"datePublished\":\"2025-01-19T11:34:10+00:00\",\"breadcrumb\":{\"@id\":\"https:\\\/\\\/www.eldiario.net\\\/portal\\\/2025\\\/01\\\/19\\\/ancelotti-vinicius-ha-aprendido-de-la-tarjeta-roja\\\/#breadcrumb\"},\"inLanguage\":\"es\",\"potentialAction\":[{\"@type\":\"ReadAction\",\"target\":[\"https:\\\/\\\/www.eldiario.net\\\/portal\\\/2025\\\/01\\\/19\\\/ancelotti-vinicius-ha-aprendido-de-la-tarjeta-roja\\\/\"]}]},{\"@type\":\"ImageObject\",\"inLanguage\":\"es\",\"@id\":\"https:\\\/\\\/www.eldiario.net\\\/portal\\\/2025\\\/01\\\/19\\\/ancelotti-vinicius-ha-aprendido-de-la-tarjeta-roja\\\/#primaryimage\",\"url\":\"https:\\\/\\\/www.eldiario.net\\\/portal\\\/wp-content\\\/uploads\\\/2025\\\/01\\\/VINICIUS.jpg\",\"contentUrl\":\"https:\\\/\\\/www.eldiario.net\\\/portal\\\/wp-content\\\/uploads\\\/2025\\\/01\\\/VINICIUS.jpg\",\"width\":1200,\"height\":800},{\"@type\":\"BreadcrumbList\",\"@id\":\"https:\\\/\\\/www.eldiario.net\\\/portal\\\/2025\\\/01\\\/19\\\/ancelotti-vinicius-ha-aprendido-de-la-tarjeta-roja\\\/#breadcrumb\",\"itemListElement\":[{\"@type\":\"ListItem\",\"position\":1,\"name\":\"Portada\",\"item\":\"https:\\\/\\\/www.eldiario.net\\\/portal\\\/\"},{\"@type\":\"ListItem\",\"position\":2,\"name\":\"Ancelotti: \u00abVin\u00edcius ha aprendido de la tarjeta roja\u00bb\"}]},{\"@type\":\"WebSite\",\"@id\":\"https:\\\/\\\/www.eldiario.net\\\/portal\\\/#website\",\"url\":\"https:\\\/\\\/www.eldiario.net\\\/portal\\\/\",\"name\":\"El Diario - Decano de la prensa nacional\",\"description\":\"El Diario - Decano de la prensa nacional\",\"publisher\":{\"@id\":\"https:\\\/\\\/www.eldiario.net\\\/portal\\\/#organization\"},\"potentialAction\":[{\"@type\":\"SearchAction\",\"target\":{\"@type\":\"EntryPoint\",\"urlTemplate\":\"https:\\\/\\\/www.eldiario.net\\\/portal\\\/?s={search_term_string}\"},\"query-input\":{\"@type\":\"PropertyValueSpecification\",\"valueRequired\":true,\"valueName\":\"search_term_string\"}}],\"inLanguage\":\"es\"},{\"@type\":\"Organization\",\"@id\":\"https:\\\/\\\/www.eldiario.net\\\/portal\\\/#organization\",\"name\":\"El Diario - Decano de la prensa nacional\",\"url\":\"https:\\\/\\\/www.eldiario.net\\\/portal\\\/\",\"logo\":{\"@type\":\"ImageObject\",\"inLanguage\":\"es\",\"@id\":\"https:\\\/\\\/www.eldiario.net\\\/portal\\\/#\\\/schema\\\/logo\\\/image\\\/\",\"url\":\"https:\\\/\\\/www.eldiario.net\\\/portal\\\/wp-content\\\/uploads\\\/2023\\\/07\\\/logo_ED.jpg\",\"contentUrl\":\"https:\\\/\\\/www.eldiario.net\\\/portal\\\/wp-content\\\/uploads\\\/2023\\\/07\\\/logo_ED.jpg\",\"width\":272,\"height\":52,\"caption\":\"El Diario - Decano de la prensa nacional\"},\"image\":{\"@id\":\"https:\\\/\\\/www.eldiario.net\\\/portal\\\/#\\\/schema\\\/logo\\\/image\\\/\"},\"sameAs\":[\"https:\\\/\\\/www.facebook.com\\\/eldiario.bolivia\\\/\",\"https:\\\/\\\/x.com\\\/eldiario_net\"]},{\"@type\":\"Person\",\"@id\":\"https:\\\/\\\/www.eldiario.net\\\/portal\\\/#\\\/schema\\\/person\\\/f46445640444750d7d753ccd04ae01b7\",\"name\":\"Jeanette\",\"image\":{\"@type\":\"ImageObject\",\"inLanguage\":\"es\",\"@id\":\"https:\\\/\\\/secure.gravatar.com\\\/avatar\\\/3ea2118a5f7dad2b7138b1187a6b7ee55f160b9968b66013c3a3ef39dd7e5798?s=96&d=mm&r=g\",\"url\":\"https:\\\/\\\/secure.gravatar.com\\\/avatar\\\/3ea2118a5f7dad2b7138b1187a6b7ee55f160b9968b66013c3a3ef39dd7e5798?s=96&d=mm&r=g\",\"contentUrl\":\"https:\\\/\\\/secure.gravatar.com\\\/avatar\\\/3ea2118a5f7dad2b7138b1187a6b7ee55f160b9968b66013c3a3ef39dd7e5798?s=96&d=mm&r=g\",\"caption\":\"Jeanette\"},\"sameAs\":[\"https:\\\/\\\/www.eldiario.net\\\/portal\"],\"url\":\"https:\\\/\\\/www.eldiario.net\\\/portal\\\/author\\\/jeanette\\\/\"}]}<\/script>\n<!-- \/ Yoast SEO plugin. -->","yoast_head_json":{"title":"Ancelotti: \"Vin\u00edcius ha aprendido de la tarjeta roja\" - El Diario - Bolivia","robots":{"index":"index","follow":"follow","max-snippet":"max-snippet:-1","max-image-preview":"max-image-preview:large","max-video-preview":"max-video-preview:-1"},"canonical":"https:\/\/www.eldiario.net\/portal\/2025\/01\/19\/ancelotti-vinicius-ha-aprendido-de-la-tarjeta-roja\/","og_locale":"es_ES","og_type":"article","og_title":"Ancelotti: \"Vin\u00edcius ha aprendido de la tarjeta roja\" - El Diario - Bolivia","og_description":"El Real Madrid disputar\u00e1 hoy ante la UD Las Palmas el primero de sus dos partidos en LaLiga EA Sports sin Vin\u00edcius Junior, al que su t\u00e9cnico, Carlo Ancelotti, asegur\u00f3 que echar\u00e1n \u00abde menos\u00bb, tras reconocer que el delantero brasile\u00f1o \u00abha aprendido de la tarjeta roja\u00bb que recibi\u00f3 en Mestalla en el primer partido del [&hellip;]","og_url":"https:\/\/www.eldiario.net\/portal\/2025\/01\/19\/ancelotti-vinicius-ha-aprendido-de-la-tarjeta-roja\/","og_site_name":"El Diario - Bolivia","article_publisher":"https:\/\/www.facebook.com\/eldiario.bolivia\/","article_published_time":"2025-01-19T11:34:10+00:00","og_image":[{"width":1200,"height":800,"url":"https:\/\/www.eldiario.net\/portal\/wp-content\/uploads\/2025\/01\/VINICIUS.jpg","type":"image\/jpeg"}],"author":"Jeanette","twitter_card":"summary_large_image","twitter_creator":"@eldiario_net","twitter_site":"@eldiario_net","twitter_misc":{"Escrito por":"Jeanette","Tiempo de lectura":"2 minutos"},"schema":{"@context":"https:\/\/schema.org","@graph":[{"@type":"Article","@id":"https:\/\/www.eldiario.net\/portal\/2025\/01\/19\/ancelotti-vinicius-ha-aprendido-de-la-tarjeta-roja\/#article","isPartOf":{"@id":"https:\/\/www.eldiario.net\/portal\/2025\/01\/19\/ancelotti-vinicius-ha-aprendido-de-la-tarjeta-roja\/"},"author":{"name":"Jeanette","@id":"https:\/\/www.eldiario.net\/portal\/#\/schema\/person\/f46445640444750d7d753ccd04ae01b7"},"headline":"Ancelotti: \u00abVin\u00edcius ha aprendido de la tarjeta roja\u00bb","datePublished":"2025-01-19T11:34:10+00:00","mainEntityOfPage":{"@id":"https:\/\/www.eldiario.net\/portal\/2025\/01\/19\/ancelotti-vinicius-ha-aprendido-de-la-tarjeta-roja\/"},"wordCount":278,"publisher":{"@id":"https:\/\/www.eldiario.net\/portal\/#organization"},"image":{"@id":"https:\/\/www.eldiario.net\/portal\/2025\/01\/19\/ancelotti-vinicius-ha-aprendido-de-la-tarjeta-roja\/#primaryimage"},"thumbnailUrl":"https:\/\/www.eldiario.net\/portal\/wp-content\/uploads\/2025\/01\/VINICIUS.jpg","articleSection":["Deportes"],"inLanguage":"es"},{"@type":"WebPage","@id":"https:\/\/www.eldiario.net\/portal\/2025\/01\/19\/ancelotti-vinicius-ha-aprendido-de-la-tarjeta-roja\/","url":"https:\/\/www.eldiario.net\/portal\/2025\/01\/19\/ancelotti-vinicius-ha-aprendido-de-la-tarjeta-roja\/","name":"Ancelotti: \"Vin\u00edcius ha aprendido de la tarjeta roja\" - El Diario - Bolivia","isPartOf":{"@id":"https:\/\/www.eldiario.net\/portal\/#website"},"primaryImageOfPage":{"@id":"https:\/\/www.eldiario.net\/portal\/2025\/01\/19\/ancelotti-vinicius-ha-aprendido-de-la-tarjeta-roja\/#primaryimage"},"image":{"@id":"https:\/\/www.eldiario.net\/portal\/2025\/01\/19\/ancelotti-vinicius-ha-aprendido-de-la-tarjeta-roja\/#primaryimage"},"thumbnailUrl":"https:\/\/www.eldiario.net\/portal\/wp-content\/uploads\/2025\/01\/VINICIUS.jpg","datePublished":"2025-01-19T11:34:10+00:00","breadcrumb":{"@id":"https:\/\/www.eldiario.net\/portal\/2025\/01\/19\/ancelotti-vinicius-ha-aprendido-de-la-tarjeta-roja\/#breadcrumb"},"inLanguage":"es","potentialAction":[{"@type":"ReadAction","target":["https:\/\/www.eldiario.net\/portal\/2025\/01\/19\/ancelotti-vinicius-ha-aprendido-de-la-tarjeta-roja\/"]}]},{"@type":"ImageObject","inLanguage":"es","@id":"https:\/\/www.eldiario.net\/portal\/2025\/01\/19\/ancelotti-vinicius-ha-aprendido-de-la-tarjeta-roja\/#primaryimage","url":"https:\/\/www.eldiario.net\/portal\/wp-content\/uploads\/2025\/01\/VINICIUS.jpg","contentUrl":"https:\/\/www.eldiario.net\/portal\/wp-content\/uploads\/2025\/01\/VINICIUS.jpg","width":1200,"height":800},{"@type":"BreadcrumbList","@id":"https:\/\/www.eldiario.net\/portal\/2025\/01\/19\/ancelotti-vinicius-ha-aprendido-de-la-tarjeta-roja\/#breadcrumb","itemListElement":[{"@type":"ListItem","position":1,"name":"Portada","item":"https:\/\/www.eldiario.net\/portal\/"},{"@type":"ListItem","position":2,"name":"Ancelotti: \u00abVin\u00edcius ha aprendido de la tarjeta roja\u00bb"}]},{"@type":"WebSite","@id":"https:\/\/www.eldiario.net\/portal\/#website","url":"https:\/\/www.eldiario.net\/portal\/","name":"El Diario - Decano de la prensa nacional","description":"El Diario - Decano de la prensa nacional","publisher":{"@id":"https:\/\/www.eldiario.net\/portal\/#organization"},"potentialAction":[{"@type":"SearchAction","target":{"@type":"EntryPoint","urlTemplate":"https:\/\/www.eldiario.net\/portal\/?s={search_term_string}"},"query-input":{"@type":"PropertyValueSpecification","valueRequired":true,"valueName":"search_term_string"}}],"inLanguage":"es"},{"@type":"Organization","@id":"https:\/\/www.eldiario.net\/portal\/#organization","name":"El Diario - Decano de la prensa nacional","url":"https:\/\/www.eldiario.net\/portal\/","logo":{"@type":"ImageObject","inLanguage":"es","@id":"https:\/\/www.eldiario.net\/portal\/#\/schema\/logo\/image\/","url":"https:\/\/www.eldiario.net\/portal\/wp-content\/uploads\/2023\/07\/logo_ED.jpg","contentUrl":"https:\/\/www.eldiario.net\/portal\/wp-content\/uploads\/2023\/07\/logo_ED.jpg","width":272,"height":52,"caption":"El Diario - Decano de la prensa nacional"},"image":{"@id":"https:\/\/www.eldiario.net\/portal\/#\/schema\/logo\/image\/"},"sameAs":["https:\/\/www.facebook.com\/eldiario.bolivia\/","https:\/\/x.com\/eldiario_net"]},{"@type":"Person","@id":"https:\/\/www.eldiario.net\/portal\/#\/schema\/person\/f46445640444750d7d753ccd04ae01b7","name":"Jeanette","image":{"@type":"ImageObject","inLanguage":"es","@id":"https:\/\/secure.gravatar.com\/avatar\/3ea2118a5f7dad2b7138b1187a6b7ee55f160b9968b66013c3a3ef39dd7e5798?s=96&d=mm&r=g","url":"https:\/\/secure.gravatar.com\/avatar\/3ea2118a5f7dad2b7138b1187a6b7ee55f160b9968b66013c3a3ef39dd7e5798?s=96&d=mm&r=g","contentUrl":"https:\/\/secure.gravatar.com\/avatar\/3ea2118a5f7dad2b7138b1187a6b7ee55f160b9968b66013c3a3ef39dd7e5798?s=96&d=mm&r=g","caption":"Jeanette"},"sameAs":["https:\/\/www.eldiario.net\/portal"],"url":"https:\/\/www.eldiario.net\/portal\/author\/jeanette\/"}]}},"_links":{"self":[{"href":"https:\/\/www.eldiario.net\/portal\/wp-json\/wp\/v2\/posts\/275711","targetHints":{"allow":["GET"]}}],"collection":[{"href":"https:\/\/www.eldiario.net\/portal\/wp-json\/wp\/v2\/posts"}],"about":[{"href":"https:\/\/www.eldiario.net\/portal\/wp-json\/wp\/v2\/types\/post"}],"author":[{"embeddable":true,"href":"https:\/\/www.eldiario.net\/portal\/wp-json\/wp\/v2\/users\/1"}],"replies":[{"embeddable":true,"href":"https:\/\/www.eldiario.net\/portal\/wp-json\/wp\/v2\/comments?post=275711"}],"version-history":[{"count":1,"href":"https:\/\/www.eldiario.net\/portal\/wp-json\/wp\/v2\/posts\/275711\/revisions"}],"predecessor-version":[{"id":275713,"href":"https:\/\/www.eldiario.net\/portal\/wp-json\/wp\/v2\/posts\/275711\/revisions\/275713"}],"wp:featuredmedia":[{"embeddable":true,"href":"https:\/\/www.eldiario.net\/portal\/wp-json\/wp\/v2\/media\/275712"}],"wp:attachment":[{"href":"https:\/\/www.eldiario.net\/portal\/wp-json\/wp\/v2\/media?parent=275711"}],"wp:term":[{"taxonomy":"category","embeddable":true,"href":"https:\/\/www.eldiario.net\/portal\/wp-json\/wp\/v2\/categories?post=275711"},{"taxonomy":"post_tag","embeddable":true,"href":"https:\/\/www.eldiario.net\/portal\/wp-json\/wp\/v2\/tags?post=275711"}],"curies":[{"name":"wp","href":"https:\/\/api.w.org\/{rel}","templated":true}]}}