{"id":275708,"date":"2025-01-19T07:33:46","date_gmt":"2025-01-19T11:33:46","guid":{"rendered":"https:\/\/www.eldiario.net\/portal\/?p=275708"},"modified":"2025-01-19T07:33:46","modified_gmt":"2025-01-19T11:33:46","slug":"francia-espana-y-argentina-los-favoritos-de-neymar","status":"publish","type":"post","link":"https:\/\/www.eldiario.net\/portal\/2025\/01\/19\/francia-espana-y-argentina-los-favoritos-de-neymar\/","title":{"rendered":"Francia, Espa\u00f1a y Argentina, los favoritos de Neymar"},"content":{"rendered":"<p>El brasile\u00f1o Neymar situ\u00f3 a Francia, Espa\u00f1a y Argentina entre los favoritos para ganar el Mundial de 2026, para el cual no descart\u00f3 a su selecci\u00f3n, pues la &#8216;Verdeamarelha&#8217; tiene \u00abjugadores fuertes para ser campeones\u00bb, aunque admiti\u00f3 que les falta \u00aborganizarse\u00bb.<br \/>\n\u00abFrancia, Espa\u00f1a y Argentina est\u00e1n en condiciones de ser campeones del mundo. Argentina viene con mucha confianza\u00bb, dijo el delantero del Al-Hilal saud\u00ed sobre la vigente campeona en una entrevista con Rom\u00e1rio divulgada en Youtube.<br \/>\nEl 10 de Brasil, que acaba de recuperarse de una grave lesi\u00f3n en la rodilla, afirm\u00f3 que est\u00e1 centrado en hacer una \u00abbuena temporada\u00bb hasta 2026, cuando cree que har\u00e1 su \u00ab\u00faltimo baile\u00bb con la selecci\u00f3n en el Mundial que se disputar\u00e1 en Canad\u00e1, Estados Unidos y M\u00e9xico.<br \/>\n\u00abTenemos jugadores fuertes para ser campeones, necesitamos organizarnos. Si miras pieza por pieza, hay material. Vini (por Vin\u00edcius J\u00fanior) hoy es uno de los mejores del mundo. Rodrygo, tambi\u00e9n\u00bb, se\u00f1al\u00f3 en alusi\u00f3n a los dos delanteros brasile\u00f1os del Real Madrid.<\/p>\n","protected":false},"excerpt":{"rendered":"<p>El brasile\u00f1o Neymar situ\u00f3 a Francia, Espa\u00f1a y Argentina entre los favoritos para ganar el Mundial de 2026, para el cual no descart\u00f3 a su selecci\u00f3n, pues la &#8216;Verdeamarelha&#8217; tiene \u00abjugadores fuertes para ser campeones\u00bb, aunque admiti\u00f3 que les falta \u00aborganizarse\u00bb. \u00abFrancia, Espa\u00f1a y Argentina est\u00e1n en condiciones de ser campeones del mundo. Argentina viene [&hellip;]<\/p>\n","protected":false},"author":1,"featured_media":275709,"comment_status":"closed","ping_status":"open","sticky":false,"template":"","format":"standard","meta":{"_acf_changed":false,"footnotes":""},"categories":[6],"tags":[],"class_list":["post-275708","post","type-post","status-publish","format-standard","has-post-thumbnail","category-deportes"],"acf":{"antetitulo":""},"yoast_head":"<!-- This site is optimized with the Yoast SEO plugin v28.3 - https:\/\/yoast.com\/product\/yoast-seo-wordpress\/ -->\n<title>Francia, Espa\u00f1a y Argentina, los favoritos de Neymar - El Diario - Bolivia<\/title>\n<meta name=\"robots\" content=\"index, follow, max-snippet:-1, max-image-preview:large, max-video-preview:-1\" \/>\n<link rel=\"canonical\" href=\"https:\/\/www.eldiario.net\/portal\/2025\/01\/19\/francia-espana-y-argentina-los-favoritos-de-neymar\/\" \/>\n<meta property=\"og:locale\" content=\"es_ES\" \/>\n<meta property=\"og:type\" content=\"article\" \/>\n<meta property=\"og:title\" content=\"Francia, Espa\u00f1a y Argentina, los favoritos de Neymar - El Diario - Bolivia\" \/>\n<meta property=\"og:description\" content=\"El brasile\u00f1o Neymar situ\u00f3 a Francia, Espa\u00f1a y Argentina entre los favoritos para ganar el Mundial de 2026, para el cual no descart\u00f3 a su selecci\u00f3n, pues la &#8216;Verdeamarelha&#8217; tiene \u00abjugadores fuertes para ser campeones\u00bb, aunque admiti\u00f3 que les falta \u00aborganizarse\u00bb. \u00abFrancia, Espa\u00f1a y Argentina est\u00e1n en condiciones de ser campeones del mundo. Argentina viene [&hellip;]\" \/>\n<meta property=\"og:url\" content=\"https:\/\/www.eldiario.net\/portal\/2025\/01\/19\/francia-espana-y-argentina-los-favoritos-de-neymar\/\" \/>\n<meta property=\"og:site_name\" content=\"El Diario - Bolivia\" \/>\n<meta property=\"article:publisher\" content=\"https:\/\/www.facebook.com\/eldiario.bolivia\/\" \/>\n<meta property=\"article:published_time\" content=\"2025-01-19T11:33:46+00:00\" \/>\n<meta property=\"og:image\" content=\"https:\/\/www.eldiario.net\/portal\/wp-content\/uploads\/2025\/01\/NEYMAR.jpg\" \/>\n\t<meta property=\"og:image:width\" content=\"1200\" \/>\n\t<meta property=\"og:image:height\" content=\"675\" \/>\n\t<meta property=\"og:image:type\" content=\"image\/jpeg\" \/>\n<meta name=\"author\" content=\"Jeanette\" \/>\n<meta name=\"twitter:card\" content=\"summary_large_image\" \/>\n<meta name=\"twitter:creator\" content=\"@eldiario_net\" \/>\n<meta name=\"twitter:site\" content=\"@eldiario_net\" \/>\n<meta name=\"twitter:label1\" content=\"Escrito por\" \/>\n\t<meta name=\"twitter:data1\" content=\"Jeanette\" \/>\n\t<meta name=\"twitter:label2\" content=\"Tiempo de lectura\" \/>\n\t<meta name=\"twitter:data2\" content=\"1 minuto\" \/>\n<script type=\"application\/ld+json\" class=\"yoast-schema-graph\">{\"@context\":\"https:\\\/\\\/schema.org\",\"@graph\":[{\"@type\":\"Article\",\"@id\":\"https:\\\/\\\/www.eldiario.net\\\/portal\\\/2025\\\/01\\\/19\\\/francia-espana-y-argentina-los-favoritos-de-neymar\\\/#article\",\"isPartOf\":{\"@id\":\"https:\\\/\\\/www.eldiario.net\\\/portal\\\/2025\\\/01\\\/19\\\/francia-espana-y-argentina-los-favoritos-de-neymar\\\/\"},\"author\":{\"name\":\"Jeanette\",\"@id\":\"https:\\\/\\\/www.eldiario.net\\\/portal\\\/#\\\/schema\\\/person\\\/f46445640444750d7d753ccd04ae01b7\"},\"headline\":\"Francia, Espa\u00f1a y Argentina, los favoritos de Neymar\",\"datePublished\":\"2025-01-19T11:33:46+00:00\",\"mainEntityOfPage\":{\"@id\":\"https:\\\/\\\/www.eldiario.net\\\/portal\\\/2025\\\/01\\\/19\\\/francia-espana-y-argentina-los-favoritos-de-neymar\\\/\"},\"wordCount\":185,\"publisher\":{\"@id\":\"https:\\\/\\\/www.eldiario.net\\\/portal\\\/#organization\"},\"image\":{\"@id\":\"https:\\\/\\\/www.eldiario.net\\\/portal\\\/2025\\\/01\\\/19\\\/francia-espana-y-argentina-los-favoritos-de-neymar\\\/#primaryimage\"},\"thumbnailUrl\":\"https:\\\/\\\/www.eldiario.net\\\/portal\\\/wp-content\\\/uploads\\\/2025\\\/01\\\/NEYMAR.jpg\",\"articleSection\":[\"Deportes\"],\"inLanguage\":\"es\"},{\"@type\":\"WebPage\",\"@id\":\"https:\\\/\\\/www.eldiario.net\\\/portal\\\/2025\\\/01\\\/19\\\/francia-espana-y-argentina-los-favoritos-de-neymar\\\/\",\"url\":\"https:\\\/\\\/www.eldiario.net\\\/portal\\\/2025\\\/01\\\/19\\\/francia-espana-y-argentina-los-favoritos-de-neymar\\\/\",\"name\":\"Francia, Espa\u00f1a y Argentina, los favoritos de Neymar - El Diario - Bolivia\",\"isPartOf\":{\"@id\":\"https:\\\/\\\/www.eldiario.net\\\/portal\\\/#website\"},\"primaryImageOfPage\":{\"@id\":\"https:\\\/\\\/www.eldiario.net\\\/portal\\\/2025\\\/01\\\/19\\\/francia-espana-y-argentina-los-favoritos-de-neymar\\\/#primaryimage\"},\"image\":{\"@id\":\"https:\\\/\\\/www.eldiario.net\\\/portal\\\/2025\\\/01\\\/19\\\/francia-espana-y-argentina-los-favoritos-de-neymar\\\/#primaryimage\"},\"thumbnailUrl\":\"https:\\\/\\\/www.eldiario.net\\\/portal\\\/wp-content\\\/uploads\\\/2025\\\/01\\\/NEYMAR.jpg\",\"datePublished\":\"2025-01-19T11:33:46+00:00\",\"breadcrumb\":{\"@id\":\"https:\\\/\\\/www.eldiario.net\\\/portal\\\/2025\\\/01\\\/19\\\/francia-espana-y-argentina-los-favoritos-de-neymar\\\/#breadcrumb\"},\"inLanguage\":\"es\",\"potentialAction\":[{\"@type\":\"ReadAction\",\"target\":[\"https:\\\/\\\/www.eldiario.net\\\/portal\\\/2025\\\/01\\\/19\\\/francia-espana-y-argentina-los-favoritos-de-neymar\\\/\"]}]},{\"@type\":\"ImageObject\",\"inLanguage\":\"es\",\"@id\":\"https:\\\/\\\/www.eldiario.net\\\/portal\\\/2025\\\/01\\\/19\\\/francia-espana-y-argentina-los-favoritos-de-neymar\\\/#primaryimage\",\"url\":\"https:\\\/\\\/www.eldiario.net\\\/portal\\\/wp-content\\\/uploads\\\/2025\\\/01\\\/NEYMAR.jpg\",\"contentUrl\":\"https:\\\/\\\/www.eldiario.net\\\/portal\\\/wp-content\\\/uploads\\\/2025\\\/01\\\/NEYMAR.jpg\",\"width\":1200,\"height\":675},{\"@type\":\"BreadcrumbList\",\"@id\":\"https:\\\/\\\/www.eldiario.net\\\/portal\\\/2025\\\/01\\\/19\\\/francia-espana-y-argentina-los-favoritos-de-neymar\\\/#breadcrumb\",\"itemListElement\":[{\"@type\":\"ListItem\",\"position\":1,\"name\":\"Portada\",\"item\":\"https:\\\/\\\/www.eldiario.net\\\/portal\\\/\"},{\"@type\":\"ListItem\",\"position\":2,\"name\":\"Francia, Espa\u00f1a y Argentina, los favoritos de Neymar\"}]},{\"@type\":\"WebSite\",\"@id\":\"https:\\\/\\\/www.eldiario.net\\\/portal\\\/#website\",\"url\":\"https:\\\/\\\/www.eldiario.net\\\/portal\\\/\",\"name\":\"El Diario - Decano de la prensa nacional\",\"description\":\"El Diario - Decano de la prensa nacional\",\"publisher\":{\"@id\":\"https:\\\/\\\/www.eldiario.net\\\/portal\\\/#organization\"},\"potentialAction\":[{\"@type\":\"SearchAction\",\"target\":{\"@type\":\"EntryPoint\",\"urlTemplate\":\"https:\\\/\\\/www.eldiario.net\\\/portal\\\/?s={search_term_string}\"},\"query-input\":{\"@type\":\"PropertyValueSpecification\",\"valueRequired\":true,\"valueName\":\"search_term_string\"}}],\"inLanguage\":\"es\"},{\"@type\":\"Organization\",\"@id\":\"https:\\\/\\\/www.eldiario.net\\\/portal\\\/#organization\",\"name\":\"El Diario - Decano de la prensa nacional\",\"url\":\"https:\\\/\\\/www.eldiario.net\\\/portal\\\/\",\"logo\":{\"@type\":\"ImageObject\",\"inLanguage\":\"es\",\"@id\":\"https:\\\/\\\/www.eldiario.net\\\/portal\\\/#\\\/schema\\\/logo\\\/image\\\/\",\"url\":\"https:\\\/\\\/www.eldiario.net\\\/portal\\\/wp-content\\\/uploads\\\/2023\\\/07\\\/logo_ED.jpg\",\"contentUrl\":\"https:\\\/\\\/www.eldiario.net\\\/portal\\\/wp-content\\\/uploads\\\/2023\\\/07\\\/logo_ED.jpg\",\"width\":272,\"height\":52,\"caption\":\"El Diario - Decano de la prensa nacional\"},\"image\":{\"@id\":\"https:\\\/\\\/www.eldiario.net\\\/portal\\\/#\\\/schema\\\/logo\\\/image\\\/\"},\"sameAs\":[\"https:\\\/\\\/www.facebook.com\\\/eldiario.bolivia\\\/\",\"https:\\\/\\\/x.com\\\/eldiario_net\"]},{\"@type\":\"Person\",\"@id\":\"https:\\\/\\\/www.eldiario.net\\\/portal\\\/#\\\/schema\\\/person\\\/f46445640444750d7d753ccd04ae01b7\",\"name\":\"Jeanette\",\"image\":{\"@type\":\"ImageObject\",\"inLanguage\":\"es\",\"@id\":\"https:\\\/\\\/secure.gravatar.com\\\/avatar\\\/3ea2118a5f7dad2b7138b1187a6b7ee55f160b9968b66013c3a3ef39dd7e5798?s=96&d=mm&r=g\",\"url\":\"https:\\\/\\\/secure.gravatar.com\\\/avatar\\\/3ea2118a5f7dad2b7138b1187a6b7ee55f160b9968b66013c3a3ef39dd7e5798?s=96&d=mm&r=g\",\"contentUrl\":\"https:\\\/\\\/secure.gravatar.com\\\/avatar\\\/3ea2118a5f7dad2b7138b1187a6b7ee55f160b9968b66013c3a3ef39dd7e5798?s=96&d=mm&r=g\",\"caption\":\"Jeanette\"},\"sameAs\":[\"https:\\\/\\\/www.eldiario.net\\\/portal\"],\"url\":\"https:\\\/\\\/www.eldiario.net\\\/portal\\\/author\\\/jeanette\\\/\"}]}<\/script>\n<!-- \/ Yoast SEO plugin. -->","yoast_head_json":{"title":"Francia, Espa\u00f1a y Argentina, los favoritos de Neymar - El Diario - Bolivia","robots":{"index":"index","follow":"follow","max-snippet":"max-snippet:-1","max-image-preview":"max-image-preview:large","max-video-preview":"max-video-preview:-1"},"canonical":"https:\/\/www.eldiario.net\/portal\/2025\/01\/19\/francia-espana-y-argentina-los-favoritos-de-neymar\/","og_locale":"es_ES","og_type":"article","og_title":"Francia, Espa\u00f1a y Argentina, los favoritos de Neymar - El Diario - Bolivia","og_description":"El brasile\u00f1o Neymar situ\u00f3 a Francia, Espa\u00f1a y Argentina entre los favoritos para ganar el Mundial de 2026, para el cual no descart\u00f3 a su selecci\u00f3n, pues la &#8216;Verdeamarelha&#8217; tiene \u00abjugadores fuertes para ser campeones\u00bb, aunque admiti\u00f3 que les falta \u00aborganizarse\u00bb. \u00abFrancia, Espa\u00f1a y Argentina est\u00e1n en condiciones de ser campeones del mundo. Argentina viene [&hellip;]","og_url":"https:\/\/www.eldiario.net\/portal\/2025\/01\/19\/francia-espana-y-argentina-los-favoritos-de-neymar\/","og_site_name":"El Diario - Bolivia","article_publisher":"https:\/\/www.facebook.com\/eldiario.bolivia\/","article_published_time":"2025-01-19T11:33:46+00:00","og_image":[{"width":1200,"height":675,"url":"https:\/\/www.eldiario.net\/portal\/wp-content\/uploads\/2025\/01\/NEYMAR.jpg","type":"image\/jpeg"}],"author":"Jeanette","twitter_card":"summary_large_image","twitter_creator":"@eldiario_net","twitter_site":"@eldiario_net","twitter_misc":{"Escrito por":"Jeanette","Tiempo de lectura":"1 minuto"},"schema":{"@context":"https:\/\/schema.org","@graph":[{"@type":"Article","@id":"https:\/\/www.eldiario.net\/portal\/2025\/01\/19\/francia-espana-y-argentina-los-favoritos-de-neymar\/#article","isPartOf":{"@id":"https:\/\/www.eldiario.net\/portal\/2025\/01\/19\/francia-espana-y-argentina-los-favoritos-de-neymar\/"},"author":{"name":"Jeanette","@id":"https:\/\/www.eldiario.net\/portal\/#\/schema\/person\/f46445640444750d7d753ccd04ae01b7"},"headline":"Francia, Espa\u00f1a y Argentina, los favoritos de Neymar","datePublished":"2025-01-19T11:33:46+00:00","mainEntityOfPage":{"@id":"https:\/\/www.eldiario.net\/portal\/2025\/01\/19\/francia-espana-y-argentina-los-favoritos-de-neymar\/"},"wordCount":185,"publisher":{"@id":"https:\/\/www.eldiario.net\/portal\/#organization"},"image":{"@id":"https:\/\/www.eldiario.net\/portal\/2025\/01\/19\/francia-espana-y-argentina-los-favoritos-de-neymar\/#primaryimage"},"thumbnailUrl":"https:\/\/www.eldiario.net\/portal\/wp-content\/uploads\/2025\/01\/NEYMAR.jpg","articleSection":["Deportes"],"inLanguage":"es"},{"@type":"WebPage","@id":"https:\/\/www.eldiario.net\/portal\/2025\/01\/19\/francia-espana-y-argentina-los-favoritos-de-neymar\/","url":"https:\/\/www.eldiario.net\/portal\/2025\/01\/19\/francia-espana-y-argentina-los-favoritos-de-neymar\/","name":"Francia, Espa\u00f1a y Argentina, los favoritos de Neymar - El Diario - Bolivia","isPartOf":{"@id":"https:\/\/www.eldiario.net\/portal\/#website"},"primaryImageOfPage":{"@id":"https:\/\/www.eldiario.net\/portal\/2025\/01\/19\/francia-espana-y-argentina-los-favoritos-de-neymar\/#primaryimage"},"image":{"@id":"https:\/\/www.eldiario.net\/portal\/2025\/01\/19\/francia-espana-y-argentina-los-favoritos-de-neymar\/#primaryimage"},"thumbnailUrl":"https:\/\/www.eldiario.net\/portal\/wp-content\/uploads\/2025\/01\/NEYMAR.jpg","datePublished":"2025-01-19T11:33:46+00:00","breadcrumb":{"@id":"https:\/\/www.eldiario.net\/portal\/2025\/01\/19\/francia-espana-y-argentina-los-favoritos-de-neymar\/#breadcrumb"},"inLanguage":"es","potentialAction":[{"@type":"ReadAction","target":["https:\/\/www.eldiario.net\/portal\/2025\/01\/19\/francia-espana-y-argentina-los-favoritos-de-neymar\/"]}]},{"@type":"ImageObject","inLanguage":"es","@id":"https:\/\/www.eldiario.net\/portal\/2025\/01\/19\/francia-espana-y-argentina-los-favoritos-de-neymar\/#primaryimage","url":"https:\/\/www.eldiario.net\/portal\/wp-content\/uploads\/2025\/01\/NEYMAR.jpg","contentUrl":"https:\/\/www.eldiario.net\/portal\/wp-content\/uploads\/2025\/01\/NEYMAR.jpg","width":1200,"height":675},{"@type":"BreadcrumbList","@id":"https:\/\/www.eldiario.net\/portal\/2025\/01\/19\/francia-espana-y-argentina-los-favoritos-de-neymar\/#breadcrumb","itemListElement":[{"@type":"ListItem","position":1,"name":"Portada","item":"https:\/\/www.eldiario.net\/portal\/"},{"@type":"ListItem","position":2,"name":"Francia, Espa\u00f1a y Argentina, los favoritos de Neymar"}]},{"@type":"WebSite","@id":"https:\/\/www.eldiario.net\/portal\/#website","url":"https:\/\/www.eldiario.net\/portal\/","name":"El Diario - Decano de la prensa nacional","description":"El Diario - Decano de la prensa nacional","publisher":{"@id":"https:\/\/www.eldiario.net\/portal\/#organization"},"potentialAction":[{"@type":"SearchAction","target":{"@type":"EntryPoint","urlTemplate":"https:\/\/www.eldiario.net\/portal\/?s={search_term_string}"},"query-input":{"@type":"PropertyValueSpecification","valueRequired":true,"valueName":"search_term_string"}}],"inLanguage":"es"},{"@type":"Organization","@id":"https:\/\/www.eldiario.net\/portal\/#organization","name":"El Diario - Decano de la prensa nacional","url":"https:\/\/www.eldiario.net\/portal\/","logo":{"@type":"ImageObject","inLanguage":"es","@id":"https:\/\/www.eldiario.net\/portal\/#\/schema\/logo\/image\/","url":"https:\/\/www.eldiario.net\/portal\/wp-content\/uploads\/2023\/07\/logo_ED.jpg","contentUrl":"https:\/\/www.eldiario.net\/portal\/wp-content\/uploads\/2023\/07\/logo_ED.jpg","width":272,"height":52,"caption":"El Diario - Decano de la prensa nacional"},"image":{"@id":"https:\/\/www.eldiario.net\/portal\/#\/schema\/logo\/image\/"},"sameAs":["https:\/\/www.facebook.com\/eldiario.bolivia\/","https:\/\/x.com\/eldiario_net"]},{"@type":"Person","@id":"https:\/\/www.eldiario.net\/portal\/#\/schema\/person\/f46445640444750d7d753ccd04ae01b7","name":"Jeanette","image":{"@type":"ImageObject","inLanguage":"es","@id":"https:\/\/secure.gravatar.com\/avatar\/3ea2118a5f7dad2b7138b1187a6b7ee55f160b9968b66013c3a3ef39dd7e5798?s=96&d=mm&r=g","url":"https:\/\/secure.gravatar.com\/avatar\/3ea2118a5f7dad2b7138b1187a6b7ee55f160b9968b66013c3a3ef39dd7e5798?s=96&d=mm&r=g","contentUrl":"https:\/\/secure.gravatar.com\/avatar\/3ea2118a5f7dad2b7138b1187a6b7ee55f160b9968b66013c3a3ef39dd7e5798?s=96&d=mm&r=g","caption":"Jeanette"},"sameAs":["https:\/\/www.eldiario.net\/portal"],"url":"https:\/\/www.eldiario.net\/portal\/author\/jeanette\/"}]}},"_links":{"self":[{"href":"https:\/\/www.eldiario.net\/portal\/wp-json\/wp\/v2\/posts\/275708","targetHints":{"allow":["GET"]}}],"collection":[{"href":"https:\/\/www.eldiario.net\/portal\/wp-json\/wp\/v2\/posts"}],"about":[{"href":"https:\/\/www.eldiario.net\/portal\/wp-json\/wp\/v2\/types\/post"}],"author":[{"embeddable":true,"href":"https:\/\/www.eldiario.net\/portal\/wp-json\/wp\/v2\/users\/1"}],"replies":[{"embeddable":true,"href":"https:\/\/www.eldiario.net\/portal\/wp-json\/wp\/v2\/comments?post=275708"}],"version-history":[{"count":1,"href":"https:\/\/www.eldiario.net\/portal\/wp-json\/wp\/v2\/posts\/275708\/revisions"}],"predecessor-version":[{"id":275710,"href":"https:\/\/www.eldiario.net\/portal\/wp-json\/wp\/v2\/posts\/275708\/revisions\/275710"}],"wp:featuredmedia":[{"embeddable":true,"href":"https:\/\/www.eldiario.net\/portal\/wp-json\/wp\/v2\/media\/275709"}],"wp:attachment":[{"href":"https:\/\/www.eldiario.net\/portal\/wp-json\/wp\/v2\/media?parent=275708"}],"wp:term":[{"taxonomy":"category","embeddable":true,"href":"https:\/\/www.eldiario.net\/portal\/wp-json\/wp\/v2\/categories?post=275708"},{"taxonomy":"post_tag","embeddable":true,"href":"https:\/\/www.eldiario.net\/portal\/wp-json\/wp\/v2\/tags?post=275708"}],"curies":[{"name":"wp","href":"https:\/\/api.w.org\/{rel}","templated":true}]}}