{"id":275374,"date":"2025-01-17T18:33:04","date_gmt":"2025-01-17T22:33:04","guid":{"rendered":"https:\/\/www.eldiario.net\/portal\/?p=275374"},"modified":"2025-01-17T18:33:04","modified_gmt":"2025-01-17T22:33:04","slug":"spacex-pierde-la-starship-en-vuelo-de-prueba-1832","status":"publish","type":"post","link":"https:\/\/www.eldiario.net\/portal\/2025\/01\/17\/spacex-pierde-la-starship-en-vuelo-de-prueba-1832\/","title":{"rendered":"SpaceX pierde la Starship en vuelo de prueba. (18:32)"},"content":{"rendered":"<p>SpaceX sufri\u00f3 un rev\u00e9s en su programa de pruebas de la nave espacial Starship, al perder la comunicaci\u00f3n con la nave durante su s\u00e9ptimo vuelo de prueba el jueves. Seg\u00fan un comunicado de la empresa, la Starship experiment\u00f3 \u00abun desmontaje r\u00e1pido y no programado durante su combusti\u00f3n de ascenso\u00bb despu\u00e9s de su lanzamiento desde Boca Chica, Texas. Este incidente marca un contratiempo en el desarrollo de la Starship, que est\u00e1 dise\u00f1ada para llevar astronautas a la Luna y Marte.<\/p>\n<p>A pesar del fracaso, SpaceX logr\u00f3 un \u00e9xito parcial al atrapar con \u00e9xito el cohete propulsor en la torre de lanzamiento durante su regreso. Este logro demuestra los avances en la tecnolog\u00eda de reutilizaci\u00f3n de cohetes de la empresa. SpaceX a\u00fan no ha proporcionado detalles sobre las causas del fallo, pero es probable que la empresa realice una investigaci\u00f3n exhaustiva para determinar qu\u00e9 sali\u00f3 mal y c\u00f3mo puede mejorar el dise\u00f1o y la ejecuci\u00f3n de las pruebas futuras.<\/p>\n","protected":false},"excerpt":{"rendered":"<p>SpaceX sufri\u00f3 un rev\u00e9s en su programa de pruebas de la nave espacial Starship, al perder la comunicaci\u00f3n con la nave durante su s\u00e9ptimo vuelo de prueba el jueves. Seg\u00fan un comunicado de la empresa, la Starship experiment\u00f3 \u00abun desmontaje r\u00e1pido y no programado durante su combusti\u00f3n de ascenso\u00bb despu\u00e9s de su lanzamiento desde Boca [&hellip;]<\/p>\n","protected":false},"author":7,"featured_media":275376,"comment_status":"closed","ping_status":"open","sticky":false,"template":"","format":"standard","meta":{"_acf_changed":false,"footnotes":""},"categories":[51],"tags":[],"class_list":["post-275374","post","type-post","status-publish","format-standard","has-post-thumbnail","category-ultima-hora"],"acf":{"antetitulo":""},"yoast_head":"<!-- This site is optimized with the Yoast SEO plugin v28.4 - https:\/\/yoast.com\/product\/yoast-seo-wordpress\/ -->\n<title>SpaceX pierde la Starship en vuelo de prueba. (18:32) - El Diario - Bolivia<\/title>\n<meta name=\"robots\" content=\"index, follow, max-snippet:-1, max-image-preview:large, max-video-preview:-1\" \/>\n<link rel=\"canonical\" href=\"https:\/\/www.eldiario.net\/portal\/2025\/01\/17\/spacex-pierde-la-starship-en-vuelo-de-prueba-1832\/\" \/>\n<meta property=\"og:locale\" content=\"es_ES\" \/>\n<meta property=\"og:type\" content=\"article\" \/>\n<meta property=\"og:title\" content=\"SpaceX pierde la Starship en vuelo de prueba. (18:32) - El Diario - Bolivia\" \/>\n<meta property=\"og:description\" content=\"SpaceX sufri\u00f3 un rev\u00e9s en su programa de pruebas de la nave espacial Starship, al perder la comunicaci\u00f3n con la nave durante su s\u00e9ptimo vuelo de prueba el jueves. Seg\u00fan un comunicado de la empresa, la Starship experiment\u00f3 \u00abun desmontaje r\u00e1pido y no programado durante su combusti\u00f3n de ascenso\u00bb despu\u00e9s de su lanzamiento desde Boca [&hellip;]\" \/>\n<meta property=\"og:url\" content=\"https:\/\/www.eldiario.net\/portal\/2025\/01\/17\/spacex-pierde-la-starship-en-vuelo-de-prueba-1832\/\" \/>\n<meta property=\"og:site_name\" content=\"El Diario - Bolivia\" \/>\n<meta property=\"article:publisher\" content=\"https:\/\/www.facebook.com\/eldiario.bolivia\/\" \/>\n<meta property=\"article:published_time\" content=\"2025-01-17T22:33:04+00:00\" \/>\n<meta property=\"og:image\" content=\"https:\/\/www.eldiario.net\/portal\/wp-content\/uploads\/2025\/01\/space-x-e1737153136485.png\" \/>\n\t<meta property=\"og:image:width\" content=\"300\" \/>\n\t<meta property=\"og:image:height\" content=\"246\" \/>\n\t<meta property=\"og:image:type\" content=\"image\/png\" \/>\n<meta name=\"author\" content=\"Viviana Monrroy\" \/>\n<meta name=\"twitter:card\" content=\"summary_large_image\" \/>\n<meta name=\"twitter:creator\" content=\"@eldiario_net\" \/>\n<meta name=\"twitter:site\" content=\"@eldiario_net\" \/>\n<meta name=\"twitter:label1\" content=\"Escrito por\" \/>\n\t<meta name=\"twitter:data1\" content=\"Viviana Monrroy\" \/>\n\t<meta name=\"twitter:label2\" content=\"Tiempo de lectura\" \/>\n\t<meta name=\"twitter:data2\" content=\"1 minuto\" \/>\n<script type=\"application\/ld+json\" class=\"yoast-schema-graph\">{\"@context\":\"https:\\\/\\\/schema.org\",\"@graph\":[{\"@type\":\"Article\",\"@id\":\"https:\\\/\\\/www.eldiario.net\\\/portal\\\/2025\\\/01\\\/17\\\/spacex-pierde-la-starship-en-vuelo-de-prueba-1832\\\/#article\",\"isPartOf\":{\"@id\":\"https:\\\/\\\/www.eldiario.net\\\/portal\\\/2025\\\/01\\\/17\\\/spacex-pierde-la-starship-en-vuelo-de-prueba-1832\\\/\"},\"author\":{\"name\":\"Viviana Monrroy\",\"@id\":\"https:\\\/\\\/www.eldiario.net\\\/portal\\\/#\\\/schema\\\/person\\\/ba370d92d160f4d3574381f6d9b78fab\"},\"headline\":\"SpaceX pierde la Starship en vuelo de prueba. (18:32)\",\"datePublished\":\"2025-01-17T22:33:04+00:00\",\"mainEntityOfPage\":{\"@id\":\"https:\\\/\\\/www.eldiario.net\\\/portal\\\/2025\\\/01\\\/17\\\/spacex-pierde-la-starship-en-vuelo-de-prueba-1832\\\/\"},\"wordCount\":180,\"publisher\":{\"@id\":\"https:\\\/\\\/www.eldiario.net\\\/portal\\\/#organization\"},\"image\":{\"@id\":\"https:\\\/\\\/www.eldiario.net\\\/portal\\\/2025\\\/01\\\/17\\\/spacex-pierde-la-starship-en-vuelo-de-prueba-1832\\\/#primaryimage\"},\"thumbnailUrl\":\"https:\\\/\\\/www.eldiario.net\\\/portal\\\/wp-content\\\/uploads\\\/2025\\\/01\\\/space-x-e1737153136485.png\",\"articleSection\":[\"\u00daltima Hora\"],\"inLanguage\":\"es\"},{\"@type\":\"WebPage\",\"@id\":\"https:\\\/\\\/www.eldiario.net\\\/portal\\\/2025\\\/01\\\/17\\\/spacex-pierde-la-starship-en-vuelo-de-prueba-1832\\\/\",\"url\":\"https:\\\/\\\/www.eldiario.net\\\/portal\\\/2025\\\/01\\\/17\\\/spacex-pierde-la-starship-en-vuelo-de-prueba-1832\\\/\",\"name\":\"SpaceX pierde la Starship en vuelo de prueba. (18:32) - El Diario - Bolivia\",\"isPartOf\":{\"@id\":\"https:\\\/\\\/www.eldiario.net\\\/portal\\\/#website\"},\"primaryImageOfPage\":{\"@id\":\"https:\\\/\\\/www.eldiario.net\\\/portal\\\/2025\\\/01\\\/17\\\/spacex-pierde-la-starship-en-vuelo-de-prueba-1832\\\/#primaryimage\"},\"image\":{\"@id\":\"https:\\\/\\\/www.eldiario.net\\\/portal\\\/2025\\\/01\\\/17\\\/spacex-pierde-la-starship-en-vuelo-de-prueba-1832\\\/#primaryimage\"},\"thumbnailUrl\":\"https:\\\/\\\/www.eldiario.net\\\/portal\\\/wp-content\\\/uploads\\\/2025\\\/01\\\/space-x-e1737153136485.png\",\"datePublished\":\"2025-01-17T22:33:04+00:00\",\"breadcrumb\":{\"@id\":\"https:\\\/\\\/www.eldiario.net\\\/portal\\\/2025\\\/01\\\/17\\\/spacex-pierde-la-starship-en-vuelo-de-prueba-1832\\\/#breadcrumb\"},\"inLanguage\":\"es\",\"potentialAction\":[{\"@type\":\"ReadAction\",\"target\":[\"https:\\\/\\\/www.eldiario.net\\\/portal\\\/2025\\\/01\\\/17\\\/spacex-pierde-la-starship-en-vuelo-de-prueba-1832\\\/\"]}]},{\"@type\":\"ImageObject\",\"inLanguage\":\"es\",\"@id\":\"https:\\\/\\\/www.eldiario.net\\\/portal\\\/2025\\\/01\\\/17\\\/spacex-pierde-la-starship-en-vuelo-de-prueba-1832\\\/#primaryimage\",\"url\":\"https:\\\/\\\/www.eldiario.net\\\/portal\\\/wp-content\\\/uploads\\\/2025\\\/01\\\/space-x-e1737153136485.png\",\"contentUrl\":\"https:\\\/\\\/www.eldiario.net\\\/portal\\\/wp-content\\\/uploads\\\/2025\\\/01\\\/space-x-e1737153136485.png\",\"width\":300,\"height\":246,\"caption\":\"Foto: RR.SS.\"},{\"@type\":\"BreadcrumbList\",\"@id\":\"https:\\\/\\\/www.eldiario.net\\\/portal\\\/2025\\\/01\\\/17\\\/spacex-pierde-la-starship-en-vuelo-de-prueba-1832\\\/#breadcrumb\",\"itemListElement\":[{\"@type\":\"ListItem\",\"position\":1,\"name\":\"Portada\",\"item\":\"https:\\\/\\\/www.eldiario.net\\\/portal\\\/\"},{\"@type\":\"ListItem\",\"position\":2,\"name\":\"SpaceX pierde la Starship en vuelo de prueba. (18:32)\"}]},{\"@type\":\"WebSite\",\"@id\":\"https:\\\/\\\/www.eldiario.net\\\/portal\\\/#website\",\"url\":\"https:\\\/\\\/www.eldiario.net\\\/portal\\\/\",\"name\":\"El Diario - Decano de la prensa nacional\",\"description\":\"El Diario - Decano de la prensa nacional\",\"publisher\":{\"@id\":\"https:\\\/\\\/www.eldiario.net\\\/portal\\\/#organization\"},\"potentialAction\":[{\"@type\":\"SearchAction\",\"target\":{\"@type\":\"EntryPoint\",\"urlTemplate\":\"https:\\\/\\\/www.eldiario.net\\\/portal\\\/?s={search_term_string}\"},\"query-input\":{\"@type\":\"PropertyValueSpecification\",\"valueRequired\":true,\"valueName\":\"search_term_string\"}}],\"inLanguage\":\"es\"},{\"@type\":\"Organization\",\"@id\":\"https:\\\/\\\/www.eldiario.net\\\/portal\\\/#organization\",\"name\":\"El Diario - Decano de la prensa nacional\",\"url\":\"https:\\\/\\\/www.eldiario.net\\\/portal\\\/\",\"logo\":{\"@type\":\"ImageObject\",\"inLanguage\":\"es\",\"@id\":\"https:\\\/\\\/www.eldiario.net\\\/portal\\\/#\\\/schema\\\/logo\\\/image\\\/\",\"url\":\"https:\\\/\\\/www.eldiario.net\\\/portal\\\/wp-content\\\/uploads\\\/2023\\\/07\\\/logo_ED.jpg\",\"contentUrl\":\"https:\\\/\\\/www.eldiario.net\\\/portal\\\/wp-content\\\/uploads\\\/2023\\\/07\\\/logo_ED.jpg\",\"width\":272,\"height\":52,\"caption\":\"El Diario - Decano de la prensa nacional\"},\"image\":{\"@id\":\"https:\\\/\\\/www.eldiario.net\\\/portal\\\/#\\\/schema\\\/logo\\\/image\\\/\"},\"sameAs\":[\"https:\\\/\\\/www.facebook.com\\\/eldiario.bolivia\\\/\",\"https:\\\/\\\/x.com\\\/eldiario_net\"]},{\"@type\":\"Person\",\"@id\":\"https:\\\/\\\/www.eldiario.net\\\/portal\\\/#\\\/schema\\\/person\\\/ba370d92d160f4d3574381f6d9b78fab\",\"name\":\"Viviana Monrroy\",\"image\":{\"@type\":\"ImageObject\",\"inLanguage\":\"es\",\"@id\":\"https:\\\/\\\/secure.gravatar.com\\\/avatar\\\/dfd1611ed5600959a0e5a9754503b6c05d1dcf190010998e0363aee2ad98afca?s=96&d=mm&r=g\",\"url\":\"https:\\\/\\\/secure.gravatar.com\\\/avatar\\\/dfd1611ed5600959a0e5a9754503b6c05d1dcf190010998e0363aee2ad98afca?s=96&d=mm&r=g\",\"contentUrl\":\"https:\\\/\\\/secure.gravatar.com\\\/avatar\\\/dfd1611ed5600959a0e5a9754503b6c05d1dcf190010998e0363aee2ad98afca?s=96&d=mm&r=g\",\"caption\":\"Viviana Monrroy\"},\"sameAs\":[\"http:\\\/\\\/www.eldiario.net\"],\"url\":\"https:\\\/\\\/www.eldiario.net\\\/portal\\\/author\\\/vivianamonrroy\\\/\"}]}<\/script>\n<!-- \/ Yoast SEO plugin. -->","yoast_head_json":{"title":"SpaceX pierde la Starship en vuelo de prueba. (18:32) - El Diario - Bolivia","robots":{"index":"index","follow":"follow","max-snippet":"max-snippet:-1","max-image-preview":"max-image-preview:large","max-video-preview":"max-video-preview:-1"},"canonical":"https:\/\/www.eldiario.net\/portal\/2025\/01\/17\/spacex-pierde-la-starship-en-vuelo-de-prueba-1832\/","og_locale":"es_ES","og_type":"article","og_title":"SpaceX pierde la Starship en vuelo de prueba. (18:32) - El Diario - Bolivia","og_description":"SpaceX sufri\u00f3 un rev\u00e9s en su programa de pruebas de la nave espacial Starship, al perder la comunicaci\u00f3n con la nave durante su s\u00e9ptimo vuelo de prueba el jueves. Seg\u00fan un comunicado de la empresa, la Starship experiment\u00f3 \u00abun desmontaje r\u00e1pido y no programado durante su combusti\u00f3n de ascenso\u00bb despu\u00e9s de su lanzamiento desde Boca [&hellip;]","og_url":"https:\/\/www.eldiario.net\/portal\/2025\/01\/17\/spacex-pierde-la-starship-en-vuelo-de-prueba-1832\/","og_site_name":"El Diario - Bolivia","article_publisher":"https:\/\/www.facebook.com\/eldiario.bolivia\/","article_published_time":"2025-01-17T22:33:04+00:00","og_image":[{"width":300,"height":246,"url":"https:\/\/www.eldiario.net\/portal\/wp-content\/uploads\/2025\/01\/space-x-e1737153136485.png","type":"image\/png"}],"author":"Viviana Monrroy","twitter_card":"summary_large_image","twitter_creator":"@eldiario_net","twitter_site":"@eldiario_net","twitter_misc":{"Escrito por":"Viviana Monrroy","Tiempo de lectura":"1 minuto"},"schema":{"@context":"https:\/\/schema.org","@graph":[{"@type":"Article","@id":"https:\/\/www.eldiario.net\/portal\/2025\/01\/17\/spacex-pierde-la-starship-en-vuelo-de-prueba-1832\/#article","isPartOf":{"@id":"https:\/\/www.eldiario.net\/portal\/2025\/01\/17\/spacex-pierde-la-starship-en-vuelo-de-prueba-1832\/"},"author":{"name":"Viviana Monrroy","@id":"https:\/\/www.eldiario.net\/portal\/#\/schema\/person\/ba370d92d160f4d3574381f6d9b78fab"},"headline":"SpaceX pierde la Starship en vuelo de prueba. (18:32)","datePublished":"2025-01-17T22:33:04+00:00","mainEntityOfPage":{"@id":"https:\/\/www.eldiario.net\/portal\/2025\/01\/17\/spacex-pierde-la-starship-en-vuelo-de-prueba-1832\/"},"wordCount":180,"publisher":{"@id":"https:\/\/www.eldiario.net\/portal\/#organization"},"image":{"@id":"https:\/\/www.eldiario.net\/portal\/2025\/01\/17\/spacex-pierde-la-starship-en-vuelo-de-prueba-1832\/#primaryimage"},"thumbnailUrl":"https:\/\/www.eldiario.net\/portal\/wp-content\/uploads\/2025\/01\/space-x-e1737153136485.png","articleSection":["\u00daltima Hora"],"inLanguage":"es"},{"@type":"WebPage","@id":"https:\/\/www.eldiario.net\/portal\/2025\/01\/17\/spacex-pierde-la-starship-en-vuelo-de-prueba-1832\/","url":"https:\/\/www.eldiario.net\/portal\/2025\/01\/17\/spacex-pierde-la-starship-en-vuelo-de-prueba-1832\/","name":"SpaceX pierde la Starship en vuelo de prueba. (18:32) - El Diario - Bolivia","isPartOf":{"@id":"https:\/\/www.eldiario.net\/portal\/#website"},"primaryImageOfPage":{"@id":"https:\/\/www.eldiario.net\/portal\/2025\/01\/17\/spacex-pierde-la-starship-en-vuelo-de-prueba-1832\/#primaryimage"},"image":{"@id":"https:\/\/www.eldiario.net\/portal\/2025\/01\/17\/spacex-pierde-la-starship-en-vuelo-de-prueba-1832\/#primaryimage"},"thumbnailUrl":"https:\/\/www.eldiario.net\/portal\/wp-content\/uploads\/2025\/01\/space-x-e1737153136485.png","datePublished":"2025-01-17T22:33:04+00:00","breadcrumb":{"@id":"https:\/\/www.eldiario.net\/portal\/2025\/01\/17\/spacex-pierde-la-starship-en-vuelo-de-prueba-1832\/#breadcrumb"},"inLanguage":"es","potentialAction":[{"@type":"ReadAction","target":["https:\/\/www.eldiario.net\/portal\/2025\/01\/17\/spacex-pierde-la-starship-en-vuelo-de-prueba-1832\/"]}]},{"@type":"ImageObject","inLanguage":"es","@id":"https:\/\/www.eldiario.net\/portal\/2025\/01\/17\/spacex-pierde-la-starship-en-vuelo-de-prueba-1832\/#primaryimage","url":"https:\/\/www.eldiario.net\/portal\/wp-content\/uploads\/2025\/01\/space-x-e1737153136485.png","contentUrl":"https:\/\/www.eldiario.net\/portal\/wp-content\/uploads\/2025\/01\/space-x-e1737153136485.png","width":300,"height":246,"caption":"Foto: RR.SS."},{"@type":"BreadcrumbList","@id":"https:\/\/www.eldiario.net\/portal\/2025\/01\/17\/spacex-pierde-la-starship-en-vuelo-de-prueba-1832\/#breadcrumb","itemListElement":[{"@type":"ListItem","position":1,"name":"Portada","item":"https:\/\/www.eldiario.net\/portal\/"},{"@type":"ListItem","position":2,"name":"SpaceX pierde la Starship en vuelo de prueba. (18:32)"}]},{"@type":"WebSite","@id":"https:\/\/www.eldiario.net\/portal\/#website","url":"https:\/\/www.eldiario.net\/portal\/","name":"El Diario - Decano de la prensa nacional","description":"El Diario - Decano de la prensa nacional","publisher":{"@id":"https:\/\/www.eldiario.net\/portal\/#organization"},"potentialAction":[{"@type":"SearchAction","target":{"@type":"EntryPoint","urlTemplate":"https:\/\/www.eldiario.net\/portal\/?s={search_term_string}"},"query-input":{"@type":"PropertyValueSpecification","valueRequired":true,"valueName":"search_term_string"}}],"inLanguage":"es"},{"@type":"Organization","@id":"https:\/\/www.eldiario.net\/portal\/#organization","name":"El Diario - Decano de la prensa nacional","url":"https:\/\/www.eldiario.net\/portal\/","logo":{"@type":"ImageObject","inLanguage":"es","@id":"https:\/\/www.eldiario.net\/portal\/#\/schema\/logo\/image\/","url":"https:\/\/www.eldiario.net\/portal\/wp-content\/uploads\/2023\/07\/logo_ED.jpg","contentUrl":"https:\/\/www.eldiario.net\/portal\/wp-content\/uploads\/2023\/07\/logo_ED.jpg","width":272,"height":52,"caption":"El Diario - Decano de la prensa nacional"},"image":{"@id":"https:\/\/www.eldiario.net\/portal\/#\/schema\/logo\/image\/"},"sameAs":["https:\/\/www.facebook.com\/eldiario.bolivia\/","https:\/\/x.com\/eldiario_net"]},{"@type":"Person","@id":"https:\/\/www.eldiario.net\/portal\/#\/schema\/person\/ba370d92d160f4d3574381f6d9b78fab","name":"Viviana Monrroy","image":{"@type":"ImageObject","inLanguage":"es","@id":"https:\/\/secure.gravatar.com\/avatar\/dfd1611ed5600959a0e5a9754503b6c05d1dcf190010998e0363aee2ad98afca?s=96&d=mm&r=g","url":"https:\/\/secure.gravatar.com\/avatar\/dfd1611ed5600959a0e5a9754503b6c05d1dcf190010998e0363aee2ad98afca?s=96&d=mm&r=g","contentUrl":"https:\/\/secure.gravatar.com\/avatar\/dfd1611ed5600959a0e5a9754503b6c05d1dcf190010998e0363aee2ad98afca?s=96&d=mm&r=g","caption":"Viviana Monrroy"},"sameAs":["http:\/\/www.eldiario.net"],"url":"https:\/\/www.eldiario.net\/portal\/author\/vivianamonrroy\/"}]}},"_links":{"self":[{"href":"https:\/\/www.eldiario.net\/portal\/wp-json\/wp\/v2\/posts\/275374","targetHints":{"allow":["GET"]}}],"collection":[{"href":"https:\/\/www.eldiario.net\/portal\/wp-json\/wp\/v2\/posts"}],"about":[{"href":"https:\/\/www.eldiario.net\/portal\/wp-json\/wp\/v2\/types\/post"}],"author":[{"embeddable":true,"href":"https:\/\/www.eldiario.net\/portal\/wp-json\/wp\/v2\/users\/7"}],"replies":[{"embeddable":true,"href":"https:\/\/www.eldiario.net\/portal\/wp-json\/wp\/v2\/comments?post=275374"}],"version-history":[{"count":1,"href":"https:\/\/www.eldiario.net\/portal\/wp-json\/wp\/v2\/posts\/275374\/revisions"}],"predecessor-version":[{"id":275377,"href":"https:\/\/www.eldiario.net\/portal\/wp-json\/wp\/v2\/posts\/275374\/revisions\/275377"}],"wp:featuredmedia":[{"embeddable":true,"href":"https:\/\/www.eldiario.net\/portal\/wp-json\/wp\/v2\/media\/275376"}],"wp:attachment":[{"href":"https:\/\/www.eldiario.net\/portal\/wp-json\/wp\/v2\/media?parent=275374"}],"wp:term":[{"taxonomy":"category","embeddable":true,"href":"https:\/\/www.eldiario.net\/portal\/wp-json\/wp\/v2\/categories?post=275374"},{"taxonomy":"post_tag","embeddable":true,"href":"https:\/\/www.eldiario.net\/portal\/wp-json\/wp\/v2\/tags?post=275374"}],"curies":[{"name":"wp","href":"https:\/\/api.w.org\/{rel}","templated":true}]}}