{"id":274946,"date":"2025-01-16T05:34:19","date_gmt":"2025-01-16T09:34:19","guid":{"rendered":"https:\/\/www.eldiario.net\/portal\/?p=274946"},"modified":"2025-01-16T05:34:19","modified_gmt":"2025-01-16T09:34:19","slug":"detencion-preventiva-por-tres-meses-para-docente-de-comunicacion-de-umsa","status":"publish","type":"post","link":"https:\/\/www.eldiario.net\/portal\/2025\/01\/16\/detencion-preventiva-por-tres-meses-para-docente-de-comunicacion-de-umsa\/","title":{"rendered":"Detenci\u00f3n preventiva por tres meses para docente de Comunicaci\u00f3n de UMSA"},"content":{"rendered":"<p>Un docente de Comunicaci\u00f3n Social de la Universidad Mayor de San Andr\u00e9s (UMSA), que habr\u00eda sido elegido irregularmente para dictar dos materias en la carrera, fue enviado al penal de San Pedro con detenci\u00f3n preventiva por tres meses, inform\u00f3 el titular de la Unidad de Transparencia de esta casa de estudios, Franz Laura.<\/p>\n<p>El docente enfrenta cargos por favorecimiento il\u00edcito y falsificaci\u00f3n de documentos, tras conseguir dos materias a pesar de no haber respaldado su hoja de vida.<\/p>\n<p>Laura agreg\u00f3 que la audiencia se realiz\u00f3 la semana pasada y que el juez tom\u00f3 esa decisi\u00f3n tras determinar que exist\u00edan \u201criesgos procesales\u201d.<\/p>\n<p>El investigado fue enviado al penal el jueves 9 de enero, despu\u00e9s de haber quedado aprehendido el lunes 6 tras declarar ante la Fiscal\u00eda de La Paz por el caso relacionado con designaciones irregulares en la carrera de Comunicaci\u00f3n.<\/p>\n<p>\u201c\u00c9l habr\u00eda presentado, supuestamente, una especialidad y una maestr\u00eda, pero no contaba con ninguna de las dos. Si bien era egresado, no ten\u00eda el t\u00edtulo correspondiente. Lo mismo ocurri\u00f3 con los a\u00f1os de experiencia declarados, los cuales no coincid\u00edan con los reales\u201d, se\u00f1al\u00f3 Laura recientemente.<\/p>\n<p>EL CASO<\/p>\n<p>La denuncia fue presentada en noviembre por cuatro docentes de la carrera de Comunicaci\u00f3n Social de la UMSA, quienes se\u00f1alaron que la comisi\u00f3n evaluadora otorg\u00f3 puntajes altos de forma irregular a un profesor que postulaba a dar clases y que finalmente consigui\u00f3 dos c\u00e1tedras.<\/p>\n<p>Adem\u00e1s del profesor ahora detenido, la Fiscal\u00eda de La Paz investiga a la comisi\u00f3n evaluadora de los candidatos, conformada por dos docentes y dos estudiantes, por falsedad ideol\u00f3gica y tr\u00e1fico de influencias.<\/p>\n<p>Esta semana, dijo Laura, ser\u00e1 decisiva para estas personas, ya que ser\u00e1n convocadas a declarar. \u201cEstamos presentando otros informes de otras unidades para pedir al Ministerio P\u00fablico para que ampl\u00ede la denuncia no solo en el tipo de delito, sino tambi\u00e9n en contra de otras posibles autoridades que est\u00e1n implicadas\u201d, indic\u00f3. (Br\u00fajula Digital)<\/p>\n","protected":false},"excerpt":{"rendered":"<p>Un docente de Comunicaci\u00f3n Social de la Universidad Mayor de San Andr\u00e9s (UMSA), que habr\u00eda sido elegido irregularmente para dictar dos materias en la carrera, fue enviado al penal de San Pedro con detenci\u00f3n preventiva por tres meses, inform\u00f3 el titular de la Unidad de Transparencia de esta casa de estudios, Franz Laura. El docente [&hellip;]<\/p>\n","protected":false},"author":1,"featured_media":274947,"comment_status":"closed","ping_status":"open","sticky":false,"template":"","format":"standard","meta":{"_acf_changed":false,"footnotes":""},"categories":[39],"tags":[],"class_list":["post-274946","post","type-post","status-publish","format-standard","has-post-thumbnail","category-sociedad"],"acf":{"antetitulo":""},"yoast_head":"<!-- This site is optimized with the Yoast SEO plugin v28.4 - https:\/\/yoast.com\/product\/yoast-seo-wordpress\/ -->\n<title>Detenci\u00f3n preventiva por tres meses para docente de Comunicaci\u00f3n de UMSA - El Diario - Bolivia<\/title>\n<meta name=\"robots\" content=\"index, follow, max-snippet:-1, max-image-preview:large, max-video-preview:-1\" \/>\n<link rel=\"canonical\" href=\"https:\/\/www.eldiario.net\/portal\/2025\/01\/16\/detencion-preventiva-por-tres-meses-para-docente-de-comunicacion-de-umsa\/\" \/>\n<meta property=\"og:locale\" content=\"es_ES\" \/>\n<meta property=\"og:type\" content=\"article\" \/>\n<meta property=\"og:title\" content=\"Detenci\u00f3n preventiva por tres meses para docente de Comunicaci\u00f3n de UMSA - El Diario - Bolivia\" \/>\n<meta property=\"og:description\" content=\"Un docente de Comunicaci\u00f3n Social de la Universidad Mayor de San Andr\u00e9s (UMSA), que habr\u00eda sido elegido irregularmente para dictar dos materias en la carrera, fue enviado al penal de San Pedro con detenci\u00f3n preventiva por tres meses, inform\u00f3 el titular de la Unidad de Transparencia de esta casa de estudios, Franz Laura. El docente [&hellip;]\" \/>\n<meta property=\"og:url\" content=\"https:\/\/www.eldiario.net\/portal\/2025\/01\/16\/detencion-preventiva-por-tres-meses-para-docente-de-comunicacion-de-umsa\/\" \/>\n<meta property=\"og:site_name\" content=\"El Diario - Bolivia\" \/>\n<meta property=\"article:publisher\" content=\"https:\/\/www.facebook.com\/eldiario.bolivia\/\" \/>\n<meta property=\"article:published_time\" content=\"2025-01-16T09:34:19+00:00\" \/>\n<meta property=\"og:image\" content=\"https:\/\/www.eldiario.net\/portal\/wp-content\/uploads\/2025\/01\/UMSA-FOTO-1.jpg\" \/>\n\t<meta property=\"og:image:width\" content=\"720\" \/>\n\t<meta property=\"og:image:height\" content=\"400\" \/>\n\t<meta property=\"og:image:type\" content=\"image\/jpeg\" \/>\n<meta name=\"author\" content=\"Jeanette\" \/>\n<meta name=\"twitter:card\" content=\"summary_large_image\" \/>\n<meta name=\"twitter:creator\" content=\"@eldiario_net\" \/>\n<meta name=\"twitter:site\" content=\"@eldiario_net\" \/>\n<meta name=\"twitter:label1\" content=\"Escrito por\" \/>\n\t<meta name=\"twitter:data1\" content=\"Jeanette\" \/>\n\t<meta name=\"twitter:label2\" content=\"Tiempo de lectura\" \/>\n\t<meta name=\"twitter:data2\" content=\"2 minutos\" \/>\n<script type=\"application\/ld+json\" class=\"yoast-schema-graph\">{\"@context\":\"https:\\\/\\\/schema.org\",\"@graph\":[{\"@type\":\"Article\",\"@id\":\"https:\\\/\\\/www.eldiario.net\\\/portal\\\/2025\\\/01\\\/16\\\/detencion-preventiva-por-tres-meses-para-docente-de-comunicacion-de-umsa\\\/#article\",\"isPartOf\":{\"@id\":\"https:\\\/\\\/www.eldiario.net\\\/portal\\\/2025\\\/01\\\/16\\\/detencion-preventiva-por-tres-meses-para-docente-de-comunicacion-de-umsa\\\/\"},\"author\":{\"name\":\"Jeanette\",\"@id\":\"https:\\\/\\\/www.eldiario.net\\\/portal\\\/#\\\/schema\\\/person\\\/2c57cf2b7a7ae032e449e4c9b1019eac\"},\"headline\":\"Detenci\u00f3n preventiva por tres meses para docente de Comunicaci\u00f3n de UMSA\",\"datePublished\":\"2025-01-16T09:34:19+00:00\",\"mainEntityOfPage\":{\"@id\":\"https:\\\/\\\/www.eldiario.net\\\/portal\\\/2025\\\/01\\\/16\\\/detencion-preventiva-por-tres-meses-para-docente-de-comunicacion-de-umsa\\\/\"},\"wordCount\":360,\"publisher\":{\"@id\":\"https:\\\/\\\/www.eldiario.net\\\/portal\\\/#organization\"},\"image\":{\"@id\":\"https:\\\/\\\/www.eldiario.net\\\/portal\\\/2025\\\/01\\\/16\\\/detencion-preventiva-por-tres-meses-para-docente-de-comunicacion-de-umsa\\\/#primaryimage\"},\"thumbnailUrl\":\"https:\\\/\\\/www.eldiario.net\\\/portal\\\/wp-content\\\/uploads\\\/2025\\\/01\\\/UMSA-FOTO-1.jpg\",\"articleSection\":[\"Sociedad - Seguridad\"],\"inLanguage\":\"es\"},{\"@type\":\"WebPage\",\"@id\":\"https:\\\/\\\/www.eldiario.net\\\/portal\\\/2025\\\/01\\\/16\\\/detencion-preventiva-por-tres-meses-para-docente-de-comunicacion-de-umsa\\\/\",\"url\":\"https:\\\/\\\/www.eldiario.net\\\/portal\\\/2025\\\/01\\\/16\\\/detencion-preventiva-por-tres-meses-para-docente-de-comunicacion-de-umsa\\\/\",\"name\":\"Detenci\u00f3n preventiva por tres meses para docente de Comunicaci\u00f3n de UMSA - El Diario - Bolivia\",\"isPartOf\":{\"@id\":\"https:\\\/\\\/www.eldiario.net\\\/portal\\\/#website\"},\"primaryImageOfPage\":{\"@id\":\"https:\\\/\\\/www.eldiario.net\\\/portal\\\/2025\\\/01\\\/16\\\/detencion-preventiva-por-tres-meses-para-docente-de-comunicacion-de-umsa\\\/#primaryimage\"},\"image\":{\"@id\":\"https:\\\/\\\/www.eldiario.net\\\/portal\\\/2025\\\/01\\\/16\\\/detencion-preventiva-por-tres-meses-para-docente-de-comunicacion-de-umsa\\\/#primaryimage\"},\"thumbnailUrl\":\"https:\\\/\\\/www.eldiario.net\\\/portal\\\/wp-content\\\/uploads\\\/2025\\\/01\\\/UMSA-FOTO-1.jpg\",\"datePublished\":\"2025-01-16T09:34:19+00:00\",\"breadcrumb\":{\"@id\":\"https:\\\/\\\/www.eldiario.net\\\/portal\\\/2025\\\/01\\\/16\\\/detencion-preventiva-por-tres-meses-para-docente-de-comunicacion-de-umsa\\\/#breadcrumb\"},\"inLanguage\":\"es\",\"potentialAction\":[{\"@type\":\"ReadAction\",\"target\":[\"https:\\\/\\\/www.eldiario.net\\\/portal\\\/2025\\\/01\\\/16\\\/detencion-preventiva-por-tres-meses-para-docente-de-comunicacion-de-umsa\\\/\"]}]},{\"@type\":\"ImageObject\",\"inLanguage\":\"es\",\"@id\":\"https:\\\/\\\/www.eldiario.net\\\/portal\\\/2025\\\/01\\\/16\\\/detencion-preventiva-por-tres-meses-para-docente-de-comunicacion-de-umsa\\\/#primaryimage\",\"url\":\"https:\\\/\\\/www.eldiario.net\\\/portal\\\/wp-content\\\/uploads\\\/2025\\\/01\\\/UMSA-FOTO-1.jpg\",\"contentUrl\":\"https:\\\/\\\/www.eldiario.net\\\/portal\\\/wp-content\\\/uploads\\\/2025\\\/01\\\/UMSA-FOTO-1.jpg\",\"width\":720,\"height\":400,\"caption\":\"Ingreso a la carrera de Comunicaci\u00f3n Social de la UMSA. Cr\u00e9ditos: RRSS\"},{\"@type\":\"BreadcrumbList\",\"@id\":\"https:\\\/\\\/www.eldiario.net\\\/portal\\\/2025\\\/01\\\/16\\\/detencion-preventiva-por-tres-meses-para-docente-de-comunicacion-de-umsa\\\/#breadcrumb\",\"itemListElement\":[{\"@type\":\"ListItem\",\"position\":1,\"name\":\"Portada\",\"item\":\"https:\\\/\\\/www.eldiario.net\\\/portal\\\/\"},{\"@type\":\"ListItem\",\"position\":2,\"name\":\"Detenci\u00f3n preventiva por tres meses para docente de Comunicaci\u00f3n de UMSA\"}]},{\"@type\":\"WebSite\",\"@id\":\"https:\\\/\\\/www.eldiario.net\\\/portal\\\/#website\",\"url\":\"https:\\\/\\\/www.eldiario.net\\\/portal\\\/\",\"name\":\"El Diario - Decano de la prensa nacional\",\"description\":\"El Diario - Decano de la prensa nacional\",\"publisher\":{\"@id\":\"https:\\\/\\\/www.eldiario.net\\\/portal\\\/#organization\"},\"potentialAction\":[{\"@type\":\"SearchAction\",\"target\":{\"@type\":\"EntryPoint\",\"urlTemplate\":\"https:\\\/\\\/www.eldiario.net\\\/portal\\\/?s={search_term_string}\"},\"query-input\":{\"@type\":\"PropertyValueSpecification\",\"valueRequired\":true,\"valueName\":\"search_term_string\"}}],\"inLanguage\":\"es\"},{\"@type\":\"Organization\",\"@id\":\"https:\\\/\\\/www.eldiario.net\\\/portal\\\/#organization\",\"name\":\"El Diario - Decano de la prensa nacional\",\"url\":\"https:\\\/\\\/www.eldiario.net\\\/portal\\\/\",\"logo\":{\"@type\":\"ImageObject\",\"inLanguage\":\"es\",\"@id\":\"https:\\\/\\\/www.eldiario.net\\\/portal\\\/#\\\/schema\\\/logo\\\/image\\\/\",\"url\":\"https:\\\/\\\/www.eldiario.net\\\/portal\\\/wp-content\\\/uploads\\\/2023\\\/07\\\/logo_ED.jpg\",\"contentUrl\":\"https:\\\/\\\/www.eldiario.net\\\/portal\\\/wp-content\\\/uploads\\\/2023\\\/07\\\/logo_ED.jpg\",\"width\":272,\"height\":52,\"caption\":\"El Diario - Decano de la prensa nacional\"},\"image\":{\"@id\":\"https:\\\/\\\/www.eldiario.net\\\/portal\\\/#\\\/schema\\\/logo\\\/image\\\/\"},\"sameAs\":[\"https:\\\/\\\/www.facebook.com\\\/eldiario.bolivia\\\/\",\"https:\\\/\\\/x.com\\\/eldiario_net\"]},{\"@type\":\"Person\",\"@id\":\"https:\\\/\\\/www.eldiario.net\\\/portal\\\/#\\\/schema\\\/person\\\/2c57cf2b7a7ae032e449e4c9b1019eac\",\"name\":\"Jeanette\",\"image\":{\"@type\":\"ImageObject\",\"inLanguage\":\"es\",\"@id\":\"https:\\\/\\\/secure.gravatar.com\\\/avatar\\\/3ea2118a5f7dad2b7138b1187a6b7ee55f160b9968b66013c3a3ef39dd7e5798?s=96&d=mm&r=g\",\"url\":\"https:\\\/\\\/secure.gravatar.com\\\/avatar\\\/3ea2118a5f7dad2b7138b1187a6b7ee55f160b9968b66013c3a3ef39dd7e5798?s=96&d=mm&r=g\",\"contentUrl\":\"https:\\\/\\\/secure.gravatar.com\\\/avatar\\\/3ea2118a5f7dad2b7138b1187a6b7ee55f160b9968b66013c3a3ef39dd7e5798?s=96&d=mm&r=g\",\"caption\":\"Jeanette\"},\"sameAs\":[\"https:\\\/\\\/www.eldiario.net\\\/portal\"],\"url\":\"https:\\\/\\\/www.eldiario.net\\\/portal\\\/author\\\/jeanette\\\/\"}]}<\/script>\n<!-- \/ Yoast SEO plugin. -->","yoast_head_json":{"title":"Detenci\u00f3n preventiva por tres meses para docente de Comunicaci\u00f3n de UMSA - El Diario - Bolivia","robots":{"index":"index","follow":"follow","max-snippet":"max-snippet:-1","max-image-preview":"max-image-preview:large","max-video-preview":"max-video-preview:-1"},"canonical":"https:\/\/www.eldiario.net\/portal\/2025\/01\/16\/detencion-preventiva-por-tres-meses-para-docente-de-comunicacion-de-umsa\/","og_locale":"es_ES","og_type":"article","og_title":"Detenci\u00f3n preventiva por tres meses para docente de Comunicaci\u00f3n de UMSA - El Diario - Bolivia","og_description":"Un docente de Comunicaci\u00f3n Social de la Universidad Mayor de San Andr\u00e9s (UMSA), que habr\u00eda sido elegido irregularmente para dictar dos materias en la carrera, fue enviado al penal de San Pedro con detenci\u00f3n preventiva por tres meses, inform\u00f3 el titular de la Unidad de Transparencia de esta casa de estudios, Franz Laura. El docente [&hellip;]","og_url":"https:\/\/www.eldiario.net\/portal\/2025\/01\/16\/detencion-preventiva-por-tres-meses-para-docente-de-comunicacion-de-umsa\/","og_site_name":"El Diario - Bolivia","article_publisher":"https:\/\/www.facebook.com\/eldiario.bolivia\/","article_published_time":"2025-01-16T09:34:19+00:00","og_image":[{"width":720,"height":400,"url":"https:\/\/www.eldiario.net\/portal\/wp-content\/uploads\/2025\/01\/UMSA-FOTO-1.jpg","type":"image\/jpeg"}],"author":"Jeanette","twitter_card":"summary_large_image","twitter_creator":"@eldiario_net","twitter_site":"@eldiario_net","twitter_misc":{"Escrito por":"Jeanette","Tiempo de lectura":"2 minutos"},"schema":{"@context":"https:\/\/schema.org","@graph":[{"@type":"Article","@id":"https:\/\/www.eldiario.net\/portal\/2025\/01\/16\/detencion-preventiva-por-tres-meses-para-docente-de-comunicacion-de-umsa\/#article","isPartOf":{"@id":"https:\/\/www.eldiario.net\/portal\/2025\/01\/16\/detencion-preventiva-por-tres-meses-para-docente-de-comunicacion-de-umsa\/"},"author":{"name":"Jeanette","@id":"https:\/\/www.eldiario.net\/portal\/#\/schema\/person\/2c57cf2b7a7ae032e449e4c9b1019eac"},"headline":"Detenci\u00f3n preventiva por tres meses para docente de Comunicaci\u00f3n de UMSA","datePublished":"2025-01-16T09:34:19+00:00","mainEntityOfPage":{"@id":"https:\/\/www.eldiario.net\/portal\/2025\/01\/16\/detencion-preventiva-por-tres-meses-para-docente-de-comunicacion-de-umsa\/"},"wordCount":360,"publisher":{"@id":"https:\/\/www.eldiario.net\/portal\/#organization"},"image":{"@id":"https:\/\/www.eldiario.net\/portal\/2025\/01\/16\/detencion-preventiva-por-tres-meses-para-docente-de-comunicacion-de-umsa\/#primaryimage"},"thumbnailUrl":"https:\/\/www.eldiario.net\/portal\/wp-content\/uploads\/2025\/01\/UMSA-FOTO-1.jpg","articleSection":["Sociedad - Seguridad"],"inLanguage":"es"},{"@type":"WebPage","@id":"https:\/\/www.eldiario.net\/portal\/2025\/01\/16\/detencion-preventiva-por-tres-meses-para-docente-de-comunicacion-de-umsa\/","url":"https:\/\/www.eldiario.net\/portal\/2025\/01\/16\/detencion-preventiva-por-tres-meses-para-docente-de-comunicacion-de-umsa\/","name":"Detenci\u00f3n preventiva por tres meses para docente de Comunicaci\u00f3n de UMSA - El Diario - Bolivia","isPartOf":{"@id":"https:\/\/www.eldiario.net\/portal\/#website"},"primaryImageOfPage":{"@id":"https:\/\/www.eldiario.net\/portal\/2025\/01\/16\/detencion-preventiva-por-tres-meses-para-docente-de-comunicacion-de-umsa\/#primaryimage"},"image":{"@id":"https:\/\/www.eldiario.net\/portal\/2025\/01\/16\/detencion-preventiva-por-tres-meses-para-docente-de-comunicacion-de-umsa\/#primaryimage"},"thumbnailUrl":"https:\/\/www.eldiario.net\/portal\/wp-content\/uploads\/2025\/01\/UMSA-FOTO-1.jpg","datePublished":"2025-01-16T09:34:19+00:00","breadcrumb":{"@id":"https:\/\/www.eldiario.net\/portal\/2025\/01\/16\/detencion-preventiva-por-tres-meses-para-docente-de-comunicacion-de-umsa\/#breadcrumb"},"inLanguage":"es","potentialAction":[{"@type":"ReadAction","target":["https:\/\/www.eldiario.net\/portal\/2025\/01\/16\/detencion-preventiva-por-tres-meses-para-docente-de-comunicacion-de-umsa\/"]}]},{"@type":"ImageObject","inLanguage":"es","@id":"https:\/\/www.eldiario.net\/portal\/2025\/01\/16\/detencion-preventiva-por-tres-meses-para-docente-de-comunicacion-de-umsa\/#primaryimage","url":"https:\/\/www.eldiario.net\/portal\/wp-content\/uploads\/2025\/01\/UMSA-FOTO-1.jpg","contentUrl":"https:\/\/www.eldiario.net\/portal\/wp-content\/uploads\/2025\/01\/UMSA-FOTO-1.jpg","width":720,"height":400,"caption":"Ingreso a la carrera de Comunicaci\u00f3n Social de la UMSA. Cr\u00e9ditos: RRSS"},{"@type":"BreadcrumbList","@id":"https:\/\/www.eldiario.net\/portal\/2025\/01\/16\/detencion-preventiva-por-tres-meses-para-docente-de-comunicacion-de-umsa\/#breadcrumb","itemListElement":[{"@type":"ListItem","position":1,"name":"Portada","item":"https:\/\/www.eldiario.net\/portal\/"},{"@type":"ListItem","position":2,"name":"Detenci\u00f3n preventiva por tres meses para docente de Comunicaci\u00f3n de UMSA"}]},{"@type":"WebSite","@id":"https:\/\/www.eldiario.net\/portal\/#website","url":"https:\/\/www.eldiario.net\/portal\/","name":"El Diario - Decano de la prensa nacional","description":"El Diario - Decano de la prensa nacional","publisher":{"@id":"https:\/\/www.eldiario.net\/portal\/#organization"},"potentialAction":[{"@type":"SearchAction","target":{"@type":"EntryPoint","urlTemplate":"https:\/\/www.eldiario.net\/portal\/?s={search_term_string}"},"query-input":{"@type":"PropertyValueSpecification","valueRequired":true,"valueName":"search_term_string"}}],"inLanguage":"es"},{"@type":"Organization","@id":"https:\/\/www.eldiario.net\/portal\/#organization","name":"El Diario - Decano de la prensa nacional","url":"https:\/\/www.eldiario.net\/portal\/","logo":{"@type":"ImageObject","inLanguage":"es","@id":"https:\/\/www.eldiario.net\/portal\/#\/schema\/logo\/image\/","url":"https:\/\/www.eldiario.net\/portal\/wp-content\/uploads\/2023\/07\/logo_ED.jpg","contentUrl":"https:\/\/www.eldiario.net\/portal\/wp-content\/uploads\/2023\/07\/logo_ED.jpg","width":272,"height":52,"caption":"El Diario - Decano de la prensa nacional"},"image":{"@id":"https:\/\/www.eldiario.net\/portal\/#\/schema\/logo\/image\/"},"sameAs":["https:\/\/www.facebook.com\/eldiario.bolivia\/","https:\/\/x.com\/eldiario_net"]},{"@type":"Person","@id":"https:\/\/www.eldiario.net\/portal\/#\/schema\/person\/2c57cf2b7a7ae032e449e4c9b1019eac","name":"Jeanette","image":{"@type":"ImageObject","inLanguage":"es","@id":"https:\/\/secure.gravatar.com\/avatar\/3ea2118a5f7dad2b7138b1187a6b7ee55f160b9968b66013c3a3ef39dd7e5798?s=96&d=mm&r=g","url":"https:\/\/secure.gravatar.com\/avatar\/3ea2118a5f7dad2b7138b1187a6b7ee55f160b9968b66013c3a3ef39dd7e5798?s=96&d=mm&r=g","contentUrl":"https:\/\/secure.gravatar.com\/avatar\/3ea2118a5f7dad2b7138b1187a6b7ee55f160b9968b66013c3a3ef39dd7e5798?s=96&d=mm&r=g","caption":"Jeanette"},"sameAs":["https:\/\/www.eldiario.net\/portal"],"url":"https:\/\/www.eldiario.net\/portal\/author\/jeanette\/"}]}},"_links":{"self":[{"href":"https:\/\/www.eldiario.net\/portal\/wp-json\/wp\/v2\/posts\/274946","targetHints":{"allow":["GET"]}}],"collection":[{"href":"https:\/\/www.eldiario.net\/portal\/wp-json\/wp\/v2\/posts"}],"about":[{"href":"https:\/\/www.eldiario.net\/portal\/wp-json\/wp\/v2\/types\/post"}],"author":[{"embeddable":true,"href":"https:\/\/www.eldiario.net\/portal\/wp-json\/wp\/v2\/users\/1"}],"replies":[{"embeddable":true,"href":"https:\/\/www.eldiario.net\/portal\/wp-json\/wp\/v2\/comments?post=274946"}],"version-history":[{"count":1,"href":"https:\/\/www.eldiario.net\/portal\/wp-json\/wp\/v2\/posts\/274946\/revisions"}],"predecessor-version":[{"id":274948,"href":"https:\/\/www.eldiario.net\/portal\/wp-json\/wp\/v2\/posts\/274946\/revisions\/274948"}],"wp:featuredmedia":[{"embeddable":true,"href":"https:\/\/www.eldiario.net\/portal\/wp-json\/wp\/v2\/media\/274947"}],"wp:attachment":[{"href":"https:\/\/www.eldiario.net\/portal\/wp-json\/wp\/v2\/media?parent=274946"}],"wp:term":[{"taxonomy":"category","embeddable":true,"href":"https:\/\/www.eldiario.net\/portal\/wp-json\/wp\/v2\/categories?post=274946"},{"taxonomy":"post_tag","embeddable":true,"href":"https:\/\/www.eldiario.net\/portal\/wp-json\/wp\/v2\/tags?post=274946"}],"curies":[{"name":"wp","href":"https:\/\/api.w.org\/{rel}","templated":true}]}}