{"id":274942,"date":"2025-01-16T05:32:49","date_gmt":"2025-01-16T09:32:49","guid":{"rendered":"https:\/\/www.eldiario.net\/portal\/?p=274942"},"modified":"2025-01-16T05:32:49","modified_gmt":"2025-01-16T09:32:49","slug":"hay-que-tumbar-al-despota","status":"publish","type":"post","link":"https:\/\/www.eldiario.net\/portal\/2025\/01\/16\/hay-que-tumbar-al-despota\/","title":{"rendered":"Hay que tumbar al d\u00e9spota"},"content":{"rendered":"<p>Escribir \u2013o hablar\u2013 sobre \u201cgolpes de Estado\u201d, justific\u00e1ndolos, resulta muy peligroso. M\u00e1s ahora que estamos democratizados hasta la m\u00e9dula. Hoy a nadie le interesa que un pat\u00e1n est\u00e9 gobernando un pa\u00eds si fue elegido en las urnas. Pero si ese sujeto hace mal gobierno, roba, mata, es fraudulento, y decide perdurar en el mando para siempre, no vemos por qu\u00e9 el pueblo tendr\u00eda que estar aferrado a una institucionalidad que ha dejado de existir. En suma, ese gobernante es un dictador simulado, que ensalza el orden democr\u00e1tico porque le conviene, y el pueblo, c\u00e1ndido en su mayor\u00eda, lo aplaude y apoya; unas veces por ignorancia y otras por miedo.<\/p>\n<p>\u00bfC\u00f3mo se va a sacar a Maduro del poder si es un estafador que juega sucio con la democracia y que ya va por su tercer per\u00edodo burlando la Carta Magna? \u00bfC\u00f3mo mover del mando a un individuo que pierde una elecci\u00f3n abrumadoramente y se declara vencedor sin el menor pudor y retando la opini\u00f3n de la comunidad internacional, que solo atina a lanzar p\u00e9sames a los venezolanos? \u00bfC\u00f3mo si insulta a los gringos y les dice que si asoman por sus dominios los va a recibir a balazos? \u00bfC\u00f3mo recuperar la legitimidad constitucional si declara que la Revoluci\u00f3n Bolivariana requiere de muchos a\u00f1os todav\u00eda para mostrar su grandeza?<\/p>\n<p>Algo similar sucedi\u00f3 con Evo Morales, quien gobern\u00f3 primero entre 2006 y 2009; luego de 2009 a 2014; despu\u00e9s de 2014 a 2019 y pensaba gobernar de 2020 a 2025, cuando se le descubri\u00f3 el fraude m\u00e1s truculento y oscuro en la historia de Bolivia. Morales tuvo que renunciar y huir porque no pudo sostener su trampa que la descubri\u00f3 el pueblo boliviano y la ratific\u00f3 la OEA. Iba a asumir su cuarto per\u00edodo presidencial consecutivo, cuando el pa\u00eds ya no lo pod\u00eda soportar, pero le ten\u00eda temor. Es que manejaba un estado policiaco que asustaba.<\/p>\n<p>De Cuba no hablemos porque nunca acabar\u00edamos con esa su revoluci\u00f3n de la miseria. Y el presidente de Nicaragua est\u00e1 disfrutando el camino de Maduro y Morales, creando una dinast\u00eda hereditaria caribe\u00f1a, que hubiera sido para gozo literario de Garc\u00eda M\u00e1rquez e inspiraci\u00f3n demoledora de Vargas Llosa, porque Ortega es del pelaje que m\u00e1s se aproxima a los dictadores \u201cbananeros\u201d como Somoza, Trujillo, Batista y alg\u00fan otro. Todos esos que terminaron derrocados o muertos a bala. \u00bfQu\u00e9 hacer ahora con estos mandatarios que se reeligen sin medida, que hacen trampas, que tienen su club de mandatarios zurdos que los apoyan o guardan un vergonzoso silencio?<\/p>\n<p>A mi juicio es absolutamente justificado echarlos del poder, tumbarlos. \u00bfPor qu\u00e9 lidiar democr\u00e1ticamente con sujetos que se r\u00eden a carcajadas de la democracia? \u00bfNo es absurdo que unos jueguen limpio y otros sucio? \u00bfNo hemos visto a Maduro en la farsa del juramento rodeado de sus compinches Rodr\u00edguez y Cabello, y luego bailando cumbia en una escena teatral que apena y humilla? \u00bfC\u00f3mo es posible que un pueblo como el venezolano, donde se enfrentaban democr\u00e1ticamente entre adecos, copeyanos y otros menores, aparezca un partido, dizque \u201cbolivariano\u201d y no permita que ning\u00fan otro le haga sombra y pueda ganar una elecci\u00f3n? As\u00ed como dijo Maduro que se iba a quedar gobernando por las buenas o por las malas, hay que contestarle que, si no se va por las buenas, tiene que irse por las malas. Si no renuncia ante el desconocimiento y el desprecio mundial, hay que tumbarlo. \u00bfO se va a quedar Venezuela oyendo sus oper\u00edas durante seis a\u00f1os m\u00e1s? \u00bfO doce? \u00bfO m\u00e1s? \u00bfVan a transitar una o dos generaciones de ciudadanos sin conocer a nadie m\u00e1s que a ese mastodonte bravuc\u00f3n? Hay que tumbar al d\u00e9spota. Ya pas\u00f3 la hora del di\u00e1logo que nunca sirvi\u00f3 para algo y que fue pura comedia.<\/p>\n<p>Evo Morales y sus seguidores lloran todos los d\u00edas por el inventado golpe de Estado del 2019. Se lamentan tambi\u00e9n Arce y los suyos, en vez de callar. En 2019 Morales hizo fraude para deleitarse seguro de lograr su cuarto per\u00edodo presidencial. Mont\u00f3 el fraude y todos lo sabemos, incluido \u00e9l, por supuesto. Pero los masistas se quejan de que hubo un golpe. \u00bfDe qu\u00e9 se extra\u00f1a el MAS si hubiera existido un golpe? \u00bfNo se justificaba que derrocaran a un tipo que iba a ganar inconstitucionalmente su cuarto mandato? \u00bfDe un pervertido que ya se hab\u00eda pasado por el forro un refer\u00e9ndum que le hab\u00eda dicho que no corr\u00eda m\u00e1s? Los bolivianos nos hemos quedado discutiendo si hubo fraude o hubo golpe. Pues si fue golpe como tanto insiste y miente el MAS, bienvenido, merecido, necesario, para arrancar de esa silla del poder a Morales, donde el cocalero ignaro quer\u00eda pasar 50 a\u00f1os, disfrutando en vez de gobernar.<\/p>\n","protected":false},"excerpt":{"rendered":"<p>Escribir \u2013o hablar\u2013 sobre \u201cgolpes de Estado\u201d, justific\u00e1ndolos, resulta muy peligroso. M\u00e1s ahora que estamos democratizados hasta la m\u00e9dula. Hoy a nadie le interesa que un pat\u00e1n est\u00e9 gobernando un pa\u00eds si fue elegido en las urnas. Pero si ese sujeto hace mal gobierno, roba, mata, es fraudulento, y decide perdurar en el mando para [&hellip;]<\/p>\n","protected":false},"author":1,"featured_media":157472,"comment_status":"closed","ping_status":"open","sticky":false,"template":"","format":"standard","meta":{"_acf_changed":false,"footnotes":""},"categories":[9],"tags":[],"class_list":["post-274942","post","type-post","status-publish","format-standard","has-post-thumbnail","category-opinion"],"acf":{"antetitulo":""},"yoast_head":"<!-- This site is optimized with the Yoast SEO plugin v28.4 - https:\/\/yoast.com\/product\/yoast-seo-wordpress\/ -->\n<title>Hay que tumbar al d\u00e9spota - El Diario - Bolivia<\/title>\n<meta name=\"robots\" content=\"index, follow, max-snippet:-1, max-image-preview:large, max-video-preview:-1\" \/>\n<link rel=\"canonical\" href=\"https:\/\/www.eldiario.net\/portal\/2025\/01\/16\/hay-que-tumbar-al-despota\/\" \/>\n<meta property=\"og:locale\" content=\"es_ES\" \/>\n<meta property=\"og:type\" content=\"article\" \/>\n<meta property=\"og:title\" content=\"Hay que tumbar al d\u00e9spota - El Diario - Bolivia\" \/>\n<meta property=\"og:description\" content=\"Escribir \u2013o hablar\u2013 sobre \u201cgolpes de Estado\u201d, justific\u00e1ndolos, resulta muy peligroso. M\u00e1s ahora que estamos democratizados hasta la m\u00e9dula. Hoy a nadie le interesa que un pat\u00e1n est\u00e9 gobernando un pa\u00eds si fue elegido en las urnas. Pero si ese sujeto hace mal gobierno, roba, mata, es fraudulento, y decide perdurar en el mando para [&hellip;]\" \/>\n<meta property=\"og:url\" content=\"https:\/\/www.eldiario.net\/portal\/2025\/01\/16\/hay-que-tumbar-al-despota\/\" \/>\n<meta property=\"og:site_name\" content=\"El Diario - Bolivia\" \/>\n<meta property=\"article:publisher\" content=\"https:\/\/www.facebook.com\/eldiario.bolivia\/\" \/>\n<meta property=\"article:published_time\" content=\"2025-01-16T09:32:49+00:00\" \/>\n<meta property=\"og:image\" content=\"https:\/\/www.eldiario.net\/portal\/wp-content\/uploads\/2023\/06\/Manfredo-Kempff-Suarez.jpg\" \/>\n\t<meta property=\"og:image:width\" content=\"1200\" \/>\n\t<meta property=\"og:image:height\" content=\"628\" \/>\n\t<meta property=\"og:image:type\" content=\"image\/jpeg\" \/>\n<meta name=\"author\" content=\"Jeanette\" \/>\n<meta name=\"twitter:card\" content=\"summary_large_image\" \/>\n<meta name=\"twitter:creator\" content=\"@eldiario_net\" \/>\n<meta name=\"twitter:site\" content=\"@eldiario_net\" \/>\n<meta name=\"twitter:label1\" content=\"Escrito por\" \/>\n\t<meta name=\"twitter:data1\" content=\"Jeanette\" \/>\n\t<meta name=\"twitter:label2\" content=\"Tiempo de lectura\" \/>\n\t<meta name=\"twitter:data2\" content=\"4 minutos\" \/>\n<script type=\"application\/ld+json\" class=\"yoast-schema-graph\">{\"@context\":\"https:\\\/\\\/schema.org\",\"@graph\":[{\"@type\":\"Article\",\"@id\":\"https:\\\/\\\/www.eldiario.net\\\/portal\\\/2025\\\/01\\\/16\\\/hay-que-tumbar-al-despota\\\/#article\",\"isPartOf\":{\"@id\":\"https:\\\/\\\/www.eldiario.net\\\/portal\\\/2025\\\/01\\\/16\\\/hay-que-tumbar-al-despota\\\/\"},\"author\":{\"name\":\"Jeanette\",\"@id\":\"https:\\\/\\\/www.eldiario.net\\\/portal\\\/#\\\/schema\\\/person\\\/f46445640444750d7d753ccd04ae01b7\"},\"headline\":\"Hay que tumbar al d\u00e9spota\",\"datePublished\":\"2025-01-16T09:32:49+00:00\",\"mainEntityOfPage\":{\"@id\":\"https:\\\/\\\/www.eldiario.net\\\/portal\\\/2025\\\/01\\\/16\\\/hay-que-tumbar-al-despota\\\/\"},\"wordCount\":839,\"publisher\":{\"@id\":\"https:\\\/\\\/www.eldiario.net\\\/portal\\\/#organization\"},\"image\":{\"@id\":\"https:\\\/\\\/www.eldiario.net\\\/portal\\\/2025\\\/01\\\/16\\\/hay-que-tumbar-al-despota\\\/#primaryimage\"},\"thumbnailUrl\":\"https:\\\/\\\/www.eldiario.net\\\/portal\\\/wp-content\\\/uploads\\\/2023\\\/06\\\/Manfredo-Kempff-Suarez.jpg\",\"articleSection\":[\"Opini\u00f3n\"],\"inLanguage\":\"es\"},{\"@type\":\"WebPage\",\"@id\":\"https:\\\/\\\/www.eldiario.net\\\/portal\\\/2025\\\/01\\\/16\\\/hay-que-tumbar-al-despota\\\/\",\"url\":\"https:\\\/\\\/www.eldiario.net\\\/portal\\\/2025\\\/01\\\/16\\\/hay-que-tumbar-al-despota\\\/\",\"name\":\"Hay que tumbar al d\u00e9spota - El Diario - Bolivia\",\"isPartOf\":{\"@id\":\"https:\\\/\\\/www.eldiario.net\\\/portal\\\/#website\"},\"primaryImageOfPage\":{\"@id\":\"https:\\\/\\\/www.eldiario.net\\\/portal\\\/2025\\\/01\\\/16\\\/hay-que-tumbar-al-despota\\\/#primaryimage\"},\"image\":{\"@id\":\"https:\\\/\\\/www.eldiario.net\\\/portal\\\/2025\\\/01\\\/16\\\/hay-que-tumbar-al-despota\\\/#primaryimage\"},\"thumbnailUrl\":\"https:\\\/\\\/www.eldiario.net\\\/portal\\\/wp-content\\\/uploads\\\/2023\\\/06\\\/Manfredo-Kempff-Suarez.jpg\",\"datePublished\":\"2025-01-16T09:32:49+00:00\",\"breadcrumb\":{\"@id\":\"https:\\\/\\\/www.eldiario.net\\\/portal\\\/2025\\\/01\\\/16\\\/hay-que-tumbar-al-despota\\\/#breadcrumb\"},\"inLanguage\":\"es\",\"potentialAction\":[{\"@type\":\"ReadAction\",\"target\":[\"https:\\\/\\\/www.eldiario.net\\\/portal\\\/2025\\\/01\\\/16\\\/hay-que-tumbar-al-despota\\\/\"]}]},{\"@type\":\"ImageObject\",\"inLanguage\":\"es\",\"@id\":\"https:\\\/\\\/www.eldiario.net\\\/portal\\\/2025\\\/01\\\/16\\\/hay-que-tumbar-al-despota\\\/#primaryimage\",\"url\":\"https:\\\/\\\/www.eldiario.net\\\/portal\\\/wp-content\\\/uploads\\\/2023\\\/06\\\/Manfredo-Kempff-Suarez.jpg\",\"contentUrl\":\"https:\\\/\\\/www.eldiario.net\\\/portal\\\/wp-content\\\/uploads\\\/2023\\\/06\\\/Manfredo-Kempff-Suarez.jpg\",\"width\":1200,\"height\":628},{\"@type\":\"BreadcrumbList\",\"@id\":\"https:\\\/\\\/www.eldiario.net\\\/portal\\\/2025\\\/01\\\/16\\\/hay-que-tumbar-al-despota\\\/#breadcrumb\",\"itemListElement\":[{\"@type\":\"ListItem\",\"position\":1,\"name\":\"Portada\",\"item\":\"https:\\\/\\\/www.eldiario.net\\\/portal\\\/\"},{\"@type\":\"ListItem\",\"position\":2,\"name\":\"Hay que tumbar al d\u00e9spota\"}]},{\"@type\":\"WebSite\",\"@id\":\"https:\\\/\\\/www.eldiario.net\\\/portal\\\/#website\",\"url\":\"https:\\\/\\\/www.eldiario.net\\\/portal\\\/\",\"name\":\"El Diario - Decano de la prensa nacional\",\"description\":\"El Diario - Decano de la prensa nacional\",\"publisher\":{\"@id\":\"https:\\\/\\\/www.eldiario.net\\\/portal\\\/#organization\"},\"potentialAction\":[{\"@type\":\"SearchAction\",\"target\":{\"@type\":\"EntryPoint\",\"urlTemplate\":\"https:\\\/\\\/www.eldiario.net\\\/portal\\\/?s={search_term_string}\"},\"query-input\":{\"@type\":\"PropertyValueSpecification\",\"valueRequired\":true,\"valueName\":\"search_term_string\"}}],\"inLanguage\":\"es\"},{\"@type\":\"Organization\",\"@id\":\"https:\\\/\\\/www.eldiario.net\\\/portal\\\/#organization\",\"name\":\"El Diario - Decano de la prensa nacional\",\"url\":\"https:\\\/\\\/www.eldiario.net\\\/portal\\\/\",\"logo\":{\"@type\":\"ImageObject\",\"inLanguage\":\"es\",\"@id\":\"https:\\\/\\\/www.eldiario.net\\\/portal\\\/#\\\/schema\\\/logo\\\/image\\\/\",\"url\":\"https:\\\/\\\/www.eldiario.net\\\/portal\\\/wp-content\\\/uploads\\\/2023\\\/07\\\/logo_ED.jpg\",\"contentUrl\":\"https:\\\/\\\/www.eldiario.net\\\/portal\\\/wp-content\\\/uploads\\\/2023\\\/07\\\/logo_ED.jpg\",\"width\":272,\"height\":52,\"caption\":\"El Diario - Decano de la prensa nacional\"},\"image\":{\"@id\":\"https:\\\/\\\/www.eldiario.net\\\/portal\\\/#\\\/schema\\\/logo\\\/image\\\/\"},\"sameAs\":[\"https:\\\/\\\/www.facebook.com\\\/eldiario.bolivia\\\/\",\"https:\\\/\\\/x.com\\\/eldiario_net\"]},{\"@type\":\"Person\",\"@id\":\"https:\\\/\\\/www.eldiario.net\\\/portal\\\/#\\\/schema\\\/person\\\/f46445640444750d7d753ccd04ae01b7\",\"name\":\"Jeanette\",\"image\":{\"@type\":\"ImageObject\",\"inLanguage\":\"es\",\"@id\":\"https:\\\/\\\/secure.gravatar.com\\\/avatar\\\/3ea2118a5f7dad2b7138b1187a6b7ee55f160b9968b66013c3a3ef39dd7e5798?s=96&d=mm&r=g\",\"url\":\"https:\\\/\\\/secure.gravatar.com\\\/avatar\\\/3ea2118a5f7dad2b7138b1187a6b7ee55f160b9968b66013c3a3ef39dd7e5798?s=96&d=mm&r=g\",\"contentUrl\":\"https:\\\/\\\/secure.gravatar.com\\\/avatar\\\/3ea2118a5f7dad2b7138b1187a6b7ee55f160b9968b66013c3a3ef39dd7e5798?s=96&d=mm&r=g\",\"caption\":\"Jeanette\"},\"sameAs\":[\"https:\\\/\\\/www.eldiario.net\\\/portal\"],\"url\":\"https:\\\/\\\/www.eldiario.net\\\/portal\\\/author\\\/jeanette\\\/\"}]}<\/script>\n<!-- \/ Yoast SEO plugin. -->","yoast_head_json":{"title":"Hay que tumbar al d\u00e9spota - El Diario - Bolivia","robots":{"index":"index","follow":"follow","max-snippet":"max-snippet:-1","max-image-preview":"max-image-preview:large","max-video-preview":"max-video-preview:-1"},"canonical":"https:\/\/www.eldiario.net\/portal\/2025\/01\/16\/hay-que-tumbar-al-despota\/","og_locale":"es_ES","og_type":"article","og_title":"Hay que tumbar al d\u00e9spota - El Diario - Bolivia","og_description":"Escribir \u2013o hablar\u2013 sobre \u201cgolpes de Estado\u201d, justific\u00e1ndolos, resulta muy peligroso. M\u00e1s ahora que estamos democratizados hasta la m\u00e9dula. Hoy a nadie le interesa que un pat\u00e1n est\u00e9 gobernando un pa\u00eds si fue elegido en las urnas. Pero si ese sujeto hace mal gobierno, roba, mata, es fraudulento, y decide perdurar en el mando para [&hellip;]","og_url":"https:\/\/www.eldiario.net\/portal\/2025\/01\/16\/hay-que-tumbar-al-despota\/","og_site_name":"El Diario - Bolivia","article_publisher":"https:\/\/www.facebook.com\/eldiario.bolivia\/","article_published_time":"2025-01-16T09:32:49+00:00","og_image":[{"width":1200,"height":628,"url":"https:\/\/www.eldiario.net\/portal\/wp-content\/uploads\/2023\/06\/Manfredo-Kempff-Suarez.jpg","type":"image\/jpeg"}],"author":"Jeanette","twitter_card":"summary_large_image","twitter_creator":"@eldiario_net","twitter_site":"@eldiario_net","twitter_misc":{"Escrito por":"Jeanette","Tiempo de lectura":"4 minutos"},"schema":{"@context":"https:\/\/schema.org","@graph":[{"@type":"Article","@id":"https:\/\/www.eldiario.net\/portal\/2025\/01\/16\/hay-que-tumbar-al-despota\/#article","isPartOf":{"@id":"https:\/\/www.eldiario.net\/portal\/2025\/01\/16\/hay-que-tumbar-al-despota\/"},"author":{"name":"Jeanette","@id":"https:\/\/www.eldiario.net\/portal\/#\/schema\/person\/f46445640444750d7d753ccd04ae01b7"},"headline":"Hay que tumbar al d\u00e9spota","datePublished":"2025-01-16T09:32:49+00:00","mainEntityOfPage":{"@id":"https:\/\/www.eldiario.net\/portal\/2025\/01\/16\/hay-que-tumbar-al-despota\/"},"wordCount":839,"publisher":{"@id":"https:\/\/www.eldiario.net\/portal\/#organization"},"image":{"@id":"https:\/\/www.eldiario.net\/portal\/2025\/01\/16\/hay-que-tumbar-al-despota\/#primaryimage"},"thumbnailUrl":"https:\/\/www.eldiario.net\/portal\/wp-content\/uploads\/2023\/06\/Manfredo-Kempff-Suarez.jpg","articleSection":["Opini\u00f3n"],"inLanguage":"es"},{"@type":"WebPage","@id":"https:\/\/www.eldiario.net\/portal\/2025\/01\/16\/hay-que-tumbar-al-despota\/","url":"https:\/\/www.eldiario.net\/portal\/2025\/01\/16\/hay-que-tumbar-al-despota\/","name":"Hay que tumbar al d\u00e9spota - El Diario - Bolivia","isPartOf":{"@id":"https:\/\/www.eldiario.net\/portal\/#website"},"primaryImageOfPage":{"@id":"https:\/\/www.eldiario.net\/portal\/2025\/01\/16\/hay-que-tumbar-al-despota\/#primaryimage"},"image":{"@id":"https:\/\/www.eldiario.net\/portal\/2025\/01\/16\/hay-que-tumbar-al-despota\/#primaryimage"},"thumbnailUrl":"https:\/\/www.eldiario.net\/portal\/wp-content\/uploads\/2023\/06\/Manfredo-Kempff-Suarez.jpg","datePublished":"2025-01-16T09:32:49+00:00","breadcrumb":{"@id":"https:\/\/www.eldiario.net\/portal\/2025\/01\/16\/hay-que-tumbar-al-despota\/#breadcrumb"},"inLanguage":"es","potentialAction":[{"@type":"ReadAction","target":["https:\/\/www.eldiario.net\/portal\/2025\/01\/16\/hay-que-tumbar-al-despota\/"]}]},{"@type":"ImageObject","inLanguage":"es","@id":"https:\/\/www.eldiario.net\/portal\/2025\/01\/16\/hay-que-tumbar-al-despota\/#primaryimage","url":"https:\/\/www.eldiario.net\/portal\/wp-content\/uploads\/2023\/06\/Manfredo-Kempff-Suarez.jpg","contentUrl":"https:\/\/www.eldiario.net\/portal\/wp-content\/uploads\/2023\/06\/Manfredo-Kempff-Suarez.jpg","width":1200,"height":628},{"@type":"BreadcrumbList","@id":"https:\/\/www.eldiario.net\/portal\/2025\/01\/16\/hay-que-tumbar-al-despota\/#breadcrumb","itemListElement":[{"@type":"ListItem","position":1,"name":"Portada","item":"https:\/\/www.eldiario.net\/portal\/"},{"@type":"ListItem","position":2,"name":"Hay que tumbar al d\u00e9spota"}]},{"@type":"WebSite","@id":"https:\/\/www.eldiario.net\/portal\/#website","url":"https:\/\/www.eldiario.net\/portal\/","name":"El Diario - Decano de la prensa nacional","description":"El Diario - Decano de la prensa nacional","publisher":{"@id":"https:\/\/www.eldiario.net\/portal\/#organization"},"potentialAction":[{"@type":"SearchAction","target":{"@type":"EntryPoint","urlTemplate":"https:\/\/www.eldiario.net\/portal\/?s={search_term_string}"},"query-input":{"@type":"PropertyValueSpecification","valueRequired":true,"valueName":"search_term_string"}}],"inLanguage":"es"},{"@type":"Organization","@id":"https:\/\/www.eldiario.net\/portal\/#organization","name":"El Diario - Decano de la prensa nacional","url":"https:\/\/www.eldiario.net\/portal\/","logo":{"@type":"ImageObject","inLanguage":"es","@id":"https:\/\/www.eldiario.net\/portal\/#\/schema\/logo\/image\/","url":"https:\/\/www.eldiario.net\/portal\/wp-content\/uploads\/2023\/07\/logo_ED.jpg","contentUrl":"https:\/\/www.eldiario.net\/portal\/wp-content\/uploads\/2023\/07\/logo_ED.jpg","width":272,"height":52,"caption":"El Diario - Decano de la prensa nacional"},"image":{"@id":"https:\/\/www.eldiario.net\/portal\/#\/schema\/logo\/image\/"},"sameAs":["https:\/\/www.facebook.com\/eldiario.bolivia\/","https:\/\/x.com\/eldiario_net"]},{"@type":"Person","@id":"https:\/\/www.eldiario.net\/portal\/#\/schema\/person\/f46445640444750d7d753ccd04ae01b7","name":"Jeanette","image":{"@type":"ImageObject","inLanguage":"es","@id":"https:\/\/secure.gravatar.com\/avatar\/3ea2118a5f7dad2b7138b1187a6b7ee55f160b9968b66013c3a3ef39dd7e5798?s=96&d=mm&r=g","url":"https:\/\/secure.gravatar.com\/avatar\/3ea2118a5f7dad2b7138b1187a6b7ee55f160b9968b66013c3a3ef39dd7e5798?s=96&d=mm&r=g","contentUrl":"https:\/\/secure.gravatar.com\/avatar\/3ea2118a5f7dad2b7138b1187a6b7ee55f160b9968b66013c3a3ef39dd7e5798?s=96&d=mm&r=g","caption":"Jeanette"},"sameAs":["https:\/\/www.eldiario.net\/portal"],"url":"https:\/\/www.eldiario.net\/portal\/author\/jeanette\/"}]}},"_links":{"self":[{"href":"https:\/\/www.eldiario.net\/portal\/wp-json\/wp\/v2\/posts\/274942","targetHints":{"allow":["GET"]}}],"collection":[{"href":"https:\/\/www.eldiario.net\/portal\/wp-json\/wp\/v2\/posts"}],"about":[{"href":"https:\/\/www.eldiario.net\/portal\/wp-json\/wp\/v2\/types\/post"}],"author":[{"embeddable":true,"href":"https:\/\/www.eldiario.net\/portal\/wp-json\/wp\/v2\/users\/1"}],"replies":[{"embeddable":true,"href":"https:\/\/www.eldiario.net\/portal\/wp-json\/wp\/v2\/comments?post=274942"}],"version-history":[{"count":1,"href":"https:\/\/www.eldiario.net\/portal\/wp-json\/wp\/v2\/posts\/274942\/revisions"}],"predecessor-version":[{"id":274943,"href":"https:\/\/www.eldiario.net\/portal\/wp-json\/wp\/v2\/posts\/274942\/revisions\/274943"}],"wp:featuredmedia":[{"embeddable":true,"href":"https:\/\/www.eldiario.net\/portal\/wp-json\/wp\/v2\/media\/157472"}],"wp:attachment":[{"href":"https:\/\/www.eldiario.net\/portal\/wp-json\/wp\/v2\/media?parent=274942"}],"wp:term":[{"taxonomy":"category","embeddable":true,"href":"https:\/\/www.eldiario.net\/portal\/wp-json\/wp\/v2\/categories?post=274942"},{"taxonomy":"post_tag","embeddable":true,"href":"https:\/\/www.eldiario.net\/portal\/wp-json\/wp\/v2\/tags?post=274942"}],"curies":[{"name":"wp","href":"https:\/\/api.w.org\/{rel}","templated":true}]}}