{"id":274940,"date":"2025-01-16T05:32:16","date_gmt":"2025-01-16T09:32:16","guid":{"rendered":"https:\/\/www.eldiario.net\/portal\/?p=274940"},"modified":"2025-01-16T05:32:16","modified_gmt":"2025-01-16T09:32:16","slug":"2024-la-inflacion-amarga-los-bolsillos-de-los-bolivianos","status":"publish","type":"post","link":"https:\/\/www.eldiario.net\/portal\/2025\/01\/16\/2024-la-inflacion-amarga-los-bolsillos-de-los-bolivianos\/","title":{"rendered":"2024: La inflaci\u00f3n amarga los bolsillos de los bolivianos"},"content":{"rendered":"<p>El a\u00f1o 2024 ser\u00e1 recordado como un periodo de profundas turbulencias para la econom\u00eda boliviana. Dos crisis de escasez de di\u00e9sel paralizaron sectores productivos clave, mientras que la inestabilidad pol\u00edtica, marcada por un golpe o autogolpe de Estado, precipit\u00f3 una hist\u00f3rica devaluaci\u00f3n del boliviano frente al d\u00f3lar. Este fen\u00f3meno, reflejado en un incremento del 33% en la cotizaci\u00f3n del d\u00f3lar respecto al peso boliviano, no solo encareci\u00f3 los productos importados, sino que tambi\u00e9n impuls\u00f3 un alza significativa en la inflaci\u00f3n. Las consecuencias se hicieron sentir de manera directa en las familias bolivianas y en los peque\u00f1os comerciantes, particularmente aquellos dependientes del comercio internacional.<\/p>\n<p>Los efectos se sintieron profundamente en los mercados. Comerciantes de rubros como ropa, ferreter\u00eda y abarrotes reportaron una ca\u00edda significativa en las ventas, agravada por el aumento de precios en sus productos. \u201cLa mercader\u00eda ha subido, pero la gente compra menos\u201d, lamentan. Tal afirmaci\u00f3n es respaldada por datos oficiales: las importaciones cayeron en 1.687 millones de d\u00f3lares respecto al a\u00f1o anterior. Esta din\u00e1mica evidenci\u00f3 un c\u00edrculo vicioso en el que los costos crecientes reducen el consumo, afectando tanto a consumidores como a vendedores.<\/p>\n<p>El costo de vida se dispar\u00f3 no solo en productos importados, sino tambi\u00e9n en alimentos nacionales de primera necesidad. Seg\u00fan el Instituto Nacional de Estad\u00edstica (INE), la inflaci\u00f3n global en Bolivia alcanz\u00f3 el 9,97% en 2024, pero la inflaci\u00f3n en alimentos lleg\u00f3 al 15,40% seg\u00fan el INE. Este incremento se tradujo en un aumento considerable en los precios de productos b\u00e1sicos como el arroz, la carne y el aceite, golpeando de manera desproporcionada a las familias de ingresos bajos y medios.<\/p>\n<p>Entre diciembre de 2023 y diciembre de 2024, varios productos b\u00e1sicos experimentaron aumentos significativos. El precio del fideo subi\u00f3 un 16% (Bs.1,50), pasando de Bs.9,30 a Bs.10,80 por kilo. El arroz de primera aument\u00f3 un 53% (Bs.4,40), alcanzando los Bs.12,70. La carne de pollo subi\u00f3 un 40% (Bs.6), pasando de Bs.15 a Bs.21 por kilo, mientras que la carne de res con pulpa corriente aument\u00f3 un 37% (Bs.14), de Bs.38 a Bs.52. Estos incrementos, junto con el alza de otros productos, forzaron a muchas familias a reducir sus compras o prescindir de algunos productos, reflejando las tensiones en la econom\u00eda dom\u00e9stica boliviana.<\/p>\n<p>La inflaci\u00f3n desbordada del 2024 tiene causas tanto internas como externas. En el \u00e1mbito internacional, la pol\u00edtica econ\u00f3mica de Argentina bajo el presidente Javier Milei tuvo repercusiones directas en Bolivia. La revalorizaci\u00f3n del peso argentino en un 40% limit\u00f3 la llegada de productos argentinos al pa\u00eds, muchos de los cuales ingresaban por contrabando. Esto afect\u00f3 la oferta de bienes en departamentos como Potos\u00ed y Tarija, donde la inflaci\u00f3n alcanz\u00f3 12,18% y 10,58%, respectivamente.<\/p>\n<p>En el plano interno, la escasez de d\u00f3lares fue un factor clave. La limitada disponibilidad de divisas impuls\u00f3 la devaluaci\u00f3n del boliviano, encareciendo los productos importados y aumentando los costos para comerciantes y consumidores. A ello se sum\u00f3 la inestabilidad pol\u00edtica, marcada por divisiones dentro del Movimiento Al Socialismo (MAS). La lucha entre las facciones de Evo Morales y Luis Arce no solo se reflej\u00f3 en enfrentamientos parlamentarios, sino tambi\u00e9n en bloqueos y protestas que paralizaron partes del pa\u00eds, profundizando la incertidumbre econ\u00f3mica.<\/p>\n<p>Otro factor determinante fue lo que algunos economistas denominan \u201cinflaci\u00f3n por avaricia\u201d. En este contexto, ciertos comerciantes y contrabandistas aprovecharon la crisis para retener productos y especular con sus precios, generando escasez artificial. Adem\u00e1s, el contrabando cambi\u00f3 de direcci\u00f3n: en lugar de ingresar bienes al pa\u00eds, ahora se prioriz\u00f3 la salida de mercanc\u00edas hacia mercados extranjeros, reduciendo a\u00fan m\u00e1s la oferta local.<\/p>\n<p>El gobierno, en su intento por contener el malestar social, enfrent\u00f3 cr\u00edticas por su manejo de la crisis. Una pol\u00edtica potencialmente peligrosa es la emisi\u00f3n descontrolada de dinero, que podr\u00eda intensificar la inflaci\u00f3n. Adem\u00e1s, el Banco Central de Bolivia, lejos de actuar con autonom\u00eda, se percibi\u00f3 como un brazo del Ejecutivo, lo que limit\u00f3 su capacidad para aplicar medidas efectivas.<\/p>\n<p>En marzo de 2024, se present\u00f3 una oportunidad para sincerar la econom\u00eda mediante medidas clave. Una de ellas fue elevar parcialmente el tipo de cambio de la moneda nacional o permitir que flotara en funci\u00f3n de la oferta y la demanda. Otra medida habr\u00eda sido incrementar el precio del di\u00e9sel y la gasolina a Bs.5. Aunque esto habr\u00eda generado un alza generalizada de precios, similar a la que finalmente ocurri\u00f3, la diferencia radicar\u00eda en que se habr\u00edan reducido significativamente los costos millonarios de la subvenci\u00f3n y se habr\u00eda desincentivado, al menos parcialmente, el contrabando. Sin embargo, el gobierno opt\u00f3 por mantener el statu quo, priorizando una visi\u00f3n de corto plazo que agrav\u00f3 las tensiones econ\u00f3micas.<\/p>\n<p>La crisis inflacionaria del 2024 ha dejado lecciones cruciales para Bolivia. La falta de decisiones responsables y sostenidas ha puesto de manifiesto la necesidad de una pol\u00edtica econ\u00f3mica coherente, capaz de equilibrar las demandas sociales con la estabilidad macroecon\u00f3mica. Sin embargo, las divisiones pol\u00edticas y el desgaste de la imagen del gobierno complican la implementaci\u00f3n de soluciones de largo plazo.<\/p>\n<p>El panorama econ\u00f3mico boliviano al cierre de 2024 es sombr\u00edo. Los esfuerzos por estabilizar la econom\u00eda parecen insuficientes frente a las profundas distorsiones acumuladas. Sin un cambio estructural en las pol\u00edticas econ\u00f3micas y una gesti\u00f3n responsable que recupere la confianza de la poblaci\u00f3n y los inversionistas, el futuro cercano podr\u00eda ser incluso m\u00e1s complicado para la mayor\u00eda de los bolivianos. La naci\u00f3n se enfrenta a un reto que exige autoridad y decisiones valientes, pero los signos actuales no prometen una pronta recuperaci\u00f3n.<\/p>\n<p>&nbsp;<\/p>\n<p><em>El autor es investigador y analista socioecon\u00f3mico.<\/em><\/p>\n","protected":false},"excerpt":{"rendered":"<p>El a\u00f1o 2024 ser\u00e1 recordado como un periodo de profundas turbulencias para la econom\u00eda boliviana. Dos crisis de escasez de di\u00e9sel paralizaron sectores productivos clave, mientras que la inestabilidad pol\u00edtica, marcada por un golpe o autogolpe de Estado, precipit\u00f3 una hist\u00f3rica devaluaci\u00f3n del boliviano frente al d\u00f3lar. Este fen\u00f3meno, reflejado en un incremento del 33% [&hellip;]<\/p>\n","protected":false},"author":1,"featured_media":213112,"comment_status":"closed","ping_status":"open","sticky":false,"template":"","format":"standard","meta":{"_acf_changed":false,"footnotes":""},"categories":[9],"tags":[],"class_list":["post-274940","post","type-post","status-publish","format-standard","has-post-thumbnail","category-opinion"],"acf":{"antetitulo":""},"yoast_head":"<!-- This site is optimized with the Yoast SEO plugin v28.4 - https:\/\/yoast.com\/product\/yoast-seo-wordpress\/ -->\n<title>2024: La inflaci\u00f3n amarga los bolsillos de los bolivianos - El Diario - Bolivia<\/title>\n<meta name=\"robots\" content=\"index, follow, max-snippet:-1, max-image-preview:large, max-video-preview:-1\" \/>\n<link rel=\"canonical\" href=\"https:\/\/www.eldiario.net\/portal\/2025\/01\/16\/2024-la-inflacion-amarga-los-bolsillos-de-los-bolivianos\/\" \/>\n<meta property=\"og:locale\" content=\"es_ES\" \/>\n<meta property=\"og:type\" content=\"article\" \/>\n<meta property=\"og:title\" content=\"2024: La inflaci\u00f3n amarga los bolsillos de los bolivianos - El Diario - Bolivia\" \/>\n<meta property=\"og:description\" content=\"El a\u00f1o 2024 ser\u00e1 recordado como un periodo de profundas turbulencias para la econom\u00eda boliviana. Dos crisis de escasez de di\u00e9sel paralizaron sectores productivos clave, mientras que la inestabilidad pol\u00edtica, marcada por un golpe o autogolpe de Estado, precipit\u00f3 una hist\u00f3rica devaluaci\u00f3n del boliviano frente al d\u00f3lar. Este fen\u00f3meno, reflejado en un incremento del 33% [&hellip;]\" \/>\n<meta property=\"og:url\" content=\"https:\/\/www.eldiario.net\/portal\/2025\/01\/16\/2024-la-inflacion-amarga-los-bolsillos-de-los-bolivianos\/\" \/>\n<meta property=\"og:site_name\" content=\"El Diario - Bolivia\" \/>\n<meta property=\"article:publisher\" content=\"https:\/\/www.facebook.com\/eldiario.bolivia\/\" \/>\n<meta property=\"article:published_time\" content=\"2025-01-16T09:32:16+00:00\" \/>\n<meta property=\"og:image\" content=\"https:\/\/www.eldiario.net\/portal\/wp-content\/uploads\/2024\/04\/Miguel-Angel-Amonzabel-Gonzales.jpg\" \/>\n\t<meta property=\"og:image:width\" content=\"1200\" \/>\n\t<meta property=\"og:image:height\" content=\"628\" \/>\n\t<meta property=\"og:image:type\" content=\"image\/jpeg\" \/>\n<meta name=\"author\" content=\"Jeanette\" \/>\n<meta name=\"twitter:card\" content=\"summary_large_image\" \/>\n<meta name=\"twitter:creator\" content=\"@eldiario_net\" \/>\n<meta name=\"twitter:site\" content=\"@eldiario_net\" \/>\n<meta name=\"twitter:label1\" content=\"Escrito por\" \/>\n\t<meta name=\"twitter:data1\" content=\"Jeanette\" \/>\n\t<meta name=\"twitter:label2\" content=\"Tiempo de lectura\" \/>\n\t<meta name=\"twitter:data2\" content=\"5 minutos\" \/>\n<script type=\"application\/ld+json\" class=\"yoast-schema-graph\">{\"@context\":\"https:\\\/\\\/schema.org\",\"@graph\":[{\"@type\":\"Article\",\"@id\":\"https:\\\/\\\/www.eldiario.net\\\/portal\\\/2025\\\/01\\\/16\\\/2024-la-inflacion-amarga-los-bolsillos-de-los-bolivianos\\\/#article\",\"isPartOf\":{\"@id\":\"https:\\\/\\\/www.eldiario.net\\\/portal\\\/2025\\\/01\\\/16\\\/2024-la-inflacion-amarga-los-bolsillos-de-los-bolivianos\\\/\"},\"author\":{\"name\":\"Jeanette\",\"@id\":\"https:\\\/\\\/www.eldiario.net\\\/portal\\\/#\\\/schema\\\/person\\\/f46445640444750d7d753ccd04ae01b7\"},\"headline\":\"2024: La inflaci\u00f3n amarga los bolsillos de los bolivianos\",\"datePublished\":\"2025-01-16T09:32:16+00:00\",\"mainEntityOfPage\":{\"@id\":\"https:\\\/\\\/www.eldiario.net\\\/portal\\\/2025\\\/01\\\/16\\\/2024-la-inflacion-amarga-los-bolsillos-de-los-bolivianos\\\/\"},\"wordCount\":988,\"publisher\":{\"@id\":\"https:\\\/\\\/www.eldiario.net\\\/portal\\\/#organization\"},\"image\":{\"@id\":\"https:\\\/\\\/www.eldiario.net\\\/portal\\\/2025\\\/01\\\/16\\\/2024-la-inflacion-amarga-los-bolsillos-de-los-bolivianos\\\/#primaryimage\"},\"thumbnailUrl\":\"https:\\\/\\\/www.eldiario.net\\\/portal\\\/wp-content\\\/uploads\\\/2024\\\/04\\\/Miguel-Angel-Amonzabel-Gonzales.jpg\",\"articleSection\":[\"Opini\u00f3n\"],\"inLanguage\":\"es\"},{\"@type\":\"WebPage\",\"@id\":\"https:\\\/\\\/www.eldiario.net\\\/portal\\\/2025\\\/01\\\/16\\\/2024-la-inflacion-amarga-los-bolsillos-de-los-bolivianos\\\/\",\"url\":\"https:\\\/\\\/www.eldiario.net\\\/portal\\\/2025\\\/01\\\/16\\\/2024-la-inflacion-amarga-los-bolsillos-de-los-bolivianos\\\/\",\"name\":\"2024: La inflaci\u00f3n amarga los bolsillos de los bolivianos - El Diario - Bolivia\",\"isPartOf\":{\"@id\":\"https:\\\/\\\/www.eldiario.net\\\/portal\\\/#website\"},\"primaryImageOfPage\":{\"@id\":\"https:\\\/\\\/www.eldiario.net\\\/portal\\\/2025\\\/01\\\/16\\\/2024-la-inflacion-amarga-los-bolsillos-de-los-bolivianos\\\/#primaryimage\"},\"image\":{\"@id\":\"https:\\\/\\\/www.eldiario.net\\\/portal\\\/2025\\\/01\\\/16\\\/2024-la-inflacion-amarga-los-bolsillos-de-los-bolivianos\\\/#primaryimage\"},\"thumbnailUrl\":\"https:\\\/\\\/www.eldiario.net\\\/portal\\\/wp-content\\\/uploads\\\/2024\\\/04\\\/Miguel-Angel-Amonzabel-Gonzales.jpg\",\"datePublished\":\"2025-01-16T09:32:16+00:00\",\"breadcrumb\":{\"@id\":\"https:\\\/\\\/www.eldiario.net\\\/portal\\\/2025\\\/01\\\/16\\\/2024-la-inflacion-amarga-los-bolsillos-de-los-bolivianos\\\/#breadcrumb\"},\"inLanguage\":\"es\",\"potentialAction\":[{\"@type\":\"ReadAction\",\"target\":[\"https:\\\/\\\/www.eldiario.net\\\/portal\\\/2025\\\/01\\\/16\\\/2024-la-inflacion-amarga-los-bolsillos-de-los-bolivianos\\\/\"]}]},{\"@type\":\"ImageObject\",\"inLanguage\":\"es\",\"@id\":\"https:\\\/\\\/www.eldiario.net\\\/portal\\\/2025\\\/01\\\/16\\\/2024-la-inflacion-amarga-los-bolsillos-de-los-bolivianos\\\/#primaryimage\",\"url\":\"https:\\\/\\\/www.eldiario.net\\\/portal\\\/wp-content\\\/uploads\\\/2024\\\/04\\\/Miguel-Angel-Amonzabel-Gonzales.jpg\",\"contentUrl\":\"https:\\\/\\\/www.eldiario.net\\\/portal\\\/wp-content\\\/uploads\\\/2024\\\/04\\\/Miguel-Angel-Amonzabel-Gonzales.jpg\",\"width\":1200,\"height\":628,\"caption\":\"Miguel \u00c1ngel Amonzabel Gonzales\"},{\"@type\":\"BreadcrumbList\",\"@id\":\"https:\\\/\\\/www.eldiario.net\\\/portal\\\/2025\\\/01\\\/16\\\/2024-la-inflacion-amarga-los-bolsillos-de-los-bolivianos\\\/#breadcrumb\",\"itemListElement\":[{\"@type\":\"ListItem\",\"position\":1,\"name\":\"Portada\",\"item\":\"https:\\\/\\\/www.eldiario.net\\\/portal\\\/\"},{\"@type\":\"ListItem\",\"position\":2,\"name\":\"2024: La inflaci\u00f3n amarga los bolsillos de los bolivianos\"}]},{\"@type\":\"WebSite\",\"@id\":\"https:\\\/\\\/www.eldiario.net\\\/portal\\\/#website\",\"url\":\"https:\\\/\\\/www.eldiario.net\\\/portal\\\/\",\"name\":\"El Diario - Decano de la prensa nacional\",\"description\":\"El Diario - Decano de la prensa nacional\",\"publisher\":{\"@id\":\"https:\\\/\\\/www.eldiario.net\\\/portal\\\/#organization\"},\"potentialAction\":[{\"@type\":\"SearchAction\",\"target\":{\"@type\":\"EntryPoint\",\"urlTemplate\":\"https:\\\/\\\/www.eldiario.net\\\/portal\\\/?s={search_term_string}\"},\"query-input\":{\"@type\":\"PropertyValueSpecification\",\"valueRequired\":true,\"valueName\":\"search_term_string\"}}],\"inLanguage\":\"es\"},{\"@type\":\"Organization\",\"@id\":\"https:\\\/\\\/www.eldiario.net\\\/portal\\\/#organization\",\"name\":\"El Diario - Decano de la prensa nacional\",\"url\":\"https:\\\/\\\/www.eldiario.net\\\/portal\\\/\",\"logo\":{\"@type\":\"ImageObject\",\"inLanguage\":\"es\",\"@id\":\"https:\\\/\\\/www.eldiario.net\\\/portal\\\/#\\\/schema\\\/logo\\\/image\\\/\",\"url\":\"https:\\\/\\\/www.eldiario.net\\\/portal\\\/wp-content\\\/uploads\\\/2023\\\/07\\\/logo_ED.jpg\",\"contentUrl\":\"https:\\\/\\\/www.eldiario.net\\\/portal\\\/wp-content\\\/uploads\\\/2023\\\/07\\\/logo_ED.jpg\",\"width\":272,\"height\":52,\"caption\":\"El Diario - Decano de la prensa nacional\"},\"image\":{\"@id\":\"https:\\\/\\\/www.eldiario.net\\\/portal\\\/#\\\/schema\\\/logo\\\/image\\\/\"},\"sameAs\":[\"https:\\\/\\\/www.facebook.com\\\/eldiario.bolivia\\\/\",\"https:\\\/\\\/x.com\\\/eldiario_net\"]},{\"@type\":\"Person\",\"@id\":\"https:\\\/\\\/www.eldiario.net\\\/portal\\\/#\\\/schema\\\/person\\\/f46445640444750d7d753ccd04ae01b7\",\"name\":\"Jeanette\",\"image\":{\"@type\":\"ImageObject\",\"inLanguage\":\"es\",\"@id\":\"https:\\\/\\\/secure.gravatar.com\\\/avatar\\\/3ea2118a5f7dad2b7138b1187a6b7ee55f160b9968b66013c3a3ef39dd7e5798?s=96&d=mm&r=g\",\"url\":\"https:\\\/\\\/secure.gravatar.com\\\/avatar\\\/3ea2118a5f7dad2b7138b1187a6b7ee55f160b9968b66013c3a3ef39dd7e5798?s=96&d=mm&r=g\",\"contentUrl\":\"https:\\\/\\\/secure.gravatar.com\\\/avatar\\\/3ea2118a5f7dad2b7138b1187a6b7ee55f160b9968b66013c3a3ef39dd7e5798?s=96&d=mm&r=g\",\"caption\":\"Jeanette\"},\"sameAs\":[\"https:\\\/\\\/www.eldiario.net\\\/portal\"],\"url\":\"https:\\\/\\\/www.eldiario.net\\\/portal\\\/author\\\/jeanette\\\/\"}]}<\/script>\n<!-- \/ Yoast SEO plugin. -->","yoast_head_json":{"title":"2024: La inflaci\u00f3n amarga los bolsillos de los bolivianos - El Diario - Bolivia","robots":{"index":"index","follow":"follow","max-snippet":"max-snippet:-1","max-image-preview":"max-image-preview:large","max-video-preview":"max-video-preview:-1"},"canonical":"https:\/\/www.eldiario.net\/portal\/2025\/01\/16\/2024-la-inflacion-amarga-los-bolsillos-de-los-bolivianos\/","og_locale":"es_ES","og_type":"article","og_title":"2024: La inflaci\u00f3n amarga los bolsillos de los bolivianos - El Diario - Bolivia","og_description":"El a\u00f1o 2024 ser\u00e1 recordado como un periodo de profundas turbulencias para la econom\u00eda boliviana. Dos crisis de escasez de di\u00e9sel paralizaron sectores productivos clave, mientras que la inestabilidad pol\u00edtica, marcada por un golpe o autogolpe de Estado, precipit\u00f3 una hist\u00f3rica devaluaci\u00f3n del boliviano frente al d\u00f3lar. Este fen\u00f3meno, reflejado en un incremento del 33% [&hellip;]","og_url":"https:\/\/www.eldiario.net\/portal\/2025\/01\/16\/2024-la-inflacion-amarga-los-bolsillos-de-los-bolivianos\/","og_site_name":"El Diario - Bolivia","article_publisher":"https:\/\/www.facebook.com\/eldiario.bolivia\/","article_published_time":"2025-01-16T09:32:16+00:00","og_image":[{"width":1200,"height":628,"url":"https:\/\/www.eldiario.net\/portal\/wp-content\/uploads\/2024\/04\/Miguel-Angel-Amonzabel-Gonzales.jpg","type":"image\/jpeg"}],"author":"Jeanette","twitter_card":"summary_large_image","twitter_creator":"@eldiario_net","twitter_site":"@eldiario_net","twitter_misc":{"Escrito por":"Jeanette","Tiempo de lectura":"5 minutos"},"schema":{"@context":"https:\/\/schema.org","@graph":[{"@type":"Article","@id":"https:\/\/www.eldiario.net\/portal\/2025\/01\/16\/2024-la-inflacion-amarga-los-bolsillos-de-los-bolivianos\/#article","isPartOf":{"@id":"https:\/\/www.eldiario.net\/portal\/2025\/01\/16\/2024-la-inflacion-amarga-los-bolsillos-de-los-bolivianos\/"},"author":{"name":"Jeanette","@id":"https:\/\/www.eldiario.net\/portal\/#\/schema\/person\/f46445640444750d7d753ccd04ae01b7"},"headline":"2024: La inflaci\u00f3n amarga los bolsillos de los bolivianos","datePublished":"2025-01-16T09:32:16+00:00","mainEntityOfPage":{"@id":"https:\/\/www.eldiario.net\/portal\/2025\/01\/16\/2024-la-inflacion-amarga-los-bolsillos-de-los-bolivianos\/"},"wordCount":988,"publisher":{"@id":"https:\/\/www.eldiario.net\/portal\/#organization"},"image":{"@id":"https:\/\/www.eldiario.net\/portal\/2025\/01\/16\/2024-la-inflacion-amarga-los-bolsillos-de-los-bolivianos\/#primaryimage"},"thumbnailUrl":"https:\/\/www.eldiario.net\/portal\/wp-content\/uploads\/2024\/04\/Miguel-Angel-Amonzabel-Gonzales.jpg","articleSection":["Opini\u00f3n"],"inLanguage":"es"},{"@type":"WebPage","@id":"https:\/\/www.eldiario.net\/portal\/2025\/01\/16\/2024-la-inflacion-amarga-los-bolsillos-de-los-bolivianos\/","url":"https:\/\/www.eldiario.net\/portal\/2025\/01\/16\/2024-la-inflacion-amarga-los-bolsillos-de-los-bolivianos\/","name":"2024: La inflaci\u00f3n amarga los bolsillos de los bolivianos - El Diario - Bolivia","isPartOf":{"@id":"https:\/\/www.eldiario.net\/portal\/#website"},"primaryImageOfPage":{"@id":"https:\/\/www.eldiario.net\/portal\/2025\/01\/16\/2024-la-inflacion-amarga-los-bolsillos-de-los-bolivianos\/#primaryimage"},"image":{"@id":"https:\/\/www.eldiario.net\/portal\/2025\/01\/16\/2024-la-inflacion-amarga-los-bolsillos-de-los-bolivianos\/#primaryimage"},"thumbnailUrl":"https:\/\/www.eldiario.net\/portal\/wp-content\/uploads\/2024\/04\/Miguel-Angel-Amonzabel-Gonzales.jpg","datePublished":"2025-01-16T09:32:16+00:00","breadcrumb":{"@id":"https:\/\/www.eldiario.net\/portal\/2025\/01\/16\/2024-la-inflacion-amarga-los-bolsillos-de-los-bolivianos\/#breadcrumb"},"inLanguage":"es","potentialAction":[{"@type":"ReadAction","target":["https:\/\/www.eldiario.net\/portal\/2025\/01\/16\/2024-la-inflacion-amarga-los-bolsillos-de-los-bolivianos\/"]}]},{"@type":"ImageObject","inLanguage":"es","@id":"https:\/\/www.eldiario.net\/portal\/2025\/01\/16\/2024-la-inflacion-amarga-los-bolsillos-de-los-bolivianos\/#primaryimage","url":"https:\/\/www.eldiario.net\/portal\/wp-content\/uploads\/2024\/04\/Miguel-Angel-Amonzabel-Gonzales.jpg","contentUrl":"https:\/\/www.eldiario.net\/portal\/wp-content\/uploads\/2024\/04\/Miguel-Angel-Amonzabel-Gonzales.jpg","width":1200,"height":628,"caption":"Miguel \u00c1ngel Amonzabel Gonzales"},{"@type":"BreadcrumbList","@id":"https:\/\/www.eldiario.net\/portal\/2025\/01\/16\/2024-la-inflacion-amarga-los-bolsillos-de-los-bolivianos\/#breadcrumb","itemListElement":[{"@type":"ListItem","position":1,"name":"Portada","item":"https:\/\/www.eldiario.net\/portal\/"},{"@type":"ListItem","position":2,"name":"2024: La inflaci\u00f3n amarga los bolsillos de los bolivianos"}]},{"@type":"WebSite","@id":"https:\/\/www.eldiario.net\/portal\/#website","url":"https:\/\/www.eldiario.net\/portal\/","name":"El Diario - Decano de la prensa nacional","description":"El Diario - Decano de la prensa nacional","publisher":{"@id":"https:\/\/www.eldiario.net\/portal\/#organization"},"potentialAction":[{"@type":"SearchAction","target":{"@type":"EntryPoint","urlTemplate":"https:\/\/www.eldiario.net\/portal\/?s={search_term_string}"},"query-input":{"@type":"PropertyValueSpecification","valueRequired":true,"valueName":"search_term_string"}}],"inLanguage":"es"},{"@type":"Organization","@id":"https:\/\/www.eldiario.net\/portal\/#organization","name":"El Diario - Decano de la prensa nacional","url":"https:\/\/www.eldiario.net\/portal\/","logo":{"@type":"ImageObject","inLanguage":"es","@id":"https:\/\/www.eldiario.net\/portal\/#\/schema\/logo\/image\/","url":"https:\/\/www.eldiario.net\/portal\/wp-content\/uploads\/2023\/07\/logo_ED.jpg","contentUrl":"https:\/\/www.eldiario.net\/portal\/wp-content\/uploads\/2023\/07\/logo_ED.jpg","width":272,"height":52,"caption":"El Diario - Decano de la prensa nacional"},"image":{"@id":"https:\/\/www.eldiario.net\/portal\/#\/schema\/logo\/image\/"},"sameAs":["https:\/\/www.facebook.com\/eldiario.bolivia\/","https:\/\/x.com\/eldiario_net"]},{"@type":"Person","@id":"https:\/\/www.eldiario.net\/portal\/#\/schema\/person\/f46445640444750d7d753ccd04ae01b7","name":"Jeanette","image":{"@type":"ImageObject","inLanguage":"es","@id":"https:\/\/secure.gravatar.com\/avatar\/3ea2118a5f7dad2b7138b1187a6b7ee55f160b9968b66013c3a3ef39dd7e5798?s=96&d=mm&r=g","url":"https:\/\/secure.gravatar.com\/avatar\/3ea2118a5f7dad2b7138b1187a6b7ee55f160b9968b66013c3a3ef39dd7e5798?s=96&d=mm&r=g","contentUrl":"https:\/\/secure.gravatar.com\/avatar\/3ea2118a5f7dad2b7138b1187a6b7ee55f160b9968b66013c3a3ef39dd7e5798?s=96&d=mm&r=g","caption":"Jeanette"},"sameAs":["https:\/\/www.eldiario.net\/portal"],"url":"https:\/\/www.eldiario.net\/portal\/author\/jeanette\/"}]}},"_links":{"self":[{"href":"https:\/\/www.eldiario.net\/portal\/wp-json\/wp\/v2\/posts\/274940","targetHints":{"allow":["GET"]}}],"collection":[{"href":"https:\/\/www.eldiario.net\/portal\/wp-json\/wp\/v2\/posts"}],"about":[{"href":"https:\/\/www.eldiario.net\/portal\/wp-json\/wp\/v2\/types\/post"}],"author":[{"embeddable":true,"href":"https:\/\/www.eldiario.net\/portal\/wp-json\/wp\/v2\/users\/1"}],"replies":[{"embeddable":true,"href":"https:\/\/www.eldiario.net\/portal\/wp-json\/wp\/v2\/comments?post=274940"}],"version-history":[{"count":1,"href":"https:\/\/www.eldiario.net\/portal\/wp-json\/wp\/v2\/posts\/274940\/revisions"}],"predecessor-version":[{"id":274941,"href":"https:\/\/www.eldiario.net\/portal\/wp-json\/wp\/v2\/posts\/274940\/revisions\/274941"}],"wp:featuredmedia":[{"embeddable":true,"href":"https:\/\/www.eldiario.net\/portal\/wp-json\/wp\/v2\/media\/213112"}],"wp:attachment":[{"href":"https:\/\/www.eldiario.net\/portal\/wp-json\/wp\/v2\/media?parent=274940"}],"wp:term":[{"taxonomy":"category","embeddable":true,"href":"https:\/\/www.eldiario.net\/portal\/wp-json\/wp\/v2\/categories?post=274940"},{"taxonomy":"post_tag","embeddable":true,"href":"https:\/\/www.eldiario.net\/portal\/wp-json\/wp\/v2\/tags?post=274940"}],"curies":[{"name":"wp","href":"https:\/\/api.w.org\/{rel}","templated":true}]}}