{"id":274938,"date":"2025-01-16T05:31:39","date_gmt":"2025-01-16T09:31:39","guid":{"rendered":"https:\/\/www.eldiario.net\/portal\/?p=274938"},"modified":"2025-01-16T05:31:39","modified_gmt":"2025-01-16T09:31:39","slug":"maduro-en-pico-de-zamuro","status":"publish","type":"post","link":"https:\/\/www.eldiario.net\/portal\/2025\/01\/16\/maduro-en-pico-de-zamuro\/","title":{"rendered":"Maduro, en pico de Zamuro"},"content":{"rendered":"<p>Una de las frases coloquiales m\u00e1s expresivas y puntuales que los venezolanos emplean para describir la precariedad de un elemento que se encuentra al borde de perimir o simplemente morir, para convertirse en carro\u00f1a, es: \u201c<em>Estar en pico de Zamuro<\/em>\u201d alegor\u00eda que se refiere al buitre negro americano, esa ave carro\u00f1era y rapaz que vive en nuestro continente y se desplaza sola o en bandadas.<\/p>\n<p>De ah\u00ed que, recreamos la presente nota, con el citado ep\u00edgrafe, por su enorme similitud con la situaci\u00f3n del tirano Nicol\u00e1s Maduro, protagonista de la inusual y rid\u00edcula jura a la presidencia de Venezuela el pasado viernes 10 de enero, contrariando todas las normas y reglas del juego democr\u00e1tico y constitucional que rigen en esa rep\u00fablica hermana y ante la mirada at\u00f3nita e ingenua de una opini\u00f3n internacional que daba ya por descontada la jura del Dr. Edmundo Gonz\u00e1lez, leg\u00edtimo y verdadero ganador de los comicios electorales del pasado 28 de julio.<\/p>\n<p>Es m\u00e1s, en el apuro de poner en escena a semejante bufonada cayeron en el error de manipular los m\u00e1s elementales requisitos que la Constituci\u00f3n prev\u00e9, para la realizaci\u00f3n de dicha ceremonia, como su celebraci\u00f3n en el hemiciclo del Congreso de la Naci\u00f3n y no en un sal\u00f3n donde, hasta los medios de prensa que cubrieron el acto fueron burlados por el uso de im\u00e1genes editadas con inteligencia artificial, que hac\u00edan aparecer y desaparecer, hasta a la presidenta del poder electoral.<\/p>\n<p>Toda esta serie de actos nos recuerdan al libreto que manejan los aut\u00f3cratas, en el momento de verse perdidos. Casi todos, sin excepci\u00f3n, declaran que saldr\u00e1n muertos del poder y\/o resistir\u00e1n su derrota hasta las \u00faltimas consecuencias. Sin embargo, a tiempo de su captura, como lo fue con el paname\u00f1o Antonio Noriega, el de Libia, Muhammad Gaddafi, el rumano Nicolae Ceusescu, el iraqu\u00ed Saddam Hussein o el sirio Bashar Al Asad, estos canallas se tornan en humildes corderitos, mostrando que son m\u00e1s inofensivos que una malva.<\/p>\n<p>Todas las actas electorales arrojaron un resultado similar, previsto y concluyente, indicando que Edmundo Gonz\u00e1lez Urrutia arras\u00f3 en las urnas y debi\u00f3 ser ungido como el nuevo presidente venezolano. La ventaja, en todos los casos registrados, fue mayor al 35 % y muy similar a la que se conoc\u00eda por los informes en boca de urna, empero, el mega fraude de la dictadura estuvo planificado mucho antes de ese domingo 28 de julio. El r\u00e9gimen no iba a permitir que unos millones de votos hagan la diferencia y lo despojen del poder. La corrupci\u00f3n y los da\u00f1os que cometi\u00f3, a lo largo de 25 a\u00f1os, en todos los sectores donde tuvo participaci\u00f3n, desde el petr\u00f3leo, hasta el narcotr\u00e1fico explica la actitud de los organismos del tesoro y de la seguridad estadounidenses, que doblaron la millonaria recompensa ofrecida por la cabeza de Nicol\u00e1s Maduro; de Diosdado Cabello y la extendieron hacia Vladimir Padrino, el celestino comandante de las FFAA venezolanas.<\/p>\n<p>Desde que el tirano inhabilit\u00f3 a Mar\u00eda Corina Machado, y tuvo el tup\u00e9 de hacerla aprehender despu\u00e9s de su heroica comparecencia en un barrio de Caracas, por su inocultable p\u00e1nico de perder el poder y tener que responder por cr\u00edmenes de lesa humanidad, que fueron imputados a su r\u00e9gimen por la fiscal\u00eda de la Corte Penal Internacional; por el Alto Comisionado para los Derechos Humanos de la ONU y por la Comunidad Europea, los d\u00edas de su gesti\u00f3n presidencial est\u00e1n contados y su fraudulento r\u00e9gimen pareciera estar dando sus \u00faltimos estertores, \u00fanicamente apoyado por algunos militares que fueron c\u00f3mplices de tanto delito. Suficientes cargos para llevar a Maduro a estar en Pico de Zamuro.<\/p>\n","protected":false},"excerpt":{"rendered":"<p>Una de las frases coloquiales m\u00e1s expresivas y puntuales que los venezolanos emplean para describir la precariedad de un elemento que se encuentra al borde de perimir o simplemente morir, para convertirse en carro\u00f1a, es: \u201cEstar en pico de Zamuro\u201d alegor\u00eda que se refiere al buitre negro americano, esa ave carro\u00f1era y rapaz que vive [&hellip;]<\/p>\n","protected":false},"author":1,"featured_media":157469,"comment_status":"closed","ping_status":"open","sticky":false,"template":"","format":"standard","meta":{"_acf_changed":false,"footnotes":""},"categories":[9],"tags":[],"class_list":["post-274938","post","type-post","status-publish","format-standard","has-post-thumbnail","category-opinion"],"acf":{"antetitulo":"Clepsidra"},"yoast_head":"<!-- This site is optimized with the Yoast SEO plugin v28.4 - https:\/\/yoast.com\/product\/yoast-seo-wordpress\/ -->\n<title>Maduro, en pico de Zamuro - El Diario - Bolivia<\/title>\n<meta name=\"robots\" content=\"index, follow, max-snippet:-1, max-image-preview:large, max-video-preview:-1\" \/>\n<link rel=\"canonical\" href=\"https:\/\/www.eldiario.net\/portal\/2025\/01\/16\/maduro-en-pico-de-zamuro\/\" \/>\n<meta property=\"og:locale\" content=\"es_ES\" \/>\n<meta property=\"og:type\" content=\"article\" \/>\n<meta property=\"og:title\" content=\"Maduro, en pico de Zamuro - El Diario - Bolivia\" \/>\n<meta property=\"og:description\" content=\"Una de las frases coloquiales m\u00e1s expresivas y puntuales que los venezolanos emplean para describir la precariedad de un elemento que se encuentra al borde de perimir o simplemente morir, para convertirse en carro\u00f1a, es: \u201cEstar en pico de Zamuro\u201d alegor\u00eda que se refiere al buitre negro americano, esa ave carro\u00f1era y rapaz que vive [&hellip;]\" \/>\n<meta property=\"og:url\" content=\"https:\/\/www.eldiario.net\/portal\/2025\/01\/16\/maduro-en-pico-de-zamuro\/\" \/>\n<meta property=\"og:site_name\" content=\"El Diario - Bolivia\" \/>\n<meta property=\"article:publisher\" content=\"https:\/\/www.facebook.com\/eldiario.bolivia\/\" \/>\n<meta property=\"article:published_time\" content=\"2025-01-16T09:31:39+00:00\" \/>\n<meta property=\"og:image\" content=\"https:\/\/www.eldiario.net\/portal\/wp-content\/uploads\/2023\/06\/Alvaro-Riveros-Tejada.jpg\" \/>\n\t<meta property=\"og:image:width\" content=\"1200\" \/>\n\t<meta property=\"og:image:height\" content=\"628\" \/>\n\t<meta property=\"og:image:type\" content=\"image\/jpeg\" \/>\n<meta name=\"author\" content=\"Jeanette\" \/>\n<meta name=\"twitter:card\" content=\"summary_large_image\" \/>\n<meta name=\"twitter:creator\" content=\"@eldiario_net\" \/>\n<meta name=\"twitter:site\" content=\"@eldiario_net\" \/>\n<meta name=\"twitter:label1\" content=\"Escrito por\" \/>\n\t<meta name=\"twitter:data1\" content=\"Jeanette\" \/>\n\t<meta name=\"twitter:label2\" content=\"Tiempo de lectura\" \/>\n\t<meta name=\"twitter:data2\" content=\"3 minutos\" \/>\n<script type=\"application\/ld+json\" class=\"yoast-schema-graph\">{\"@context\":\"https:\\\/\\\/schema.org\",\"@graph\":[{\"@type\":\"Article\",\"@id\":\"https:\\\/\\\/www.eldiario.net\\\/portal\\\/2025\\\/01\\\/16\\\/maduro-en-pico-de-zamuro\\\/#article\",\"isPartOf\":{\"@id\":\"https:\\\/\\\/www.eldiario.net\\\/portal\\\/2025\\\/01\\\/16\\\/maduro-en-pico-de-zamuro\\\/\"},\"author\":{\"name\":\"Jeanette\",\"@id\":\"https:\\\/\\\/www.eldiario.net\\\/portal\\\/#\\\/schema\\\/person\\\/f46445640444750d7d753ccd04ae01b7\"},\"headline\":\"Maduro, en pico de Zamuro\",\"datePublished\":\"2025-01-16T09:31:39+00:00\",\"mainEntityOfPage\":{\"@id\":\"https:\\\/\\\/www.eldiario.net\\\/portal\\\/2025\\\/01\\\/16\\\/maduro-en-pico-de-zamuro\\\/\"},\"wordCount\":647,\"publisher\":{\"@id\":\"https:\\\/\\\/www.eldiario.net\\\/portal\\\/#organization\"},\"image\":{\"@id\":\"https:\\\/\\\/www.eldiario.net\\\/portal\\\/2025\\\/01\\\/16\\\/maduro-en-pico-de-zamuro\\\/#primaryimage\"},\"thumbnailUrl\":\"https:\\\/\\\/www.eldiario.net\\\/portal\\\/wp-content\\\/uploads\\\/2023\\\/06\\\/Alvaro-Riveros-Tejada.jpg\",\"articleSection\":[\"Opini\u00f3n\"],\"inLanguage\":\"es\"},{\"@type\":\"WebPage\",\"@id\":\"https:\\\/\\\/www.eldiario.net\\\/portal\\\/2025\\\/01\\\/16\\\/maduro-en-pico-de-zamuro\\\/\",\"url\":\"https:\\\/\\\/www.eldiario.net\\\/portal\\\/2025\\\/01\\\/16\\\/maduro-en-pico-de-zamuro\\\/\",\"name\":\"Maduro, en pico de Zamuro - El Diario - Bolivia\",\"isPartOf\":{\"@id\":\"https:\\\/\\\/www.eldiario.net\\\/portal\\\/#website\"},\"primaryImageOfPage\":{\"@id\":\"https:\\\/\\\/www.eldiario.net\\\/portal\\\/2025\\\/01\\\/16\\\/maduro-en-pico-de-zamuro\\\/#primaryimage\"},\"image\":{\"@id\":\"https:\\\/\\\/www.eldiario.net\\\/portal\\\/2025\\\/01\\\/16\\\/maduro-en-pico-de-zamuro\\\/#primaryimage\"},\"thumbnailUrl\":\"https:\\\/\\\/www.eldiario.net\\\/portal\\\/wp-content\\\/uploads\\\/2023\\\/06\\\/Alvaro-Riveros-Tejada.jpg\",\"datePublished\":\"2025-01-16T09:31:39+00:00\",\"breadcrumb\":{\"@id\":\"https:\\\/\\\/www.eldiario.net\\\/portal\\\/2025\\\/01\\\/16\\\/maduro-en-pico-de-zamuro\\\/#breadcrumb\"},\"inLanguage\":\"es\",\"potentialAction\":[{\"@type\":\"ReadAction\",\"target\":[\"https:\\\/\\\/www.eldiario.net\\\/portal\\\/2025\\\/01\\\/16\\\/maduro-en-pico-de-zamuro\\\/\"]}]},{\"@type\":\"ImageObject\",\"inLanguage\":\"es\",\"@id\":\"https:\\\/\\\/www.eldiario.net\\\/portal\\\/2025\\\/01\\\/16\\\/maduro-en-pico-de-zamuro\\\/#primaryimage\",\"url\":\"https:\\\/\\\/www.eldiario.net\\\/portal\\\/wp-content\\\/uploads\\\/2023\\\/06\\\/Alvaro-Riveros-Tejada.jpg\",\"contentUrl\":\"https:\\\/\\\/www.eldiario.net\\\/portal\\\/wp-content\\\/uploads\\\/2023\\\/06\\\/Alvaro-Riveros-Tejada.jpg\",\"width\":1200,\"height\":628},{\"@type\":\"BreadcrumbList\",\"@id\":\"https:\\\/\\\/www.eldiario.net\\\/portal\\\/2025\\\/01\\\/16\\\/maduro-en-pico-de-zamuro\\\/#breadcrumb\",\"itemListElement\":[{\"@type\":\"ListItem\",\"position\":1,\"name\":\"Portada\",\"item\":\"https:\\\/\\\/www.eldiario.net\\\/portal\\\/\"},{\"@type\":\"ListItem\",\"position\":2,\"name\":\"Maduro, en pico de Zamuro\"}]},{\"@type\":\"WebSite\",\"@id\":\"https:\\\/\\\/www.eldiario.net\\\/portal\\\/#website\",\"url\":\"https:\\\/\\\/www.eldiario.net\\\/portal\\\/\",\"name\":\"El Diario - Decano de la prensa nacional\",\"description\":\"El Diario - Decano de la prensa nacional\",\"publisher\":{\"@id\":\"https:\\\/\\\/www.eldiario.net\\\/portal\\\/#organization\"},\"potentialAction\":[{\"@type\":\"SearchAction\",\"target\":{\"@type\":\"EntryPoint\",\"urlTemplate\":\"https:\\\/\\\/www.eldiario.net\\\/portal\\\/?s={search_term_string}\"},\"query-input\":{\"@type\":\"PropertyValueSpecification\",\"valueRequired\":true,\"valueName\":\"search_term_string\"}}],\"inLanguage\":\"es\"},{\"@type\":\"Organization\",\"@id\":\"https:\\\/\\\/www.eldiario.net\\\/portal\\\/#organization\",\"name\":\"El Diario - Decano de la prensa nacional\",\"url\":\"https:\\\/\\\/www.eldiario.net\\\/portal\\\/\",\"logo\":{\"@type\":\"ImageObject\",\"inLanguage\":\"es\",\"@id\":\"https:\\\/\\\/www.eldiario.net\\\/portal\\\/#\\\/schema\\\/logo\\\/image\\\/\",\"url\":\"https:\\\/\\\/www.eldiario.net\\\/portal\\\/wp-content\\\/uploads\\\/2023\\\/07\\\/logo_ED.jpg\",\"contentUrl\":\"https:\\\/\\\/www.eldiario.net\\\/portal\\\/wp-content\\\/uploads\\\/2023\\\/07\\\/logo_ED.jpg\",\"width\":272,\"height\":52,\"caption\":\"El Diario - Decano de la prensa nacional\"},\"image\":{\"@id\":\"https:\\\/\\\/www.eldiario.net\\\/portal\\\/#\\\/schema\\\/logo\\\/image\\\/\"},\"sameAs\":[\"https:\\\/\\\/www.facebook.com\\\/eldiario.bolivia\\\/\",\"https:\\\/\\\/x.com\\\/eldiario_net\"]},{\"@type\":\"Person\",\"@id\":\"https:\\\/\\\/www.eldiario.net\\\/portal\\\/#\\\/schema\\\/person\\\/f46445640444750d7d753ccd04ae01b7\",\"name\":\"Jeanette\",\"image\":{\"@type\":\"ImageObject\",\"inLanguage\":\"es\",\"@id\":\"https:\\\/\\\/secure.gravatar.com\\\/avatar\\\/3ea2118a5f7dad2b7138b1187a6b7ee55f160b9968b66013c3a3ef39dd7e5798?s=96&d=mm&r=g\",\"url\":\"https:\\\/\\\/secure.gravatar.com\\\/avatar\\\/3ea2118a5f7dad2b7138b1187a6b7ee55f160b9968b66013c3a3ef39dd7e5798?s=96&d=mm&r=g\",\"contentUrl\":\"https:\\\/\\\/secure.gravatar.com\\\/avatar\\\/3ea2118a5f7dad2b7138b1187a6b7ee55f160b9968b66013c3a3ef39dd7e5798?s=96&d=mm&r=g\",\"caption\":\"Jeanette\"},\"sameAs\":[\"https:\\\/\\\/www.eldiario.net\\\/portal\"],\"url\":\"https:\\\/\\\/www.eldiario.net\\\/portal\\\/author\\\/jeanette\\\/\"}]}<\/script>\n<!-- \/ Yoast SEO plugin. -->","yoast_head_json":{"title":"Maduro, en pico de Zamuro - El Diario - Bolivia","robots":{"index":"index","follow":"follow","max-snippet":"max-snippet:-1","max-image-preview":"max-image-preview:large","max-video-preview":"max-video-preview:-1"},"canonical":"https:\/\/www.eldiario.net\/portal\/2025\/01\/16\/maduro-en-pico-de-zamuro\/","og_locale":"es_ES","og_type":"article","og_title":"Maduro, en pico de Zamuro - El Diario - Bolivia","og_description":"Una de las frases coloquiales m\u00e1s expresivas y puntuales que los venezolanos emplean para describir la precariedad de un elemento que se encuentra al borde de perimir o simplemente morir, para convertirse en carro\u00f1a, es: \u201cEstar en pico de Zamuro\u201d alegor\u00eda que se refiere al buitre negro americano, esa ave carro\u00f1era y rapaz que vive [&hellip;]","og_url":"https:\/\/www.eldiario.net\/portal\/2025\/01\/16\/maduro-en-pico-de-zamuro\/","og_site_name":"El Diario - Bolivia","article_publisher":"https:\/\/www.facebook.com\/eldiario.bolivia\/","article_published_time":"2025-01-16T09:31:39+00:00","og_image":[{"width":1200,"height":628,"url":"https:\/\/www.eldiario.net\/portal\/wp-content\/uploads\/2023\/06\/Alvaro-Riveros-Tejada.jpg","type":"image\/jpeg"}],"author":"Jeanette","twitter_card":"summary_large_image","twitter_creator":"@eldiario_net","twitter_site":"@eldiario_net","twitter_misc":{"Escrito por":"Jeanette","Tiempo de lectura":"3 minutos"},"schema":{"@context":"https:\/\/schema.org","@graph":[{"@type":"Article","@id":"https:\/\/www.eldiario.net\/portal\/2025\/01\/16\/maduro-en-pico-de-zamuro\/#article","isPartOf":{"@id":"https:\/\/www.eldiario.net\/portal\/2025\/01\/16\/maduro-en-pico-de-zamuro\/"},"author":{"name":"Jeanette","@id":"https:\/\/www.eldiario.net\/portal\/#\/schema\/person\/f46445640444750d7d753ccd04ae01b7"},"headline":"Maduro, en pico de Zamuro","datePublished":"2025-01-16T09:31:39+00:00","mainEntityOfPage":{"@id":"https:\/\/www.eldiario.net\/portal\/2025\/01\/16\/maduro-en-pico-de-zamuro\/"},"wordCount":647,"publisher":{"@id":"https:\/\/www.eldiario.net\/portal\/#organization"},"image":{"@id":"https:\/\/www.eldiario.net\/portal\/2025\/01\/16\/maduro-en-pico-de-zamuro\/#primaryimage"},"thumbnailUrl":"https:\/\/www.eldiario.net\/portal\/wp-content\/uploads\/2023\/06\/Alvaro-Riveros-Tejada.jpg","articleSection":["Opini\u00f3n"],"inLanguage":"es"},{"@type":"WebPage","@id":"https:\/\/www.eldiario.net\/portal\/2025\/01\/16\/maduro-en-pico-de-zamuro\/","url":"https:\/\/www.eldiario.net\/portal\/2025\/01\/16\/maduro-en-pico-de-zamuro\/","name":"Maduro, en pico de Zamuro - El Diario - Bolivia","isPartOf":{"@id":"https:\/\/www.eldiario.net\/portal\/#website"},"primaryImageOfPage":{"@id":"https:\/\/www.eldiario.net\/portal\/2025\/01\/16\/maduro-en-pico-de-zamuro\/#primaryimage"},"image":{"@id":"https:\/\/www.eldiario.net\/portal\/2025\/01\/16\/maduro-en-pico-de-zamuro\/#primaryimage"},"thumbnailUrl":"https:\/\/www.eldiario.net\/portal\/wp-content\/uploads\/2023\/06\/Alvaro-Riveros-Tejada.jpg","datePublished":"2025-01-16T09:31:39+00:00","breadcrumb":{"@id":"https:\/\/www.eldiario.net\/portal\/2025\/01\/16\/maduro-en-pico-de-zamuro\/#breadcrumb"},"inLanguage":"es","potentialAction":[{"@type":"ReadAction","target":["https:\/\/www.eldiario.net\/portal\/2025\/01\/16\/maduro-en-pico-de-zamuro\/"]}]},{"@type":"ImageObject","inLanguage":"es","@id":"https:\/\/www.eldiario.net\/portal\/2025\/01\/16\/maduro-en-pico-de-zamuro\/#primaryimage","url":"https:\/\/www.eldiario.net\/portal\/wp-content\/uploads\/2023\/06\/Alvaro-Riveros-Tejada.jpg","contentUrl":"https:\/\/www.eldiario.net\/portal\/wp-content\/uploads\/2023\/06\/Alvaro-Riveros-Tejada.jpg","width":1200,"height":628},{"@type":"BreadcrumbList","@id":"https:\/\/www.eldiario.net\/portal\/2025\/01\/16\/maduro-en-pico-de-zamuro\/#breadcrumb","itemListElement":[{"@type":"ListItem","position":1,"name":"Portada","item":"https:\/\/www.eldiario.net\/portal\/"},{"@type":"ListItem","position":2,"name":"Maduro, en pico de Zamuro"}]},{"@type":"WebSite","@id":"https:\/\/www.eldiario.net\/portal\/#website","url":"https:\/\/www.eldiario.net\/portal\/","name":"El Diario - Decano de la prensa nacional","description":"El Diario - Decano de la prensa nacional","publisher":{"@id":"https:\/\/www.eldiario.net\/portal\/#organization"},"potentialAction":[{"@type":"SearchAction","target":{"@type":"EntryPoint","urlTemplate":"https:\/\/www.eldiario.net\/portal\/?s={search_term_string}"},"query-input":{"@type":"PropertyValueSpecification","valueRequired":true,"valueName":"search_term_string"}}],"inLanguage":"es"},{"@type":"Organization","@id":"https:\/\/www.eldiario.net\/portal\/#organization","name":"El Diario - Decano de la prensa nacional","url":"https:\/\/www.eldiario.net\/portal\/","logo":{"@type":"ImageObject","inLanguage":"es","@id":"https:\/\/www.eldiario.net\/portal\/#\/schema\/logo\/image\/","url":"https:\/\/www.eldiario.net\/portal\/wp-content\/uploads\/2023\/07\/logo_ED.jpg","contentUrl":"https:\/\/www.eldiario.net\/portal\/wp-content\/uploads\/2023\/07\/logo_ED.jpg","width":272,"height":52,"caption":"El Diario - Decano de la prensa nacional"},"image":{"@id":"https:\/\/www.eldiario.net\/portal\/#\/schema\/logo\/image\/"},"sameAs":["https:\/\/www.facebook.com\/eldiario.bolivia\/","https:\/\/x.com\/eldiario_net"]},{"@type":"Person","@id":"https:\/\/www.eldiario.net\/portal\/#\/schema\/person\/f46445640444750d7d753ccd04ae01b7","name":"Jeanette","image":{"@type":"ImageObject","inLanguage":"es","@id":"https:\/\/secure.gravatar.com\/avatar\/3ea2118a5f7dad2b7138b1187a6b7ee55f160b9968b66013c3a3ef39dd7e5798?s=96&d=mm&r=g","url":"https:\/\/secure.gravatar.com\/avatar\/3ea2118a5f7dad2b7138b1187a6b7ee55f160b9968b66013c3a3ef39dd7e5798?s=96&d=mm&r=g","contentUrl":"https:\/\/secure.gravatar.com\/avatar\/3ea2118a5f7dad2b7138b1187a6b7ee55f160b9968b66013c3a3ef39dd7e5798?s=96&d=mm&r=g","caption":"Jeanette"},"sameAs":["https:\/\/www.eldiario.net\/portal"],"url":"https:\/\/www.eldiario.net\/portal\/author\/jeanette\/"}]}},"_links":{"self":[{"href":"https:\/\/www.eldiario.net\/portal\/wp-json\/wp\/v2\/posts\/274938","targetHints":{"allow":["GET"]}}],"collection":[{"href":"https:\/\/www.eldiario.net\/portal\/wp-json\/wp\/v2\/posts"}],"about":[{"href":"https:\/\/www.eldiario.net\/portal\/wp-json\/wp\/v2\/types\/post"}],"author":[{"embeddable":true,"href":"https:\/\/www.eldiario.net\/portal\/wp-json\/wp\/v2\/users\/1"}],"replies":[{"embeddable":true,"href":"https:\/\/www.eldiario.net\/portal\/wp-json\/wp\/v2\/comments?post=274938"}],"version-history":[{"count":1,"href":"https:\/\/www.eldiario.net\/portal\/wp-json\/wp\/v2\/posts\/274938\/revisions"}],"predecessor-version":[{"id":274939,"href":"https:\/\/www.eldiario.net\/portal\/wp-json\/wp\/v2\/posts\/274938\/revisions\/274939"}],"wp:featuredmedia":[{"embeddable":true,"href":"https:\/\/www.eldiario.net\/portal\/wp-json\/wp\/v2\/media\/157469"}],"wp:attachment":[{"href":"https:\/\/www.eldiario.net\/portal\/wp-json\/wp\/v2\/media?parent=274938"}],"wp:term":[{"taxonomy":"category","embeddable":true,"href":"https:\/\/www.eldiario.net\/portal\/wp-json\/wp\/v2\/categories?post=274938"},{"taxonomy":"post_tag","embeddable":true,"href":"https:\/\/www.eldiario.net\/portal\/wp-json\/wp\/v2\/tags?post=274938"}],"curies":[{"name":"wp","href":"https:\/\/api.w.org\/{rel}","templated":true}]}}