{"id":274936,"date":"2025-01-16T05:31:06","date_gmt":"2025-01-16T09:31:06","guid":{"rendered":"https:\/\/www.eldiario.net\/portal\/?p=274936"},"modified":"2025-01-16T05:31:06","modified_gmt":"2025-01-16T09:31:06","slug":"dato-mata-relato-a-buen-entendedor-pocas-palabras","status":"publish","type":"post","link":"https:\/\/www.eldiario.net\/portal\/2025\/01\/16\/dato-mata-relato-a-buen-entendedor-pocas-palabras\/","title":{"rendered":"\u201cDato mata relato\u201d (a buen entendedor, pocas palabras)"},"content":{"rendered":"<p>La preocupaci\u00f3n por el alza generalizada de precios en la econom\u00eda boliviana est\u00e1 en boca de todos, a la par de que las explicaciones y elucubraciones sobre sus causas y efectos, a la orden del d\u00eda; lo que m\u00e1s llam\u00f3 mi atenci\u00f3n fue que habr\u00eda una especie de complot con ciertos alimentos de la canasta familiar subidos de precio, que provoc\u00f3 esta desafortunada y trist\u00edsima arenga:<\/p>\n<p>\u201c\u00bfQui\u00e9nes producen eso, hermanos? Y, por lo tanto, \u00bfqui\u00e9nes especulan con los precios?\u00bb (\u00abArce dice que enfrenta una \u00abguerra especulativa\u00bb y apunta a productores de arroz, aceite, carne de res y pollo\u00bb, Agencia de Noticias Fides, 9.01.2025).<\/p>\n<p>Hasta aqu\u00ed hablamos de percepciones y opiniones, que en la mayor\u00eda de los casos son subjetivas, am\u00e9n del vaiv\u00e9n de precios en el mercado, aunque tambi\u00e9n pueden tratarse de euf\u00f3ricos discursos con un cariz pol\u00edtico. Pero \u00bfqu\u00e9 de la \u201cobjetividad\u201d de los n\u00fameros?<\/p>\n<p>El Instituto Nacional de Estad\u00edstica (INE) acaba de informar que la inflaci\u00f3n en Bolivia en 2024 fue del 9,97% una cifra no solamente muy distante del pron\u00f3stico oficial del 3,6% sino, tambi\u00e9n, preocupante, por lo que hace a la subida del precio de los alimentos en un 15,4% siendo lo que m\u00e1s impacta en la econom\u00eda popular, aunque hay quienes aseguran que la inflaci\u00f3n fue mayor que la reportada por el INE, aunque eso es harina de otro costal.<\/p>\n<p>Al ser la inflaci\u00f3n una suerte de \u201cimpuesto ciego\u201d que castiga a todos, en especial a quienes tienen ingresos fijos y bajos, la motivaci\u00f3n principal de este art\u00edculo es demostrar que el empresariado de ninguna manera tiene la culpa de lo que est\u00e1 pasando, al contrario, nuestros empresarios &#8211;micro, peque\u00f1os y grandes productores, comerciantes y prestadores de servicios&#8211; sufren el mismo embate como consumidores, pero, adem\u00e1s, una inflaci\u00f3n adicional, la subida de costos, pero, pese a ello, resisten, persisten y nunca desisten en seguir d\u00e1ndolo todo para generar riqueza, empleos, ingresos para las familias y el propio Estado, en cu\u00e1ntos casos, no solo arriesgando su patrimonio familiar sino hasta su salud, por lo que, m\u00e1s bien, deber\u00edan merecer nuestro m\u00e1ximo reconocimiento.<\/p>\n<p>\u201cNosotros no conspiramos, nosotros producimos\u201d, fue la serena respuesta que dio el presidente de la C\u00e1mara Nacional de Industrias, Pablo Camacho Garc\u00eda, ante tan injusta acusaci\u00f3n en contra de sus representados, a tiempo de explicar las razones por las que hay inflaci\u00f3n en el pa\u00eds (\u201cLos industriales no le aceptan a Arce ser responsables de la actual crisis o \u2018guerra econ\u00f3mica\u2019 a la que hizo referencia\u201d, Innovapress, 10.01.2025).<\/p>\n<p>Es cierto, muy cierto, que quienes arriesgan, apuestan, invierten y se sacrifican 24\/7 por este pa\u00eds, no pueden haber provocado la m\u00e1s severa sequ\u00eda en casi tres d\u00e9cadas, haciendo caer la producci\u00f3n de soya en un mill\u00f3n de toneladas; tampoco ser los causantes de la anormalidad en la provisi\u00f3n del di\u00e9sel o de la escasez del d\u00f3lar y su encarecimiento, con la consecuente subida de los precios de los insumos importados, impactando hacia el alza los costos de producci\u00f3n; como tampoco, ser responsables de que los alimentos que producen y que est\u00e1n regulados desde el Estado &#8211;subvencionados por el sector privado&#8211; sean objeto de acaparamiento, ocultamiento, especulaci\u00f3n y contrabando; y mucho menos del reciente veto a las exportaciones que ocasion\u00f3 desasosiego entre quienes d\u00eda a d\u00eda, literalmente, se juegan por Bolivia \u00a1porque la aman!<\/p>\n<p>Curiosamente, todo aquello, a quien m\u00e1s afect\u00f3, es a los productores del Oriente y, siendo Santa Cruz el principal generador de alimentos del pa\u00eds, la consecuencia no pod\u00eda ser otra que la subida de precios, no por una conspiraci\u00f3n, sino, por ser v\u00edctimas de ello, incluidos los avasallamientos a predios productivos por m\u00e1s de 90.000 hect\u00e1reas.<\/p>\n<p>Corrobora gran parte de este desastre, lo dicho el 5 de enero pasado por el Director del INE, Humberto Arandia: \u201cBloqueos evistas y su efecto en la especulaci\u00f3n representan cerca del 3,77% de la inflaci\u00f3n de 2024\u201d (ABI); \u201cSin bloqueos ni especulaci\u00f3n, la inflaci\u00f3n acumulada de 2024 ser\u00eda de 6,2%, seg\u00fan el INE\u201d (La Raz\u00f3n); \u201cDirector del INE dice que bloqueos evistas y especulaci\u00f3n significan 3,77% de la inflaci\u00f3n de 2024\u201d, (UNITEL); \u201cINE: Cinco factores, desde los clim\u00e1ticos hasta los bloqueos y la especulaci\u00f3n, que explican la inflaci\u00f3n del 9,97%\u201d (Visi\u00f3n360); \u201cEl INE justifica inflaci\u00f3n por el clima, la tensi\u00f3n pol\u00edtica, el contrabando y contexto externo adverso\u201d (El Deber). Nada dijo de una conspiraci\u00f3n, m\u00e1s bien, que, pese a todo, los alimentos en el pa\u00eds son mucho m\u00e1s baratos que en otros pa\u00edses de la regi\u00f3n: \u00a1Dios bendiga a nuestros productores!<\/p>\n<p>\u201cDato mata relato\u201d, dice el adagio: Seg\u00fan la Real Academia Espa\u00f1ola, un relato puede ser la <em>\u201creconstrucci\u00f3n discursiva de ciertos acontecimientos interpretados en favor de una ideolog\u00eda o de un movimiento pol\u00edtico\u201d<\/em>, mientras que un dato es la <em>\u201cinformaci\u00f3n sobre algo concreto que permite su conocimiento exacto o sirve para deducir las consecuencias derivadas de un hecho\u201d<\/em> (a buen entendedor, pocas palabras).<\/p>\n<p>&nbsp;<\/p>\n<p><em>El autor es <\/em><em>Economista y Mag\u00edster en Comercio Internacional.<\/em><\/p>\n","protected":false},"excerpt":{"rendered":"<p>La preocupaci\u00f3n por el alza generalizada de precios en la econom\u00eda boliviana est\u00e1 en boca de todos, a la par de que las explicaciones y elucubraciones sobre sus causas y efectos, a la orden del d\u00eda; lo que m\u00e1s llam\u00f3 mi atenci\u00f3n fue que habr\u00eda una especie de complot con ciertos alimentos de la canasta [&hellip;]<\/p>\n","protected":false},"author":1,"featured_media":157466,"comment_status":"closed","ping_status":"open","sticky":false,"template":"","format":"standard","meta":{"_acf_changed":false,"footnotes":""},"categories":[9],"tags":[],"class_list":["post-274936","post","type-post","status-publish","format-standard","has-post-thumbnail","category-opinion"],"acf":{"antetitulo":"Buscando la verdad "},"yoast_head":"<!-- This site is optimized with the Yoast SEO plugin v28.4 - https:\/\/yoast.com\/product\/yoast-seo-wordpress\/ -->\n<title>\u201cDato mata relato\u201d (a buen entendedor, pocas palabras) - El Diario - Bolivia<\/title>\n<meta name=\"robots\" content=\"index, follow, max-snippet:-1, max-image-preview:large, max-video-preview:-1\" \/>\n<link rel=\"canonical\" href=\"https:\/\/www.eldiario.net\/portal\/2025\/01\/16\/dato-mata-relato-a-buen-entendedor-pocas-palabras\/\" \/>\n<meta property=\"og:locale\" content=\"es_ES\" \/>\n<meta property=\"og:type\" content=\"article\" \/>\n<meta property=\"og:title\" content=\"\u201cDato mata relato\u201d (a buen entendedor, pocas palabras) - El Diario - Bolivia\" \/>\n<meta property=\"og:description\" content=\"La preocupaci\u00f3n por el alza generalizada de precios en la econom\u00eda boliviana est\u00e1 en boca de todos, a la par de que las explicaciones y elucubraciones sobre sus causas y efectos, a la orden del d\u00eda; lo que m\u00e1s llam\u00f3 mi atenci\u00f3n fue que habr\u00eda una especie de complot con ciertos alimentos de la canasta [&hellip;]\" \/>\n<meta property=\"og:url\" content=\"https:\/\/www.eldiario.net\/portal\/2025\/01\/16\/dato-mata-relato-a-buen-entendedor-pocas-palabras\/\" \/>\n<meta property=\"og:site_name\" content=\"El Diario - Bolivia\" \/>\n<meta property=\"article:publisher\" content=\"https:\/\/www.facebook.com\/eldiario.bolivia\/\" \/>\n<meta property=\"article:published_time\" content=\"2025-01-16T09:31:06+00:00\" \/>\n<meta property=\"og:image\" content=\"https:\/\/www.eldiario.net\/portal\/wp-content\/uploads\/2023\/06\/Gary-Antonio-Rodriguez-Alvarez.jpg\" \/>\n\t<meta property=\"og:image:width\" content=\"1200\" \/>\n\t<meta property=\"og:image:height\" content=\"628\" \/>\n\t<meta property=\"og:image:type\" content=\"image\/jpeg\" \/>\n<meta name=\"author\" content=\"Jeanette\" \/>\n<meta name=\"twitter:card\" content=\"summary_large_image\" \/>\n<meta name=\"twitter:creator\" content=\"@eldiario_net\" \/>\n<meta name=\"twitter:site\" content=\"@eldiario_net\" \/>\n<meta name=\"twitter:label1\" content=\"Escrito por\" \/>\n\t<meta name=\"twitter:data1\" content=\"Jeanette\" \/>\n\t<meta name=\"twitter:label2\" content=\"Tiempo de lectura\" \/>\n\t<meta name=\"twitter:data2\" content=\"4 minutos\" \/>\n<script type=\"application\/ld+json\" class=\"yoast-schema-graph\">{\"@context\":\"https:\\\/\\\/schema.org\",\"@graph\":[{\"@type\":\"Article\",\"@id\":\"https:\\\/\\\/www.eldiario.net\\\/portal\\\/2025\\\/01\\\/16\\\/dato-mata-relato-a-buen-entendedor-pocas-palabras\\\/#article\",\"isPartOf\":{\"@id\":\"https:\\\/\\\/www.eldiario.net\\\/portal\\\/2025\\\/01\\\/16\\\/dato-mata-relato-a-buen-entendedor-pocas-palabras\\\/\"},\"author\":{\"name\":\"Jeanette\",\"@id\":\"https:\\\/\\\/www.eldiario.net\\\/portal\\\/#\\\/schema\\\/person\\\/f46445640444750d7d753ccd04ae01b7\"},\"headline\":\"\u201cDato mata relato\u201d (a buen entendedor, pocas palabras)\",\"datePublished\":\"2025-01-16T09:31:06+00:00\",\"mainEntityOfPage\":{\"@id\":\"https:\\\/\\\/www.eldiario.net\\\/portal\\\/2025\\\/01\\\/16\\\/dato-mata-relato-a-buen-entendedor-pocas-palabras\\\/\"},\"wordCount\":899,\"publisher\":{\"@id\":\"https:\\\/\\\/www.eldiario.net\\\/portal\\\/#organization\"},\"image\":{\"@id\":\"https:\\\/\\\/www.eldiario.net\\\/portal\\\/2025\\\/01\\\/16\\\/dato-mata-relato-a-buen-entendedor-pocas-palabras\\\/#primaryimage\"},\"thumbnailUrl\":\"https:\\\/\\\/www.eldiario.net\\\/portal\\\/wp-content\\\/uploads\\\/2023\\\/06\\\/Gary-Antonio-Rodriguez-Alvarez.jpg\",\"articleSection\":[\"Opini\u00f3n\"],\"inLanguage\":\"es\"},{\"@type\":\"WebPage\",\"@id\":\"https:\\\/\\\/www.eldiario.net\\\/portal\\\/2025\\\/01\\\/16\\\/dato-mata-relato-a-buen-entendedor-pocas-palabras\\\/\",\"url\":\"https:\\\/\\\/www.eldiario.net\\\/portal\\\/2025\\\/01\\\/16\\\/dato-mata-relato-a-buen-entendedor-pocas-palabras\\\/\",\"name\":\"\u201cDato mata relato\u201d (a buen entendedor, pocas palabras) - El Diario - Bolivia\",\"isPartOf\":{\"@id\":\"https:\\\/\\\/www.eldiario.net\\\/portal\\\/#website\"},\"primaryImageOfPage\":{\"@id\":\"https:\\\/\\\/www.eldiario.net\\\/portal\\\/2025\\\/01\\\/16\\\/dato-mata-relato-a-buen-entendedor-pocas-palabras\\\/#primaryimage\"},\"image\":{\"@id\":\"https:\\\/\\\/www.eldiario.net\\\/portal\\\/2025\\\/01\\\/16\\\/dato-mata-relato-a-buen-entendedor-pocas-palabras\\\/#primaryimage\"},\"thumbnailUrl\":\"https:\\\/\\\/www.eldiario.net\\\/portal\\\/wp-content\\\/uploads\\\/2023\\\/06\\\/Gary-Antonio-Rodriguez-Alvarez.jpg\",\"datePublished\":\"2025-01-16T09:31:06+00:00\",\"breadcrumb\":{\"@id\":\"https:\\\/\\\/www.eldiario.net\\\/portal\\\/2025\\\/01\\\/16\\\/dato-mata-relato-a-buen-entendedor-pocas-palabras\\\/#breadcrumb\"},\"inLanguage\":\"es\",\"potentialAction\":[{\"@type\":\"ReadAction\",\"target\":[\"https:\\\/\\\/www.eldiario.net\\\/portal\\\/2025\\\/01\\\/16\\\/dato-mata-relato-a-buen-entendedor-pocas-palabras\\\/\"]}]},{\"@type\":\"ImageObject\",\"inLanguage\":\"es\",\"@id\":\"https:\\\/\\\/www.eldiario.net\\\/portal\\\/2025\\\/01\\\/16\\\/dato-mata-relato-a-buen-entendedor-pocas-palabras\\\/#primaryimage\",\"url\":\"https:\\\/\\\/www.eldiario.net\\\/portal\\\/wp-content\\\/uploads\\\/2023\\\/06\\\/Gary-Antonio-Rodriguez-Alvarez.jpg\",\"contentUrl\":\"https:\\\/\\\/www.eldiario.net\\\/portal\\\/wp-content\\\/uploads\\\/2023\\\/06\\\/Gary-Antonio-Rodriguez-Alvarez.jpg\",\"width\":1200,\"height\":628},{\"@type\":\"BreadcrumbList\",\"@id\":\"https:\\\/\\\/www.eldiario.net\\\/portal\\\/2025\\\/01\\\/16\\\/dato-mata-relato-a-buen-entendedor-pocas-palabras\\\/#breadcrumb\",\"itemListElement\":[{\"@type\":\"ListItem\",\"position\":1,\"name\":\"Portada\",\"item\":\"https:\\\/\\\/www.eldiario.net\\\/portal\\\/\"},{\"@type\":\"ListItem\",\"position\":2,\"name\":\"\u201cDato mata relato\u201d (a buen entendedor, pocas palabras)\"}]},{\"@type\":\"WebSite\",\"@id\":\"https:\\\/\\\/www.eldiario.net\\\/portal\\\/#website\",\"url\":\"https:\\\/\\\/www.eldiario.net\\\/portal\\\/\",\"name\":\"El Diario - Decano de la prensa nacional\",\"description\":\"El Diario - Decano de la prensa nacional\",\"publisher\":{\"@id\":\"https:\\\/\\\/www.eldiario.net\\\/portal\\\/#organization\"},\"potentialAction\":[{\"@type\":\"SearchAction\",\"target\":{\"@type\":\"EntryPoint\",\"urlTemplate\":\"https:\\\/\\\/www.eldiario.net\\\/portal\\\/?s={search_term_string}\"},\"query-input\":{\"@type\":\"PropertyValueSpecification\",\"valueRequired\":true,\"valueName\":\"search_term_string\"}}],\"inLanguage\":\"es\"},{\"@type\":\"Organization\",\"@id\":\"https:\\\/\\\/www.eldiario.net\\\/portal\\\/#organization\",\"name\":\"El Diario - Decano de la prensa nacional\",\"url\":\"https:\\\/\\\/www.eldiario.net\\\/portal\\\/\",\"logo\":{\"@type\":\"ImageObject\",\"inLanguage\":\"es\",\"@id\":\"https:\\\/\\\/www.eldiario.net\\\/portal\\\/#\\\/schema\\\/logo\\\/image\\\/\",\"url\":\"https:\\\/\\\/www.eldiario.net\\\/portal\\\/wp-content\\\/uploads\\\/2023\\\/07\\\/logo_ED.jpg\",\"contentUrl\":\"https:\\\/\\\/www.eldiario.net\\\/portal\\\/wp-content\\\/uploads\\\/2023\\\/07\\\/logo_ED.jpg\",\"width\":272,\"height\":52,\"caption\":\"El Diario - Decano de la prensa nacional\"},\"image\":{\"@id\":\"https:\\\/\\\/www.eldiario.net\\\/portal\\\/#\\\/schema\\\/logo\\\/image\\\/\"},\"sameAs\":[\"https:\\\/\\\/www.facebook.com\\\/eldiario.bolivia\\\/\",\"https:\\\/\\\/x.com\\\/eldiario_net\"]},{\"@type\":\"Person\",\"@id\":\"https:\\\/\\\/www.eldiario.net\\\/portal\\\/#\\\/schema\\\/person\\\/f46445640444750d7d753ccd04ae01b7\",\"name\":\"Jeanette\",\"image\":{\"@type\":\"ImageObject\",\"inLanguage\":\"es\",\"@id\":\"https:\\\/\\\/secure.gravatar.com\\\/avatar\\\/3ea2118a5f7dad2b7138b1187a6b7ee55f160b9968b66013c3a3ef39dd7e5798?s=96&d=mm&r=g\",\"url\":\"https:\\\/\\\/secure.gravatar.com\\\/avatar\\\/3ea2118a5f7dad2b7138b1187a6b7ee55f160b9968b66013c3a3ef39dd7e5798?s=96&d=mm&r=g\",\"contentUrl\":\"https:\\\/\\\/secure.gravatar.com\\\/avatar\\\/3ea2118a5f7dad2b7138b1187a6b7ee55f160b9968b66013c3a3ef39dd7e5798?s=96&d=mm&r=g\",\"caption\":\"Jeanette\"},\"sameAs\":[\"https:\\\/\\\/www.eldiario.net\\\/portal\"],\"url\":\"https:\\\/\\\/www.eldiario.net\\\/portal\\\/author\\\/jeanette\\\/\"}]}<\/script>\n<!-- \/ Yoast SEO plugin. -->","yoast_head_json":{"title":"\u201cDato mata relato\u201d (a buen entendedor, pocas palabras) - El Diario - Bolivia","robots":{"index":"index","follow":"follow","max-snippet":"max-snippet:-1","max-image-preview":"max-image-preview:large","max-video-preview":"max-video-preview:-1"},"canonical":"https:\/\/www.eldiario.net\/portal\/2025\/01\/16\/dato-mata-relato-a-buen-entendedor-pocas-palabras\/","og_locale":"es_ES","og_type":"article","og_title":"\u201cDato mata relato\u201d (a buen entendedor, pocas palabras) - El Diario - Bolivia","og_description":"La preocupaci\u00f3n por el alza generalizada de precios en la econom\u00eda boliviana est\u00e1 en boca de todos, a la par de que las explicaciones y elucubraciones sobre sus causas y efectos, a la orden del d\u00eda; lo que m\u00e1s llam\u00f3 mi atenci\u00f3n fue que habr\u00eda una especie de complot con ciertos alimentos de la canasta [&hellip;]","og_url":"https:\/\/www.eldiario.net\/portal\/2025\/01\/16\/dato-mata-relato-a-buen-entendedor-pocas-palabras\/","og_site_name":"El Diario - Bolivia","article_publisher":"https:\/\/www.facebook.com\/eldiario.bolivia\/","article_published_time":"2025-01-16T09:31:06+00:00","og_image":[{"width":1200,"height":628,"url":"https:\/\/www.eldiario.net\/portal\/wp-content\/uploads\/2023\/06\/Gary-Antonio-Rodriguez-Alvarez.jpg","type":"image\/jpeg"}],"author":"Jeanette","twitter_card":"summary_large_image","twitter_creator":"@eldiario_net","twitter_site":"@eldiario_net","twitter_misc":{"Escrito por":"Jeanette","Tiempo de lectura":"4 minutos"},"schema":{"@context":"https:\/\/schema.org","@graph":[{"@type":"Article","@id":"https:\/\/www.eldiario.net\/portal\/2025\/01\/16\/dato-mata-relato-a-buen-entendedor-pocas-palabras\/#article","isPartOf":{"@id":"https:\/\/www.eldiario.net\/portal\/2025\/01\/16\/dato-mata-relato-a-buen-entendedor-pocas-palabras\/"},"author":{"name":"Jeanette","@id":"https:\/\/www.eldiario.net\/portal\/#\/schema\/person\/f46445640444750d7d753ccd04ae01b7"},"headline":"\u201cDato mata relato\u201d (a buen entendedor, pocas palabras)","datePublished":"2025-01-16T09:31:06+00:00","mainEntityOfPage":{"@id":"https:\/\/www.eldiario.net\/portal\/2025\/01\/16\/dato-mata-relato-a-buen-entendedor-pocas-palabras\/"},"wordCount":899,"publisher":{"@id":"https:\/\/www.eldiario.net\/portal\/#organization"},"image":{"@id":"https:\/\/www.eldiario.net\/portal\/2025\/01\/16\/dato-mata-relato-a-buen-entendedor-pocas-palabras\/#primaryimage"},"thumbnailUrl":"https:\/\/www.eldiario.net\/portal\/wp-content\/uploads\/2023\/06\/Gary-Antonio-Rodriguez-Alvarez.jpg","articleSection":["Opini\u00f3n"],"inLanguage":"es"},{"@type":"WebPage","@id":"https:\/\/www.eldiario.net\/portal\/2025\/01\/16\/dato-mata-relato-a-buen-entendedor-pocas-palabras\/","url":"https:\/\/www.eldiario.net\/portal\/2025\/01\/16\/dato-mata-relato-a-buen-entendedor-pocas-palabras\/","name":"\u201cDato mata relato\u201d (a buen entendedor, pocas palabras) - El Diario - Bolivia","isPartOf":{"@id":"https:\/\/www.eldiario.net\/portal\/#website"},"primaryImageOfPage":{"@id":"https:\/\/www.eldiario.net\/portal\/2025\/01\/16\/dato-mata-relato-a-buen-entendedor-pocas-palabras\/#primaryimage"},"image":{"@id":"https:\/\/www.eldiario.net\/portal\/2025\/01\/16\/dato-mata-relato-a-buen-entendedor-pocas-palabras\/#primaryimage"},"thumbnailUrl":"https:\/\/www.eldiario.net\/portal\/wp-content\/uploads\/2023\/06\/Gary-Antonio-Rodriguez-Alvarez.jpg","datePublished":"2025-01-16T09:31:06+00:00","breadcrumb":{"@id":"https:\/\/www.eldiario.net\/portal\/2025\/01\/16\/dato-mata-relato-a-buen-entendedor-pocas-palabras\/#breadcrumb"},"inLanguage":"es","potentialAction":[{"@type":"ReadAction","target":["https:\/\/www.eldiario.net\/portal\/2025\/01\/16\/dato-mata-relato-a-buen-entendedor-pocas-palabras\/"]}]},{"@type":"ImageObject","inLanguage":"es","@id":"https:\/\/www.eldiario.net\/portal\/2025\/01\/16\/dato-mata-relato-a-buen-entendedor-pocas-palabras\/#primaryimage","url":"https:\/\/www.eldiario.net\/portal\/wp-content\/uploads\/2023\/06\/Gary-Antonio-Rodriguez-Alvarez.jpg","contentUrl":"https:\/\/www.eldiario.net\/portal\/wp-content\/uploads\/2023\/06\/Gary-Antonio-Rodriguez-Alvarez.jpg","width":1200,"height":628},{"@type":"BreadcrumbList","@id":"https:\/\/www.eldiario.net\/portal\/2025\/01\/16\/dato-mata-relato-a-buen-entendedor-pocas-palabras\/#breadcrumb","itemListElement":[{"@type":"ListItem","position":1,"name":"Portada","item":"https:\/\/www.eldiario.net\/portal\/"},{"@type":"ListItem","position":2,"name":"\u201cDato mata relato\u201d (a buen entendedor, pocas palabras)"}]},{"@type":"WebSite","@id":"https:\/\/www.eldiario.net\/portal\/#website","url":"https:\/\/www.eldiario.net\/portal\/","name":"El Diario - Decano de la prensa nacional","description":"El Diario - Decano de la prensa nacional","publisher":{"@id":"https:\/\/www.eldiario.net\/portal\/#organization"},"potentialAction":[{"@type":"SearchAction","target":{"@type":"EntryPoint","urlTemplate":"https:\/\/www.eldiario.net\/portal\/?s={search_term_string}"},"query-input":{"@type":"PropertyValueSpecification","valueRequired":true,"valueName":"search_term_string"}}],"inLanguage":"es"},{"@type":"Organization","@id":"https:\/\/www.eldiario.net\/portal\/#organization","name":"El Diario - Decano de la prensa nacional","url":"https:\/\/www.eldiario.net\/portal\/","logo":{"@type":"ImageObject","inLanguage":"es","@id":"https:\/\/www.eldiario.net\/portal\/#\/schema\/logo\/image\/","url":"https:\/\/www.eldiario.net\/portal\/wp-content\/uploads\/2023\/07\/logo_ED.jpg","contentUrl":"https:\/\/www.eldiario.net\/portal\/wp-content\/uploads\/2023\/07\/logo_ED.jpg","width":272,"height":52,"caption":"El Diario - Decano de la prensa nacional"},"image":{"@id":"https:\/\/www.eldiario.net\/portal\/#\/schema\/logo\/image\/"},"sameAs":["https:\/\/www.facebook.com\/eldiario.bolivia\/","https:\/\/x.com\/eldiario_net"]},{"@type":"Person","@id":"https:\/\/www.eldiario.net\/portal\/#\/schema\/person\/f46445640444750d7d753ccd04ae01b7","name":"Jeanette","image":{"@type":"ImageObject","inLanguage":"es","@id":"https:\/\/secure.gravatar.com\/avatar\/3ea2118a5f7dad2b7138b1187a6b7ee55f160b9968b66013c3a3ef39dd7e5798?s=96&d=mm&r=g","url":"https:\/\/secure.gravatar.com\/avatar\/3ea2118a5f7dad2b7138b1187a6b7ee55f160b9968b66013c3a3ef39dd7e5798?s=96&d=mm&r=g","contentUrl":"https:\/\/secure.gravatar.com\/avatar\/3ea2118a5f7dad2b7138b1187a6b7ee55f160b9968b66013c3a3ef39dd7e5798?s=96&d=mm&r=g","caption":"Jeanette"},"sameAs":["https:\/\/www.eldiario.net\/portal"],"url":"https:\/\/www.eldiario.net\/portal\/author\/jeanette\/"}]}},"_links":{"self":[{"href":"https:\/\/www.eldiario.net\/portal\/wp-json\/wp\/v2\/posts\/274936","targetHints":{"allow":["GET"]}}],"collection":[{"href":"https:\/\/www.eldiario.net\/portal\/wp-json\/wp\/v2\/posts"}],"about":[{"href":"https:\/\/www.eldiario.net\/portal\/wp-json\/wp\/v2\/types\/post"}],"author":[{"embeddable":true,"href":"https:\/\/www.eldiario.net\/portal\/wp-json\/wp\/v2\/users\/1"}],"replies":[{"embeddable":true,"href":"https:\/\/www.eldiario.net\/portal\/wp-json\/wp\/v2\/comments?post=274936"}],"version-history":[{"count":1,"href":"https:\/\/www.eldiario.net\/portal\/wp-json\/wp\/v2\/posts\/274936\/revisions"}],"predecessor-version":[{"id":274937,"href":"https:\/\/www.eldiario.net\/portal\/wp-json\/wp\/v2\/posts\/274936\/revisions\/274937"}],"wp:featuredmedia":[{"embeddable":true,"href":"https:\/\/www.eldiario.net\/portal\/wp-json\/wp\/v2\/media\/157466"}],"wp:attachment":[{"href":"https:\/\/www.eldiario.net\/portal\/wp-json\/wp\/v2\/media?parent=274936"}],"wp:term":[{"taxonomy":"category","embeddable":true,"href":"https:\/\/www.eldiario.net\/portal\/wp-json\/wp\/v2\/categories?post=274936"},{"taxonomy":"post_tag","embeddable":true,"href":"https:\/\/www.eldiario.net\/portal\/wp-json\/wp\/v2\/tags?post=274936"}],"curies":[{"name":"wp","href":"https:\/\/api.w.org\/{rel}","templated":true}]}}