{"id":274932,"date":"2025-01-16T05:30:00","date_gmt":"2025-01-16T09:30:00","guid":{"rendered":"https:\/\/www.eldiario.net\/portal\/?p=274932"},"modified":"2025-01-16T05:30:00","modified_gmt":"2025-01-16T09:30:00","slug":"pge-inconstitucional-inflacionario-financiado-con-mas-deuda","status":"publish","type":"post","link":"https:\/\/www.eldiario.net\/portal\/2025\/01\/16\/pge-inconstitucional-inflacionario-financiado-con-mas-deuda\/","title":{"rendered":"PGE, inconstitucional, inflacionario, financiado con m\u00e1s deuda"},"content":{"rendered":"<p>La Constituci\u00f3n Pol\u00edtica del Estado, en el Art. 158. Num.8 establece \u201cAprobar leyes en materia de presupuestos, endeudamiento, control y fiscalizaci\u00f3n de recursos estatales de cr\u00e9dito p\u00fablico y subvenciones para la realizaci\u00f3n de obras p\u00fablicas y de necesidad social\u201d. Vulnerando la CPE, se autoriza al Ministerio de Econom\u00eda y Finanzas P\u00fablicas, en ese marco, en los numerales mencionados en representaci\u00f3n del Estado Plurinacional de Bolivia, celebrar operaciones de deuda p\u00fablica en los mercados de capital externos por un monto de hasta USD 2.000.000.000.- (dos mil millones 00\/100 d\u00f3lares estadounidenses) o su equivalente en otras monedas, para apoyo presupuestario y\/o manejo de pasivos\u201d. Es deuda para solventar el gasto e incrementar el D\u00c9FICIT fiscal que llega al 11% del PIB.<\/p>\n<p>Eludiendo la aprobaci\u00f3n por la Asamblea Legislativa, por negligencia del presidente de la C\u00e1mara de Diputados, NO convoc\u00f3 a la aprobaci\u00f3n del Presupuesto, incumpliendo su juramento de cumplir la Constituci\u00f3n Pol\u00edtica del Estado, y con imposici\u00f3n que caracteriza al gobierno, mediante DS 1.546, se consolida el PGE ilegal.<\/p>\n<p>Con el Art. 7 del DL 1.546 II se autoriza al Ministerio de Econom\u00eda y Finanzas P\u00fablicas, \u201cpr\u00e9stamos con colateral, colocaciones privadas, deuda con garant\u00eda de multilaterales u otros, bonos tem\u00e1ticos\u2026 y otorgar Bonos del Tesoro como garant\u00eda y\/o cualquier otro t\u00edtulo valor que sea requerido para la ejecuci\u00f3n de operaciones previstas; cuyas caracter\u00edsticas deber\u00e1n ser aprobadas mediante Resoluci\u00f3n Ministerial expresa del emisor\u201d. Es inconstitucional, porque solamente una Resoluci\u00f3n Ministerial del BCB autoriza m\u00e1s deuda a t\u00edtulo de \u201cBonos del Tesoro\u201d. Una vez suscritos los contratos de pr\u00e9stamo espec\u00edficos, el Ministerio de Planificaci\u00f3n del Desarrollo debi\u00f3 pedir su APROBACI\u00d3N, como manda la Constituci\u00f3n, lo que no se hizo.<\/p>\n<p>El Art\u00edculo 16 de la disposici\u00f3n sexta se\u00f1ala \u201cque el BCB, las Reservas Internacionales puede invertirlas y depositarlas en custodia, as\u00ed como disponer y pignorar las mismas, de la manera que considere m\u00e1s apropiada para el cumplimiento de su objeto y de sus funciones y para su adecuado resguardo y seguridad\u201d. Esta disposici\u00f3n es LAPIDARIA, pues pone en riesgo las reservas de oro met\u00e1lico pertenecientes a las y los bolivianos.<\/p>\n<p>El aumento en el gasto estatal, representa un 84% del PIB para el 2025, seg\u00fan el Fondo Monetario Internacional (FMI), es desproporcionado en relaci\u00f3n con la capacidad productiva del pa\u00eds, lo que resalta la fragilidad de las finanzas p\u00fablicas bolivianas. La baja tasa de crecimiento del 1,5%, la alta inflaci\u00f3n del 10% y el elevado d\u00e9ficit p\u00fablico 9,2% del PIB, son evidencia de que el Gobierno ha optado por aumentar el gasto. Al elevar el presupuesto en un 12% respecto al a\u00f1o anterior, la administraci\u00f3n apostar\u00e1 por el endeudamiento interno y est\u00e1 buscando financiamiento externo, como limosnero.<\/p>\n<p>Actualmente, el Gobierno destina $us.56 millones semanales para garantizar el subsidio, por la importaci\u00f3n del 50% de la gasolina y el 86% del di\u00e9sel consumido en el pa\u00eds, lo que muestra la vulnerabilidad econ\u00f3mica de Bolivia. El tipo de cambio del d\u00f3lar de 6,86 y 6,96, sigue fijo, pero esa moneda desapareci\u00f3, dif\u00edcilmente se la encuentra en el mercado paralelo, cotizada a Bs 12, convirti\u00e9ndose en desfase de nuestra econom\u00eda.<\/p>\n<p>El PGE 2025 ser\u00e1 financiado con un 41% de nueva deuda p\u00fablica, que representar\u00e1 el 80% del total de la deuda p\u00fablica, un 85% ser\u00e1 administrado y gastado por el gobierno Central, para mantener la burocracia, el centralismo econ\u00f3mico y pol\u00edtico, donde cerca del 30% del gasto corriente ser\u00e1 destinado al pago de sueldos y salarios, sin tomar en cuenta los aportes a la seguridad social y beneficios sociales. Y se ha presupuestado $us.4.024 millones, de inversi\u00f3n p\u00fablica, con m\u00e1s deuda externa se incrementar\u00e1 el d\u00e9ficit fiscal, y NO se podr\u00e1 pagar los intereses de la deuda, que llegar\u00e1 $us.29.554 millones de d\u00f3lares, de los cuales 12.375 millones de d\u00f3lares corresponden a la deuda externa y los restantes 17.179 millones de d\u00f3lares (119.565.840.000 bolivianos) a la interna.<\/p>\n<p>La disposici\u00f3n 7ma. Adicional, define el DECOMISO de productos de la canasta familiar a cargo del gobierno, lo que reforzar\u00e1 la incertidumbre y reducir\u00e1 la confianza en las inversiones y actividades econ\u00f3micas nacionales o extranjeras.<\/p>\n<p>&nbsp;<\/p>\n<p><em>La autora es Abogada, Economista, ex Constituyente de Bolivia.<\/em><\/p>\n","protected":false},"excerpt":{"rendered":"<p>La Constituci\u00f3n Pol\u00edtica del Estado, en el Art. 158. Num.8 establece \u201cAprobar leyes en materia de presupuestos, endeudamiento, control y fiscalizaci\u00f3n de recursos estatales de cr\u00e9dito p\u00fablico y subvenciones para la realizaci\u00f3n de obras p\u00fablicas y de necesidad social\u201d. Vulnerando la CPE, se autoriza al Ministerio de Econom\u00eda y Finanzas P\u00fablicas, en ese marco, en [&hellip;]<\/p>\n","protected":false},"author":1,"featured_media":159531,"comment_status":"closed","ping_status":"open","sticky":false,"template":"","format":"standard","meta":{"_acf_changed":false,"footnotes":""},"categories":[9],"tags":[],"class_list":["post-274932","post","type-post","status-publish","format-standard","has-post-thumbnail","category-opinion"],"acf":{"antetitulo":""},"yoast_head":"<!-- This site is optimized with the Yoast SEO plugin v28.4 - https:\/\/yoast.com\/product\/yoast-seo-wordpress\/ -->\n<title>PGE, inconstitucional, inflacionario, financiado con m\u00e1s deuda - El Diario - Bolivia<\/title>\n<meta name=\"robots\" content=\"index, follow, max-snippet:-1, max-image-preview:large, max-video-preview:-1\" \/>\n<link rel=\"canonical\" href=\"https:\/\/www.eldiario.net\/portal\/2025\/01\/16\/pge-inconstitucional-inflacionario-financiado-con-mas-deuda\/\" \/>\n<meta property=\"og:locale\" content=\"es_ES\" \/>\n<meta property=\"og:type\" content=\"article\" \/>\n<meta property=\"og:title\" content=\"PGE, inconstitucional, inflacionario, financiado con m\u00e1s deuda - El Diario - Bolivia\" \/>\n<meta property=\"og:description\" content=\"La Constituci\u00f3n Pol\u00edtica del Estado, en el Art. 158. Num.8 establece \u201cAprobar leyes en materia de presupuestos, endeudamiento, control y fiscalizaci\u00f3n de recursos estatales de cr\u00e9dito p\u00fablico y subvenciones para la realizaci\u00f3n de obras p\u00fablicas y de necesidad social\u201d. Vulnerando la CPE, se autoriza al Ministerio de Econom\u00eda y Finanzas P\u00fablicas, en ese marco, en [&hellip;]\" \/>\n<meta property=\"og:url\" content=\"https:\/\/www.eldiario.net\/portal\/2025\/01\/16\/pge-inconstitucional-inflacionario-financiado-con-mas-deuda\/\" \/>\n<meta property=\"og:site_name\" content=\"El Diario - Bolivia\" \/>\n<meta property=\"article:publisher\" content=\"https:\/\/www.facebook.com\/eldiario.bolivia\/\" \/>\n<meta property=\"article:published_time\" content=\"2025-01-16T09:30:00+00:00\" \/>\n<meta property=\"og:image\" content=\"https:\/\/www.eldiario.net\/portal\/wp-content\/uploads\/2023\/06\/angelica_siles-2.jpg\" \/>\n\t<meta property=\"og:image:width\" content=\"1200\" \/>\n\t<meta property=\"og:image:height\" content=\"628\" \/>\n\t<meta property=\"og:image:type\" content=\"image\/jpeg\" \/>\n<meta name=\"author\" content=\"Jeanette\" \/>\n<meta name=\"twitter:card\" content=\"summary_large_image\" \/>\n<meta name=\"twitter:creator\" content=\"@eldiario_net\" \/>\n<meta name=\"twitter:site\" content=\"@eldiario_net\" \/>\n<meta name=\"twitter:label1\" content=\"Escrito por\" \/>\n\t<meta name=\"twitter:data1\" content=\"Jeanette\" \/>\n\t<meta name=\"twitter:label2\" content=\"Tiempo de lectura\" \/>\n\t<meta name=\"twitter:data2\" content=\"4 minutos\" \/>\n<script type=\"application\/ld+json\" class=\"yoast-schema-graph\">{\"@context\":\"https:\\\/\\\/schema.org\",\"@graph\":[{\"@type\":\"Article\",\"@id\":\"https:\\\/\\\/www.eldiario.net\\\/portal\\\/2025\\\/01\\\/16\\\/pge-inconstitucional-inflacionario-financiado-con-mas-deuda\\\/#article\",\"isPartOf\":{\"@id\":\"https:\\\/\\\/www.eldiario.net\\\/portal\\\/2025\\\/01\\\/16\\\/pge-inconstitucional-inflacionario-financiado-con-mas-deuda\\\/\"},\"author\":{\"name\":\"Jeanette\",\"@id\":\"https:\\\/\\\/www.eldiario.net\\\/portal\\\/#\\\/schema\\\/person\\\/f46445640444750d7d753ccd04ae01b7\"},\"headline\":\"PGE, inconstitucional, inflacionario, financiado con m\u00e1s deuda\",\"datePublished\":\"2025-01-16T09:30:00+00:00\",\"mainEntityOfPage\":{\"@id\":\"https:\\\/\\\/www.eldiario.net\\\/portal\\\/2025\\\/01\\\/16\\\/pge-inconstitucional-inflacionario-financiado-con-mas-deuda\\\/\"},\"wordCount\":742,\"publisher\":{\"@id\":\"https:\\\/\\\/www.eldiario.net\\\/portal\\\/#organization\"},\"image\":{\"@id\":\"https:\\\/\\\/www.eldiario.net\\\/portal\\\/2025\\\/01\\\/16\\\/pge-inconstitucional-inflacionario-financiado-con-mas-deuda\\\/#primaryimage\"},\"thumbnailUrl\":\"https:\\\/\\\/www.eldiario.net\\\/portal\\\/wp-content\\\/uploads\\\/2023\\\/06\\\/angelica_siles-2.jpg\",\"articleSection\":[\"Opini\u00f3n\"],\"inLanguage\":\"es\"},{\"@type\":\"WebPage\",\"@id\":\"https:\\\/\\\/www.eldiario.net\\\/portal\\\/2025\\\/01\\\/16\\\/pge-inconstitucional-inflacionario-financiado-con-mas-deuda\\\/\",\"url\":\"https:\\\/\\\/www.eldiario.net\\\/portal\\\/2025\\\/01\\\/16\\\/pge-inconstitucional-inflacionario-financiado-con-mas-deuda\\\/\",\"name\":\"PGE, inconstitucional, inflacionario, financiado con m\u00e1s deuda - El Diario - Bolivia\",\"isPartOf\":{\"@id\":\"https:\\\/\\\/www.eldiario.net\\\/portal\\\/#website\"},\"primaryImageOfPage\":{\"@id\":\"https:\\\/\\\/www.eldiario.net\\\/portal\\\/2025\\\/01\\\/16\\\/pge-inconstitucional-inflacionario-financiado-con-mas-deuda\\\/#primaryimage\"},\"image\":{\"@id\":\"https:\\\/\\\/www.eldiario.net\\\/portal\\\/2025\\\/01\\\/16\\\/pge-inconstitucional-inflacionario-financiado-con-mas-deuda\\\/#primaryimage\"},\"thumbnailUrl\":\"https:\\\/\\\/www.eldiario.net\\\/portal\\\/wp-content\\\/uploads\\\/2023\\\/06\\\/angelica_siles-2.jpg\",\"datePublished\":\"2025-01-16T09:30:00+00:00\",\"breadcrumb\":{\"@id\":\"https:\\\/\\\/www.eldiario.net\\\/portal\\\/2025\\\/01\\\/16\\\/pge-inconstitucional-inflacionario-financiado-con-mas-deuda\\\/#breadcrumb\"},\"inLanguage\":\"es\",\"potentialAction\":[{\"@type\":\"ReadAction\",\"target\":[\"https:\\\/\\\/www.eldiario.net\\\/portal\\\/2025\\\/01\\\/16\\\/pge-inconstitucional-inflacionario-financiado-con-mas-deuda\\\/\"]}]},{\"@type\":\"ImageObject\",\"inLanguage\":\"es\",\"@id\":\"https:\\\/\\\/www.eldiario.net\\\/portal\\\/2025\\\/01\\\/16\\\/pge-inconstitucional-inflacionario-financiado-con-mas-deuda\\\/#primaryimage\",\"url\":\"https:\\\/\\\/www.eldiario.net\\\/portal\\\/wp-content\\\/uploads\\\/2023\\\/06\\\/angelica_siles-2.jpg\",\"contentUrl\":\"https:\\\/\\\/www.eldiario.net\\\/portal\\\/wp-content\\\/uploads\\\/2023\\\/06\\\/angelica_siles-2.jpg\",\"width\":1200,\"height\":628,\"caption\":\"Ang\u00e9lica Siles Parrado\"},{\"@type\":\"BreadcrumbList\",\"@id\":\"https:\\\/\\\/www.eldiario.net\\\/portal\\\/2025\\\/01\\\/16\\\/pge-inconstitucional-inflacionario-financiado-con-mas-deuda\\\/#breadcrumb\",\"itemListElement\":[{\"@type\":\"ListItem\",\"position\":1,\"name\":\"Portada\",\"item\":\"https:\\\/\\\/www.eldiario.net\\\/portal\\\/\"},{\"@type\":\"ListItem\",\"position\":2,\"name\":\"PGE, inconstitucional, inflacionario, financiado con m\u00e1s deuda\"}]},{\"@type\":\"WebSite\",\"@id\":\"https:\\\/\\\/www.eldiario.net\\\/portal\\\/#website\",\"url\":\"https:\\\/\\\/www.eldiario.net\\\/portal\\\/\",\"name\":\"El Diario - Decano de la prensa nacional\",\"description\":\"El Diario - Decano de la prensa nacional\",\"publisher\":{\"@id\":\"https:\\\/\\\/www.eldiario.net\\\/portal\\\/#organization\"},\"potentialAction\":[{\"@type\":\"SearchAction\",\"target\":{\"@type\":\"EntryPoint\",\"urlTemplate\":\"https:\\\/\\\/www.eldiario.net\\\/portal\\\/?s={search_term_string}\"},\"query-input\":{\"@type\":\"PropertyValueSpecification\",\"valueRequired\":true,\"valueName\":\"search_term_string\"}}],\"inLanguage\":\"es\"},{\"@type\":\"Organization\",\"@id\":\"https:\\\/\\\/www.eldiario.net\\\/portal\\\/#organization\",\"name\":\"El Diario - Decano de la prensa nacional\",\"url\":\"https:\\\/\\\/www.eldiario.net\\\/portal\\\/\",\"logo\":{\"@type\":\"ImageObject\",\"inLanguage\":\"es\",\"@id\":\"https:\\\/\\\/www.eldiario.net\\\/portal\\\/#\\\/schema\\\/logo\\\/image\\\/\",\"url\":\"https:\\\/\\\/www.eldiario.net\\\/portal\\\/wp-content\\\/uploads\\\/2023\\\/07\\\/logo_ED.jpg\",\"contentUrl\":\"https:\\\/\\\/www.eldiario.net\\\/portal\\\/wp-content\\\/uploads\\\/2023\\\/07\\\/logo_ED.jpg\",\"width\":272,\"height\":52,\"caption\":\"El Diario - Decano de la prensa nacional\"},\"image\":{\"@id\":\"https:\\\/\\\/www.eldiario.net\\\/portal\\\/#\\\/schema\\\/logo\\\/image\\\/\"},\"sameAs\":[\"https:\\\/\\\/www.facebook.com\\\/eldiario.bolivia\\\/\",\"https:\\\/\\\/x.com\\\/eldiario_net\"]},{\"@type\":\"Person\",\"@id\":\"https:\\\/\\\/www.eldiario.net\\\/portal\\\/#\\\/schema\\\/person\\\/f46445640444750d7d753ccd04ae01b7\",\"name\":\"Jeanette\",\"image\":{\"@type\":\"ImageObject\",\"inLanguage\":\"es\",\"@id\":\"https:\\\/\\\/secure.gravatar.com\\\/avatar\\\/3ea2118a5f7dad2b7138b1187a6b7ee55f160b9968b66013c3a3ef39dd7e5798?s=96&d=mm&r=g\",\"url\":\"https:\\\/\\\/secure.gravatar.com\\\/avatar\\\/3ea2118a5f7dad2b7138b1187a6b7ee55f160b9968b66013c3a3ef39dd7e5798?s=96&d=mm&r=g\",\"contentUrl\":\"https:\\\/\\\/secure.gravatar.com\\\/avatar\\\/3ea2118a5f7dad2b7138b1187a6b7ee55f160b9968b66013c3a3ef39dd7e5798?s=96&d=mm&r=g\",\"caption\":\"Jeanette\"},\"sameAs\":[\"https:\\\/\\\/www.eldiario.net\\\/portal\"],\"url\":\"https:\\\/\\\/www.eldiario.net\\\/portal\\\/author\\\/jeanette\\\/\"}]}<\/script>\n<!-- \/ Yoast SEO plugin. -->","yoast_head_json":{"title":"PGE, inconstitucional, inflacionario, financiado con m\u00e1s deuda - El Diario - Bolivia","robots":{"index":"index","follow":"follow","max-snippet":"max-snippet:-1","max-image-preview":"max-image-preview:large","max-video-preview":"max-video-preview:-1"},"canonical":"https:\/\/www.eldiario.net\/portal\/2025\/01\/16\/pge-inconstitucional-inflacionario-financiado-con-mas-deuda\/","og_locale":"es_ES","og_type":"article","og_title":"PGE, inconstitucional, inflacionario, financiado con m\u00e1s deuda - El Diario - Bolivia","og_description":"La Constituci\u00f3n Pol\u00edtica del Estado, en el Art. 158. Num.8 establece \u201cAprobar leyes en materia de presupuestos, endeudamiento, control y fiscalizaci\u00f3n de recursos estatales de cr\u00e9dito p\u00fablico y subvenciones para la realizaci\u00f3n de obras p\u00fablicas y de necesidad social\u201d. Vulnerando la CPE, se autoriza al Ministerio de Econom\u00eda y Finanzas P\u00fablicas, en ese marco, en [&hellip;]","og_url":"https:\/\/www.eldiario.net\/portal\/2025\/01\/16\/pge-inconstitucional-inflacionario-financiado-con-mas-deuda\/","og_site_name":"El Diario - Bolivia","article_publisher":"https:\/\/www.facebook.com\/eldiario.bolivia\/","article_published_time":"2025-01-16T09:30:00+00:00","og_image":[{"width":1200,"height":628,"url":"https:\/\/www.eldiario.net\/portal\/wp-content\/uploads\/2023\/06\/angelica_siles-2.jpg","type":"image\/jpeg"}],"author":"Jeanette","twitter_card":"summary_large_image","twitter_creator":"@eldiario_net","twitter_site":"@eldiario_net","twitter_misc":{"Escrito por":"Jeanette","Tiempo de lectura":"4 minutos"},"schema":{"@context":"https:\/\/schema.org","@graph":[{"@type":"Article","@id":"https:\/\/www.eldiario.net\/portal\/2025\/01\/16\/pge-inconstitucional-inflacionario-financiado-con-mas-deuda\/#article","isPartOf":{"@id":"https:\/\/www.eldiario.net\/portal\/2025\/01\/16\/pge-inconstitucional-inflacionario-financiado-con-mas-deuda\/"},"author":{"name":"Jeanette","@id":"https:\/\/www.eldiario.net\/portal\/#\/schema\/person\/f46445640444750d7d753ccd04ae01b7"},"headline":"PGE, inconstitucional, inflacionario, financiado con m\u00e1s deuda","datePublished":"2025-01-16T09:30:00+00:00","mainEntityOfPage":{"@id":"https:\/\/www.eldiario.net\/portal\/2025\/01\/16\/pge-inconstitucional-inflacionario-financiado-con-mas-deuda\/"},"wordCount":742,"publisher":{"@id":"https:\/\/www.eldiario.net\/portal\/#organization"},"image":{"@id":"https:\/\/www.eldiario.net\/portal\/2025\/01\/16\/pge-inconstitucional-inflacionario-financiado-con-mas-deuda\/#primaryimage"},"thumbnailUrl":"https:\/\/www.eldiario.net\/portal\/wp-content\/uploads\/2023\/06\/angelica_siles-2.jpg","articleSection":["Opini\u00f3n"],"inLanguage":"es"},{"@type":"WebPage","@id":"https:\/\/www.eldiario.net\/portal\/2025\/01\/16\/pge-inconstitucional-inflacionario-financiado-con-mas-deuda\/","url":"https:\/\/www.eldiario.net\/portal\/2025\/01\/16\/pge-inconstitucional-inflacionario-financiado-con-mas-deuda\/","name":"PGE, inconstitucional, inflacionario, financiado con m\u00e1s deuda - El Diario - Bolivia","isPartOf":{"@id":"https:\/\/www.eldiario.net\/portal\/#website"},"primaryImageOfPage":{"@id":"https:\/\/www.eldiario.net\/portal\/2025\/01\/16\/pge-inconstitucional-inflacionario-financiado-con-mas-deuda\/#primaryimage"},"image":{"@id":"https:\/\/www.eldiario.net\/portal\/2025\/01\/16\/pge-inconstitucional-inflacionario-financiado-con-mas-deuda\/#primaryimage"},"thumbnailUrl":"https:\/\/www.eldiario.net\/portal\/wp-content\/uploads\/2023\/06\/angelica_siles-2.jpg","datePublished":"2025-01-16T09:30:00+00:00","breadcrumb":{"@id":"https:\/\/www.eldiario.net\/portal\/2025\/01\/16\/pge-inconstitucional-inflacionario-financiado-con-mas-deuda\/#breadcrumb"},"inLanguage":"es","potentialAction":[{"@type":"ReadAction","target":["https:\/\/www.eldiario.net\/portal\/2025\/01\/16\/pge-inconstitucional-inflacionario-financiado-con-mas-deuda\/"]}]},{"@type":"ImageObject","inLanguage":"es","@id":"https:\/\/www.eldiario.net\/portal\/2025\/01\/16\/pge-inconstitucional-inflacionario-financiado-con-mas-deuda\/#primaryimage","url":"https:\/\/www.eldiario.net\/portal\/wp-content\/uploads\/2023\/06\/angelica_siles-2.jpg","contentUrl":"https:\/\/www.eldiario.net\/portal\/wp-content\/uploads\/2023\/06\/angelica_siles-2.jpg","width":1200,"height":628,"caption":"Ang\u00e9lica Siles Parrado"},{"@type":"BreadcrumbList","@id":"https:\/\/www.eldiario.net\/portal\/2025\/01\/16\/pge-inconstitucional-inflacionario-financiado-con-mas-deuda\/#breadcrumb","itemListElement":[{"@type":"ListItem","position":1,"name":"Portada","item":"https:\/\/www.eldiario.net\/portal\/"},{"@type":"ListItem","position":2,"name":"PGE, inconstitucional, inflacionario, financiado con m\u00e1s deuda"}]},{"@type":"WebSite","@id":"https:\/\/www.eldiario.net\/portal\/#website","url":"https:\/\/www.eldiario.net\/portal\/","name":"El Diario - Decano de la prensa nacional","description":"El Diario - Decano de la prensa nacional","publisher":{"@id":"https:\/\/www.eldiario.net\/portal\/#organization"},"potentialAction":[{"@type":"SearchAction","target":{"@type":"EntryPoint","urlTemplate":"https:\/\/www.eldiario.net\/portal\/?s={search_term_string}"},"query-input":{"@type":"PropertyValueSpecification","valueRequired":true,"valueName":"search_term_string"}}],"inLanguage":"es"},{"@type":"Organization","@id":"https:\/\/www.eldiario.net\/portal\/#organization","name":"El Diario - Decano de la prensa nacional","url":"https:\/\/www.eldiario.net\/portal\/","logo":{"@type":"ImageObject","inLanguage":"es","@id":"https:\/\/www.eldiario.net\/portal\/#\/schema\/logo\/image\/","url":"https:\/\/www.eldiario.net\/portal\/wp-content\/uploads\/2023\/07\/logo_ED.jpg","contentUrl":"https:\/\/www.eldiario.net\/portal\/wp-content\/uploads\/2023\/07\/logo_ED.jpg","width":272,"height":52,"caption":"El Diario - Decano de la prensa nacional"},"image":{"@id":"https:\/\/www.eldiario.net\/portal\/#\/schema\/logo\/image\/"},"sameAs":["https:\/\/www.facebook.com\/eldiario.bolivia\/","https:\/\/x.com\/eldiario_net"]},{"@type":"Person","@id":"https:\/\/www.eldiario.net\/portal\/#\/schema\/person\/f46445640444750d7d753ccd04ae01b7","name":"Jeanette","image":{"@type":"ImageObject","inLanguage":"es","@id":"https:\/\/secure.gravatar.com\/avatar\/3ea2118a5f7dad2b7138b1187a6b7ee55f160b9968b66013c3a3ef39dd7e5798?s=96&d=mm&r=g","url":"https:\/\/secure.gravatar.com\/avatar\/3ea2118a5f7dad2b7138b1187a6b7ee55f160b9968b66013c3a3ef39dd7e5798?s=96&d=mm&r=g","contentUrl":"https:\/\/secure.gravatar.com\/avatar\/3ea2118a5f7dad2b7138b1187a6b7ee55f160b9968b66013c3a3ef39dd7e5798?s=96&d=mm&r=g","caption":"Jeanette"},"sameAs":["https:\/\/www.eldiario.net\/portal"],"url":"https:\/\/www.eldiario.net\/portal\/author\/jeanette\/"}]}},"_links":{"self":[{"href":"https:\/\/www.eldiario.net\/portal\/wp-json\/wp\/v2\/posts\/274932","targetHints":{"allow":["GET"]}}],"collection":[{"href":"https:\/\/www.eldiario.net\/portal\/wp-json\/wp\/v2\/posts"}],"about":[{"href":"https:\/\/www.eldiario.net\/portal\/wp-json\/wp\/v2\/types\/post"}],"author":[{"embeddable":true,"href":"https:\/\/www.eldiario.net\/portal\/wp-json\/wp\/v2\/users\/1"}],"replies":[{"embeddable":true,"href":"https:\/\/www.eldiario.net\/portal\/wp-json\/wp\/v2\/comments?post=274932"}],"version-history":[{"count":1,"href":"https:\/\/www.eldiario.net\/portal\/wp-json\/wp\/v2\/posts\/274932\/revisions"}],"predecessor-version":[{"id":274933,"href":"https:\/\/www.eldiario.net\/portal\/wp-json\/wp\/v2\/posts\/274932\/revisions\/274933"}],"wp:featuredmedia":[{"embeddable":true,"href":"https:\/\/www.eldiario.net\/portal\/wp-json\/wp\/v2\/media\/159531"}],"wp:attachment":[{"href":"https:\/\/www.eldiario.net\/portal\/wp-json\/wp\/v2\/media?parent=274932"}],"wp:term":[{"taxonomy":"category","embeddable":true,"href":"https:\/\/www.eldiario.net\/portal\/wp-json\/wp\/v2\/categories?post=274932"},{"taxonomy":"post_tag","embeddable":true,"href":"https:\/\/www.eldiario.net\/portal\/wp-json\/wp\/v2\/tags?post=274932"}],"curies":[{"name":"wp","href":"https:\/\/api.w.org\/{rel}","templated":true}]}}