{"id":274923,"date":"2025-01-15T18:57:29","date_gmt":"2025-01-15T22:57:29","guid":{"rendered":"https:\/\/www.eldiario.net\/portal\/?p=274923"},"modified":"2025-01-15T18:57:29","modified_gmt":"2025-01-15T22:57:29","slug":"acuerdo-de-alto-el-fuego-entre-israel-y-hamas-1855","status":"publish","type":"post","link":"https:\/\/www.eldiario.net\/portal\/2025\/01\/15\/acuerdo-de-alto-el-fuego-entre-israel-y-hamas-1855\/","title":{"rendered":"Acuerdo de Alto el Fuego entre Israel y Hamas. (18:55)"},"content":{"rendered":"<p>Despu\u00e9s de 15 meses de conflicto que ha cobrado la vida de decenas de miles de palestinos, Israel y Hamas han alcanzado un acuerdo de alto el fuego en la Franja de Gaza. El acuerdo, mediado por Qatar, Egipto y Estados Unidos, incluye la liberaci\u00f3n de 33 rehenes israel\u00edes, entre ellos mujeres, ni\u00f1os y hombres mayores de 50 a\u00f1os, a cambio de la liberaci\u00f3n de prisioneros palestinos. Israel liberar\u00e1 a 30 detenidos palestinos por cada reh\u00e9n civil y a 50 detenidos palestinos por cada mujer soldado israel\u00ed.<\/p>\n<p>La primera fase del acuerdo, que durar\u00e1 42 d\u00edas, permitir\u00e1 la entrada de ayuda humanitaria y combustible a la Franja de Gaza, as\u00ed como la rehabilitaci\u00f3n de hospitales. Adem\u00e1s, se espera que se inicie la retirada gradual de las fuerzas israel\u00edes del centro de Gaza y el regreso de los palestinos desplazados al norte de Gaza. El acuerdo a\u00fan necesita la aprobaci\u00f3n del gabinete israel\u00ed, pero se espera que entre en vigor en los pr\u00f3ximos d\u00edas. El secretario de Estado estadounidense, Antony Blinken, destac\u00f3 que el acuerdo debe ir seguido de negociaciones para alcanzar un cese permanente de las hostilidades.<\/p>\n","protected":false},"excerpt":{"rendered":"<p>Despu\u00e9s de 15 meses de conflicto que ha cobrado la vida de decenas de miles de palestinos, Israel y Hamas han alcanzado un acuerdo de alto el fuego en la Franja de Gaza. El acuerdo, mediado por Qatar, Egipto y Estados Unidos, incluye la liberaci\u00f3n de 33 rehenes israel\u00edes, entre ellos mujeres, ni\u00f1os y hombres [&hellip;]<\/p>\n","protected":false},"author":7,"featured_media":274925,"comment_status":"closed","ping_status":"open","sticky":false,"template":"","format":"standard","meta":{"_acf_changed":false,"footnotes":""},"categories":[51],"tags":[],"class_list":["post-274923","post","type-post","status-publish","format-standard","has-post-thumbnail","category-ultima-hora"],"acf":{"antetitulo":""},"yoast_head":"<!-- This site is optimized with the Yoast SEO plugin v28.4 - https:\/\/yoast.com\/product\/yoast-seo-wordpress\/ -->\n<title>Acuerdo de Alto el Fuego entre Israel y Hamas. (18:55) - El Diario - Bolivia<\/title>\n<meta name=\"robots\" content=\"index, follow, max-snippet:-1, max-image-preview:large, max-video-preview:-1\" \/>\n<link rel=\"canonical\" href=\"https:\/\/www.eldiario.net\/portal\/2025\/01\/15\/acuerdo-de-alto-el-fuego-entre-israel-y-hamas-1855\/\" \/>\n<meta property=\"og:locale\" content=\"es_ES\" \/>\n<meta property=\"og:type\" content=\"article\" \/>\n<meta property=\"og:title\" content=\"Acuerdo de Alto el Fuego entre Israel y Hamas. (18:55) - El Diario - Bolivia\" \/>\n<meta property=\"og:description\" content=\"Despu\u00e9s de 15 meses de conflicto que ha cobrado la vida de decenas de miles de palestinos, Israel y Hamas han alcanzado un acuerdo de alto el fuego en la Franja de Gaza. El acuerdo, mediado por Qatar, Egipto y Estados Unidos, incluye la liberaci\u00f3n de 33 rehenes israel\u00edes, entre ellos mujeres, ni\u00f1os y hombres [&hellip;]\" \/>\n<meta property=\"og:url\" content=\"https:\/\/www.eldiario.net\/portal\/2025\/01\/15\/acuerdo-de-alto-el-fuego-entre-israel-y-hamas-1855\/\" \/>\n<meta property=\"og:site_name\" content=\"El Diario - Bolivia\" \/>\n<meta property=\"article:publisher\" content=\"https:\/\/www.facebook.com\/eldiario.bolivia\/\" \/>\n<meta property=\"article:published_time\" content=\"2025-01-15T22:57:29+00:00\" \/>\n<meta property=\"og:image\" content=\"https:\/\/www.eldiario.net\/portal\/wp-content\/uploads\/2025\/01\/paz-e1736981832888.jpg\" \/>\n\t<meta property=\"og:image:width\" content=\"300\" \/>\n\t<meta property=\"og:image:height\" content=\"219\" \/>\n\t<meta property=\"og:image:type\" content=\"image\/jpeg\" \/>\n<meta name=\"author\" content=\"Viviana Monrroy\" \/>\n<meta name=\"twitter:card\" content=\"summary_large_image\" \/>\n<meta name=\"twitter:creator\" content=\"@eldiario_net\" \/>\n<meta name=\"twitter:site\" content=\"@eldiario_net\" \/>\n<meta name=\"twitter:label1\" content=\"Escrito por\" \/>\n\t<meta name=\"twitter:data1\" content=\"Viviana Monrroy\" \/>\n\t<meta name=\"twitter:label2\" content=\"Tiempo de lectura\" \/>\n\t<meta name=\"twitter:data2\" content=\"2 minutos\" \/>\n<script type=\"application\/ld+json\" class=\"yoast-schema-graph\">{\"@context\":\"https:\\\/\\\/schema.org\",\"@graph\":[{\"@type\":\"Article\",\"@id\":\"https:\\\/\\\/www.eldiario.net\\\/portal\\\/2025\\\/01\\\/15\\\/acuerdo-de-alto-el-fuego-entre-israel-y-hamas-1855\\\/#article\",\"isPartOf\":{\"@id\":\"https:\\\/\\\/www.eldiario.net\\\/portal\\\/2025\\\/01\\\/15\\\/acuerdo-de-alto-el-fuego-entre-israel-y-hamas-1855\\\/\"},\"author\":{\"name\":\"Viviana Monrroy\",\"@id\":\"https:\\\/\\\/www.eldiario.net\\\/portal\\\/#\\\/schema\\\/person\\\/ba370d92d160f4d3574381f6d9b78fab\"},\"headline\":\"Acuerdo de Alto el Fuego entre Israel y Hamas. (18:55)\",\"datePublished\":\"2025-01-15T22:57:29+00:00\",\"mainEntityOfPage\":{\"@id\":\"https:\\\/\\\/www.eldiario.net\\\/portal\\\/2025\\\/01\\\/15\\\/acuerdo-de-alto-el-fuego-entre-israel-y-hamas-1855\\\/\"},\"wordCount\":205,\"publisher\":{\"@id\":\"https:\\\/\\\/www.eldiario.net\\\/portal\\\/#organization\"},\"image\":{\"@id\":\"https:\\\/\\\/www.eldiario.net\\\/portal\\\/2025\\\/01\\\/15\\\/acuerdo-de-alto-el-fuego-entre-israel-y-hamas-1855\\\/#primaryimage\"},\"thumbnailUrl\":\"https:\\\/\\\/www.eldiario.net\\\/portal\\\/wp-content\\\/uploads\\\/2025\\\/01\\\/paz-e1736981832888.jpg\",\"articleSection\":[\"\u00daltima Hora\"],\"inLanguage\":\"es\"},{\"@type\":\"WebPage\",\"@id\":\"https:\\\/\\\/www.eldiario.net\\\/portal\\\/2025\\\/01\\\/15\\\/acuerdo-de-alto-el-fuego-entre-israel-y-hamas-1855\\\/\",\"url\":\"https:\\\/\\\/www.eldiario.net\\\/portal\\\/2025\\\/01\\\/15\\\/acuerdo-de-alto-el-fuego-entre-israel-y-hamas-1855\\\/\",\"name\":\"Acuerdo de Alto el Fuego entre Israel y Hamas. (18:55) - El Diario - Bolivia\",\"isPartOf\":{\"@id\":\"https:\\\/\\\/www.eldiario.net\\\/portal\\\/#website\"},\"primaryImageOfPage\":{\"@id\":\"https:\\\/\\\/www.eldiario.net\\\/portal\\\/2025\\\/01\\\/15\\\/acuerdo-de-alto-el-fuego-entre-israel-y-hamas-1855\\\/#primaryimage\"},\"image\":{\"@id\":\"https:\\\/\\\/www.eldiario.net\\\/portal\\\/2025\\\/01\\\/15\\\/acuerdo-de-alto-el-fuego-entre-israel-y-hamas-1855\\\/#primaryimage\"},\"thumbnailUrl\":\"https:\\\/\\\/www.eldiario.net\\\/portal\\\/wp-content\\\/uploads\\\/2025\\\/01\\\/paz-e1736981832888.jpg\",\"datePublished\":\"2025-01-15T22:57:29+00:00\",\"breadcrumb\":{\"@id\":\"https:\\\/\\\/www.eldiario.net\\\/portal\\\/2025\\\/01\\\/15\\\/acuerdo-de-alto-el-fuego-entre-israel-y-hamas-1855\\\/#breadcrumb\"},\"inLanguage\":\"es\",\"potentialAction\":[{\"@type\":\"ReadAction\",\"target\":[\"https:\\\/\\\/www.eldiario.net\\\/portal\\\/2025\\\/01\\\/15\\\/acuerdo-de-alto-el-fuego-entre-israel-y-hamas-1855\\\/\"]}]},{\"@type\":\"ImageObject\",\"inLanguage\":\"es\",\"@id\":\"https:\\\/\\\/www.eldiario.net\\\/portal\\\/2025\\\/01\\\/15\\\/acuerdo-de-alto-el-fuego-entre-israel-y-hamas-1855\\\/#primaryimage\",\"url\":\"https:\\\/\\\/www.eldiario.net\\\/portal\\\/wp-content\\\/uploads\\\/2025\\\/01\\\/paz-e1736981832888.jpg\",\"contentUrl\":\"https:\\\/\\\/www.eldiario.net\\\/portal\\\/wp-content\\\/uploads\\\/2025\\\/01\\\/paz-e1736981832888.jpg\",\"width\":300,\"height\":219,\"caption\":\"Foto: RR.SS.\"},{\"@type\":\"BreadcrumbList\",\"@id\":\"https:\\\/\\\/www.eldiario.net\\\/portal\\\/2025\\\/01\\\/15\\\/acuerdo-de-alto-el-fuego-entre-israel-y-hamas-1855\\\/#breadcrumb\",\"itemListElement\":[{\"@type\":\"ListItem\",\"position\":1,\"name\":\"Portada\",\"item\":\"https:\\\/\\\/www.eldiario.net\\\/portal\\\/\"},{\"@type\":\"ListItem\",\"position\":2,\"name\":\"Acuerdo de Alto el Fuego entre Israel y Hamas. (18:55)\"}]},{\"@type\":\"WebSite\",\"@id\":\"https:\\\/\\\/www.eldiario.net\\\/portal\\\/#website\",\"url\":\"https:\\\/\\\/www.eldiario.net\\\/portal\\\/\",\"name\":\"El Diario - Decano de la prensa nacional\",\"description\":\"El Diario - Decano de la prensa nacional\",\"publisher\":{\"@id\":\"https:\\\/\\\/www.eldiario.net\\\/portal\\\/#organization\"},\"potentialAction\":[{\"@type\":\"SearchAction\",\"target\":{\"@type\":\"EntryPoint\",\"urlTemplate\":\"https:\\\/\\\/www.eldiario.net\\\/portal\\\/?s={search_term_string}\"},\"query-input\":{\"@type\":\"PropertyValueSpecification\",\"valueRequired\":true,\"valueName\":\"search_term_string\"}}],\"inLanguage\":\"es\"},{\"@type\":\"Organization\",\"@id\":\"https:\\\/\\\/www.eldiario.net\\\/portal\\\/#organization\",\"name\":\"El Diario - Decano de la prensa nacional\",\"url\":\"https:\\\/\\\/www.eldiario.net\\\/portal\\\/\",\"logo\":{\"@type\":\"ImageObject\",\"inLanguage\":\"es\",\"@id\":\"https:\\\/\\\/www.eldiario.net\\\/portal\\\/#\\\/schema\\\/logo\\\/image\\\/\",\"url\":\"https:\\\/\\\/www.eldiario.net\\\/portal\\\/wp-content\\\/uploads\\\/2023\\\/07\\\/logo_ED.jpg\",\"contentUrl\":\"https:\\\/\\\/www.eldiario.net\\\/portal\\\/wp-content\\\/uploads\\\/2023\\\/07\\\/logo_ED.jpg\",\"width\":272,\"height\":52,\"caption\":\"El Diario - Decano de la prensa nacional\"},\"image\":{\"@id\":\"https:\\\/\\\/www.eldiario.net\\\/portal\\\/#\\\/schema\\\/logo\\\/image\\\/\"},\"sameAs\":[\"https:\\\/\\\/www.facebook.com\\\/eldiario.bolivia\\\/\",\"https:\\\/\\\/x.com\\\/eldiario_net\"]},{\"@type\":\"Person\",\"@id\":\"https:\\\/\\\/www.eldiario.net\\\/portal\\\/#\\\/schema\\\/person\\\/ba370d92d160f4d3574381f6d9b78fab\",\"name\":\"Viviana Monrroy\",\"image\":{\"@type\":\"ImageObject\",\"inLanguage\":\"es\",\"@id\":\"https:\\\/\\\/secure.gravatar.com\\\/avatar\\\/dfd1611ed5600959a0e5a9754503b6c05d1dcf190010998e0363aee2ad98afca?s=96&d=mm&r=g\",\"url\":\"https:\\\/\\\/secure.gravatar.com\\\/avatar\\\/dfd1611ed5600959a0e5a9754503b6c05d1dcf190010998e0363aee2ad98afca?s=96&d=mm&r=g\",\"contentUrl\":\"https:\\\/\\\/secure.gravatar.com\\\/avatar\\\/dfd1611ed5600959a0e5a9754503b6c05d1dcf190010998e0363aee2ad98afca?s=96&d=mm&r=g\",\"caption\":\"Viviana Monrroy\"},\"sameAs\":[\"http:\\\/\\\/www.eldiario.net\"],\"url\":\"https:\\\/\\\/www.eldiario.net\\\/portal\\\/author\\\/vivianamonrroy\\\/\"}]}<\/script>\n<!-- \/ Yoast SEO plugin. -->","yoast_head_json":{"title":"Acuerdo de Alto el Fuego entre Israel y Hamas. (18:55) - El Diario - Bolivia","robots":{"index":"index","follow":"follow","max-snippet":"max-snippet:-1","max-image-preview":"max-image-preview:large","max-video-preview":"max-video-preview:-1"},"canonical":"https:\/\/www.eldiario.net\/portal\/2025\/01\/15\/acuerdo-de-alto-el-fuego-entre-israel-y-hamas-1855\/","og_locale":"es_ES","og_type":"article","og_title":"Acuerdo de Alto el Fuego entre Israel y Hamas. (18:55) - El Diario - Bolivia","og_description":"Despu\u00e9s de 15 meses de conflicto que ha cobrado la vida de decenas de miles de palestinos, Israel y Hamas han alcanzado un acuerdo de alto el fuego en la Franja de Gaza. El acuerdo, mediado por Qatar, Egipto y Estados Unidos, incluye la liberaci\u00f3n de 33 rehenes israel\u00edes, entre ellos mujeres, ni\u00f1os y hombres [&hellip;]","og_url":"https:\/\/www.eldiario.net\/portal\/2025\/01\/15\/acuerdo-de-alto-el-fuego-entre-israel-y-hamas-1855\/","og_site_name":"El Diario - Bolivia","article_publisher":"https:\/\/www.facebook.com\/eldiario.bolivia\/","article_published_time":"2025-01-15T22:57:29+00:00","og_image":[{"width":300,"height":219,"url":"https:\/\/www.eldiario.net\/portal\/wp-content\/uploads\/2025\/01\/paz-e1736981832888.jpg","type":"image\/jpeg"}],"author":"Viviana Monrroy","twitter_card":"summary_large_image","twitter_creator":"@eldiario_net","twitter_site":"@eldiario_net","twitter_misc":{"Escrito por":"Viviana Monrroy","Tiempo de lectura":"2 minutos"},"schema":{"@context":"https:\/\/schema.org","@graph":[{"@type":"Article","@id":"https:\/\/www.eldiario.net\/portal\/2025\/01\/15\/acuerdo-de-alto-el-fuego-entre-israel-y-hamas-1855\/#article","isPartOf":{"@id":"https:\/\/www.eldiario.net\/portal\/2025\/01\/15\/acuerdo-de-alto-el-fuego-entre-israel-y-hamas-1855\/"},"author":{"name":"Viviana Monrroy","@id":"https:\/\/www.eldiario.net\/portal\/#\/schema\/person\/ba370d92d160f4d3574381f6d9b78fab"},"headline":"Acuerdo de Alto el Fuego entre Israel y Hamas. (18:55)","datePublished":"2025-01-15T22:57:29+00:00","mainEntityOfPage":{"@id":"https:\/\/www.eldiario.net\/portal\/2025\/01\/15\/acuerdo-de-alto-el-fuego-entre-israel-y-hamas-1855\/"},"wordCount":205,"publisher":{"@id":"https:\/\/www.eldiario.net\/portal\/#organization"},"image":{"@id":"https:\/\/www.eldiario.net\/portal\/2025\/01\/15\/acuerdo-de-alto-el-fuego-entre-israel-y-hamas-1855\/#primaryimage"},"thumbnailUrl":"https:\/\/www.eldiario.net\/portal\/wp-content\/uploads\/2025\/01\/paz-e1736981832888.jpg","articleSection":["\u00daltima Hora"],"inLanguage":"es"},{"@type":"WebPage","@id":"https:\/\/www.eldiario.net\/portal\/2025\/01\/15\/acuerdo-de-alto-el-fuego-entre-israel-y-hamas-1855\/","url":"https:\/\/www.eldiario.net\/portal\/2025\/01\/15\/acuerdo-de-alto-el-fuego-entre-israel-y-hamas-1855\/","name":"Acuerdo de Alto el Fuego entre Israel y Hamas. (18:55) - El Diario - Bolivia","isPartOf":{"@id":"https:\/\/www.eldiario.net\/portal\/#website"},"primaryImageOfPage":{"@id":"https:\/\/www.eldiario.net\/portal\/2025\/01\/15\/acuerdo-de-alto-el-fuego-entre-israel-y-hamas-1855\/#primaryimage"},"image":{"@id":"https:\/\/www.eldiario.net\/portal\/2025\/01\/15\/acuerdo-de-alto-el-fuego-entre-israel-y-hamas-1855\/#primaryimage"},"thumbnailUrl":"https:\/\/www.eldiario.net\/portal\/wp-content\/uploads\/2025\/01\/paz-e1736981832888.jpg","datePublished":"2025-01-15T22:57:29+00:00","breadcrumb":{"@id":"https:\/\/www.eldiario.net\/portal\/2025\/01\/15\/acuerdo-de-alto-el-fuego-entre-israel-y-hamas-1855\/#breadcrumb"},"inLanguage":"es","potentialAction":[{"@type":"ReadAction","target":["https:\/\/www.eldiario.net\/portal\/2025\/01\/15\/acuerdo-de-alto-el-fuego-entre-israel-y-hamas-1855\/"]}]},{"@type":"ImageObject","inLanguage":"es","@id":"https:\/\/www.eldiario.net\/portal\/2025\/01\/15\/acuerdo-de-alto-el-fuego-entre-israel-y-hamas-1855\/#primaryimage","url":"https:\/\/www.eldiario.net\/portal\/wp-content\/uploads\/2025\/01\/paz-e1736981832888.jpg","contentUrl":"https:\/\/www.eldiario.net\/portal\/wp-content\/uploads\/2025\/01\/paz-e1736981832888.jpg","width":300,"height":219,"caption":"Foto: RR.SS."},{"@type":"BreadcrumbList","@id":"https:\/\/www.eldiario.net\/portal\/2025\/01\/15\/acuerdo-de-alto-el-fuego-entre-israel-y-hamas-1855\/#breadcrumb","itemListElement":[{"@type":"ListItem","position":1,"name":"Portada","item":"https:\/\/www.eldiario.net\/portal\/"},{"@type":"ListItem","position":2,"name":"Acuerdo de Alto el Fuego entre Israel y Hamas. (18:55)"}]},{"@type":"WebSite","@id":"https:\/\/www.eldiario.net\/portal\/#website","url":"https:\/\/www.eldiario.net\/portal\/","name":"El Diario - Decano de la prensa nacional","description":"El Diario - Decano de la prensa nacional","publisher":{"@id":"https:\/\/www.eldiario.net\/portal\/#organization"},"potentialAction":[{"@type":"SearchAction","target":{"@type":"EntryPoint","urlTemplate":"https:\/\/www.eldiario.net\/portal\/?s={search_term_string}"},"query-input":{"@type":"PropertyValueSpecification","valueRequired":true,"valueName":"search_term_string"}}],"inLanguage":"es"},{"@type":"Organization","@id":"https:\/\/www.eldiario.net\/portal\/#organization","name":"El Diario - Decano de la prensa nacional","url":"https:\/\/www.eldiario.net\/portal\/","logo":{"@type":"ImageObject","inLanguage":"es","@id":"https:\/\/www.eldiario.net\/portal\/#\/schema\/logo\/image\/","url":"https:\/\/www.eldiario.net\/portal\/wp-content\/uploads\/2023\/07\/logo_ED.jpg","contentUrl":"https:\/\/www.eldiario.net\/portal\/wp-content\/uploads\/2023\/07\/logo_ED.jpg","width":272,"height":52,"caption":"El Diario - Decano de la prensa nacional"},"image":{"@id":"https:\/\/www.eldiario.net\/portal\/#\/schema\/logo\/image\/"},"sameAs":["https:\/\/www.facebook.com\/eldiario.bolivia\/","https:\/\/x.com\/eldiario_net"]},{"@type":"Person","@id":"https:\/\/www.eldiario.net\/portal\/#\/schema\/person\/ba370d92d160f4d3574381f6d9b78fab","name":"Viviana Monrroy","image":{"@type":"ImageObject","inLanguage":"es","@id":"https:\/\/secure.gravatar.com\/avatar\/dfd1611ed5600959a0e5a9754503b6c05d1dcf190010998e0363aee2ad98afca?s=96&d=mm&r=g","url":"https:\/\/secure.gravatar.com\/avatar\/dfd1611ed5600959a0e5a9754503b6c05d1dcf190010998e0363aee2ad98afca?s=96&d=mm&r=g","contentUrl":"https:\/\/secure.gravatar.com\/avatar\/dfd1611ed5600959a0e5a9754503b6c05d1dcf190010998e0363aee2ad98afca?s=96&d=mm&r=g","caption":"Viviana Monrroy"},"sameAs":["http:\/\/www.eldiario.net"],"url":"https:\/\/www.eldiario.net\/portal\/author\/vivianamonrroy\/"}]}},"_links":{"self":[{"href":"https:\/\/www.eldiario.net\/portal\/wp-json\/wp\/v2\/posts\/274923","targetHints":{"allow":["GET"]}}],"collection":[{"href":"https:\/\/www.eldiario.net\/portal\/wp-json\/wp\/v2\/posts"}],"about":[{"href":"https:\/\/www.eldiario.net\/portal\/wp-json\/wp\/v2\/types\/post"}],"author":[{"embeddable":true,"href":"https:\/\/www.eldiario.net\/portal\/wp-json\/wp\/v2\/users\/7"}],"replies":[{"embeddable":true,"href":"https:\/\/www.eldiario.net\/portal\/wp-json\/wp\/v2\/comments?post=274923"}],"version-history":[{"count":1,"href":"https:\/\/www.eldiario.net\/portal\/wp-json\/wp\/v2\/posts\/274923\/revisions"}],"predecessor-version":[{"id":274926,"href":"https:\/\/www.eldiario.net\/portal\/wp-json\/wp\/v2\/posts\/274923\/revisions\/274926"}],"wp:featuredmedia":[{"embeddable":true,"href":"https:\/\/www.eldiario.net\/portal\/wp-json\/wp\/v2\/media\/274925"}],"wp:attachment":[{"href":"https:\/\/www.eldiario.net\/portal\/wp-json\/wp\/v2\/media?parent=274923"}],"wp:term":[{"taxonomy":"category","embeddable":true,"href":"https:\/\/www.eldiario.net\/portal\/wp-json\/wp\/v2\/categories?post=274923"},{"taxonomy":"post_tag","embeddable":true,"href":"https:\/\/www.eldiario.net\/portal\/wp-json\/wp\/v2\/tags?post=274923"}],"curies":[{"name":"wp","href":"https:\/\/api.w.org\/{rel}","templated":true}]}}