{"id":274917,"date":"2025-01-15T18:52:49","date_gmt":"2025-01-15T22:52:49","guid":{"rendered":"https:\/\/www.eldiario.net\/portal\/?p=274917"},"modified":"2025-01-15T19:01:26","modified_gmt":"2025-01-15T23:01:26","slug":"brote-de-marburgo-en-tanzania-8-muertos-y-riesgo-de-propagacion-regional-1852","status":"publish","type":"post","link":"https:\/\/www.eldiario.net\/portal\/2025\/01\/15\/brote-de-marburgo-en-tanzania-8-muertos-y-riesgo-de-propagacion-regional-1852\/","title":{"rendered":"Brote de Marburgo en Tanzania: 8 muertos y riesgo de propagaci\u00f3n regional. (18:52)"},"content":{"rendered":"<p>Un posible brote de la enfermedad del virus de Marburgo, similar al \u00e9bola, ha dejado al menos ocho muertos en la regi\u00f3n de Kagera, en el noroeste de Tanzania, inform\u00f3 la Organizaci\u00f3n Mundial de la Salud (OMS). Los casos presentan s\u00edntomas como dolor de cabeza, fiebre alta, diarrea, v\u00f3mitos con sangre y hemorragia externa. Las autoridades tanzanas han tomado muestras de dos pacientes y esperan los resultados, mientras que ya se han identificado contactos y se han intensificado las actividades de vigilancia.<\/p>\n<p>La localizaci\u00f3n del presunto brote presenta un \u00abriesgo alto\u00bb a nivel regional debido a la ubicaci\u00f3n estrat\u00e9gica de Kagera, cerca de la frontera con Ruanda, Uganda y Burundi. Esta regi\u00f3n ya fue escenario de otro brote de Marburgo en 2023, con al menos nueve casos y seis muertos. El virus de Marburgo es tan mort\u00edfero como el del \u00e9bola y se calcula que en \u00c1frica ha causado la muerte de m\u00e1s de 3.500 personas. La enfermedad no tiene vacuna ni tratamiento espec\u00edfico.<\/p>\n","protected":false},"excerpt":{"rendered":"<p>Un posible brote de la enfermedad del virus de Marburgo, similar al \u00e9bola, ha dejado al menos ocho muertos en la regi\u00f3n de Kagera, en el noroeste de Tanzania, inform\u00f3 la Organizaci\u00f3n Mundial de la Salud (OMS). Los casos presentan s\u00edntomas como dolor de cabeza, fiebre alta, diarrea, v\u00f3mitos con sangre y hemorragia externa. Las [&hellip;]<\/p>\n","protected":false},"author":7,"featured_media":274919,"comment_status":"closed","ping_status":"open","sticky":false,"template":"","format":"standard","meta":{"_acf_changed":false,"footnotes":""},"categories":[51],"tags":[],"class_list":["post-274917","post","type-post","status-publish","format-standard","has-post-thumbnail","category-ultima-hora"],"acf":{"antetitulo":""},"yoast_head":"<!-- This site is optimized with the Yoast SEO plugin v28.4 - https:\/\/yoast.com\/product\/yoast-seo-wordpress\/ -->\n<title>Brote de Marburgo en Tanzania: 8 muertos y riesgo de propagaci\u00f3n regional. (18:52) - El Diario - Bolivia<\/title>\n<meta name=\"robots\" content=\"index, follow, max-snippet:-1, max-image-preview:large, max-video-preview:-1\" \/>\n<link rel=\"canonical\" href=\"https:\/\/www.eldiario.net\/portal\/2025\/01\/15\/brote-de-marburgo-en-tanzania-8-muertos-y-riesgo-de-propagacion-regional-1852\/\" \/>\n<meta property=\"og:locale\" content=\"es_ES\" \/>\n<meta property=\"og:type\" content=\"article\" \/>\n<meta property=\"og:title\" content=\"Brote de Marburgo en Tanzania: 8 muertos y riesgo de propagaci\u00f3n regional. (18:52) - El Diario - Bolivia\" \/>\n<meta property=\"og:description\" content=\"Un posible brote de la enfermedad del virus de Marburgo, similar al \u00e9bola, ha dejado al menos ocho muertos en la regi\u00f3n de Kagera, en el noroeste de Tanzania, inform\u00f3 la Organizaci\u00f3n Mundial de la Salud (OMS). Los casos presentan s\u00edntomas como dolor de cabeza, fiebre alta, diarrea, v\u00f3mitos con sangre y hemorragia externa. Las [&hellip;]\" \/>\n<meta property=\"og:url\" content=\"https:\/\/www.eldiario.net\/portal\/2025\/01\/15\/brote-de-marburgo-en-tanzania-8-muertos-y-riesgo-de-propagacion-regional-1852\/\" \/>\n<meta property=\"og:site_name\" content=\"El Diario - Bolivia\" \/>\n<meta property=\"article:publisher\" content=\"https:\/\/www.facebook.com\/eldiario.bolivia\/\" \/>\n<meta property=\"article:published_time\" content=\"2025-01-15T22:52:49+00:00\" \/>\n<meta property=\"article:modified_time\" content=\"2025-01-15T23:01:26+00:00\" \/>\n<meta property=\"og:image\" content=\"https:\/\/www.eldiario.net\/portal\/wp-content\/uploads\/2025\/01\/virus-mata-2-e1736981539286.jpeg\" \/>\n\t<meta property=\"og:image:width\" content=\"400\" \/>\n\t<meta property=\"og:image:height\" content=\"222\" \/>\n\t<meta property=\"og:image:type\" content=\"image\/jpeg\" \/>\n<meta name=\"author\" content=\"Viviana Monrroy\" \/>\n<meta name=\"twitter:card\" content=\"summary_large_image\" \/>\n<meta name=\"twitter:creator\" content=\"@eldiario_net\" \/>\n<meta name=\"twitter:site\" content=\"@eldiario_net\" \/>\n<meta name=\"twitter:label1\" content=\"Escrito por\" \/>\n\t<meta name=\"twitter:data1\" content=\"Viviana Monrroy\" \/>\n\t<meta name=\"twitter:label2\" content=\"Tiempo de lectura\" \/>\n\t<meta name=\"twitter:data2\" content=\"1 minuto\" \/>\n<script type=\"application\/ld+json\" class=\"yoast-schema-graph\">{\"@context\":\"https:\\\/\\\/schema.org\",\"@graph\":[{\"@type\":\"Article\",\"@id\":\"https:\\\/\\\/www.eldiario.net\\\/portal\\\/2025\\\/01\\\/15\\\/brote-de-marburgo-en-tanzania-8-muertos-y-riesgo-de-propagacion-regional-1852\\\/#article\",\"isPartOf\":{\"@id\":\"https:\\\/\\\/www.eldiario.net\\\/portal\\\/2025\\\/01\\\/15\\\/brote-de-marburgo-en-tanzania-8-muertos-y-riesgo-de-propagacion-regional-1852\\\/\"},\"author\":{\"name\":\"Viviana Monrroy\",\"@id\":\"https:\\\/\\\/www.eldiario.net\\\/portal\\\/#\\\/schema\\\/person\\\/ba370d92d160f4d3574381f6d9b78fab\"},\"headline\":\"Brote de Marburgo en Tanzania: 8 muertos y riesgo de propagaci\u00f3n regional. (18:52)\",\"datePublished\":\"2025-01-15T22:52:49+00:00\",\"dateModified\":\"2025-01-15T23:01:26+00:00\",\"mainEntityOfPage\":{\"@id\":\"https:\\\/\\\/www.eldiario.net\\\/portal\\\/2025\\\/01\\\/15\\\/brote-de-marburgo-en-tanzania-8-muertos-y-riesgo-de-propagacion-regional-1852\\\/\"},\"wordCount\":185,\"publisher\":{\"@id\":\"https:\\\/\\\/www.eldiario.net\\\/portal\\\/#organization\"},\"image\":{\"@id\":\"https:\\\/\\\/www.eldiario.net\\\/portal\\\/2025\\\/01\\\/15\\\/brote-de-marburgo-en-tanzania-8-muertos-y-riesgo-de-propagacion-regional-1852\\\/#primaryimage\"},\"thumbnailUrl\":\"https:\\\/\\\/www.eldiario.net\\\/portal\\\/wp-content\\\/uploads\\\/2025\\\/01\\\/virus-mata-2-e1736981539286.jpeg\",\"articleSection\":[\"\u00daltima Hora\"],\"inLanguage\":\"es\"},{\"@type\":\"WebPage\",\"@id\":\"https:\\\/\\\/www.eldiario.net\\\/portal\\\/2025\\\/01\\\/15\\\/brote-de-marburgo-en-tanzania-8-muertos-y-riesgo-de-propagacion-regional-1852\\\/\",\"url\":\"https:\\\/\\\/www.eldiario.net\\\/portal\\\/2025\\\/01\\\/15\\\/brote-de-marburgo-en-tanzania-8-muertos-y-riesgo-de-propagacion-regional-1852\\\/\",\"name\":\"Brote de Marburgo en Tanzania: 8 muertos y riesgo de propagaci\u00f3n regional. (18:52) - El Diario - Bolivia\",\"isPartOf\":{\"@id\":\"https:\\\/\\\/www.eldiario.net\\\/portal\\\/#website\"},\"primaryImageOfPage\":{\"@id\":\"https:\\\/\\\/www.eldiario.net\\\/portal\\\/2025\\\/01\\\/15\\\/brote-de-marburgo-en-tanzania-8-muertos-y-riesgo-de-propagacion-regional-1852\\\/#primaryimage\"},\"image\":{\"@id\":\"https:\\\/\\\/www.eldiario.net\\\/portal\\\/2025\\\/01\\\/15\\\/brote-de-marburgo-en-tanzania-8-muertos-y-riesgo-de-propagacion-regional-1852\\\/#primaryimage\"},\"thumbnailUrl\":\"https:\\\/\\\/www.eldiario.net\\\/portal\\\/wp-content\\\/uploads\\\/2025\\\/01\\\/virus-mata-2-e1736981539286.jpeg\",\"datePublished\":\"2025-01-15T22:52:49+00:00\",\"dateModified\":\"2025-01-15T23:01:26+00:00\",\"breadcrumb\":{\"@id\":\"https:\\\/\\\/www.eldiario.net\\\/portal\\\/2025\\\/01\\\/15\\\/brote-de-marburgo-en-tanzania-8-muertos-y-riesgo-de-propagacion-regional-1852\\\/#breadcrumb\"},\"inLanguage\":\"es\",\"potentialAction\":[{\"@type\":\"ReadAction\",\"target\":[\"https:\\\/\\\/www.eldiario.net\\\/portal\\\/2025\\\/01\\\/15\\\/brote-de-marburgo-en-tanzania-8-muertos-y-riesgo-de-propagacion-regional-1852\\\/\"]}]},{\"@type\":\"ImageObject\",\"inLanguage\":\"es\",\"@id\":\"https:\\\/\\\/www.eldiario.net\\\/portal\\\/2025\\\/01\\\/15\\\/brote-de-marburgo-en-tanzania-8-muertos-y-riesgo-de-propagacion-regional-1852\\\/#primaryimage\",\"url\":\"https:\\\/\\\/www.eldiario.net\\\/portal\\\/wp-content\\\/uploads\\\/2025\\\/01\\\/virus-mata-2-e1736981539286.jpeg\",\"contentUrl\":\"https:\\\/\\\/www.eldiario.net\\\/portal\\\/wp-content\\\/uploads\\\/2025\\\/01\\\/virus-mata-2-e1736981539286.jpeg\",\"width\":400,\"height\":222,\"caption\":\"Foto: RR.SS.\"},{\"@type\":\"BreadcrumbList\",\"@id\":\"https:\\\/\\\/www.eldiario.net\\\/portal\\\/2025\\\/01\\\/15\\\/brote-de-marburgo-en-tanzania-8-muertos-y-riesgo-de-propagacion-regional-1852\\\/#breadcrumb\",\"itemListElement\":[{\"@type\":\"ListItem\",\"position\":1,\"name\":\"Portada\",\"item\":\"https:\\\/\\\/www.eldiario.net\\\/portal\\\/\"},{\"@type\":\"ListItem\",\"position\":2,\"name\":\"Brote de Marburgo en Tanzania: 8 muertos y riesgo de propagaci\u00f3n regional. (18:52)\"}]},{\"@type\":\"WebSite\",\"@id\":\"https:\\\/\\\/www.eldiario.net\\\/portal\\\/#website\",\"url\":\"https:\\\/\\\/www.eldiario.net\\\/portal\\\/\",\"name\":\"El Diario - Decano de la prensa nacional\",\"description\":\"El Diario - Decano de la prensa nacional\",\"publisher\":{\"@id\":\"https:\\\/\\\/www.eldiario.net\\\/portal\\\/#organization\"},\"potentialAction\":[{\"@type\":\"SearchAction\",\"target\":{\"@type\":\"EntryPoint\",\"urlTemplate\":\"https:\\\/\\\/www.eldiario.net\\\/portal\\\/?s={search_term_string}\"},\"query-input\":{\"@type\":\"PropertyValueSpecification\",\"valueRequired\":true,\"valueName\":\"search_term_string\"}}],\"inLanguage\":\"es\"},{\"@type\":\"Organization\",\"@id\":\"https:\\\/\\\/www.eldiario.net\\\/portal\\\/#organization\",\"name\":\"El Diario - Decano de la prensa nacional\",\"url\":\"https:\\\/\\\/www.eldiario.net\\\/portal\\\/\",\"logo\":{\"@type\":\"ImageObject\",\"inLanguage\":\"es\",\"@id\":\"https:\\\/\\\/www.eldiario.net\\\/portal\\\/#\\\/schema\\\/logo\\\/image\\\/\",\"url\":\"https:\\\/\\\/www.eldiario.net\\\/portal\\\/wp-content\\\/uploads\\\/2023\\\/07\\\/logo_ED.jpg\",\"contentUrl\":\"https:\\\/\\\/www.eldiario.net\\\/portal\\\/wp-content\\\/uploads\\\/2023\\\/07\\\/logo_ED.jpg\",\"width\":272,\"height\":52,\"caption\":\"El Diario - Decano de la prensa nacional\"},\"image\":{\"@id\":\"https:\\\/\\\/www.eldiario.net\\\/portal\\\/#\\\/schema\\\/logo\\\/image\\\/\"},\"sameAs\":[\"https:\\\/\\\/www.facebook.com\\\/eldiario.bolivia\\\/\",\"https:\\\/\\\/x.com\\\/eldiario_net\"]},{\"@type\":\"Person\",\"@id\":\"https:\\\/\\\/www.eldiario.net\\\/portal\\\/#\\\/schema\\\/person\\\/ba370d92d160f4d3574381f6d9b78fab\",\"name\":\"Viviana Monrroy\",\"image\":{\"@type\":\"ImageObject\",\"inLanguage\":\"es\",\"@id\":\"https:\\\/\\\/secure.gravatar.com\\\/avatar\\\/dfd1611ed5600959a0e5a9754503b6c05d1dcf190010998e0363aee2ad98afca?s=96&d=mm&r=g\",\"url\":\"https:\\\/\\\/secure.gravatar.com\\\/avatar\\\/dfd1611ed5600959a0e5a9754503b6c05d1dcf190010998e0363aee2ad98afca?s=96&d=mm&r=g\",\"contentUrl\":\"https:\\\/\\\/secure.gravatar.com\\\/avatar\\\/dfd1611ed5600959a0e5a9754503b6c05d1dcf190010998e0363aee2ad98afca?s=96&d=mm&r=g\",\"caption\":\"Viviana Monrroy\"},\"sameAs\":[\"http:\\\/\\\/www.eldiario.net\"],\"url\":\"https:\\\/\\\/www.eldiario.net\\\/portal\\\/author\\\/vivianamonrroy\\\/\"}]}<\/script>\n<!-- \/ Yoast SEO plugin. -->","yoast_head_json":{"title":"Brote de Marburgo en Tanzania: 8 muertos y riesgo de propagaci\u00f3n regional. (18:52) - El Diario - Bolivia","robots":{"index":"index","follow":"follow","max-snippet":"max-snippet:-1","max-image-preview":"max-image-preview:large","max-video-preview":"max-video-preview:-1"},"canonical":"https:\/\/www.eldiario.net\/portal\/2025\/01\/15\/brote-de-marburgo-en-tanzania-8-muertos-y-riesgo-de-propagacion-regional-1852\/","og_locale":"es_ES","og_type":"article","og_title":"Brote de Marburgo en Tanzania: 8 muertos y riesgo de propagaci\u00f3n regional. (18:52) - El Diario - Bolivia","og_description":"Un posible brote de la enfermedad del virus de Marburgo, similar al \u00e9bola, ha dejado al menos ocho muertos en la regi\u00f3n de Kagera, en el noroeste de Tanzania, inform\u00f3 la Organizaci\u00f3n Mundial de la Salud (OMS). Los casos presentan s\u00edntomas como dolor de cabeza, fiebre alta, diarrea, v\u00f3mitos con sangre y hemorragia externa. Las [&hellip;]","og_url":"https:\/\/www.eldiario.net\/portal\/2025\/01\/15\/brote-de-marburgo-en-tanzania-8-muertos-y-riesgo-de-propagacion-regional-1852\/","og_site_name":"El Diario - Bolivia","article_publisher":"https:\/\/www.facebook.com\/eldiario.bolivia\/","article_published_time":"2025-01-15T22:52:49+00:00","article_modified_time":"2025-01-15T23:01:26+00:00","og_image":[{"width":400,"height":222,"url":"https:\/\/www.eldiario.net\/portal\/wp-content\/uploads\/2025\/01\/virus-mata-2-e1736981539286.jpeg","type":"image\/jpeg"}],"author":"Viviana Monrroy","twitter_card":"summary_large_image","twitter_creator":"@eldiario_net","twitter_site":"@eldiario_net","twitter_misc":{"Escrito por":"Viviana Monrroy","Tiempo de lectura":"1 minuto"},"schema":{"@context":"https:\/\/schema.org","@graph":[{"@type":"Article","@id":"https:\/\/www.eldiario.net\/portal\/2025\/01\/15\/brote-de-marburgo-en-tanzania-8-muertos-y-riesgo-de-propagacion-regional-1852\/#article","isPartOf":{"@id":"https:\/\/www.eldiario.net\/portal\/2025\/01\/15\/brote-de-marburgo-en-tanzania-8-muertos-y-riesgo-de-propagacion-regional-1852\/"},"author":{"name":"Viviana Monrroy","@id":"https:\/\/www.eldiario.net\/portal\/#\/schema\/person\/ba370d92d160f4d3574381f6d9b78fab"},"headline":"Brote de Marburgo en Tanzania: 8 muertos y riesgo de propagaci\u00f3n regional. (18:52)","datePublished":"2025-01-15T22:52:49+00:00","dateModified":"2025-01-15T23:01:26+00:00","mainEntityOfPage":{"@id":"https:\/\/www.eldiario.net\/portal\/2025\/01\/15\/brote-de-marburgo-en-tanzania-8-muertos-y-riesgo-de-propagacion-regional-1852\/"},"wordCount":185,"publisher":{"@id":"https:\/\/www.eldiario.net\/portal\/#organization"},"image":{"@id":"https:\/\/www.eldiario.net\/portal\/2025\/01\/15\/brote-de-marburgo-en-tanzania-8-muertos-y-riesgo-de-propagacion-regional-1852\/#primaryimage"},"thumbnailUrl":"https:\/\/www.eldiario.net\/portal\/wp-content\/uploads\/2025\/01\/virus-mata-2-e1736981539286.jpeg","articleSection":["\u00daltima Hora"],"inLanguage":"es"},{"@type":"WebPage","@id":"https:\/\/www.eldiario.net\/portal\/2025\/01\/15\/brote-de-marburgo-en-tanzania-8-muertos-y-riesgo-de-propagacion-regional-1852\/","url":"https:\/\/www.eldiario.net\/portal\/2025\/01\/15\/brote-de-marburgo-en-tanzania-8-muertos-y-riesgo-de-propagacion-regional-1852\/","name":"Brote de Marburgo en Tanzania: 8 muertos y riesgo de propagaci\u00f3n regional. (18:52) - El Diario - Bolivia","isPartOf":{"@id":"https:\/\/www.eldiario.net\/portal\/#website"},"primaryImageOfPage":{"@id":"https:\/\/www.eldiario.net\/portal\/2025\/01\/15\/brote-de-marburgo-en-tanzania-8-muertos-y-riesgo-de-propagacion-regional-1852\/#primaryimage"},"image":{"@id":"https:\/\/www.eldiario.net\/portal\/2025\/01\/15\/brote-de-marburgo-en-tanzania-8-muertos-y-riesgo-de-propagacion-regional-1852\/#primaryimage"},"thumbnailUrl":"https:\/\/www.eldiario.net\/portal\/wp-content\/uploads\/2025\/01\/virus-mata-2-e1736981539286.jpeg","datePublished":"2025-01-15T22:52:49+00:00","dateModified":"2025-01-15T23:01:26+00:00","breadcrumb":{"@id":"https:\/\/www.eldiario.net\/portal\/2025\/01\/15\/brote-de-marburgo-en-tanzania-8-muertos-y-riesgo-de-propagacion-regional-1852\/#breadcrumb"},"inLanguage":"es","potentialAction":[{"@type":"ReadAction","target":["https:\/\/www.eldiario.net\/portal\/2025\/01\/15\/brote-de-marburgo-en-tanzania-8-muertos-y-riesgo-de-propagacion-regional-1852\/"]}]},{"@type":"ImageObject","inLanguage":"es","@id":"https:\/\/www.eldiario.net\/portal\/2025\/01\/15\/brote-de-marburgo-en-tanzania-8-muertos-y-riesgo-de-propagacion-regional-1852\/#primaryimage","url":"https:\/\/www.eldiario.net\/portal\/wp-content\/uploads\/2025\/01\/virus-mata-2-e1736981539286.jpeg","contentUrl":"https:\/\/www.eldiario.net\/portal\/wp-content\/uploads\/2025\/01\/virus-mata-2-e1736981539286.jpeg","width":400,"height":222,"caption":"Foto: RR.SS."},{"@type":"BreadcrumbList","@id":"https:\/\/www.eldiario.net\/portal\/2025\/01\/15\/brote-de-marburgo-en-tanzania-8-muertos-y-riesgo-de-propagacion-regional-1852\/#breadcrumb","itemListElement":[{"@type":"ListItem","position":1,"name":"Portada","item":"https:\/\/www.eldiario.net\/portal\/"},{"@type":"ListItem","position":2,"name":"Brote de Marburgo en Tanzania: 8 muertos y riesgo de propagaci\u00f3n regional. (18:52)"}]},{"@type":"WebSite","@id":"https:\/\/www.eldiario.net\/portal\/#website","url":"https:\/\/www.eldiario.net\/portal\/","name":"El Diario - Decano de la prensa nacional","description":"El Diario - Decano de la prensa nacional","publisher":{"@id":"https:\/\/www.eldiario.net\/portal\/#organization"},"potentialAction":[{"@type":"SearchAction","target":{"@type":"EntryPoint","urlTemplate":"https:\/\/www.eldiario.net\/portal\/?s={search_term_string}"},"query-input":{"@type":"PropertyValueSpecification","valueRequired":true,"valueName":"search_term_string"}}],"inLanguage":"es"},{"@type":"Organization","@id":"https:\/\/www.eldiario.net\/portal\/#organization","name":"El Diario - Decano de la prensa nacional","url":"https:\/\/www.eldiario.net\/portal\/","logo":{"@type":"ImageObject","inLanguage":"es","@id":"https:\/\/www.eldiario.net\/portal\/#\/schema\/logo\/image\/","url":"https:\/\/www.eldiario.net\/portal\/wp-content\/uploads\/2023\/07\/logo_ED.jpg","contentUrl":"https:\/\/www.eldiario.net\/portal\/wp-content\/uploads\/2023\/07\/logo_ED.jpg","width":272,"height":52,"caption":"El Diario - Decano de la prensa nacional"},"image":{"@id":"https:\/\/www.eldiario.net\/portal\/#\/schema\/logo\/image\/"},"sameAs":["https:\/\/www.facebook.com\/eldiario.bolivia\/","https:\/\/x.com\/eldiario_net"]},{"@type":"Person","@id":"https:\/\/www.eldiario.net\/portal\/#\/schema\/person\/ba370d92d160f4d3574381f6d9b78fab","name":"Viviana Monrroy","image":{"@type":"ImageObject","inLanguage":"es","@id":"https:\/\/secure.gravatar.com\/avatar\/dfd1611ed5600959a0e5a9754503b6c05d1dcf190010998e0363aee2ad98afca?s=96&d=mm&r=g","url":"https:\/\/secure.gravatar.com\/avatar\/dfd1611ed5600959a0e5a9754503b6c05d1dcf190010998e0363aee2ad98afca?s=96&d=mm&r=g","contentUrl":"https:\/\/secure.gravatar.com\/avatar\/dfd1611ed5600959a0e5a9754503b6c05d1dcf190010998e0363aee2ad98afca?s=96&d=mm&r=g","caption":"Viviana Monrroy"},"sameAs":["http:\/\/www.eldiario.net"],"url":"https:\/\/www.eldiario.net\/portal\/author\/vivianamonrroy\/"}]}},"_links":{"self":[{"href":"https:\/\/www.eldiario.net\/portal\/wp-json\/wp\/v2\/posts\/274917","targetHints":{"allow":["GET"]}}],"collection":[{"href":"https:\/\/www.eldiario.net\/portal\/wp-json\/wp\/v2\/posts"}],"about":[{"href":"https:\/\/www.eldiario.net\/portal\/wp-json\/wp\/v2\/types\/post"}],"author":[{"embeddable":true,"href":"https:\/\/www.eldiario.net\/portal\/wp-json\/wp\/v2\/users\/7"}],"replies":[{"embeddable":true,"href":"https:\/\/www.eldiario.net\/portal\/wp-json\/wp\/v2\/comments?post=274917"}],"version-history":[{"count":2,"href":"https:\/\/www.eldiario.net\/portal\/wp-json\/wp\/v2\/posts\/274917\/revisions"}],"predecessor-version":[{"id":274927,"href":"https:\/\/www.eldiario.net\/portal\/wp-json\/wp\/v2\/posts\/274917\/revisions\/274927"}],"wp:featuredmedia":[{"embeddable":true,"href":"https:\/\/www.eldiario.net\/portal\/wp-json\/wp\/v2\/media\/274919"}],"wp:attachment":[{"href":"https:\/\/www.eldiario.net\/portal\/wp-json\/wp\/v2\/media?parent=274917"}],"wp:term":[{"taxonomy":"category","embeddable":true,"href":"https:\/\/www.eldiario.net\/portal\/wp-json\/wp\/v2\/categories?post=274917"},{"taxonomy":"post_tag","embeddable":true,"href":"https:\/\/www.eldiario.net\/portal\/wp-json\/wp\/v2\/tags?post=274917"}],"curies":[{"name":"wp","href":"https:\/\/api.w.org\/{rel}","templated":true}]}}