{"id":274865,"date":"2025-01-15T06:30:28","date_gmt":"2025-01-15T10:30:28","guid":{"rendered":"https:\/\/www.eldiario.net\/portal\/?p=274865"},"modified":"2025-01-15T06:30:28","modified_gmt":"2025-01-15T10:30:28","slug":"lo-que-debes-saber-sobre-el-pan","status":"publish","type":"post","link":"https:\/\/www.eldiario.net\/portal\/2025\/01\/15\/lo-que-debes-saber-sobre-el-pan\/","title":{"rendered":"Lo que debes saber sobre el pan"},"content":{"rendered":"<p>Por Demi Schoenmakers, nutricionista<\/p>\n<p>Se sabe que el pan integral es m\u00e1s sano que el blanco, pero a menudo dudamos de su sabor. Al parecer, no es necesario, ya que una nueva investigaci\u00f3n demuestra que cada vez m\u00e1s encontramos el pan integral igual de sabroso que el pan blanco.<\/p>\n<p><strong>Investigaci\u00f3n sobre el pan integral<\/strong><\/p>\n<p>Un estudio del Centro Holand\u00e9s de Panader\u00eda se analizaron varios aspectos del sabor del pan: olor, sabor general, intensidad del sabor, sequedad\/pegajosidad, corteza crujiente y regusto. La \u00fanica diferencia notable se encontr\u00f3 en el regusto, que se valor\u00f3 ligeramente mejor con el pan integral.<\/p>\n<p>Adem\u00e1s, result\u00f3 que el pan integral era el m\u00e1s consumido, con un 55%, y el pan negro, con un 43%. La creciente popularidad del pan con la cena es sorprendente. En 2021, 1 de cada 10 personas com\u00eda pan en la cena, porcentaje que aument\u00f3 al 11% en 2022 y al 14% en 2023.<\/p>\n<p><strong>\u00bfCu\u00e1l es exactamente la diferencia entre el pan integral y el pan negro?<\/strong><\/p>\n<p>El pan integral se elabora con una combinaci\u00f3n de harina y harina integral, mientras que el pan integral negro siempre contiene un 100% de harina integral, elaborado a partir del grano entero, incluidos el germen y el salvado. La diferencia de composici\u00f3n afecta a los nutrientes, siendo el pan integral negro m\u00e1s rico en fibra y otros nutrientes. El pan integral sea cual sea siempre contiene suficiente fibra y es la opci\u00f3n m\u00e1s sana. \u00abCuando el pan contiene menos de 4,5 gramos de fibra por cada 100 gramos, es una opci\u00f3n menos saludable\u00bb, se\u00f1ala la nutricionista Tara Eikenaar.<\/p>\n<p><strong>\u00bfEs saludable el pan?<\/strong><\/p>\n<p>\u00abS\u00ed\u00bb, dice Eikenaar. El pan integral y el pan negro son cereales nutritivos y forman parte importante de la dieta. El pan es una fuente de hidratos de carbono y yodo. El pan integral y el pan negro reducen el riesgo de ciertas enfermedades. El pan integral, en particular, es rico en fibra diet\u00e9tica, vitaminas y minerales importantes para el organismo. En cambio, el pan blanco contiene menos nutrientes porque el germen y el salvado se tamizan. \u00abPor eso el pan blanco no est\u00e1 recomendado en la dieta\u00bb. Su consejo es, por tanto, sustituir el pan blanco por pan integral o moreno en la medida de lo posible.<\/p>\n<p><strong>\u00bfEs cierto que el pan contiene muchos hidratos de carbono (y, por tanto, az\u00facares)?<\/strong><\/p>\n<p>En efecto, el pan contiene hidratos de carbono, pero esto no tiene nada de malo en s\u00ed mismo, seg\u00fan Eikenaar. Adem\u00e1s de hidratos de carbono, el pan aporta nutrientes saludables. El pan integral, al igual que otros cereales integrales, es una forma saludable de obtener hidratos de carbono, vitaminas y minerales. \u00abLa fibra del pan hace que nos sintamos saciadas durante m\u00e1s tiempo, por lo que es menos probable que piquemos entre horas\u00bb.<\/p>\n<p><strong>Cuanto m\u00e1s oscuro, \u00bfm\u00e1s sano es el pan?<\/strong><\/p>\n<p>No, el color del pan no siempre indica lo saludable que es. El pan rico en fibra, como el pan integral y el pan de centeno, suele ser m\u00e1s oscuro que el pan menos rico en fibra, como el pan blanco. Es cierto, pero no te lo creas siempre, dice Eikenaar. \u00abA veces el pan se oscurece artificialmente con harina de malta tostada o az\u00facar caramelizado. As\u00ed que el pan puede tener un color oscuro aunque est\u00e9 hecho con harina blanca, lo que no significa que sea m\u00e1s sano\u00bb.<\/p>\n<p><strong>\u00bfEn qu\u00e9 hay que fijarse exactamente a la hora de comprar pan? <\/strong><\/p>\n<p>En la panader\u00eda se puede preguntar si el pan est\u00e1 hecho con harina integral. En el supermercado, se lee en la etiqueta del pan preenvasado.<\/p>\n<p><strong>M\u00e1s fibra, m\u00e1s nutrientes<\/strong><\/p>\n<p>La fibra es esencial para una funci\u00f3n intestinal sana. Alimenta el microbioma y permite que miles de millones de bacterias funcionen correctamente. Adem\u00e1s, sabemos que muchas enfermedades empiezan en el intestino o est\u00e1n relacionadas con la salud intestinal.<\/p>\n<p>Los estudios recomiendan consumir productos integrales como parte de una dieta variada y equilibrada, en torno a 25-30 g al d\u00eda. El pan integral no s\u00f3lo tiene mejor sabor, sino que adem\u00e1s contiene un 28% m\u00e1s de fibra que el pan integral.<\/p>\n","protected":false},"excerpt":{"rendered":"<p>Por Demi Schoenmakers, nutricionista Se sabe que el pan integral es m\u00e1s sano que el blanco, pero a menudo dudamos de su sabor. Al parecer, no es necesario, ya que una nueva investigaci\u00f3n demuestra que cada vez m\u00e1s encontramos el pan integral igual de sabroso que el pan blanco. Investigaci\u00f3n sobre el pan integral Un [&hellip;]<\/p>\n","protected":false},"author":1,"featured_media":274866,"comment_status":"closed","ping_status":"open","sticky":false,"template":"","format":"standard","meta":{"_acf_changed":false,"footnotes":""},"categories":[42],"tags":[],"class_list":["post-274865","post","type-post","status-publish","format-standard","has-post-thumbnail","category-femenina"],"acf":{"antetitulo":"Nutrici\u00f3n"},"yoast_head":"<!-- This site is optimized with the Yoast SEO plugin v28.4 - https:\/\/yoast.com\/product\/yoast-seo-wordpress\/ -->\n<title>Lo que debes saber sobre el pan - El Diario - Bolivia<\/title>\n<meta name=\"robots\" content=\"index, follow, max-snippet:-1, max-image-preview:large, max-video-preview:-1\" \/>\n<link rel=\"canonical\" href=\"https:\/\/www.eldiario.net\/portal\/2025\/01\/15\/lo-que-debes-saber-sobre-el-pan\/\" \/>\n<meta property=\"og:locale\" content=\"es_ES\" \/>\n<meta property=\"og:type\" content=\"article\" \/>\n<meta property=\"og:title\" content=\"Lo que debes saber sobre el pan - El Diario - Bolivia\" \/>\n<meta property=\"og:description\" content=\"Por Demi Schoenmakers, nutricionista Se sabe que el pan integral es m\u00e1s sano que el blanco, pero a menudo dudamos de su sabor. Al parecer, no es necesario, ya que una nueva investigaci\u00f3n demuestra que cada vez m\u00e1s encontramos el pan integral igual de sabroso que el pan blanco. Investigaci\u00f3n sobre el pan integral Un [&hellip;]\" \/>\n<meta property=\"og:url\" content=\"https:\/\/www.eldiario.net\/portal\/2025\/01\/15\/lo-que-debes-saber-sobre-el-pan\/\" \/>\n<meta property=\"og:site_name\" content=\"El Diario - Bolivia\" \/>\n<meta property=\"article:publisher\" content=\"https:\/\/www.facebook.com\/eldiario.bolivia\/\" \/>\n<meta property=\"article:published_time\" content=\"2025-01-15T10:30:28+00:00\" \/>\n<meta property=\"og:image\" content=\"https:\/\/www.eldiario.net\/portal\/wp-content\/uploads\/2025\/01\/NOTA-2-FOTO.jpg\" \/>\n\t<meta property=\"og:image:width\" content=\"1060\" \/>\n\t<meta property=\"og:image:height\" content=\"550\" \/>\n\t<meta property=\"og:image:type\" content=\"image\/jpeg\" \/>\n<meta name=\"author\" content=\"Jeanette\" \/>\n<meta name=\"twitter:card\" content=\"summary_large_image\" \/>\n<meta name=\"twitter:creator\" content=\"@eldiario_net\" \/>\n<meta name=\"twitter:site\" content=\"@eldiario_net\" \/>\n<meta name=\"twitter:label1\" content=\"Escrito por\" \/>\n\t<meta name=\"twitter:data1\" content=\"Jeanette\" \/>\n\t<meta name=\"twitter:label2\" content=\"Tiempo de lectura\" \/>\n\t<meta name=\"twitter:data2\" content=\"4 minutos\" \/>\n<script type=\"application\/ld+json\" class=\"yoast-schema-graph\">{\"@context\":\"https:\\\/\\\/schema.org\",\"@graph\":[{\"@type\":\"Article\",\"@id\":\"https:\\\/\\\/www.eldiario.net\\\/portal\\\/2025\\\/01\\\/15\\\/lo-que-debes-saber-sobre-el-pan\\\/#article\",\"isPartOf\":{\"@id\":\"https:\\\/\\\/www.eldiario.net\\\/portal\\\/2025\\\/01\\\/15\\\/lo-que-debes-saber-sobre-el-pan\\\/\"},\"author\":{\"name\":\"Jeanette\",\"@id\":\"https:\\\/\\\/www.eldiario.net\\\/portal\\\/#\\\/schema\\\/person\\\/f46445640444750d7d753ccd04ae01b7\"},\"headline\":\"Lo que debes saber sobre el pan\",\"datePublished\":\"2025-01-15T10:30:28+00:00\",\"mainEntityOfPage\":{\"@id\":\"https:\\\/\\\/www.eldiario.net\\\/portal\\\/2025\\\/01\\\/15\\\/lo-que-debes-saber-sobre-el-pan\\\/\"},\"wordCount\":712,\"publisher\":{\"@id\":\"https:\\\/\\\/www.eldiario.net\\\/portal\\\/#organization\"},\"image\":{\"@id\":\"https:\\\/\\\/www.eldiario.net\\\/portal\\\/2025\\\/01\\\/15\\\/lo-que-debes-saber-sobre-el-pan\\\/#primaryimage\"},\"thumbnailUrl\":\"https:\\\/\\\/www.eldiario.net\\\/portal\\\/wp-content\\\/uploads\\\/2025\\\/01\\\/NOTA-2-FOTO.jpg\",\"articleSection\":[\"Femenina\"],\"inLanguage\":\"es\"},{\"@type\":\"WebPage\",\"@id\":\"https:\\\/\\\/www.eldiario.net\\\/portal\\\/2025\\\/01\\\/15\\\/lo-que-debes-saber-sobre-el-pan\\\/\",\"url\":\"https:\\\/\\\/www.eldiario.net\\\/portal\\\/2025\\\/01\\\/15\\\/lo-que-debes-saber-sobre-el-pan\\\/\",\"name\":\"Lo que debes saber sobre el pan - El Diario - Bolivia\",\"isPartOf\":{\"@id\":\"https:\\\/\\\/www.eldiario.net\\\/portal\\\/#website\"},\"primaryImageOfPage\":{\"@id\":\"https:\\\/\\\/www.eldiario.net\\\/portal\\\/2025\\\/01\\\/15\\\/lo-que-debes-saber-sobre-el-pan\\\/#primaryimage\"},\"image\":{\"@id\":\"https:\\\/\\\/www.eldiario.net\\\/portal\\\/2025\\\/01\\\/15\\\/lo-que-debes-saber-sobre-el-pan\\\/#primaryimage\"},\"thumbnailUrl\":\"https:\\\/\\\/www.eldiario.net\\\/portal\\\/wp-content\\\/uploads\\\/2025\\\/01\\\/NOTA-2-FOTO.jpg\",\"datePublished\":\"2025-01-15T10:30:28+00:00\",\"breadcrumb\":{\"@id\":\"https:\\\/\\\/www.eldiario.net\\\/portal\\\/2025\\\/01\\\/15\\\/lo-que-debes-saber-sobre-el-pan\\\/#breadcrumb\"},\"inLanguage\":\"es\",\"potentialAction\":[{\"@type\":\"ReadAction\",\"target\":[\"https:\\\/\\\/www.eldiario.net\\\/portal\\\/2025\\\/01\\\/15\\\/lo-que-debes-saber-sobre-el-pan\\\/\"]}]},{\"@type\":\"ImageObject\",\"inLanguage\":\"es\",\"@id\":\"https:\\\/\\\/www.eldiario.net\\\/portal\\\/2025\\\/01\\\/15\\\/lo-que-debes-saber-sobre-el-pan\\\/#primaryimage\",\"url\":\"https:\\\/\\\/www.eldiario.net\\\/portal\\\/wp-content\\\/uploads\\\/2025\\\/01\\\/NOTA-2-FOTO.jpg\",\"contentUrl\":\"https:\\\/\\\/www.eldiario.net\\\/portal\\\/wp-content\\\/uploads\\\/2025\\\/01\\\/NOTA-2-FOTO.jpg\",\"width\":1060,\"height\":550,\"caption\":\"EL PAN INTEGRAL SE ELABORA CON UNA COMBINACI\u00d3N DE HARINA Y HARINA INTEGRAL, MIENTRAS QUE EL PAN INTEGRAL NEGRO SIEMPRE CONTIENE UN 100% DE HARINA INTEGRAL.\"},{\"@type\":\"BreadcrumbList\",\"@id\":\"https:\\\/\\\/www.eldiario.net\\\/portal\\\/2025\\\/01\\\/15\\\/lo-que-debes-saber-sobre-el-pan\\\/#breadcrumb\",\"itemListElement\":[{\"@type\":\"ListItem\",\"position\":1,\"name\":\"Portada\",\"item\":\"https:\\\/\\\/www.eldiario.net\\\/portal\\\/\"},{\"@type\":\"ListItem\",\"position\":2,\"name\":\"Lo que debes saber sobre el pan\"}]},{\"@type\":\"WebSite\",\"@id\":\"https:\\\/\\\/www.eldiario.net\\\/portal\\\/#website\",\"url\":\"https:\\\/\\\/www.eldiario.net\\\/portal\\\/\",\"name\":\"El Diario - Decano de la prensa nacional\",\"description\":\"El Diario - Decano de la prensa nacional\",\"publisher\":{\"@id\":\"https:\\\/\\\/www.eldiario.net\\\/portal\\\/#organization\"},\"potentialAction\":[{\"@type\":\"SearchAction\",\"target\":{\"@type\":\"EntryPoint\",\"urlTemplate\":\"https:\\\/\\\/www.eldiario.net\\\/portal\\\/?s={search_term_string}\"},\"query-input\":{\"@type\":\"PropertyValueSpecification\",\"valueRequired\":true,\"valueName\":\"search_term_string\"}}],\"inLanguage\":\"es\"},{\"@type\":\"Organization\",\"@id\":\"https:\\\/\\\/www.eldiario.net\\\/portal\\\/#organization\",\"name\":\"El Diario - Decano de la prensa nacional\",\"url\":\"https:\\\/\\\/www.eldiario.net\\\/portal\\\/\",\"logo\":{\"@type\":\"ImageObject\",\"inLanguage\":\"es\",\"@id\":\"https:\\\/\\\/www.eldiario.net\\\/portal\\\/#\\\/schema\\\/logo\\\/image\\\/\",\"url\":\"https:\\\/\\\/www.eldiario.net\\\/portal\\\/wp-content\\\/uploads\\\/2023\\\/07\\\/logo_ED.jpg\",\"contentUrl\":\"https:\\\/\\\/www.eldiario.net\\\/portal\\\/wp-content\\\/uploads\\\/2023\\\/07\\\/logo_ED.jpg\",\"width\":272,\"height\":52,\"caption\":\"El Diario - Decano de la prensa nacional\"},\"image\":{\"@id\":\"https:\\\/\\\/www.eldiario.net\\\/portal\\\/#\\\/schema\\\/logo\\\/image\\\/\"},\"sameAs\":[\"https:\\\/\\\/www.facebook.com\\\/eldiario.bolivia\\\/\",\"https:\\\/\\\/x.com\\\/eldiario_net\"]},{\"@type\":\"Person\",\"@id\":\"https:\\\/\\\/www.eldiario.net\\\/portal\\\/#\\\/schema\\\/person\\\/f46445640444750d7d753ccd04ae01b7\",\"name\":\"Jeanette\",\"image\":{\"@type\":\"ImageObject\",\"inLanguage\":\"es\",\"@id\":\"https:\\\/\\\/secure.gravatar.com\\\/avatar\\\/3ea2118a5f7dad2b7138b1187a6b7ee55f160b9968b66013c3a3ef39dd7e5798?s=96&d=mm&r=g\",\"url\":\"https:\\\/\\\/secure.gravatar.com\\\/avatar\\\/3ea2118a5f7dad2b7138b1187a6b7ee55f160b9968b66013c3a3ef39dd7e5798?s=96&d=mm&r=g\",\"contentUrl\":\"https:\\\/\\\/secure.gravatar.com\\\/avatar\\\/3ea2118a5f7dad2b7138b1187a6b7ee55f160b9968b66013c3a3ef39dd7e5798?s=96&d=mm&r=g\",\"caption\":\"Jeanette\"},\"sameAs\":[\"https:\\\/\\\/www.eldiario.net\\\/portal\"],\"url\":\"https:\\\/\\\/www.eldiario.net\\\/portal\\\/author\\\/jeanette\\\/\"}]}<\/script>\n<!-- \/ Yoast SEO plugin. -->","yoast_head_json":{"title":"Lo que debes saber sobre el pan - El Diario - Bolivia","robots":{"index":"index","follow":"follow","max-snippet":"max-snippet:-1","max-image-preview":"max-image-preview:large","max-video-preview":"max-video-preview:-1"},"canonical":"https:\/\/www.eldiario.net\/portal\/2025\/01\/15\/lo-que-debes-saber-sobre-el-pan\/","og_locale":"es_ES","og_type":"article","og_title":"Lo que debes saber sobre el pan - El Diario - Bolivia","og_description":"Por Demi Schoenmakers, nutricionista Se sabe que el pan integral es m\u00e1s sano que el blanco, pero a menudo dudamos de su sabor. Al parecer, no es necesario, ya que una nueva investigaci\u00f3n demuestra que cada vez m\u00e1s encontramos el pan integral igual de sabroso que el pan blanco. Investigaci\u00f3n sobre el pan integral Un [&hellip;]","og_url":"https:\/\/www.eldiario.net\/portal\/2025\/01\/15\/lo-que-debes-saber-sobre-el-pan\/","og_site_name":"El Diario - Bolivia","article_publisher":"https:\/\/www.facebook.com\/eldiario.bolivia\/","article_published_time":"2025-01-15T10:30:28+00:00","og_image":[{"width":1060,"height":550,"url":"https:\/\/www.eldiario.net\/portal\/wp-content\/uploads\/2025\/01\/NOTA-2-FOTO.jpg","type":"image\/jpeg"}],"author":"Jeanette","twitter_card":"summary_large_image","twitter_creator":"@eldiario_net","twitter_site":"@eldiario_net","twitter_misc":{"Escrito por":"Jeanette","Tiempo de lectura":"4 minutos"},"schema":{"@context":"https:\/\/schema.org","@graph":[{"@type":"Article","@id":"https:\/\/www.eldiario.net\/portal\/2025\/01\/15\/lo-que-debes-saber-sobre-el-pan\/#article","isPartOf":{"@id":"https:\/\/www.eldiario.net\/portal\/2025\/01\/15\/lo-que-debes-saber-sobre-el-pan\/"},"author":{"name":"Jeanette","@id":"https:\/\/www.eldiario.net\/portal\/#\/schema\/person\/f46445640444750d7d753ccd04ae01b7"},"headline":"Lo que debes saber sobre el pan","datePublished":"2025-01-15T10:30:28+00:00","mainEntityOfPage":{"@id":"https:\/\/www.eldiario.net\/portal\/2025\/01\/15\/lo-que-debes-saber-sobre-el-pan\/"},"wordCount":712,"publisher":{"@id":"https:\/\/www.eldiario.net\/portal\/#organization"},"image":{"@id":"https:\/\/www.eldiario.net\/portal\/2025\/01\/15\/lo-que-debes-saber-sobre-el-pan\/#primaryimage"},"thumbnailUrl":"https:\/\/www.eldiario.net\/portal\/wp-content\/uploads\/2025\/01\/NOTA-2-FOTO.jpg","articleSection":["Femenina"],"inLanguage":"es"},{"@type":"WebPage","@id":"https:\/\/www.eldiario.net\/portal\/2025\/01\/15\/lo-que-debes-saber-sobre-el-pan\/","url":"https:\/\/www.eldiario.net\/portal\/2025\/01\/15\/lo-que-debes-saber-sobre-el-pan\/","name":"Lo que debes saber sobre el pan - El Diario - Bolivia","isPartOf":{"@id":"https:\/\/www.eldiario.net\/portal\/#website"},"primaryImageOfPage":{"@id":"https:\/\/www.eldiario.net\/portal\/2025\/01\/15\/lo-que-debes-saber-sobre-el-pan\/#primaryimage"},"image":{"@id":"https:\/\/www.eldiario.net\/portal\/2025\/01\/15\/lo-que-debes-saber-sobre-el-pan\/#primaryimage"},"thumbnailUrl":"https:\/\/www.eldiario.net\/portal\/wp-content\/uploads\/2025\/01\/NOTA-2-FOTO.jpg","datePublished":"2025-01-15T10:30:28+00:00","breadcrumb":{"@id":"https:\/\/www.eldiario.net\/portal\/2025\/01\/15\/lo-que-debes-saber-sobre-el-pan\/#breadcrumb"},"inLanguage":"es","potentialAction":[{"@type":"ReadAction","target":["https:\/\/www.eldiario.net\/portal\/2025\/01\/15\/lo-que-debes-saber-sobre-el-pan\/"]}]},{"@type":"ImageObject","inLanguage":"es","@id":"https:\/\/www.eldiario.net\/portal\/2025\/01\/15\/lo-que-debes-saber-sobre-el-pan\/#primaryimage","url":"https:\/\/www.eldiario.net\/portal\/wp-content\/uploads\/2025\/01\/NOTA-2-FOTO.jpg","contentUrl":"https:\/\/www.eldiario.net\/portal\/wp-content\/uploads\/2025\/01\/NOTA-2-FOTO.jpg","width":1060,"height":550,"caption":"EL PAN INTEGRAL SE ELABORA CON UNA COMBINACI\u00d3N DE HARINA Y HARINA INTEGRAL, MIENTRAS QUE EL PAN INTEGRAL NEGRO SIEMPRE CONTIENE UN 100% DE HARINA INTEGRAL."},{"@type":"BreadcrumbList","@id":"https:\/\/www.eldiario.net\/portal\/2025\/01\/15\/lo-que-debes-saber-sobre-el-pan\/#breadcrumb","itemListElement":[{"@type":"ListItem","position":1,"name":"Portada","item":"https:\/\/www.eldiario.net\/portal\/"},{"@type":"ListItem","position":2,"name":"Lo que debes saber sobre el pan"}]},{"@type":"WebSite","@id":"https:\/\/www.eldiario.net\/portal\/#website","url":"https:\/\/www.eldiario.net\/portal\/","name":"El Diario - Decano de la prensa nacional","description":"El Diario - Decano de la prensa nacional","publisher":{"@id":"https:\/\/www.eldiario.net\/portal\/#organization"},"potentialAction":[{"@type":"SearchAction","target":{"@type":"EntryPoint","urlTemplate":"https:\/\/www.eldiario.net\/portal\/?s={search_term_string}"},"query-input":{"@type":"PropertyValueSpecification","valueRequired":true,"valueName":"search_term_string"}}],"inLanguage":"es"},{"@type":"Organization","@id":"https:\/\/www.eldiario.net\/portal\/#organization","name":"El Diario - Decano de la prensa nacional","url":"https:\/\/www.eldiario.net\/portal\/","logo":{"@type":"ImageObject","inLanguage":"es","@id":"https:\/\/www.eldiario.net\/portal\/#\/schema\/logo\/image\/","url":"https:\/\/www.eldiario.net\/portal\/wp-content\/uploads\/2023\/07\/logo_ED.jpg","contentUrl":"https:\/\/www.eldiario.net\/portal\/wp-content\/uploads\/2023\/07\/logo_ED.jpg","width":272,"height":52,"caption":"El Diario - Decano de la prensa nacional"},"image":{"@id":"https:\/\/www.eldiario.net\/portal\/#\/schema\/logo\/image\/"},"sameAs":["https:\/\/www.facebook.com\/eldiario.bolivia\/","https:\/\/x.com\/eldiario_net"]},{"@type":"Person","@id":"https:\/\/www.eldiario.net\/portal\/#\/schema\/person\/f46445640444750d7d753ccd04ae01b7","name":"Jeanette","image":{"@type":"ImageObject","inLanguage":"es","@id":"https:\/\/secure.gravatar.com\/avatar\/3ea2118a5f7dad2b7138b1187a6b7ee55f160b9968b66013c3a3ef39dd7e5798?s=96&d=mm&r=g","url":"https:\/\/secure.gravatar.com\/avatar\/3ea2118a5f7dad2b7138b1187a6b7ee55f160b9968b66013c3a3ef39dd7e5798?s=96&d=mm&r=g","contentUrl":"https:\/\/secure.gravatar.com\/avatar\/3ea2118a5f7dad2b7138b1187a6b7ee55f160b9968b66013c3a3ef39dd7e5798?s=96&d=mm&r=g","caption":"Jeanette"},"sameAs":["https:\/\/www.eldiario.net\/portal"],"url":"https:\/\/www.eldiario.net\/portal\/author\/jeanette\/"}]}},"_links":{"self":[{"href":"https:\/\/www.eldiario.net\/portal\/wp-json\/wp\/v2\/posts\/274865","targetHints":{"allow":["GET"]}}],"collection":[{"href":"https:\/\/www.eldiario.net\/portal\/wp-json\/wp\/v2\/posts"}],"about":[{"href":"https:\/\/www.eldiario.net\/portal\/wp-json\/wp\/v2\/types\/post"}],"author":[{"embeddable":true,"href":"https:\/\/www.eldiario.net\/portal\/wp-json\/wp\/v2\/users\/1"}],"replies":[{"embeddable":true,"href":"https:\/\/www.eldiario.net\/portal\/wp-json\/wp\/v2\/comments?post=274865"}],"version-history":[{"count":1,"href":"https:\/\/www.eldiario.net\/portal\/wp-json\/wp\/v2\/posts\/274865\/revisions"}],"predecessor-version":[{"id":274867,"href":"https:\/\/www.eldiario.net\/portal\/wp-json\/wp\/v2\/posts\/274865\/revisions\/274867"}],"wp:featuredmedia":[{"embeddable":true,"href":"https:\/\/www.eldiario.net\/portal\/wp-json\/wp\/v2\/media\/274866"}],"wp:attachment":[{"href":"https:\/\/www.eldiario.net\/portal\/wp-json\/wp\/v2\/media?parent=274865"}],"wp:term":[{"taxonomy":"category","embeddable":true,"href":"https:\/\/www.eldiario.net\/portal\/wp-json\/wp\/v2\/categories?post=274865"},{"taxonomy":"post_tag","embeddable":true,"href":"https:\/\/www.eldiario.net\/portal\/wp-json\/wp\/v2\/tags?post=274865"}],"curies":[{"name":"wp","href":"https:\/\/api.w.org\/{rel}","templated":true}]}}