{"id":274857,"date":"2025-01-15T06:28:24","date_gmt":"2025-01-15T10:28:24","guid":{"rendered":"https:\/\/www.eldiario.net\/portal\/?p=274857"},"modified":"2025-01-15T06:28:24","modified_gmt":"2025-01-15T10:28:24","slug":"ajiaco-santafereno","status":"publish","type":"post","link":"https:\/\/www.eldiario.net\/portal\/2025\/01\/15\/ajiaco-santafereno\/","title":{"rendered":"AJIACO SANTAFERE\u00d1O"},"content":{"rendered":"<p>Queridos lectores, comenzamos la primera quincena del primer mes del a\u00f1o y traigo para ustedes novedades en torno a nuestro viaje culinario por el mundo, desde la perspectiva de platos de las regiones de acuerdo a ingredientes de temporada, y es as\u00ed que comenzamos con un pa\u00eds maravilloso que se rob\u00f3 bocado a bocado un pedacito de mi coraz\u00f3n gastron\u00f3mico al conocerlo: Colombia.<\/p>\n<p>El Ajiaco Santafere\u00f1o es mucho m\u00e1s que un plato, es una expresi\u00f3n cultural profundamente arraigada cundiboyacense, donde la ciudad de Bogot\u00e1 se alza como epicentro de tradiciones y sabores. Este emblem\u00e1tico guiso de la gastronom\u00eda colombiana tiene sus ra\u00edces en la \u00e9poca precolombina, cuando los pueblos ind\u00edgenas muiscas, habitantes originarios de la regi\u00f3n, empleaban las papas como base de su alimentaci\u00f3n. Con la llegada de los colonizadores espa\u00f1oles, la receta se enriqueci\u00f3 con la introducci\u00f3n del pollo y otros ingredientes europeos, dando origen a la versi\u00f3n que conocemos hoy.<\/p>\n<p>El t\u00e9rmino ajiaco proviene de la palabra ind\u00edgena aj\u00ed, aunque el plato bogotano no contiene el picante que podr\u00eda sugerir su nombre. En cambio, se destaca por la incorporaci\u00f3n de tres variedades de papa: criolla, que se deshace para espesar el caldo, sabanera, que mantiene su textura y pastusa, que a\u00f1ade sustancia. A este conjunto se suman las guascas (Galinsoga parviflora), una hierba arom\u00e1tica end\u00e9mica de la regi\u00f3n que otorga al plato su sabor inconfundible.<\/p>\n<p>El Ajiaco Santafere\u00f1o queridos lectores es especialmente significativo durante el inicio del a\u00f1o, cuando las temperaturas invitan a buscar platos c\u00e1lidos y reconfortantes. En esta \u00e9poca, las familias colombianas se re\u00fanen para celebrar el cierre de las festividades decembrinas y dar la bienvenida a los nuevos comienzos. Este plato se sirve como s\u00edmbolo de uni\u00f3n y calidez, y su preparaci\u00f3n, que requiere paciencia y atenci\u00f3n, se convierte en una actividad comunitaria que estrecha lazos familiares.<\/p>\n<p>El Ajiaco no es solo comida, es memoria. Cada cucharada cuenta una historia, desde la cosecha de las papas hasta la preparaci\u00f3n del caldo. La mazorca de ma\u00edz y los acompa\u00f1amientos de crema de leche, alcaparras y aguacate remiten a un legado culinario que conecta generaciones. En este inicio de a\u00f1o, nada mejor que dejarse envolver por su sabor para recordar el pasado y so\u00f1ar con un futuro lleno de momentos compartidos alrededor de la mesa.<\/p>\n<p>\u00a1Disfruten al preparar la receta!<\/p>\n<p><strong>AJIACO SANTAFERE\u00d1O<\/strong><\/p>\n<p><strong>Ingredientes:<\/strong><\/p>\n<p><strong>Para el caldo:<\/strong><\/p>\n<p>3 pechugas de pollo (con hueso, para mayor sabor)<\/p>\n<p>3 litros de agua<\/p>\n<p>2 mazorcas de ma\u00edz (cortadas en 3 partes cada una)<\/p>\n<p>2 ramas de cebolla larga (ceboll\u00edn)<\/p>\n<p>2 u. dientes de ajo<\/p>\n<p>1 cucharilla de sal<\/p>\n<p>1\/2 cucharilla de pimienta negra<\/p>\n<p><strong>Para el guiso principal:<\/strong><\/p>\n<p>6 papas criollas (peque\u00f1as, peladas)<\/p>\n<p>6 papas sabaneras (peladas y cortadas en rodajas)<\/p>\n<p>6 papas pastusas (peladas y cortadas en trozos medianos)<\/p>\n<p>2 ramas de guascas (o 1 cucharada de guascas deshidratadas)<\/p>\n<p>1\/2 taza de alcaparras (opcional, para servir)<\/p>\n<p>1 taza de crema de leche (opcional, para servir)<\/p>\n<p>1 palta madura (en rodajas o cubos, para servir)<\/p>\n<p><strong>Preparaci\u00f3n:<\/strong><\/p>\n<p>En una olla grande, colocar el agua, las pechugas de pollo, la cebolla larga, los dientes de ajo, las mazorcas de ma\u00edz, la sal y la pimienta.<\/p>\n<p>Cocinar a fuego medio durante 40-50 minutos, retirando la espuma que se forma en la superficie para obtener un caldo limpio y claro.<\/p>\n<p>Una vez listo, retirar las pechugas de pollo y las mazorcas. Desmenuzar el pollo en tiras grandes y reservar.<\/p>\n<p>Al caldo base, agregar las papas criollas, sabaneras y pastusas. Cocinar a fuego medio durante 30-40 minutos, o hasta que las papas criollas se deshagan por completo, espesando el caldo.<\/p>\n<p>A\u00f1adir las guascas y continuar cocinando durante 10 minutos adicionales para que liberen su aroma caracter\u00edstico.<\/p>\n<p>Regresar las tiras de pollo desmenuzado y las mazorcas al caldo. Cocinar por 5-10 minutos m\u00e1s, ajustando la sal si es necesario.<\/p>\n<p><strong>Servir:<\/strong><\/p>\n<p>Servir el ajiaco caliente en platos hondos y ofrecer como acompa\u00f1amientos las alcaparras, la crema de leche y la palta, para que cada comensal personalice su plato.<\/p>\n<p>Acompa\u00f1ar con arroz blanco o pan r\u00fastico, si lo desea.<\/p>\n<p>&nbsp;<\/p>\n<p>Este Ajiaco, con sus sabores complejos y reconfortantes, es ideal para disfrutar en familia o con amigos en un d\u00eda fresco.<\/p>\n<p>\u00bfListos para llevar la tradici\u00f3n colombiana a su mesa?<\/p>\n<p>Queridos lectores hasta la pr\u00f3xima cucharada de sabidur\u00eda gastron\u00f3mica y no olviden que:<\/p>\n<p>\u201cLa gastronom\u00eda hecha con amor, f\u00edsica, qu\u00edmica y biol\u00f3gicamente sabe mejor\u201d<\/p>\n<p>Chef Franz R. Arandia Belmonte<\/p>\n<p>&nbsp;<\/p>\n<p>Gastr\u00f3nomo Profesional e Investigador Gastron\u00f3mico<\/p>\n<p>Facebook Fan Page: Chef Ara\u00f1a<\/p>\n<p>Facebook: Paladar Mundial Un Gusto Surreal<\/p>\n<p>Blog: Gastrobiologia.wordpress.com<\/p>\n<p>Instagram: Arana_del_monte<\/p>\n<p>Tik tok: chef.aranha<\/p>\n<figure id=\"attachment_274859\" aria-describedby=\"caption-attachment-274859\" style=\"width: 612px\" class=\"wp-caption aligncenter\"><img loading=\"lazy\" decoding=\"async\" class=\"size-full wp-image-274859\" src=\"https:\/\/www.eldiario.net\/portal\/wp-content\/uploads\/2025\/01\/NOTA-4-FOTO-2-1.jpeg\" alt=\"\" width=\"612\" height=\"612\" srcset=\"https:\/\/www.eldiario.net\/portal\/wp-content\/uploads\/2025\/01\/NOTA-4-FOTO-2-1.jpeg 612w, https:\/\/www.eldiario.net\/portal\/wp-content\/uploads\/2025\/01\/NOTA-4-FOTO-2-1-300x300.jpeg 300w, https:\/\/www.eldiario.net\/portal\/wp-content\/uploads\/2025\/01\/NOTA-4-FOTO-2-1-150x150.jpeg 150w, https:\/\/www.eldiario.net\/portal\/wp-content\/uploads\/2025\/01\/NOTA-4-FOTO-2-1-420x420.jpeg 420w\" sizes=\"auto, (max-width: 612px) 100vw, 612px\" \/><figcaption id=\"caption-attachment-274859\" class=\"wp-caption-text\">CHEF FRANZ ARANDIA<\/figcaption><\/figure>\n<p>&nbsp;<\/p>\n","protected":false},"excerpt":{"rendered":"<p>Queridos lectores, comenzamos la primera quincena del primer mes del a\u00f1o y traigo para ustedes novedades en torno a nuestro viaje culinario por el mundo, desde la perspectiva de platos de las regiones de acuerdo a ingredientes de temporada, y es as\u00ed que comenzamos con un pa\u00eds maravilloso que se rob\u00f3 bocado a bocado un [&hellip;]<\/p>\n","protected":false},"author":1,"featured_media":274858,"comment_status":"closed","ping_status":"open","sticky":false,"template":"","format":"standard","meta":{"_acf_changed":false,"footnotes":""},"categories":[42],"tags":[],"class_list":["post-274857","post","type-post","status-publish","format-standard","has-post-thumbnail","category-femenina"],"acf":{"antetitulo":"Gastronom\u00eda"},"yoast_head":"<!-- This site is optimized with the Yoast SEO plugin v28.4 - https:\/\/yoast.com\/product\/yoast-seo-wordpress\/ -->\n<title>AJIACO SANTAFERE\u00d1O - El Diario - Bolivia<\/title>\n<meta name=\"robots\" content=\"index, follow, max-snippet:-1, max-image-preview:large, max-video-preview:-1\" \/>\n<link rel=\"canonical\" href=\"https:\/\/www.eldiario.net\/portal\/2025\/01\/15\/ajiaco-santafereno\/\" \/>\n<meta property=\"og:locale\" content=\"es_ES\" \/>\n<meta property=\"og:type\" content=\"article\" \/>\n<meta property=\"og:title\" content=\"AJIACO SANTAFERE\u00d1O - El Diario - Bolivia\" \/>\n<meta property=\"og:description\" content=\"Queridos lectores, comenzamos la primera quincena del primer mes del a\u00f1o y traigo para ustedes novedades en torno a nuestro viaje culinario por el mundo, desde la perspectiva de platos de las regiones de acuerdo a ingredientes de temporada, y es as\u00ed que comenzamos con un pa\u00eds maravilloso que se rob\u00f3 bocado a bocado un [&hellip;]\" \/>\n<meta property=\"og:url\" content=\"https:\/\/www.eldiario.net\/portal\/2025\/01\/15\/ajiaco-santafereno\/\" \/>\n<meta property=\"og:site_name\" content=\"El Diario - Bolivia\" \/>\n<meta property=\"article:publisher\" content=\"https:\/\/www.facebook.com\/eldiario.bolivia\/\" \/>\n<meta property=\"article:published_time\" content=\"2025-01-15T10:28:24+00:00\" \/>\n<meta property=\"og:image\" content=\"https:\/\/www.eldiario.net\/portal\/wp-content\/uploads\/2025\/01\/NOTA-4-FOTO-1-1.jpg\" \/>\n\t<meta property=\"og:image:width\" content=\"768\" \/>\n\t<meta property=\"og:image:height\" content=\"480\" \/>\n\t<meta property=\"og:image:type\" content=\"image\/jpeg\" \/>\n<meta name=\"author\" content=\"Jeanette\" \/>\n<meta name=\"twitter:card\" content=\"summary_large_image\" \/>\n<meta name=\"twitter:creator\" content=\"@eldiario_net\" \/>\n<meta name=\"twitter:site\" content=\"@eldiario_net\" \/>\n<meta name=\"twitter:label1\" content=\"Escrito por\" \/>\n\t<meta name=\"twitter:data1\" content=\"Jeanette\" \/>\n\t<meta name=\"twitter:label2\" content=\"Tiempo de lectura\" \/>\n\t<meta name=\"twitter:data2\" content=\"4 minutos\" \/>\n<script type=\"application\/ld+json\" class=\"yoast-schema-graph\">{\"@context\":\"https:\\\/\\\/schema.org\",\"@graph\":[{\"@type\":\"Article\",\"@id\":\"https:\\\/\\\/www.eldiario.net\\\/portal\\\/2025\\\/01\\\/15\\\/ajiaco-santafereno\\\/#article\",\"isPartOf\":{\"@id\":\"https:\\\/\\\/www.eldiario.net\\\/portal\\\/2025\\\/01\\\/15\\\/ajiaco-santafereno\\\/\"},\"author\":{\"name\":\"Jeanette\",\"@id\":\"https:\\\/\\\/www.eldiario.net\\\/portal\\\/#\\\/schema\\\/person\\\/f46445640444750d7d753ccd04ae01b7\"},\"headline\":\"AJIACO SANTAFERE\u00d1O\",\"datePublished\":\"2025-01-15T10:28:24+00:00\",\"mainEntityOfPage\":{\"@id\":\"https:\\\/\\\/www.eldiario.net\\\/portal\\\/2025\\\/01\\\/15\\\/ajiaco-santafereno\\\/\"},\"wordCount\":816,\"publisher\":{\"@id\":\"https:\\\/\\\/www.eldiario.net\\\/portal\\\/#organization\"},\"image\":{\"@id\":\"https:\\\/\\\/www.eldiario.net\\\/portal\\\/2025\\\/01\\\/15\\\/ajiaco-santafereno\\\/#primaryimage\"},\"thumbnailUrl\":\"https:\\\/\\\/www.eldiario.net\\\/portal\\\/wp-content\\\/uploads\\\/2025\\\/01\\\/NOTA-4-FOTO-1-1.jpg\",\"articleSection\":[\"Femenina\"],\"inLanguage\":\"es\"},{\"@type\":\"WebPage\",\"@id\":\"https:\\\/\\\/www.eldiario.net\\\/portal\\\/2025\\\/01\\\/15\\\/ajiaco-santafereno\\\/\",\"url\":\"https:\\\/\\\/www.eldiario.net\\\/portal\\\/2025\\\/01\\\/15\\\/ajiaco-santafereno\\\/\",\"name\":\"AJIACO SANTAFERE\u00d1O - El Diario - Bolivia\",\"isPartOf\":{\"@id\":\"https:\\\/\\\/www.eldiario.net\\\/portal\\\/#website\"},\"primaryImageOfPage\":{\"@id\":\"https:\\\/\\\/www.eldiario.net\\\/portal\\\/2025\\\/01\\\/15\\\/ajiaco-santafereno\\\/#primaryimage\"},\"image\":{\"@id\":\"https:\\\/\\\/www.eldiario.net\\\/portal\\\/2025\\\/01\\\/15\\\/ajiaco-santafereno\\\/#primaryimage\"},\"thumbnailUrl\":\"https:\\\/\\\/www.eldiario.net\\\/portal\\\/wp-content\\\/uploads\\\/2025\\\/01\\\/NOTA-4-FOTO-1-1.jpg\",\"datePublished\":\"2025-01-15T10:28:24+00:00\",\"breadcrumb\":{\"@id\":\"https:\\\/\\\/www.eldiario.net\\\/portal\\\/2025\\\/01\\\/15\\\/ajiaco-santafereno\\\/#breadcrumb\"},\"inLanguage\":\"es\",\"potentialAction\":[{\"@type\":\"ReadAction\",\"target\":[\"https:\\\/\\\/www.eldiario.net\\\/portal\\\/2025\\\/01\\\/15\\\/ajiaco-santafereno\\\/\"]}]},{\"@type\":\"ImageObject\",\"inLanguage\":\"es\",\"@id\":\"https:\\\/\\\/www.eldiario.net\\\/portal\\\/2025\\\/01\\\/15\\\/ajiaco-santafereno\\\/#primaryimage\",\"url\":\"https:\\\/\\\/www.eldiario.net\\\/portal\\\/wp-content\\\/uploads\\\/2025\\\/01\\\/NOTA-4-FOTO-1-1.jpg\",\"contentUrl\":\"https:\\\/\\\/www.eldiario.net\\\/portal\\\/wp-content\\\/uploads\\\/2025\\\/01\\\/NOTA-4-FOTO-1-1.jpg\",\"width\":768,\"height\":480,\"caption\":\"AJIACO SANTAFERE\u00d1O\"},{\"@type\":\"BreadcrumbList\",\"@id\":\"https:\\\/\\\/www.eldiario.net\\\/portal\\\/2025\\\/01\\\/15\\\/ajiaco-santafereno\\\/#breadcrumb\",\"itemListElement\":[{\"@type\":\"ListItem\",\"position\":1,\"name\":\"Portada\",\"item\":\"https:\\\/\\\/www.eldiario.net\\\/portal\\\/\"},{\"@type\":\"ListItem\",\"position\":2,\"name\":\"AJIACO SANTAFERE\u00d1O\"}]},{\"@type\":\"WebSite\",\"@id\":\"https:\\\/\\\/www.eldiario.net\\\/portal\\\/#website\",\"url\":\"https:\\\/\\\/www.eldiario.net\\\/portal\\\/\",\"name\":\"El Diario - Decano de la prensa nacional\",\"description\":\"El Diario - Decano de la prensa nacional\",\"publisher\":{\"@id\":\"https:\\\/\\\/www.eldiario.net\\\/portal\\\/#organization\"},\"potentialAction\":[{\"@type\":\"SearchAction\",\"target\":{\"@type\":\"EntryPoint\",\"urlTemplate\":\"https:\\\/\\\/www.eldiario.net\\\/portal\\\/?s={search_term_string}\"},\"query-input\":{\"@type\":\"PropertyValueSpecification\",\"valueRequired\":true,\"valueName\":\"search_term_string\"}}],\"inLanguage\":\"es\"},{\"@type\":\"Organization\",\"@id\":\"https:\\\/\\\/www.eldiario.net\\\/portal\\\/#organization\",\"name\":\"El Diario - Decano de la prensa nacional\",\"url\":\"https:\\\/\\\/www.eldiario.net\\\/portal\\\/\",\"logo\":{\"@type\":\"ImageObject\",\"inLanguage\":\"es\",\"@id\":\"https:\\\/\\\/www.eldiario.net\\\/portal\\\/#\\\/schema\\\/logo\\\/image\\\/\",\"url\":\"https:\\\/\\\/www.eldiario.net\\\/portal\\\/wp-content\\\/uploads\\\/2023\\\/07\\\/logo_ED.jpg\",\"contentUrl\":\"https:\\\/\\\/www.eldiario.net\\\/portal\\\/wp-content\\\/uploads\\\/2023\\\/07\\\/logo_ED.jpg\",\"width\":272,\"height\":52,\"caption\":\"El Diario - Decano de la prensa nacional\"},\"image\":{\"@id\":\"https:\\\/\\\/www.eldiario.net\\\/portal\\\/#\\\/schema\\\/logo\\\/image\\\/\"},\"sameAs\":[\"https:\\\/\\\/www.facebook.com\\\/eldiario.bolivia\\\/\",\"https:\\\/\\\/x.com\\\/eldiario_net\"]},{\"@type\":\"Person\",\"@id\":\"https:\\\/\\\/www.eldiario.net\\\/portal\\\/#\\\/schema\\\/person\\\/f46445640444750d7d753ccd04ae01b7\",\"name\":\"Jeanette\",\"image\":{\"@type\":\"ImageObject\",\"inLanguage\":\"es\",\"@id\":\"https:\\\/\\\/secure.gravatar.com\\\/avatar\\\/3ea2118a5f7dad2b7138b1187a6b7ee55f160b9968b66013c3a3ef39dd7e5798?s=96&d=mm&r=g\",\"url\":\"https:\\\/\\\/secure.gravatar.com\\\/avatar\\\/3ea2118a5f7dad2b7138b1187a6b7ee55f160b9968b66013c3a3ef39dd7e5798?s=96&d=mm&r=g\",\"contentUrl\":\"https:\\\/\\\/secure.gravatar.com\\\/avatar\\\/3ea2118a5f7dad2b7138b1187a6b7ee55f160b9968b66013c3a3ef39dd7e5798?s=96&d=mm&r=g\",\"caption\":\"Jeanette\"},\"sameAs\":[\"https:\\\/\\\/www.eldiario.net\\\/portal\"],\"url\":\"https:\\\/\\\/www.eldiario.net\\\/portal\\\/author\\\/jeanette\\\/\"}]}<\/script>\n<!-- \/ Yoast SEO plugin. -->","yoast_head_json":{"title":"AJIACO SANTAFERE\u00d1O - El Diario - Bolivia","robots":{"index":"index","follow":"follow","max-snippet":"max-snippet:-1","max-image-preview":"max-image-preview:large","max-video-preview":"max-video-preview:-1"},"canonical":"https:\/\/www.eldiario.net\/portal\/2025\/01\/15\/ajiaco-santafereno\/","og_locale":"es_ES","og_type":"article","og_title":"AJIACO SANTAFERE\u00d1O - El Diario - Bolivia","og_description":"Queridos lectores, comenzamos la primera quincena del primer mes del a\u00f1o y traigo para ustedes novedades en torno a nuestro viaje culinario por el mundo, desde la perspectiva de platos de las regiones de acuerdo a ingredientes de temporada, y es as\u00ed que comenzamos con un pa\u00eds maravilloso que se rob\u00f3 bocado a bocado un [&hellip;]","og_url":"https:\/\/www.eldiario.net\/portal\/2025\/01\/15\/ajiaco-santafereno\/","og_site_name":"El Diario - Bolivia","article_publisher":"https:\/\/www.facebook.com\/eldiario.bolivia\/","article_published_time":"2025-01-15T10:28:24+00:00","og_image":[{"width":768,"height":480,"url":"https:\/\/www.eldiario.net\/portal\/wp-content\/uploads\/2025\/01\/NOTA-4-FOTO-1-1.jpg","type":"image\/jpeg"}],"author":"Jeanette","twitter_card":"summary_large_image","twitter_creator":"@eldiario_net","twitter_site":"@eldiario_net","twitter_misc":{"Escrito por":"Jeanette","Tiempo de lectura":"4 minutos"},"schema":{"@context":"https:\/\/schema.org","@graph":[{"@type":"Article","@id":"https:\/\/www.eldiario.net\/portal\/2025\/01\/15\/ajiaco-santafereno\/#article","isPartOf":{"@id":"https:\/\/www.eldiario.net\/portal\/2025\/01\/15\/ajiaco-santafereno\/"},"author":{"name":"Jeanette","@id":"https:\/\/www.eldiario.net\/portal\/#\/schema\/person\/f46445640444750d7d753ccd04ae01b7"},"headline":"AJIACO SANTAFERE\u00d1O","datePublished":"2025-01-15T10:28:24+00:00","mainEntityOfPage":{"@id":"https:\/\/www.eldiario.net\/portal\/2025\/01\/15\/ajiaco-santafereno\/"},"wordCount":816,"publisher":{"@id":"https:\/\/www.eldiario.net\/portal\/#organization"},"image":{"@id":"https:\/\/www.eldiario.net\/portal\/2025\/01\/15\/ajiaco-santafereno\/#primaryimage"},"thumbnailUrl":"https:\/\/www.eldiario.net\/portal\/wp-content\/uploads\/2025\/01\/NOTA-4-FOTO-1-1.jpg","articleSection":["Femenina"],"inLanguage":"es"},{"@type":"WebPage","@id":"https:\/\/www.eldiario.net\/portal\/2025\/01\/15\/ajiaco-santafereno\/","url":"https:\/\/www.eldiario.net\/portal\/2025\/01\/15\/ajiaco-santafereno\/","name":"AJIACO SANTAFERE\u00d1O - El Diario - Bolivia","isPartOf":{"@id":"https:\/\/www.eldiario.net\/portal\/#website"},"primaryImageOfPage":{"@id":"https:\/\/www.eldiario.net\/portal\/2025\/01\/15\/ajiaco-santafereno\/#primaryimage"},"image":{"@id":"https:\/\/www.eldiario.net\/portal\/2025\/01\/15\/ajiaco-santafereno\/#primaryimage"},"thumbnailUrl":"https:\/\/www.eldiario.net\/portal\/wp-content\/uploads\/2025\/01\/NOTA-4-FOTO-1-1.jpg","datePublished":"2025-01-15T10:28:24+00:00","breadcrumb":{"@id":"https:\/\/www.eldiario.net\/portal\/2025\/01\/15\/ajiaco-santafereno\/#breadcrumb"},"inLanguage":"es","potentialAction":[{"@type":"ReadAction","target":["https:\/\/www.eldiario.net\/portal\/2025\/01\/15\/ajiaco-santafereno\/"]}]},{"@type":"ImageObject","inLanguage":"es","@id":"https:\/\/www.eldiario.net\/portal\/2025\/01\/15\/ajiaco-santafereno\/#primaryimage","url":"https:\/\/www.eldiario.net\/portal\/wp-content\/uploads\/2025\/01\/NOTA-4-FOTO-1-1.jpg","contentUrl":"https:\/\/www.eldiario.net\/portal\/wp-content\/uploads\/2025\/01\/NOTA-4-FOTO-1-1.jpg","width":768,"height":480,"caption":"AJIACO SANTAFERE\u00d1O"},{"@type":"BreadcrumbList","@id":"https:\/\/www.eldiario.net\/portal\/2025\/01\/15\/ajiaco-santafereno\/#breadcrumb","itemListElement":[{"@type":"ListItem","position":1,"name":"Portada","item":"https:\/\/www.eldiario.net\/portal\/"},{"@type":"ListItem","position":2,"name":"AJIACO SANTAFERE\u00d1O"}]},{"@type":"WebSite","@id":"https:\/\/www.eldiario.net\/portal\/#website","url":"https:\/\/www.eldiario.net\/portal\/","name":"El Diario - Decano de la prensa nacional","description":"El Diario - Decano de la prensa nacional","publisher":{"@id":"https:\/\/www.eldiario.net\/portal\/#organization"},"potentialAction":[{"@type":"SearchAction","target":{"@type":"EntryPoint","urlTemplate":"https:\/\/www.eldiario.net\/portal\/?s={search_term_string}"},"query-input":{"@type":"PropertyValueSpecification","valueRequired":true,"valueName":"search_term_string"}}],"inLanguage":"es"},{"@type":"Organization","@id":"https:\/\/www.eldiario.net\/portal\/#organization","name":"El Diario - Decano de la prensa nacional","url":"https:\/\/www.eldiario.net\/portal\/","logo":{"@type":"ImageObject","inLanguage":"es","@id":"https:\/\/www.eldiario.net\/portal\/#\/schema\/logo\/image\/","url":"https:\/\/www.eldiario.net\/portal\/wp-content\/uploads\/2023\/07\/logo_ED.jpg","contentUrl":"https:\/\/www.eldiario.net\/portal\/wp-content\/uploads\/2023\/07\/logo_ED.jpg","width":272,"height":52,"caption":"El Diario - Decano de la prensa nacional"},"image":{"@id":"https:\/\/www.eldiario.net\/portal\/#\/schema\/logo\/image\/"},"sameAs":["https:\/\/www.facebook.com\/eldiario.bolivia\/","https:\/\/x.com\/eldiario_net"]},{"@type":"Person","@id":"https:\/\/www.eldiario.net\/portal\/#\/schema\/person\/f46445640444750d7d753ccd04ae01b7","name":"Jeanette","image":{"@type":"ImageObject","inLanguage":"es","@id":"https:\/\/secure.gravatar.com\/avatar\/3ea2118a5f7dad2b7138b1187a6b7ee55f160b9968b66013c3a3ef39dd7e5798?s=96&d=mm&r=g","url":"https:\/\/secure.gravatar.com\/avatar\/3ea2118a5f7dad2b7138b1187a6b7ee55f160b9968b66013c3a3ef39dd7e5798?s=96&d=mm&r=g","contentUrl":"https:\/\/secure.gravatar.com\/avatar\/3ea2118a5f7dad2b7138b1187a6b7ee55f160b9968b66013c3a3ef39dd7e5798?s=96&d=mm&r=g","caption":"Jeanette"},"sameAs":["https:\/\/www.eldiario.net\/portal"],"url":"https:\/\/www.eldiario.net\/portal\/author\/jeanette\/"}]}},"_links":{"self":[{"href":"https:\/\/www.eldiario.net\/portal\/wp-json\/wp\/v2\/posts\/274857","targetHints":{"allow":["GET"]}}],"collection":[{"href":"https:\/\/www.eldiario.net\/portal\/wp-json\/wp\/v2\/posts"}],"about":[{"href":"https:\/\/www.eldiario.net\/portal\/wp-json\/wp\/v2\/types\/post"}],"author":[{"embeddable":true,"href":"https:\/\/www.eldiario.net\/portal\/wp-json\/wp\/v2\/users\/1"}],"replies":[{"embeddable":true,"href":"https:\/\/www.eldiario.net\/portal\/wp-json\/wp\/v2\/comments?post=274857"}],"version-history":[{"count":1,"href":"https:\/\/www.eldiario.net\/portal\/wp-json\/wp\/v2\/posts\/274857\/revisions"}],"predecessor-version":[{"id":274860,"href":"https:\/\/www.eldiario.net\/portal\/wp-json\/wp\/v2\/posts\/274857\/revisions\/274860"}],"wp:featuredmedia":[{"embeddable":true,"href":"https:\/\/www.eldiario.net\/portal\/wp-json\/wp\/v2\/media\/274858"}],"wp:attachment":[{"href":"https:\/\/www.eldiario.net\/portal\/wp-json\/wp\/v2\/media?parent=274857"}],"wp:term":[{"taxonomy":"category","embeddable":true,"href":"https:\/\/www.eldiario.net\/portal\/wp-json\/wp\/v2\/categories?post=274857"},{"taxonomy":"post_tag","embeddable":true,"href":"https:\/\/www.eldiario.net\/portal\/wp-json\/wp\/v2\/tags?post=274857"}],"curies":[{"name":"wp","href":"https:\/\/api.w.org\/{rel}","templated":true}]}}