{"id":274715,"date":"2025-01-15T05:38:48","date_gmt":"2025-01-15T09:38:48","guid":{"rendered":"https:\/\/www.eldiario.net\/portal\/?p=274715"},"modified":"2025-01-15T05:38:48","modified_gmt":"2025-01-15T09:38:48","slug":"suspenden-audiencia-de-morales-gobierno-pone-en-duda-validez-de-certificado-medico","status":"publish","type":"post","link":"https:\/\/www.eldiario.net\/portal\/2025\/01\/15\/suspenden-audiencia-de-morales-gobierno-pone-en-duda-validez-de-certificado-medico\/","title":{"rendered":"Suspenden audiencia de Morales; Gobierno pone en duda validez de certificado m\u00e9dico"},"content":{"rendered":"<p>Tras la suspensi\u00f3n hasta el viernes de la audiencia de medidas cautelares en contra del expresidente, Evo Morales, cuyos abogados argumentaron una bronconeumon\u00eda y otros problemas de salud como raz\u00f3n de su inasistencia, el ministro de Gobierno, Eduardo Del Castillo, sospecha que el certificado es \u201cde dudosa procedencia\u201d.<\/p>\n<p>\u201cLos abogados del se\u00f1or Evo Morales, lamentablemente, han presentado de dudosa procedencia, desde nuestro punto de vista particular y personal, un certificado m\u00e9dico diciendo que (\u00e9l) padece de neumon\u00eda, que tiene baja m\u00e9dica y por tanto el juez, precautelando el derecho a la vida y la salud, ha tomado la decisi\u00f3n de suspender la audiencia\u201d, indic\u00f3 el ministro ayer sin argumentar sus sospechas.<\/p>\n<p>Luego de que Morales no se presentara a la audiencia, el Juzgado Quinto de Instrucci\u00f3n Penal, Anticorrupci\u00f3n y Contra la Violencia hacia la Mujer de Tarija suspendi\u00f3 la misma hasta el 17 de enero. El abogado del expresidente, Jorge P\u00e9rez, argument\u00f3 que el acusado de trata y estupro padece enfermedades de base.<\/p>\n<p>Aunque el juez, Nelson Rocabado, inicialmente rechaz\u00f3 el certificado m\u00e9dico e inici\u00f3 la audiencia, la suspendi\u00f3 una hora despu\u00e9s y fij\u00f3 como nueva fecha el viernes 17 de enero, adem\u00e1s de instruir la presentaci\u00f3n de una valoraci\u00f3n m\u00e9dica forense en un plazo de 24 horas.<\/p>\n<p>De acuerdo con el canal estatal BTV, P\u00e9rez recibi\u00f3 una multa econ\u00f3mica por \u201cconducta inapropiada\u201d cuando el juez calific\u00f3 la valoraci\u00f3n m\u00e9dica presentada como \u201cprueba no id\u00f3nea\u201d. El medio se\u00f1ala que P\u00e9rez perdi\u00f3 la compostura en plena sesi\u00f3n, por lo que Rocabado le impuso una sanci\u00f3n de Bs 500.<\/p>\n<p>Asimismo, el argumento utilizado por este jurista \u201cevista\u201d para justificar la ausencia de Morales contradice a otro presentado por otro de ellos, Wilfredo Ch\u00e1vez, quien el lunes mencion\u00f3 que el acusado no asistir\u00eda debido a que no hab\u00eda sido notificado.<\/p>\n<p>Del Castillo espera que no contin\u00faen las \u201cchicanas\u201d jur\u00eddicas de Morales, pues considera que con la presentaci\u00f3n de este certificado ante el juez, el sindicado reconoce que fue debidamente notificado para asistir a la audiencia. Agreg\u00f3 que, de no presentarse el viernes, podr\u00eda ser declarado rebelde y que el juicio avanzar\u00e1.<\/p>\n<p>&nbsp;<\/p>\n<p>MADRE EN REBELD\u00cdA<\/p>\n<p>La Fiscal Departamental de Tarija, Sandra Guti\u00e9rrez, inform\u00f3 que, luego de la inasistencia a esta audiencia de la madre de la presunta v\u00edctima, Idelsa Pozo, la justicia la declar\u00f3 rebelde, por lo que se emiti\u00f3 su mandamiento de aprehensi\u00f3n, el arraigo y la anotaci\u00f3n de todos sus bienes.<\/p>\n<p>Morales est\u00e1 imputado por presuntamente haber mantenido relaciones con la entonces menor de 15 a\u00f1os, Cindy V. P., quien en 2016 dio a luz a una ni\u00f1a cuyo certificado de nacimiento emitido en Yacuiba identifica al exgobernante como el padre.\u00a0Seg\u00fan la Fiscal\u00eda, los padres de la joven habr\u00edan facilitado el acceso carnal a Morales, a cambio de beneficios econ\u00f3micos y materiales. (EL DIARIO, Erbol y Br\u00fajula Digital)<\/p>\n","protected":false},"excerpt":{"rendered":"<p>Tras la suspensi\u00f3n hasta el viernes de la audiencia de medidas cautelares en contra del expresidente, Evo Morales, cuyos abogados argumentaron una bronconeumon\u00eda y otros problemas de salud como raz\u00f3n de su inasistencia, el ministro de Gobierno, Eduardo Del Castillo, sospecha que el certificado es \u201cde dudosa procedencia\u201d. \u201cLos abogados del se\u00f1or Evo Morales, lamentablemente, [&hellip;]<\/p>\n","protected":false},"author":1,"featured_media":274716,"comment_status":"closed","ping_status":"open","sticky":false,"template":"","format":"standard","meta":{"_acf_changed":false,"footnotes":""},"categories":[39],"tags":[],"class_list":["post-274715","post","type-post","status-publish","format-standard","has-post-thumbnail","category-sociedad"],"acf":{"antetitulo":"Suspenden audiencia para el viernes"},"yoast_head":"<!-- This site is optimized with the Yoast SEO plugin v28.4 - https:\/\/yoast.com\/product\/yoast-seo-wordpress\/ -->\n<title>Suspenden audiencia de Morales; Gobierno pone en duda validez de certificado m\u00e9dico - El Diario - Bolivia<\/title>\n<meta name=\"robots\" content=\"index, follow, max-snippet:-1, max-image-preview:large, max-video-preview:-1\" \/>\n<link rel=\"canonical\" href=\"https:\/\/www.eldiario.net\/portal\/2025\/01\/15\/suspenden-audiencia-de-morales-gobierno-pone-en-duda-validez-de-certificado-medico\/\" \/>\n<meta property=\"og:locale\" content=\"es_ES\" \/>\n<meta property=\"og:type\" content=\"article\" \/>\n<meta property=\"og:title\" content=\"Suspenden audiencia de Morales; Gobierno pone en duda validez de certificado m\u00e9dico - El Diario - Bolivia\" \/>\n<meta property=\"og:description\" content=\"Tras la suspensi\u00f3n hasta el viernes de la audiencia de medidas cautelares en contra del expresidente, Evo Morales, cuyos abogados argumentaron una bronconeumon\u00eda y otros problemas de salud como raz\u00f3n de su inasistencia, el ministro de Gobierno, Eduardo Del Castillo, sospecha que el certificado es \u201cde dudosa procedencia\u201d. \u201cLos abogados del se\u00f1or Evo Morales, lamentablemente, [&hellip;]\" \/>\n<meta property=\"og:url\" content=\"https:\/\/www.eldiario.net\/portal\/2025\/01\/15\/suspenden-audiencia-de-morales-gobierno-pone-en-duda-validez-de-certificado-medico\/\" \/>\n<meta property=\"og:site_name\" content=\"El Diario - Bolivia\" \/>\n<meta property=\"article:publisher\" content=\"https:\/\/www.facebook.com\/eldiario.bolivia\/\" \/>\n<meta property=\"article:published_time\" content=\"2025-01-15T09:38:48+00:00\" \/>\n<meta property=\"og:image\" content=\"https:\/\/www.eldiario.net\/portal\/wp-content\/uploads\/2025\/01\/15-AUD.jpg\" \/>\n\t<meta property=\"og:image:width\" content=\"720\" \/>\n\t<meta property=\"og:image:height\" content=\"399\" \/>\n\t<meta property=\"og:image:type\" content=\"image\/jpeg\" \/>\n<meta name=\"author\" content=\"Jeanette\" \/>\n<meta name=\"twitter:card\" content=\"summary_large_image\" \/>\n<meta name=\"twitter:creator\" content=\"@eldiario_net\" \/>\n<meta name=\"twitter:site\" content=\"@eldiario_net\" \/>\n<meta name=\"twitter:label1\" content=\"Escrito por\" \/>\n\t<meta name=\"twitter:data1\" content=\"Jeanette\" \/>\n\t<meta name=\"twitter:label2\" content=\"Tiempo de lectura\" \/>\n\t<meta name=\"twitter:data2\" content=\"3 minutos\" \/>\n<script type=\"application\/ld+json\" class=\"yoast-schema-graph\">{\"@context\":\"https:\\\/\\\/schema.org\",\"@graph\":[{\"@type\":\"Article\",\"@id\":\"https:\\\/\\\/www.eldiario.net\\\/portal\\\/2025\\\/01\\\/15\\\/suspenden-audiencia-de-morales-gobierno-pone-en-duda-validez-de-certificado-medico\\\/#article\",\"isPartOf\":{\"@id\":\"https:\\\/\\\/www.eldiario.net\\\/portal\\\/2025\\\/01\\\/15\\\/suspenden-audiencia-de-morales-gobierno-pone-en-duda-validez-de-certificado-medico\\\/\"},\"author\":{\"name\":\"Jeanette\",\"@id\":\"https:\\\/\\\/www.eldiario.net\\\/portal\\\/#\\\/schema\\\/person\\\/f46445640444750d7d753ccd04ae01b7\"},\"headline\":\"Suspenden audiencia de Morales; Gobierno pone en duda validez de certificado m\u00e9dico\",\"datePublished\":\"2025-01-15T09:38:48+00:00\",\"mainEntityOfPage\":{\"@id\":\"https:\\\/\\\/www.eldiario.net\\\/portal\\\/2025\\\/01\\\/15\\\/suspenden-audiencia-de-morales-gobierno-pone-en-duda-validez-de-certificado-medico\\\/\"},\"wordCount\":520,\"publisher\":{\"@id\":\"https:\\\/\\\/www.eldiario.net\\\/portal\\\/#organization\"},\"image\":{\"@id\":\"https:\\\/\\\/www.eldiario.net\\\/portal\\\/2025\\\/01\\\/15\\\/suspenden-audiencia-de-morales-gobierno-pone-en-duda-validez-de-certificado-medico\\\/#primaryimage\"},\"thumbnailUrl\":\"https:\\\/\\\/www.eldiario.net\\\/portal\\\/wp-content\\\/uploads\\\/2025\\\/01\\\/15-AUD.jpg\",\"articleSection\":[\"Sociedad - Seguridad\"],\"inLanguage\":\"es\"},{\"@type\":\"WebPage\",\"@id\":\"https:\\\/\\\/www.eldiario.net\\\/portal\\\/2025\\\/01\\\/15\\\/suspenden-audiencia-de-morales-gobierno-pone-en-duda-validez-de-certificado-medico\\\/\",\"url\":\"https:\\\/\\\/www.eldiario.net\\\/portal\\\/2025\\\/01\\\/15\\\/suspenden-audiencia-de-morales-gobierno-pone-en-duda-validez-de-certificado-medico\\\/\",\"name\":\"Suspenden audiencia de Morales; Gobierno pone en duda validez de certificado m\u00e9dico - El Diario - Bolivia\",\"isPartOf\":{\"@id\":\"https:\\\/\\\/www.eldiario.net\\\/portal\\\/#website\"},\"primaryImageOfPage\":{\"@id\":\"https:\\\/\\\/www.eldiario.net\\\/portal\\\/2025\\\/01\\\/15\\\/suspenden-audiencia-de-morales-gobierno-pone-en-duda-validez-de-certificado-medico\\\/#primaryimage\"},\"image\":{\"@id\":\"https:\\\/\\\/www.eldiario.net\\\/portal\\\/2025\\\/01\\\/15\\\/suspenden-audiencia-de-morales-gobierno-pone-en-duda-validez-de-certificado-medico\\\/#primaryimage\"},\"thumbnailUrl\":\"https:\\\/\\\/www.eldiario.net\\\/portal\\\/wp-content\\\/uploads\\\/2025\\\/01\\\/15-AUD.jpg\",\"datePublished\":\"2025-01-15T09:38:48+00:00\",\"breadcrumb\":{\"@id\":\"https:\\\/\\\/www.eldiario.net\\\/portal\\\/2025\\\/01\\\/15\\\/suspenden-audiencia-de-morales-gobierno-pone-en-duda-validez-de-certificado-medico\\\/#breadcrumb\"},\"inLanguage\":\"es\",\"potentialAction\":[{\"@type\":\"ReadAction\",\"target\":[\"https:\\\/\\\/www.eldiario.net\\\/portal\\\/2025\\\/01\\\/15\\\/suspenden-audiencia-de-morales-gobierno-pone-en-duda-validez-de-certificado-medico\\\/\"]}]},{\"@type\":\"ImageObject\",\"inLanguage\":\"es\",\"@id\":\"https:\\\/\\\/www.eldiario.net\\\/portal\\\/2025\\\/01\\\/15\\\/suspenden-audiencia-de-morales-gobierno-pone-en-duda-validez-de-certificado-medico\\\/#primaryimage\",\"url\":\"https:\\\/\\\/www.eldiario.net\\\/portal\\\/wp-content\\\/uploads\\\/2025\\\/01\\\/15-AUD.jpg\",\"contentUrl\":\"https:\\\/\\\/www.eldiario.net\\\/portal\\\/wp-content\\\/uploads\\\/2025\\\/01\\\/15-AUD.jpg\",\"width\":720,\"height\":399,\"caption\":\"El abogado de Morales, Jorge P\u00e9rez, durante la audiencia con el juez, Nelson Rocabado. Cr\u00e9ditos:\"},{\"@type\":\"BreadcrumbList\",\"@id\":\"https:\\\/\\\/www.eldiario.net\\\/portal\\\/2025\\\/01\\\/15\\\/suspenden-audiencia-de-morales-gobierno-pone-en-duda-validez-de-certificado-medico\\\/#breadcrumb\",\"itemListElement\":[{\"@type\":\"ListItem\",\"position\":1,\"name\":\"Portada\",\"item\":\"https:\\\/\\\/www.eldiario.net\\\/portal\\\/\"},{\"@type\":\"ListItem\",\"position\":2,\"name\":\"Suspenden audiencia de Morales; Gobierno pone en duda validez de certificado m\u00e9dico\"}]},{\"@type\":\"WebSite\",\"@id\":\"https:\\\/\\\/www.eldiario.net\\\/portal\\\/#website\",\"url\":\"https:\\\/\\\/www.eldiario.net\\\/portal\\\/\",\"name\":\"El Diario - Decano de la prensa nacional\",\"description\":\"El Diario - Decano de la prensa nacional\",\"publisher\":{\"@id\":\"https:\\\/\\\/www.eldiario.net\\\/portal\\\/#organization\"},\"potentialAction\":[{\"@type\":\"SearchAction\",\"target\":{\"@type\":\"EntryPoint\",\"urlTemplate\":\"https:\\\/\\\/www.eldiario.net\\\/portal\\\/?s={search_term_string}\"},\"query-input\":{\"@type\":\"PropertyValueSpecification\",\"valueRequired\":true,\"valueName\":\"search_term_string\"}}],\"inLanguage\":\"es\"},{\"@type\":\"Organization\",\"@id\":\"https:\\\/\\\/www.eldiario.net\\\/portal\\\/#organization\",\"name\":\"El Diario - Decano de la prensa nacional\",\"url\":\"https:\\\/\\\/www.eldiario.net\\\/portal\\\/\",\"logo\":{\"@type\":\"ImageObject\",\"inLanguage\":\"es\",\"@id\":\"https:\\\/\\\/www.eldiario.net\\\/portal\\\/#\\\/schema\\\/logo\\\/image\\\/\",\"url\":\"https:\\\/\\\/www.eldiario.net\\\/portal\\\/wp-content\\\/uploads\\\/2023\\\/07\\\/logo_ED.jpg\",\"contentUrl\":\"https:\\\/\\\/www.eldiario.net\\\/portal\\\/wp-content\\\/uploads\\\/2023\\\/07\\\/logo_ED.jpg\",\"width\":272,\"height\":52,\"caption\":\"El Diario - Decano de la prensa nacional\"},\"image\":{\"@id\":\"https:\\\/\\\/www.eldiario.net\\\/portal\\\/#\\\/schema\\\/logo\\\/image\\\/\"},\"sameAs\":[\"https:\\\/\\\/www.facebook.com\\\/eldiario.bolivia\\\/\",\"https:\\\/\\\/x.com\\\/eldiario_net\"]},{\"@type\":\"Person\",\"@id\":\"https:\\\/\\\/www.eldiario.net\\\/portal\\\/#\\\/schema\\\/person\\\/f46445640444750d7d753ccd04ae01b7\",\"name\":\"Jeanette\",\"image\":{\"@type\":\"ImageObject\",\"inLanguage\":\"es\",\"@id\":\"https:\\\/\\\/secure.gravatar.com\\\/avatar\\\/3ea2118a5f7dad2b7138b1187a6b7ee55f160b9968b66013c3a3ef39dd7e5798?s=96&d=mm&r=g\",\"url\":\"https:\\\/\\\/secure.gravatar.com\\\/avatar\\\/3ea2118a5f7dad2b7138b1187a6b7ee55f160b9968b66013c3a3ef39dd7e5798?s=96&d=mm&r=g\",\"contentUrl\":\"https:\\\/\\\/secure.gravatar.com\\\/avatar\\\/3ea2118a5f7dad2b7138b1187a6b7ee55f160b9968b66013c3a3ef39dd7e5798?s=96&d=mm&r=g\",\"caption\":\"Jeanette\"},\"sameAs\":[\"https:\\\/\\\/www.eldiario.net\\\/portal\"],\"url\":\"https:\\\/\\\/www.eldiario.net\\\/portal\\\/author\\\/jeanette\\\/\"}]}<\/script>\n<!-- \/ Yoast SEO plugin. -->","yoast_head_json":{"title":"Suspenden audiencia de Morales; Gobierno pone en duda validez de certificado m\u00e9dico - El Diario - Bolivia","robots":{"index":"index","follow":"follow","max-snippet":"max-snippet:-1","max-image-preview":"max-image-preview:large","max-video-preview":"max-video-preview:-1"},"canonical":"https:\/\/www.eldiario.net\/portal\/2025\/01\/15\/suspenden-audiencia-de-morales-gobierno-pone-en-duda-validez-de-certificado-medico\/","og_locale":"es_ES","og_type":"article","og_title":"Suspenden audiencia de Morales; Gobierno pone en duda validez de certificado m\u00e9dico - El Diario - Bolivia","og_description":"Tras la suspensi\u00f3n hasta el viernes de la audiencia de medidas cautelares en contra del expresidente, Evo Morales, cuyos abogados argumentaron una bronconeumon\u00eda y otros problemas de salud como raz\u00f3n de su inasistencia, el ministro de Gobierno, Eduardo Del Castillo, sospecha que el certificado es \u201cde dudosa procedencia\u201d. \u201cLos abogados del se\u00f1or Evo Morales, lamentablemente, [&hellip;]","og_url":"https:\/\/www.eldiario.net\/portal\/2025\/01\/15\/suspenden-audiencia-de-morales-gobierno-pone-en-duda-validez-de-certificado-medico\/","og_site_name":"El Diario - Bolivia","article_publisher":"https:\/\/www.facebook.com\/eldiario.bolivia\/","article_published_time":"2025-01-15T09:38:48+00:00","og_image":[{"width":720,"height":399,"url":"https:\/\/www.eldiario.net\/portal\/wp-content\/uploads\/2025\/01\/15-AUD.jpg","type":"image\/jpeg"}],"author":"Jeanette","twitter_card":"summary_large_image","twitter_creator":"@eldiario_net","twitter_site":"@eldiario_net","twitter_misc":{"Escrito por":"Jeanette","Tiempo de lectura":"3 minutos"},"schema":{"@context":"https:\/\/schema.org","@graph":[{"@type":"Article","@id":"https:\/\/www.eldiario.net\/portal\/2025\/01\/15\/suspenden-audiencia-de-morales-gobierno-pone-en-duda-validez-de-certificado-medico\/#article","isPartOf":{"@id":"https:\/\/www.eldiario.net\/portal\/2025\/01\/15\/suspenden-audiencia-de-morales-gobierno-pone-en-duda-validez-de-certificado-medico\/"},"author":{"name":"Jeanette","@id":"https:\/\/www.eldiario.net\/portal\/#\/schema\/person\/f46445640444750d7d753ccd04ae01b7"},"headline":"Suspenden audiencia de Morales; Gobierno pone en duda validez de certificado m\u00e9dico","datePublished":"2025-01-15T09:38:48+00:00","mainEntityOfPage":{"@id":"https:\/\/www.eldiario.net\/portal\/2025\/01\/15\/suspenden-audiencia-de-morales-gobierno-pone-en-duda-validez-de-certificado-medico\/"},"wordCount":520,"publisher":{"@id":"https:\/\/www.eldiario.net\/portal\/#organization"},"image":{"@id":"https:\/\/www.eldiario.net\/portal\/2025\/01\/15\/suspenden-audiencia-de-morales-gobierno-pone-en-duda-validez-de-certificado-medico\/#primaryimage"},"thumbnailUrl":"https:\/\/www.eldiario.net\/portal\/wp-content\/uploads\/2025\/01\/15-AUD.jpg","articleSection":["Sociedad - Seguridad"],"inLanguage":"es"},{"@type":"WebPage","@id":"https:\/\/www.eldiario.net\/portal\/2025\/01\/15\/suspenden-audiencia-de-morales-gobierno-pone-en-duda-validez-de-certificado-medico\/","url":"https:\/\/www.eldiario.net\/portal\/2025\/01\/15\/suspenden-audiencia-de-morales-gobierno-pone-en-duda-validez-de-certificado-medico\/","name":"Suspenden audiencia de Morales; Gobierno pone en duda validez de certificado m\u00e9dico - El Diario - Bolivia","isPartOf":{"@id":"https:\/\/www.eldiario.net\/portal\/#website"},"primaryImageOfPage":{"@id":"https:\/\/www.eldiario.net\/portal\/2025\/01\/15\/suspenden-audiencia-de-morales-gobierno-pone-en-duda-validez-de-certificado-medico\/#primaryimage"},"image":{"@id":"https:\/\/www.eldiario.net\/portal\/2025\/01\/15\/suspenden-audiencia-de-morales-gobierno-pone-en-duda-validez-de-certificado-medico\/#primaryimage"},"thumbnailUrl":"https:\/\/www.eldiario.net\/portal\/wp-content\/uploads\/2025\/01\/15-AUD.jpg","datePublished":"2025-01-15T09:38:48+00:00","breadcrumb":{"@id":"https:\/\/www.eldiario.net\/portal\/2025\/01\/15\/suspenden-audiencia-de-morales-gobierno-pone-en-duda-validez-de-certificado-medico\/#breadcrumb"},"inLanguage":"es","potentialAction":[{"@type":"ReadAction","target":["https:\/\/www.eldiario.net\/portal\/2025\/01\/15\/suspenden-audiencia-de-morales-gobierno-pone-en-duda-validez-de-certificado-medico\/"]}]},{"@type":"ImageObject","inLanguage":"es","@id":"https:\/\/www.eldiario.net\/portal\/2025\/01\/15\/suspenden-audiencia-de-morales-gobierno-pone-en-duda-validez-de-certificado-medico\/#primaryimage","url":"https:\/\/www.eldiario.net\/portal\/wp-content\/uploads\/2025\/01\/15-AUD.jpg","contentUrl":"https:\/\/www.eldiario.net\/portal\/wp-content\/uploads\/2025\/01\/15-AUD.jpg","width":720,"height":399,"caption":"El abogado de Morales, Jorge P\u00e9rez, durante la audiencia con el juez, Nelson Rocabado. Cr\u00e9ditos:"},{"@type":"BreadcrumbList","@id":"https:\/\/www.eldiario.net\/portal\/2025\/01\/15\/suspenden-audiencia-de-morales-gobierno-pone-en-duda-validez-de-certificado-medico\/#breadcrumb","itemListElement":[{"@type":"ListItem","position":1,"name":"Portada","item":"https:\/\/www.eldiario.net\/portal\/"},{"@type":"ListItem","position":2,"name":"Suspenden audiencia de Morales; Gobierno pone en duda validez de certificado m\u00e9dico"}]},{"@type":"WebSite","@id":"https:\/\/www.eldiario.net\/portal\/#website","url":"https:\/\/www.eldiario.net\/portal\/","name":"El Diario - Decano de la prensa nacional","description":"El Diario - Decano de la prensa nacional","publisher":{"@id":"https:\/\/www.eldiario.net\/portal\/#organization"},"potentialAction":[{"@type":"SearchAction","target":{"@type":"EntryPoint","urlTemplate":"https:\/\/www.eldiario.net\/portal\/?s={search_term_string}"},"query-input":{"@type":"PropertyValueSpecification","valueRequired":true,"valueName":"search_term_string"}}],"inLanguage":"es"},{"@type":"Organization","@id":"https:\/\/www.eldiario.net\/portal\/#organization","name":"El Diario - Decano de la prensa nacional","url":"https:\/\/www.eldiario.net\/portal\/","logo":{"@type":"ImageObject","inLanguage":"es","@id":"https:\/\/www.eldiario.net\/portal\/#\/schema\/logo\/image\/","url":"https:\/\/www.eldiario.net\/portal\/wp-content\/uploads\/2023\/07\/logo_ED.jpg","contentUrl":"https:\/\/www.eldiario.net\/portal\/wp-content\/uploads\/2023\/07\/logo_ED.jpg","width":272,"height":52,"caption":"El Diario - Decano de la prensa nacional"},"image":{"@id":"https:\/\/www.eldiario.net\/portal\/#\/schema\/logo\/image\/"},"sameAs":["https:\/\/www.facebook.com\/eldiario.bolivia\/","https:\/\/x.com\/eldiario_net"]},{"@type":"Person","@id":"https:\/\/www.eldiario.net\/portal\/#\/schema\/person\/f46445640444750d7d753ccd04ae01b7","name":"Jeanette","image":{"@type":"ImageObject","inLanguage":"es","@id":"https:\/\/secure.gravatar.com\/avatar\/3ea2118a5f7dad2b7138b1187a6b7ee55f160b9968b66013c3a3ef39dd7e5798?s=96&d=mm&r=g","url":"https:\/\/secure.gravatar.com\/avatar\/3ea2118a5f7dad2b7138b1187a6b7ee55f160b9968b66013c3a3ef39dd7e5798?s=96&d=mm&r=g","contentUrl":"https:\/\/secure.gravatar.com\/avatar\/3ea2118a5f7dad2b7138b1187a6b7ee55f160b9968b66013c3a3ef39dd7e5798?s=96&d=mm&r=g","caption":"Jeanette"},"sameAs":["https:\/\/www.eldiario.net\/portal"],"url":"https:\/\/www.eldiario.net\/portal\/author\/jeanette\/"}]}},"_links":{"self":[{"href":"https:\/\/www.eldiario.net\/portal\/wp-json\/wp\/v2\/posts\/274715","targetHints":{"allow":["GET"]}}],"collection":[{"href":"https:\/\/www.eldiario.net\/portal\/wp-json\/wp\/v2\/posts"}],"about":[{"href":"https:\/\/www.eldiario.net\/portal\/wp-json\/wp\/v2\/types\/post"}],"author":[{"embeddable":true,"href":"https:\/\/www.eldiario.net\/portal\/wp-json\/wp\/v2\/users\/1"}],"replies":[{"embeddable":true,"href":"https:\/\/www.eldiario.net\/portal\/wp-json\/wp\/v2\/comments?post=274715"}],"version-history":[{"count":1,"href":"https:\/\/www.eldiario.net\/portal\/wp-json\/wp\/v2\/posts\/274715\/revisions"}],"predecessor-version":[{"id":274717,"href":"https:\/\/www.eldiario.net\/portal\/wp-json\/wp\/v2\/posts\/274715\/revisions\/274717"}],"wp:featuredmedia":[{"embeddable":true,"href":"https:\/\/www.eldiario.net\/portal\/wp-json\/wp\/v2\/media\/274716"}],"wp:attachment":[{"href":"https:\/\/www.eldiario.net\/portal\/wp-json\/wp\/v2\/media?parent=274715"}],"wp:term":[{"taxonomy":"category","embeddable":true,"href":"https:\/\/www.eldiario.net\/portal\/wp-json\/wp\/v2\/categories?post=274715"},{"taxonomy":"post_tag","embeddable":true,"href":"https:\/\/www.eldiario.net\/portal\/wp-json\/wp\/v2\/tags?post=274715"}],"curies":[{"name":"wp","href":"https:\/\/api.w.org\/{rel}","templated":true}]}}