{"id":274712,"date":"2025-01-15T05:38:09","date_gmt":"2025-01-15T09:38:09","guid":{"rendered":"https:\/\/www.eldiario.net\/portal\/?p=274712"},"modified":"2025-01-15T05:38:09","modified_gmt":"2025-01-15T09:38:09","slug":"amplian-detencion-preventiva-de-zuniga-por-tres-meses-mas","status":"publish","type":"post","link":"https:\/\/www.eldiario.net\/portal\/2025\/01\/15\/amplian-detencion-preventiva-de-zuniga-por-tres-meses-mas\/","title":{"rendered":"Ampl\u00edan detenci\u00f3n preventiva de Z\u00fa\u00f1iga por tres meses m\u00e1s"},"content":{"rendered":"<p>En audiencia de consideraci\u00f3n jurisdiccional, la justicia determin\u00f3 ampliar la detenci\u00f3n preventiva por un lapso de tres meses m\u00e1s para el excomandante del Ej\u00e9rcito, Juan Jos\u00e9 Z\u00fa\u00f1iga, el excomandante de la Armada, Juan Arn\u00e9s y el excomandante de la Brigada Mecanizada del Ej\u00e9rcito, \u00c9dison Irahola, investigados por las acciones militares del 26 de junio de 2024.<\/p>\n<p>En una audiencia realizada el pasado martes para los tres exjefes militares, el Ministerio P\u00fablico expuso los riesgos procesales que contin\u00faan pesando contra los imputados y los actos investigativos que a\u00fan faltan realizar, por lo que el juez de la causa dio curso a la ampliaci\u00f3n de la detenci\u00f3n preventiva, medida que fue apelada por sus defensas.<\/p>\n<p>La Fiscal\u00eda argument\u00f3 que el caso es complejo debido a la \u201cmultiplicidad de imputados\u201d que dificulta la obtenci\u00f3n de pruebas y, por otro lado, la \u201csituaci\u00f3n pol\u00edtica\u201d que atraviesa el pa\u00eds.<\/p>\n<p>Adem\u00e1s, advierte que falta realizar varios actos investigativos como los peritajes a los celulares, DVRs e im\u00e1genes, entre otros elementos recolectados durante los primeros seis meses de investigaci\u00f3n.<\/p>\n<p>La Fiscal\u00eda se\u00f1ala que la investigaci\u00f3n es compleja debido a que deben desplazarse a diferentes lugares para llevar a cabo los actos investigativos, ya que los militares y las tanquetas fueron movilizados desde distintas regiones e incluso algunas personas fueron aprehendidas en otros departamentos.<\/p>\n<p>\u201cAdem\u00e1s queda por realizar una Inspecci\u00f3n T\u00e9cnica Ocular, principalmente en el Comando en Jefe del Ej\u00e9rcito en Plaza Murillo que, dado el n\u00famero de personas investigadas, no fue posible realizarlo al presente\u201d, refiere parte del justificativo.<\/p>\n<p>Desde el 29 de junio de 2024, Z\u00fa\u00f1iga permanece detenido en el Centro Penitenciario de El Abra (Cochabamba), mientras que Arn\u00e9s e Irahola est\u00e1n recluidos en el penal de m\u00e1xima seguridad de Chonchocoro (La Paz). Los tres est\u00e1n imputados por el delito de alzamientos armados y terrorismo. (Con informaci\u00f3n de Erbol)<\/p>\n","protected":false},"excerpt":{"rendered":"<p>En audiencia de consideraci\u00f3n jurisdiccional, la justicia determin\u00f3 ampliar la detenci\u00f3n preventiva por un lapso de tres meses m\u00e1s para el excomandante del Ej\u00e9rcito, Juan Jos\u00e9 Z\u00fa\u00f1iga, el excomandante de la Armada, Juan Arn\u00e9s y el excomandante de la Brigada Mecanizada del Ej\u00e9rcito, \u00c9dison Irahola, investigados por las acciones militares del 26 de junio de [&hellip;]<\/p>\n","protected":false},"author":1,"featured_media":274713,"comment_status":"closed","ping_status":"open","sticky":false,"template":"","format":"standard","meta":{"_acf_changed":false,"footnotes":""},"categories":[39],"tags":[],"class_list":["post-274712","post","type-post","status-publish","format-standard","has-post-thumbnail","category-sociedad"],"acf":{"antetitulo":"Y otros dos militares"},"yoast_head":"<!-- This site is optimized with the Yoast SEO plugin v28.4 - https:\/\/yoast.com\/product\/yoast-seo-wordpress\/ -->\n<title>Ampl\u00edan detenci\u00f3n preventiva de Z\u00fa\u00f1iga por tres meses m\u00e1s - El Diario - Bolivia<\/title>\n<meta name=\"robots\" content=\"index, follow, max-snippet:-1, max-image-preview:large, max-video-preview:-1\" \/>\n<link rel=\"canonical\" href=\"https:\/\/www.eldiario.net\/portal\/2025\/01\/15\/amplian-detencion-preventiva-de-zuniga-por-tres-meses-mas\/\" \/>\n<meta property=\"og:locale\" content=\"es_ES\" \/>\n<meta property=\"og:type\" content=\"article\" \/>\n<meta property=\"og:title\" content=\"Ampl\u00edan detenci\u00f3n preventiva de Z\u00fa\u00f1iga por tres meses m\u00e1s - El Diario - Bolivia\" \/>\n<meta property=\"og:description\" content=\"En audiencia de consideraci\u00f3n jurisdiccional, la justicia determin\u00f3 ampliar la detenci\u00f3n preventiva por un lapso de tres meses m\u00e1s para el excomandante del Ej\u00e9rcito, Juan Jos\u00e9 Z\u00fa\u00f1iga, el excomandante de la Armada, Juan Arn\u00e9s y el excomandante de la Brigada Mecanizada del Ej\u00e9rcito, \u00c9dison Irahola, investigados por las acciones militares del 26 de junio de [&hellip;]\" \/>\n<meta property=\"og:url\" content=\"https:\/\/www.eldiario.net\/portal\/2025\/01\/15\/amplian-detencion-preventiva-de-zuniga-por-tres-meses-mas\/\" \/>\n<meta property=\"og:site_name\" content=\"El Diario - Bolivia\" \/>\n<meta property=\"article:publisher\" content=\"https:\/\/www.facebook.com\/eldiario.bolivia\/\" \/>\n<meta property=\"article:published_time\" content=\"2025-01-15T09:38:09+00:00\" \/>\n<meta property=\"og:image\" content=\"https:\/\/www.eldiario.net\/portal\/wp-content\/uploads\/2025\/01\/15-ZUN.jpg\" \/>\n\t<meta property=\"og:image:width\" content=\"700\" \/>\n\t<meta property=\"og:image:height\" content=\"437\" \/>\n\t<meta property=\"og:image:type\" content=\"image\/jpeg\" \/>\n<meta name=\"author\" content=\"Jeanette\" \/>\n<meta name=\"twitter:card\" content=\"summary_large_image\" \/>\n<meta name=\"twitter:creator\" content=\"@eldiario_net\" \/>\n<meta name=\"twitter:site\" content=\"@eldiario_net\" \/>\n<meta name=\"twitter:label1\" content=\"Escrito por\" \/>\n\t<meta name=\"twitter:data1\" content=\"Jeanette\" \/>\n\t<meta name=\"twitter:label2\" content=\"Tiempo de lectura\" \/>\n\t<meta name=\"twitter:data2\" content=\"2 minutos\" \/>\n<script type=\"application\/ld+json\" class=\"yoast-schema-graph\">{\"@context\":\"https:\\\/\\\/schema.org\",\"@graph\":[{\"@type\":\"Article\",\"@id\":\"https:\\\/\\\/www.eldiario.net\\\/portal\\\/2025\\\/01\\\/15\\\/amplian-detencion-preventiva-de-zuniga-por-tres-meses-mas\\\/#article\",\"isPartOf\":{\"@id\":\"https:\\\/\\\/www.eldiario.net\\\/portal\\\/2025\\\/01\\\/15\\\/amplian-detencion-preventiva-de-zuniga-por-tres-meses-mas\\\/\"},\"author\":{\"name\":\"Jeanette\",\"@id\":\"https:\\\/\\\/www.eldiario.net\\\/portal\\\/#\\\/schema\\\/person\\\/f46445640444750d7d753ccd04ae01b7\"},\"headline\":\"Ampl\u00edan detenci\u00f3n preventiva de Z\u00fa\u00f1iga por tres meses m\u00e1s\",\"datePublished\":\"2025-01-15T09:38:09+00:00\",\"mainEntityOfPage\":{\"@id\":\"https:\\\/\\\/www.eldiario.net\\\/portal\\\/2025\\\/01\\\/15\\\/amplian-detencion-preventiva-de-zuniga-por-tres-meses-mas\\\/\"},\"wordCount\":346,\"publisher\":{\"@id\":\"https:\\\/\\\/www.eldiario.net\\\/portal\\\/#organization\"},\"image\":{\"@id\":\"https:\\\/\\\/www.eldiario.net\\\/portal\\\/2025\\\/01\\\/15\\\/amplian-detencion-preventiva-de-zuniga-por-tres-meses-mas\\\/#primaryimage\"},\"thumbnailUrl\":\"https:\\\/\\\/www.eldiario.net\\\/portal\\\/wp-content\\\/uploads\\\/2025\\\/01\\\/15-ZUN.jpg\",\"articleSection\":[\"Sociedad - Seguridad\"],\"inLanguage\":\"es\"},{\"@type\":\"WebPage\",\"@id\":\"https:\\\/\\\/www.eldiario.net\\\/portal\\\/2025\\\/01\\\/15\\\/amplian-detencion-preventiva-de-zuniga-por-tres-meses-mas\\\/\",\"url\":\"https:\\\/\\\/www.eldiario.net\\\/portal\\\/2025\\\/01\\\/15\\\/amplian-detencion-preventiva-de-zuniga-por-tres-meses-mas\\\/\",\"name\":\"Ampl\u00edan detenci\u00f3n preventiva de Z\u00fa\u00f1iga por tres meses m\u00e1s - El Diario - Bolivia\",\"isPartOf\":{\"@id\":\"https:\\\/\\\/www.eldiario.net\\\/portal\\\/#website\"},\"primaryImageOfPage\":{\"@id\":\"https:\\\/\\\/www.eldiario.net\\\/portal\\\/2025\\\/01\\\/15\\\/amplian-detencion-preventiva-de-zuniga-por-tres-meses-mas\\\/#primaryimage\"},\"image\":{\"@id\":\"https:\\\/\\\/www.eldiario.net\\\/portal\\\/2025\\\/01\\\/15\\\/amplian-detencion-preventiva-de-zuniga-por-tres-meses-mas\\\/#primaryimage\"},\"thumbnailUrl\":\"https:\\\/\\\/www.eldiario.net\\\/portal\\\/wp-content\\\/uploads\\\/2025\\\/01\\\/15-ZUN.jpg\",\"datePublished\":\"2025-01-15T09:38:09+00:00\",\"breadcrumb\":{\"@id\":\"https:\\\/\\\/www.eldiario.net\\\/portal\\\/2025\\\/01\\\/15\\\/amplian-detencion-preventiva-de-zuniga-por-tres-meses-mas\\\/#breadcrumb\"},\"inLanguage\":\"es\",\"potentialAction\":[{\"@type\":\"ReadAction\",\"target\":[\"https:\\\/\\\/www.eldiario.net\\\/portal\\\/2025\\\/01\\\/15\\\/amplian-detencion-preventiva-de-zuniga-por-tres-meses-mas\\\/\"]}]},{\"@type\":\"ImageObject\",\"inLanguage\":\"es\",\"@id\":\"https:\\\/\\\/www.eldiario.net\\\/portal\\\/2025\\\/01\\\/15\\\/amplian-detencion-preventiva-de-zuniga-por-tres-meses-mas\\\/#primaryimage\",\"url\":\"https:\\\/\\\/www.eldiario.net\\\/portal\\\/wp-content\\\/uploads\\\/2025\\\/01\\\/15-ZUN.jpg\",\"contentUrl\":\"https:\\\/\\\/www.eldiario.net\\\/portal\\\/wp-content\\\/uploads\\\/2025\\\/01\\\/15-ZUN.jpg\",\"width\":700,\"height\":437,\"caption\":\"Excomandante del Ej\u00e9rcito, Juan Jos\u00e9 Z\u00fa\u00f1iga. Cr\u00e9ditos: Archivo Ministerio de Gobierno\"},{\"@type\":\"BreadcrumbList\",\"@id\":\"https:\\\/\\\/www.eldiario.net\\\/portal\\\/2025\\\/01\\\/15\\\/amplian-detencion-preventiva-de-zuniga-por-tres-meses-mas\\\/#breadcrumb\",\"itemListElement\":[{\"@type\":\"ListItem\",\"position\":1,\"name\":\"Portada\",\"item\":\"https:\\\/\\\/www.eldiario.net\\\/portal\\\/\"},{\"@type\":\"ListItem\",\"position\":2,\"name\":\"Ampl\u00edan detenci\u00f3n preventiva de Z\u00fa\u00f1iga por tres meses m\u00e1s\"}]},{\"@type\":\"WebSite\",\"@id\":\"https:\\\/\\\/www.eldiario.net\\\/portal\\\/#website\",\"url\":\"https:\\\/\\\/www.eldiario.net\\\/portal\\\/\",\"name\":\"El Diario - Decano de la prensa nacional\",\"description\":\"El Diario - Decano de la prensa nacional\",\"publisher\":{\"@id\":\"https:\\\/\\\/www.eldiario.net\\\/portal\\\/#organization\"},\"potentialAction\":[{\"@type\":\"SearchAction\",\"target\":{\"@type\":\"EntryPoint\",\"urlTemplate\":\"https:\\\/\\\/www.eldiario.net\\\/portal\\\/?s={search_term_string}\"},\"query-input\":{\"@type\":\"PropertyValueSpecification\",\"valueRequired\":true,\"valueName\":\"search_term_string\"}}],\"inLanguage\":\"es\"},{\"@type\":\"Organization\",\"@id\":\"https:\\\/\\\/www.eldiario.net\\\/portal\\\/#organization\",\"name\":\"El Diario - Decano de la prensa nacional\",\"url\":\"https:\\\/\\\/www.eldiario.net\\\/portal\\\/\",\"logo\":{\"@type\":\"ImageObject\",\"inLanguage\":\"es\",\"@id\":\"https:\\\/\\\/www.eldiario.net\\\/portal\\\/#\\\/schema\\\/logo\\\/image\\\/\",\"url\":\"https:\\\/\\\/www.eldiario.net\\\/portal\\\/wp-content\\\/uploads\\\/2023\\\/07\\\/logo_ED.jpg\",\"contentUrl\":\"https:\\\/\\\/www.eldiario.net\\\/portal\\\/wp-content\\\/uploads\\\/2023\\\/07\\\/logo_ED.jpg\",\"width\":272,\"height\":52,\"caption\":\"El Diario - Decano de la prensa nacional\"},\"image\":{\"@id\":\"https:\\\/\\\/www.eldiario.net\\\/portal\\\/#\\\/schema\\\/logo\\\/image\\\/\"},\"sameAs\":[\"https:\\\/\\\/www.facebook.com\\\/eldiario.bolivia\\\/\",\"https:\\\/\\\/x.com\\\/eldiario_net\"]},{\"@type\":\"Person\",\"@id\":\"https:\\\/\\\/www.eldiario.net\\\/portal\\\/#\\\/schema\\\/person\\\/f46445640444750d7d753ccd04ae01b7\",\"name\":\"Jeanette\",\"image\":{\"@type\":\"ImageObject\",\"inLanguage\":\"es\",\"@id\":\"https:\\\/\\\/secure.gravatar.com\\\/avatar\\\/3ea2118a5f7dad2b7138b1187a6b7ee55f160b9968b66013c3a3ef39dd7e5798?s=96&d=mm&r=g\",\"url\":\"https:\\\/\\\/secure.gravatar.com\\\/avatar\\\/3ea2118a5f7dad2b7138b1187a6b7ee55f160b9968b66013c3a3ef39dd7e5798?s=96&d=mm&r=g\",\"contentUrl\":\"https:\\\/\\\/secure.gravatar.com\\\/avatar\\\/3ea2118a5f7dad2b7138b1187a6b7ee55f160b9968b66013c3a3ef39dd7e5798?s=96&d=mm&r=g\",\"caption\":\"Jeanette\"},\"sameAs\":[\"https:\\\/\\\/www.eldiario.net\\\/portal\"],\"url\":\"https:\\\/\\\/www.eldiario.net\\\/portal\\\/author\\\/jeanette\\\/\"}]}<\/script>\n<!-- \/ Yoast SEO plugin. -->","yoast_head_json":{"title":"Ampl\u00edan detenci\u00f3n preventiva de Z\u00fa\u00f1iga por tres meses m\u00e1s - El Diario - Bolivia","robots":{"index":"index","follow":"follow","max-snippet":"max-snippet:-1","max-image-preview":"max-image-preview:large","max-video-preview":"max-video-preview:-1"},"canonical":"https:\/\/www.eldiario.net\/portal\/2025\/01\/15\/amplian-detencion-preventiva-de-zuniga-por-tres-meses-mas\/","og_locale":"es_ES","og_type":"article","og_title":"Ampl\u00edan detenci\u00f3n preventiva de Z\u00fa\u00f1iga por tres meses m\u00e1s - El Diario - Bolivia","og_description":"En audiencia de consideraci\u00f3n jurisdiccional, la justicia determin\u00f3 ampliar la detenci\u00f3n preventiva por un lapso de tres meses m\u00e1s para el excomandante del Ej\u00e9rcito, Juan Jos\u00e9 Z\u00fa\u00f1iga, el excomandante de la Armada, Juan Arn\u00e9s y el excomandante de la Brigada Mecanizada del Ej\u00e9rcito, \u00c9dison Irahola, investigados por las acciones militares del 26 de junio de [&hellip;]","og_url":"https:\/\/www.eldiario.net\/portal\/2025\/01\/15\/amplian-detencion-preventiva-de-zuniga-por-tres-meses-mas\/","og_site_name":"El Diario - Bolivia","article_publisher":"https:\/\/www.facebook.com\/eldiario.bolivia\/","article_published_time":"2025-01-15T09:38:09+00:00","og_image":[{"width":700,"height":437,"url":"https:\/\/www.eldiario.net\/portal\/wp-content\/uploads\/2025\/01\/15-ZUN.jpg","type":"image\/jpeg"}],"author":"Jeanette","twitter_card":"summary_large_image","twitter_creator":"@eldiario_net","twitter_site":"@eldiario_net","twitter_misc":{"Escrito por":"Jeanette","Tiempo de lectura":"2 minutos"},"schema":{"@context":"https:\/\/schema.org","@graph":[{"@type":"Article","@id":"https:\/\/www.eldiario.net\/portal\/2025\/01\/15\/amplian-detencion-preventiva-de-zuniga-por-tres-meses-mas\/#article","isPartOf":{"@id":"https:\/\/www.eldiario.net\/portal\/2025\/01\/15\/amplian-detencion-preventiva-de-zuniga-por-tres-meses-mas\/"},"author":{"name":"Jeanette","@id":"https:\/\/www.eldiario.net\/portal\/#\/schema\/person\/f46445640444750d7d753ccd04ae01b7"},"headline":"Ampl\u00edan detenci\u00f3n preventiva de Z\u00fa\u00f1iga por tres meses m\u00e1s","datePublished":"2025-01-15T09:38:09+00:00","mainEntityOfPage":{"@id":"https:\/\/www.eldiario.net\/portal\/2025\/01\/15\/amplian-detencion-preventiva-de-zuniga-por-tres-meses-mas\/"},"wordCount":346,"publisher":{"@id":"https:\/\/www.eldiario.net\/portal\/#organization"},"image":{"@id":"https:\/\/www.eldiario.net\/portal\/2025\/01\/15\/amplian-detencion-preventiva-de-zuniga-por-tres-meses-mas\/#primaryimage"},"thumbnailUrl":"https:\/\/www.eldiario.net\/portal\/wp-content\/uploads\/2025\/01\/15-ZUN.jpg","articleSection":["Sociedad - Seguridad"],"inLanguage":"es"},{"@type":"WebPage","@id":"https:\/\/www.eldiario.net\/portal\/2025\/01\/15\/amplian-detencion-preventiva-de-zuniga-por-tres-meses-mas\/","url":"https:\/\/www.eldiario.net\/portal\/2025\/01\/15\/amplian-detencion-preventiva-de-zuniga-por-tres-meses-mas\/","name":"Ampl\u00edan detenci\u00f3n preventiva de Z\u00fa\u00f1iga por tres meses m\u00e1s - El Diario - Bolivia","isPartOf":{"@id":"https:\/\/www.eldiario.net\/portal\/#website"},"primaryImageOfPage":{"@id":"https:\/\/www.eldiario.net\/portal\/2025\/01\/15\/amplian-detencion-preventiva-de-zuniga-por-tres-meses-mas\/#primaryimage"},"image":{"@id":"https:\/\/www.eldiario.net\/portal\/2025\/01\/15\/amplian-detencion-preventiva-de-zuniga-por-tres-meses-mas\/#primaryimage"},"thumbnailUrl":"https:\/\/www.eldiario.net\/portal\/wp-content\/uploads\/2025\/01\/15-ZUN.jpg","datePublished":"2025-01-15T09:38:09+00:00","breadcrumb":{"@id":"https:\/\/www.eldiario.net\/portal\/2025\/01\/15\/amplian-detencion-preventiva-de-zuniga-por-tres-meses-mas\/#breadcrumb"},"inLanguage":"es","potentialAction":[{"@type":"ReadAction","target":["https:\/\/www.eldiario.net\/portal\/2025\/01\/15\/amplian-detencion-preventiva-de-zuniga-por-tres-meses-mas\/"]}]},{"@type":"ImageObject","inLanguage":"es","@id":"https:\/\/www.eldiario.net\/portal\/2025\/01\/15\/amplian-detencion-preventiva-de-zuniga-por-tres-meses-mas\/#primaryimage","url":"https:\/\/www.eldiario.net\/portal\/wp-content\/uploads\/2025\/01\/15-ZUN.jpg","contentUrl":"https:\/\/www.eldiario.net\/portal\/wp-content\/uploads\/2025\/01\/15-ZUN.jpg","width":700,"height":437,"caption":"Excomandante del Ej\u00e9rcito, Juan Jos\u00e9 Z\u00fa\u00f1iga. Cr\u00e9ditos: Archivo Ministerio de Gobierno"},{"@type":"BreadcrumbList","@id":"https:\/\/www.eldiario.net\/portal\/2025\/01\/15\/amplian-detencion-preventiva-de-zuniga-por-tres-meses-mas\/#breadcrumb","itemListElement":[{"@type":"ListItem","position":1,"name":"Portada","item":"https:\/\/www.eldiario.net\/portal\/"},{"@type":"ListItem","position":2,"name":"Ampl\u00edan detenci\u00f3n preventiva de Z\u00fa\u00f1iga por tres meses m\u00e1s"}]},{"@type":"WebSite","@id":"https:\/\/www.eldiario.net\/portal\/#website","url":"https:\/\/www.eldiario.net\/portal\/","name":"El Diario - Decano de la prensa nacional","description":"El Diario - Decano de la prensa nacional","publisher":{"@id":"https:\/\/www.eldiario.net\/portal\/#organization"},"potentialAction":[{"@type":"SearchAction","target":{"@type":"EntryPoint","urlTemplate":"https:\/\/www.eldiario.net\/portal\/?s={search_term_string}"},"query-input":{"@type":"PropertyValueSpecification","valueRequired":true,"valueName":"search_term_string"}}],"inLanguage":"es"},{"@type":"Organization","@id":"https:\/\/www.eldiario.net\/portal\/#organization","name":"El Diario - Decano de la prensa nacional","url":"https:\/\/www.eldiario.net\/portal\/","logo":{"@type":"ImageObject","inLanguage":"es","@id":"https:\/\/www.eldiario.net\/portal\/#\/schema\/logo\/image\/","url":"https:\/\/www.eldiario.net\/portal\/wp-content\/uploads\/2023\/07\/logo_ED.jpg","contentUrl":"https:\/\/www.eldiario.net\/portal\/wp-content\/uploads\/2023\/07\/logo_ED.jpg","width":272,"height":52,"caption":"El Diario - Decano de la prensa nacional"},"image":{"@id":"https:\/\/www.eldiario.net\/portal\/#\/schema\/logo\/image\/"},"sameAs":["https:\/\/www.facebook.com\/eldiario.bolivia\/","https:\/\/x.com\/eldiario_net"]},{"@type":"Person","@id":"https:\/\/www.eldiario.net\/portal\/#\/schema\/person\/f46445640444750d7d753ccd04ae01b7","name":"Jeanette","image":{"@type":"ImageObject","inLanguage":"es","@id":"https:\/\/secure.gravatar.com\/avatar\/3ea2118a5f7dad2b7138b1187a6b7ee55f160b9968b66013c3a3ef39dd7e5798?s=96&d=mm&r=g","url":"https:\/\/secure.gravatar.com\/avatar\/3ea2118a5f7dad2b7138b1187a6b7ee55f160b9968b66013c3a3ef39dd7e5798?s=96&d=mm&r=g","contentUrl":"https:\/\/secure.gravatar.com\/avatar\/3ea2118a5f7dad2b7138b1187a6b7ee55f160b9968b66013c3a3ef39dd7e5798?s=96&d=mm&r=g","caption":"Jeanette"},"sameAs":["https:\/\/www.eldiario.net\/portal"],"url":"https:\/\/www.eldiario.net\/portal\/author\/jeanette\/"}]}},"_links":{"self":[{"href":"https:\/\/www.eldiario.net\/portal\/wp-json\/wp\/v2\/posts\/274712","targetHints":{"allow":["GET"]}}],"collection":[{"href":"https:\/\/www.eldiario.net\/portal\/wp-json\/wp\/v2\/posts"}],"about":[{"href":"https:\/\/www.eldiario.net\/portal\/wp-json\/wp\/v2\/types\/post"}],"author":[{"embeddable":true,"href":"https:\/\/www.eldiario.net\/portal\/wp-json\/wp\/v2\/users\/1"}],"replies":[{"embeddable":true,"href":"https:\/\/www.eldiario.net\/portal\/wp-json\/wp\/v2\/comments?post=274712"}],"version-history":[{"count":1,"href":"https:\/\/www.eldiario.net\/portal\/wp-json\/wp\/v2\/posts\/274712\/revisions"}],"predecessor-version":[{"id":274714,"href":"https:\/\/www.eldiario.net\/portal\/wp-json\/wp\/v2\/posts\/274712\/revisions\/274714"}],"wp:featuredmedia":[{"embeddable":true,"href":"https:\/\/www.eldiario.net\/portal\/wp-json\/wp\/v2\/media\/274713"}],"wp:attachment":[{"href":"https:\/\/www.eldiario.net\/portal\/wp-json\/wp\/v2\/media?parent=274712"}],"wp:term":[{"taxonomy":"category","embeddable":true,"href":"https:\/\/www.eldiario.net\/portal\/wp-json\/wp\/v2\/categories?post=274712"},{"taxonomy":"post_tag","embeddable":true,"href":"https:\/\/www.eldiario.net\/portal\/wp-json\/wp\/v2\/tags?post=274712"}],"curies":[{"name":"wp","href":"https:\/\/api.w.org\/{rel}","templated":true}]}}