{"id":274687,"date":"2025-01-15T05:28:59","date_gmt":"2025-01-15T09:28:59","guid":{"rendered":"https:\/\/www.eldiario.net\/portal\/?p=274687"},"modified":"2025-01-15T05:28:59","modified_gmt":"2025-01-15T09:28:59","slug":"ballivian-y-cuellar-se-unen-al-acuerdo-de-unidad","status":"publish","type":"post","link":"https:\/\/www.eldiario.net\/portal\/2025\/01\/15\/ballivian-y-cuellar-se-unen-al-acuerdo-de-unidad\/","title":{"rendered":"Ballivi\u00e1n y Cu\u00e9llar se  unen al acuerdo de unidad"},"content":{"rendered":"<p>La exministra Amparo Ballivi\u00e1n y el rector de la Universidad Aut\u00f3noma Gabriel Ren\u00e9 Moreno, Vicente Cu\u00e9llar, oficializaron su incorporaci\u00f3n al proyecto de unidad opositora, del que emerger\u00e1 el candidato \u00fanico de la oposici\u00f3n para participar de las elecciones generales 2025.<br \/>\n\u201cNos adherimos al acuerdo por la unidad de la oposici\u00f3n democr\u00e1tica boliviana, invitando a personalidades y organizaciones pol\u00edticas de la oposici\u00f3n a sumarse a este esfuerzo en favor de los mejores intereses del pa\u00eds\u201d, se\u00f1ala la parte central del \u201cacuerdo de adhesi\u00f3n\u201d firmado por ambos l\u00edderes.<br \/>\nEl bloque opositor est\u00e1 integrado por Carlos Mesa, Jorge Quiroga y Samuel Doria, adem\u00e1s del gobernador cruce\u00f1o Luis Fernando Camacho, brind\u00f3 una conferencia de prensa en donde se confirm\u00f3 a los nuevos miembros.<\/p>\n","protected":false},"excerpt":{"rendered":"<p>La exministra Amparo Ballivi\u00e1n y el rector de la Universidad Aut\u00f3noma Gabriel Ren\u00e9 Moreno, Vicente Cu\u00e9llar, oficializaron su incorporaci\u00f3n al proyecto de unidad opositora, del que emerger\u00e1 el candidato \u00fanico de la oposici\u00f3n para participar de las elecciones generales 2025. \u201cNos adherimos al acuerdo por la unidad de la oposici\u00f3n democr\u00e1tica boliviana, invitando a personalidades [&hellip;]<\/p>\n","protected":false},"author":1,"featured_media":274688,"comment_status":"closed","ping_status":"open","sticky":false,"template":"","format":"standard","meta":{"_acf_changed":false,"footnotes":""},"categories":[15],"tags":[],"class_list":["post-274687","post","type-post","status-publish","format-standard","has-post-thumbnail","category-portada"],"acf":{"antetitulo":"Pol\u00edticos de oposici\u00f3n"},"yoast_head":"<!-- This site is optimized with the Yoast SEO plugin v28.4 - https:\/\/yoast.com\/product\/yoast-seo-wordpress\/ -->\n<title>Ballivi\u00e1n y Cu\u00e9llar se unen al acuerdo de unidad - El Diario - Bolivia<\/title>\n<meta name=\"robots\" content=\"index, follow, max-snippet:-1, max-image-preview:large, max-video-preview:-1\" \/>\n<link rel=\"canonical\" href=\"https:\/\/www.eldiario.net\/portal\/2025\/01\/15\/ballivian-y-cuellar-se-unen-al-acuerdo-de-unidad\/\" \/>\n<meta property=\"og:locale\" content=\"es_ES\" \/>\n<meta property=\"og:type\" content=\"article\" \/>\n<meta property=\"og:title\" content=\"Ballivi\u00e1n y Cu\u00e9llar se unen al acuerdo de unidad - El Diario - Bolivia\" \/>\n<meta property=\"og:description\" content=\"La exministra Amparo Ballivi\u00e1n y el rector de la Universidad Aut\u00f3noma Gabriel Ren\u00e9 Moreno, Vicente Cu\u00e9llar, oficializaron su incorporaci\u00f3n al proyecto de unidad opositora, del que emerger\u00e1 el candidato \u00fanico de la oposici\u00f3n para participar de las elecciones generales 2025. \u201cNos adherimos al acuerdo por la unidad de la oposici\u00f3n democr\u00e1tica boliviana, invitando a personalidades [&hellip;]\" \/>\n<meta property=\"og:url\" content=\"https:\/\/www.eldiario.net\/portal\/2025\/01\/15\/ballivian-y-cuellar-se-unen-al-acuerdo-de-unidad\/\" \/>\n<meta property=\"og:site_name\" content=\"El Diario - Bolivia\" \/>\n<meta property=\"article:publisher\" content=\"https:\/\/www.facebook.com\/eldiario.bolivia\/\" \/>\n<meta property=\"article:published_time\" content=\"2025-01-15T09:28:59+00:00\" \/>\n<meta property=\"og:image\" content=\"https:\/\/www.eldiario.net\/portal\/wp-content\/uploads\/2025\/01\/Ballivian-y-Cuellar-APG.jpg\" \/>\n\t<meta property=\"og:image:width\" content=\"1200\" \/>\n\t<meta property=\"og:image:height\" content=\"792\" \/>\n\t<meta property=\"og:image:type\" content=\"image\/jpeg\" \/>\n<meta name=\"author\" content=\"Jeanette\" \/>\n<meta name=\"twitter:card\" content=\"summary_large_image\" \/>\n<meta name=\"twitter:creator\" content=\"@eldiario_net\" \/>\n<meta name=\"twitter:site\" content=\"@eldiario_net\" \/>\n<meta name=\"twitter:label1\" content=\"Escrito por\" \/>\n\t<meta name=\"twitter:data1\" content=\"Jeanette\" \/>\n\t<meta name=\"twitter:label2\" content=\"Tiempo de lectura\" \/>\n\t<meta name=\"twitter:data2\" content=\"1 minuto\" \/>\n<script type=\"application\/ld+json\" class=\"yoast-schema-graph\">{\"@context\":\"https:\\\/\\\/schema.org\",\"@graph\":[{\"@type\":\"Article\",\"@id\":\"https:\\\/\\\/www.eldiario.net\\\/portal\\\/2025\\\/01\\\/15\\\/ballivian-y-cuellar-se-unen-al-acuerdo-de-unidad\\\/#article\",\"isPartOf\":{\"@id\":\"https:\\\/\\\/www.eldiario.net\\\/portal\\\/2025\\\/01\\\/15\\\/ballivian-y-cuellar-se-unen-al-acuerdo-de-unidad\\\/\"},\"author\":{\"name\":\"Jeanette\",\"@id\":\"https:\\\/\\\/www.eldiario.net\\\/portal\\\/#\\\/schema\\\/person\\\/f46445640444750d7d753ccd04ae01b7\"},\"headline\":\"Ballivi\u00e1n y Cu\u00e9llar se unen al acuerdo de unidad\",\"datePublished\":\"2025-01-15T09:28:59+00:00\",\"mainEntityOfPage\":{\"@id\":\"https:\\\/\\\/www.eldiario.net\\\/portal\\\/2025\\\/01\\\/15\\\/ballivian-y-cuellar-se-unen-al-acuerdo-de-unidad\\\/\"},\"wordCount\":144,\"publisher\":{\"@id\":\"https:\\\/\\\/www.eldiario.net\\\/portal\\\/#organization\"},\"image\":{\"@id\":\"https:\\\/\\\/www.eldiario.net\\\/portal\\\/2025\\\/01\\\/15\\\/ballivian-y-cuellar-se-unen-al-acuerdo-de-unidad\\\/#primaryimage\"},\"thumbnailUrl\":\"https:\\\/\\\/www.eldiario.net\\\/portal\\\/wp-content\\\/uploads\\\/2025\\\/01\\\/Ballivian-y-Cuellar-APG.jpg\",\"articleSection\":[\"Portada\"],\"inLanguage\":\"es\"},{\"@type\":\"WebPage\",\"@id\":\"https:\\\/\\\/www.eldiario.net\\\/portal\\\/2025\\\/01\\\/15\\\/ballivian-y-cuellar-se-unen-al-acuerdo-de-unidad\\\/\",\"url\":\"https:\\\/\\\/www.eldiario.net\\\/portal\\\/2025\\\/01\\\/15\\\/ballivian-y-cuellar-se-unen-al-acuerdo-de-unidad\\\/\",\"name\":\"Ballivi\u00e1n y Cu\u00e9llar se unen al acuerdo de unidad - El Diario - Bolivia\",\"isPartOf\":{\"@id\":\"https:\\\/\\\/www.eldiario.net\\\/portal\\\/#website\"},\"primaryImageOfPage\":{\"@id\":\"https:\\\/\\\/www.eldiario.net\\\/portal\\\/2025\\\/01\\\/15\\\/ballivian-y-cuellar-se-unen-al-acuerdo-de-unidad\\\/#primaryimage\"},\"image\":{\"@id\":\"https:\\\/\\\/www.eldiario.net\\\/portal\\\/2025\\\/01\\\/15\\\/ballivian-y-cuellar-se-unen-al-acuerdo-de-unidad\\\/#primaryimage\"},\"thumbnailUrl\":\"https:\\\/\\\/www.eldiario.net\\\/portal\\\/wp-content\\\/uploads\\\/2025\\\/01\\\/Ballivian-y-Cuellar-APG.jpg\",\"datePublished\":\"2025-01-15T09:28:59+00:00\",\"breadcrumb\":{\"@id\":\"https:\\\/\\\/www.eldiario.net\\\/portal\\\/2025\\\/01\\\/15\\\/ballivian-y-cuellar-se-unen-al-acuerdo-de-unidad\\\/#breadcrumb\"},\"inLanguage\":\"es\",\"potentialAction\":[{\"@type\":\"ReadAction\",\"target\":[\"https:\\\/\\\/www.eldiario.net\\\/portal\\\/2025\\\/01\\\/15\\\/ballivian-y-cuellar-se-unen-al-acuerdo-de-unidad\\\/\"]}]},{\"@type\":\"ImageObject\",\"inLanguage\":\"es\",\"@id\":\"https:\\\/\\\/www.eldiario.net\\\/portal\\\/2025\\\/01\\\/15\\\/ballivian-y-cuellar-se-unen-al-acuerdo-de-unidad\\\/#primaryimage\",\"url\":\"https:\\\/\\\/www.eldiario.net\\\/portal\\\/wp-content\\\/uploads\\\/2025\\\/01\\\/Ballivian-y-Cuellar-APG.jpg\",\"contentUrl\":\"https:\\\/\\\/www.eldiario.net\\\/portal\\\/wp-content\\\/uploads\\\/2025\\\/01\\\/Ballivian-y-Cuellar-APG.jpg\",\"width\":1200,\"height\":792,\"caption\":\"La economista Amparo Ballivi\u00e1n y el rector de la Universidad Gabriel Ren\u00e9 Moreno, Vicente Cu\u00e9llar, se sumaron al bloque de unidad de la oposici\u00f3n boliviana.\"},{\"@type\":\"BreadcrumbList\",\"@id\":\"https:\\\/\\\/www.eldiario.net\\\/portal\\\/2025\\\/01\\\/15\\\/ballivian-y-cuellar-se-unen-al-acuerdo-de-unidad\\\/#breadcrumb\",\"itemListElement\":[{\"@type\":\"ListItem\",\"position\":1,\"name\":\"Portada\",\"item\":\"https:\\\/\\\/www.eldiario.net\\\/portal\\\/\"},{\"@type\":\"ListItem\",\"position\":2,\"name\":\"Ballivi\u00e1n y Cu\u00e9llar se unen al acuerdo de unidad\"}]},{\"@type\":\"WebSite\",\"@id\":\"https:\\\/\\\/www.eldiario.net\\\/portal\\\/#website\",\"url\":\"https:\\\/\\\/www.eldiario.net\\\/portal\\\/\",\"name\":\"El Diario - Decano de la prensa nacional\",\"description\":\"El Diario - Decano de la prensa nacional\",\"publisher\":{\"@id\":\"https:\\\/\\\/www.eldiario.net\\\/portal\\\/#organization\"},\"potentialAction\":[{\"@type\":\"SearchAction\",\"target\":{\"@type\":\"EntryPoint\",\"urlTemplate\":\"https:\\\/\\\/www.eldiario.net\\\/portal\\\/?s={search_term_string}\"},\"query-input\":{\"@type\":\"PropertyValueSpecification\",\"valueRequired\":true,\"valueName\":\"search_term_string\"}}],\"inLanguage\":\"es\"},{\"@type\":\"Organization\",\"@id\":\"https:\\\/\\\/www.eldiario.net\\\/portal\\\/#organization\",\"name\":\"El Diario - Decano de la prensa nacional\",\"url\":\"https:\\\/\\\/www.eldiario.net\\\/portal\\\/\",\"logo\":{\"@type\":\"ImageObject\",\"inLanguage\":\"es\",\"@id\":\"https:\\\/\\\/www.eldiario.net\\\/portal\\\/#\\\/schema\\\/logo\\\/image\\\/\",\"url\":\"https:\\\/\\\/www.eldiario.net\\\/portal\\\/wp-content\\\/uploads\\\/2023\\\/07\\\/logo_ED.jpg\",\"contentUrl\":\"https:\\\/\\\/www.eldiario.net\\\/portal\\\/wp-content\\\/uploads\\\/2023\\\/07\\\/logo_ED.jpg\",\"width\":272,\"height\":52,\"caption\":\"El Diario - Decano de la prensa nacional\"},\"image\":{\"@id\":\"https:\\\/\\\/www.eldiario.net\\\/portal\\\/#\\\/schema\\\/logo\\\/image\\\/\"},\"sameAs\":[\"https:\\\/\\\/www.facebook.com\\\/eldiario.bolivia\\\/\",\"https:\\\/\\\/x.com\\\/eldiario_net\"]},{\"@type\":\"Person\",\"@id\":\"https:\\\/\\\/www.eldiario.net\\\/portal\\\/#\\\/schema\\\/person\\\/f46445640444750d7d753ccd04ae01b7\",\"name\":\"Jeanette\",\"image\":{\"@type\":\"ImageObject\",\"inLanguage\":\"es\",\"@id\":\"https:\\\/\\\/secure.gravatar.com\\\/avatar\\\/3ea2118a5f7dad2b7138b1187a6b7ee55f160b9968b66013c3a3ef39dd7e5798?s=96&d=mm&r=g\",\"url\":\"https:\\\/\\\/secure.gravatar.com\\\/avatar\\\/3ea2118a5f7dad2b7138b1187a6b7ee55f160b9968b66013c3a3ef39dd7e5798?s=96&d=mm&r=g\",\"contentUrl\":\"https:\\\/\\\/secure.gravatar.com\\\/avatar\\\/3ea2118a5f7dad2b7138b1187a6b7ee55f160b9968b66013c3a3ef39dd7e5798?s=96&d=mm&r=g\",\"caption\":\"Jeanette\"},\"sameAs\":[\"https:\\\/\\\/www.eldiario.net\\\/portal\"],\"url\":\"https:\\\/\\\/www.eldiario.net\\\/portal\\\/author\\\/jeanette\\\/\"}]}<\/script>\n<!-- \/ Yoast SEO plugin. -->","yoast_head_json":{"title":"Ballivi\u00e1n y Cu\u00e9llar se unen al acuerdo de unidad - El Diario - Bolivia","robots":{"index":"index","follow":"follow","max-snippet":"max-snippet:-1","max-image-preview":"max-image-preview:large","max-video-preview":"max-video-preview:-1"},"canonical":"https:\/\/www.eldiario.net\/portal\/2025\/01\/15\/ballivian-y-cuellar-se-unen-al-acuerdo-de-unidad\/","og_locale":"es_ES","og_type":"article","og_title":"Ballivi\u00e1n y Cu\u00e9llar se unen al acuerdo de unidad - El Diario - Bolivia","og_description":"La exministra Amparo Ballivi\u00e1n y el rector de la Universidad Aut\u00f3noma Gabriel Ren\u00e9 Moreno, Vicente Cu\u00e9llar, oficializaron su incorporaci\u00f3n al proyecto de unidad opositora, del que emerger\u00e1 el candidato \u00fanico de la oposici\u00f3n para participar de las elecciones generales 2025. \u201cNos adherimos al acuerdo por la unidad de la oposici\u00f3n democr\u00e1tica boliviana, invitando a personalidades [&hellip;]","og_url":"https:\/\/www.eldiario.net\/portal\/2025\/01\/15\/ballivian-y-cuellar-se-unen-al-acuerdo-de-unidad\/","og_site_name":"El Diario - Bolivia","article_publisher":"https:\/\/www.facebook.com\/eldiario.bolivia\/","article_published_time":"2025-01-15T09:28:59+00:00","og_image":[{"width":1200,"height":792,"url":"https:\/\/www.eldiario.net\/portal\/wp-content\/uploads\/2025\/01\/Ballivian-y-Cuellar-APG.jpg","type":"image\/jpeg"}],"author":"Jeanette","twitter_card":"summary_large_image","twitter_creator":"@eldiario_net","twitter_site":"@eldiario_net","twitter_misc":{"Escrito por":"Jeanette","Tiempo de lectura":"1 minuto"},"schema":{"@context":"https:\/\/schema.org","@graph":[{"@type":"Article","@id":"https:\/\/www.eldiario.net\/portal\/2025\/01\/15\/ballivian-y-cuellar-se-unen-al-acuerdo-de-unidad\/#article","isPartOf":{"@id":"https:\/\/www.eldiario.net\/portal\/2025\/01\/15\/ballivian-y-cuellar-se-unen-al-acuerdo-de-unidad\/"},"author":{"name":"Jeanette","@id":"https:\/\/www.eldiario.net\/portal\/#\/schema\/person\/f46445640444750d7d753ccd04ae01b7"},"headline":"Ballivi\u00e1n y Cu\u00e9llar se unen al acuerdo de unidad","datePublished":"2025-01-15T09:28:59+00:00","mainEntityOfPage":{"@id":"https:\/\/www.eldiario.net\/portal\/2025\/01\/15\/ballivian-y-cuellar-se-unen-al-acuerdo-de-unidad\/"},"wordCount":144,"publisher":{"@id":"https:\/\/www.eldiario.net\/portal\/#organization"},"image":{"@id":"https:\/\/www.eldiario.net\/portal\/2025\/01\/15\/ballivian-y-cuellar-se-unen-al-acuerdo-de-unidad\/#primaryimage"},"thumbnailUrl":"https:\/\/www.eldiario.net\/portal\/wp-content\/uploads\/2025\/01\/Ballivian-y-Cuellar-APG.jpg","articleSection":["Portada"],"inLanguage":"es"},{"@type":"WebPage","@id":"https:\/\/www.eldiario.net\/portal\/2025\/01\/15\/ballivian-y-cuellar-se-unen-al-acuerdo-de-unidad\/","url":"https:\/\/www.eldiario.net\/portal\/2025\/01\/15\/ballivian-y-cuellar-se-unen-al-acuerdo-de-unidad\/","name":"Ballivi\u00e1n y Cu\u00e9llar se unen al acuerdo de unidad - El Diario - Bolivia","isPartOf":{"@id":"https:\/\/www.eldiario.net\/portal\/#website"},"primaryImageOfPage":{"@id":"https:\/\/www.eldiario.net\/portal\/2025\/01\/15\/ballivian-y-cuellar-se-unen-al-acuerdo-de-unidad\/#primaryimage"},"image":{"@id":"https:\/\/www.eldiario.net\/portal\/2025\/01\/15\/ballivian-y-cuellar-se-unen-al-acuerdo-de-unidad\/#primaryimage"},"thumbnailUrl":"https:\/\/www.eldiario.net\/portal\/wp-content\/uploads\/2025\/01\/Ballivian-y-Cuellar-APG.jpg","datePublished":"2025-01-15T09:28:59+00:00","breadcrumb":{"@id":"https:\/\/www.eldiario.net\/portal\/2025\/01\/15\/ballivian-y-cuellar-se-unen-al-acuerdo-de-unidad\/#breadcrumb"},"inLanguage":"es","potentialAction":[{"@type":"ReadAction","target":["https:\/\/www.eldiario.net\/portal\/2025\/01\/15\/ballivian-y-cuellar-se-unen-al-acuerdo-de-unidad\/"]}]},{"@type":"ImageObject","inLanguage":"es","@id":"https:\/\/www.eldiario.net\/portal\/2025\/01\/15\/ballivian-y-cuellar-se-unen-al-acuerdo-de-unidad\/#primaryimage","url":"https:\/\/www.eldiario.net\/portal\/wp-content\/uploads\/2025\/01\/Ballivian-y-Cuellar-APG.jpg","contentUrl":"https:\/\/www.eldiario.net\/portal\/wp-content\/uploads\/2025\/01\/Ballivian-y-Cuellar-APG.jpg","width":1200,"height":792,"caption":"La economista Amparo Ballivi\u00e1n y el rector de la Universidad Gabriel Ren\u00e9 Moreno, Vicente Cu\u00e9llar, se sumaron al bloque de unidad de la oposici\u00f3n boliviana."},{"@type":"BreadcrumbList","@id":"https:\/\/www.eldiario.net\/portal\/2025\/01\/15\/ballivian-y-cuellar-se-unen-al-acuerdo-de-unidad\/#breadcrumb","itemListElement":[{"@type":"ListItem","position":1,"name":"Portada","item":"https:\/\/www.eldiario.net\/portal\/"},{"@type":"ListItem","position":2,"name":"Ballivi\u00e1n y Cu\u00e9llar se unen al acuerdo de unidad"}]},{"@type":"WebSite","@id":"https:\/\/www.eldiario.net\/portal\/#website","url":"https:\/\/www.eldiario.net\/portal\/","name":"El Diario - Decano de la prensa nacional","description":"El Diario - Decano de la prensa nacional","publisher":{"@id":"https:\/\/www.eldiario.net\/portal\/#organization"},"potentialAction":[{"@type":"SearchAction","target":{"@type":"EntryPoint","urlTemplate":"https:\/\/www.eldiario.net\/portal\/?s={search_term_string}"},"query-input":{"@type":"PropertyValueSpecification","valueRequired":true,"valueName":"search_term_string"}}],"inLanguage":"es"},{"@type":"Organization","@id":"https:\/\/www.eldiario.net\/portal\/#organization","name":"El Diario - Decano de la prensa nacional","url":"https:\/\/www.eldiario.net\/portal\/","logo":{"@type":"ImageObject","inLanguage":"es","@id":"https:\/\/www.eldiario.net\/portal\/#\/schema\/logo\/image\/","url":"https:\/\/www.eldiario.net\/portal\/wp-content\/uploads\/2023\/07\/logo_ED.jpg","contentUrl":"https:\/\/www.eldiario.net\/portal\/wp-content\/uploads\/2023\/07\/logo_ED.jpg","width":272,"height":52,"caption":"El Diario - Decano de la prensa nacional"},"image":{"@id":"https:\/\/www.eldiario.net\/portal\/#\/schema\/logo\/image\/"},"sameAs":["https:\/\/www.facebook.com\/eldiario.bolivia\/","https:\/\/x.com\/eldiario_net"]},{"@type":"Person","@id":"https:\/\/www.eldiario.net\/portal\/#\/schema\/person\/f46445640444750d7d753ccd04ae01b7","name":"Jeanette","image":{"@type":"ImageObject","inLanguage":"es","@id":"https:\/\/secure.gravatar.com\/avatar\/3ea2118a5f7dad2b7138b1187a6b7ee55f160b9968b66013c3a3ef39dd7e5798?s=96&d=mm&r=g","url":"https:\/\/secure.gravatar.com\/avatar\/3ea2118a5f7dad2b7138b1187a6b7ee55f160b9968b66013c3a3ef39dd7e5798?s=96&d=mm&r=g","contentUrl":"https:\/\/secure.gravatar.com\/avatar\/3ea2118a5f7dad2b7138b1187a6b7ee55f160b9968b66013c3a3ef39dd7e5798?s=96&d=mm&r=g","caption":"Jeanette"},"sameAs":["https:\/\/www.eldiario.net\/portal"],"url":"https:\/\/www.eldiario.net\/portal\/author\/jeanette\/"}]}},"_links":{"self":[{"href":"https:\/\/www.eldiario.net\/portal\/wp-json\/wp\/v2\/posts\/274687","targetHints":{"allow":["GET"]}}],"collection":[{"href":"https:\/\/www.eldiario.net\/portal\/wp-json\/wp\/v2\/posts"}],"about":[{"href":"https:\/\/www.eldiario.net\/portal\/wp-json\/wp\/v2\/types\/post"}],"author":[{"embeddable":true,"href":"https:\/\/www.eldiario.net\/portal\/wp-json\/wp\/v2\/users\/1"}],"replies":[{"embeddable":true,"href":"https:\/\/www.eldiario.net\/portal\/wp-json\/wp\/v2\/comments?post=274687"}],"version-history":[{"count":1,"href":"https:\/\/www.eldiario.net\/portal\/wp-json\/wp\/v2\/posts\/274687\/revisions"}],"predecessor-version":[{"id":274689,"href":"https:\/\/www.eldiario.net\/portal\/wp-json\/wp\/v2\/posts\/274687\/revisions\/274689"}],"wp:featuredmedia":[{"embeddable":true,"href":"https:\/\/www.eldiario.net\/portal\/wp-json\/wp\/v2\/media\/274688"}],"wp:attachment":[{"href":"https:\/\/www.eldiario.net\/portal\/wp-json\/wp\/v2\/media?parent=274687"}],"wp:term":[{"taxonomy":"category","embeddable":true,"href":"https:\/\/www.eldiario.net\/portal\/wp-json\/wp\/v2\/categories?post=274687"},{"taxonomy":"post_tag","embeddable":true,"href":"https:\/\/www.eldiario.net\/portal\/wp-json\/wp\/v2\/tags?post=274687"}],"curies":[{"name":"wp","href":"https:\/\/api.w.org\/{rel}","templated":true}]}}