{"id":274680,"date":"2025-01-14T18:39:00","date_gmt":"2025-01-14T22:39:00","guid":{"rendered":"https:\/\/www.eldiario.net\/portal\/?p=274680"},"modified":"2025-01-14T18:39:00","modified_gmt":"2025-01-14T22:39:00","slug":"medios-demandan-a-openai-y-microsoft-por-derechos-de-autor-1838","status":"publish","type":"post","link":"https:\/\/www.eldiario.net\/portal\/2025\/01\/14\/medios-demandan-a-openai-y-microsoft-por-derechos-de-autor-1838\/","title":{"rendered":"Medios demandan a OpenAI y Microsoft por derechos de autor. (18:38)"},"content":{"rendered":"<p>The Times, The New York Daily News y el Center for Investigative Reporting encabezan una demanda contra OpenAI y su patrocinador Microsoft, acus\u00e1ndolos de usar millones de obras protegidas por derechos de autor para entrenar ChatGPT sin consentimiento ni compensaci\u00f3n. Los medios afirman que esta pr\u00e1ctica amenaza su capacidad de operar y exigen la eliminaci\u00f3n del conjunto de datos del modelo, as\u00ed como miles de millones de d\u00f3lares en da\u00f1os. La audiencia de este martes ser\u00e1 clave para definir si el caso procede o se desestima.<\/p>\n<p>OpenAI y Microsoft niegan las acusaciones, argumentando que el uso de contenido period\u00edstico para entrenar modelos de IA no es ilegal. Mientras otros gigantes de medios, como Associated Press y Vox Media, alcanzaron acuerdos previos, esta disputa podr\u00eda sentar un precedente en la regulaci\u00f3n del uso de datos protegidos en tecnolog\u00edas avanzadas.<\/p>\n<p><em>Con aporte de agencias.<\/em><\/p>\n","protected":false},"excerpt":{"rendered":"<p>The Times, The New York Daily News y el Center for Investigative Reporting encabezan una demanda contra OpenAI y su patrocinador Microsoft, acus\u00e1ndolos de usar millones de obras protegidas por derechos de autor para entrenar ChatGPT sin consentimiento ni compensaci\u00f3n. Los medios afirman que esta pr\u00e1ctica amenaza su capacidad de operar y exigen la eliminaci\u00f3n [&hellip;]<\/p>\n","protected":false},"author":7,"featured_media":274682,"comment_status":"closed","ping_status":"open","sticky":false,"template":"","format":"standard","meta":{"_acf_changed":false,"footnotes":""},"categories":[51],"tags":[],"class_list":["post-274680","post","type-post","status-publish","format-standard","has-post-thumbnail","category-ultima-hora"],"acf":{"antetitulo":""},"yoast_head":"<!-- This site is optimized with the Yoast SEO plugin v28.4 - https:\/\/yoast.com\/product\/yoast-seo-wordpress\/ -->\n<title>Medios demandan a OpenAI y Microsoft por derechos de autor. (18:38) - El Diario - Bolivia<\/title>\n<meta name=\"robots\" content=\"index, follow, max-snippet:-1, max-image-preview:large, max-video-preview:-1\" \/>\n<link rel=\"canonical\" href=\"https:\/\/www.eldiario.net\/portal\/2025\/01\/14\/medios-demandan-a-openai-y-microsoft-por-derechos-de-autor-1838\/\" \/>\n<meta property=\"og:locale\" content=\"es_ES\" \/>\n<meta property=\"og:type\" content=\"article\" \/>\n<meta property=\"og:title\" content=\"Medios demandan a OpenAI y Microsoft por derechos de autor. (18:38) - El Diario - Bolivia\" \/>\n<meta property=\"og:description\" content=\"The Times, The New York Daily News y el Center for Investigative Reporting encabezan una demanda contra OpenAI y su patrocinador Microsoft, acus\u00e1ndolos de usar millones de obras protegidas por derechos de autor para entrenar ChatGPT sin consentimiento ni compensaci\u00f3n. Los medios afirman que esta pr\u00e1ctica amenaza su capacidad de operar y exigen la eliminaci\u00f3n [&hellip;]\" \/>\n<meta property=\"og:url\" content=\"https:\/\/www.eldiario.net\/portal\/2025\/01\/14\/medios-demandan-a-openai-y-microsoft-por-derechos-de-autor-1838\/\" \/>\n<meta property=\"og:site_name\" content=\"El Diario - Bolivia\" \/>\n<meta property=\"article:publisher\" content=\"https:\/\/www.facebook.com\/eldiario.bolivia\/\" \/>\n<meta property=\"article:published_time\" content=\"2025-01-14T22:39:00+00:00\" \/>\n<meta property=\"og:image\" content=\"https:\/\/www.eldiario.net\/portal\/wp-content\/uploads\/2025\/01\/open-ai-e1736894294360.jpg\" \/>\n\t<meta property=\"og:image:width\" content=\"500\" \/>\n\t<meta property=\"og:image:height\" content=\"300\" \/>\n\t<meta property=\"og:image:type\" content=\"image\/jpeg\" \/>\n<meta name=\"author\" content=\"Viviana Monrroy\" \/>\n<meta name=\"twitter:card\" content=\"summary_large_image\" \/>\n<meta name=\"twitter:creator\" content=\"@eldiario_net\" \/>\n<meta name=\"twitter:site\" content=\"@eldiario_net\" \/>\n<meta name=\"twitter:label1\" content=\"Escrito por\" \/>\n\t<meta name=\"twitter:data1\" content=\"Viviana Monrroy\" \/>\n\t<meta name=\"twitter:label2\" content=\"Tiempo de lectura\" \/>\n\t<meta name=\"twitter:data2\" content=\"1 minuto\" \/>\n<script type=\"application\/ld+json\" class=\"yoast-schema-graph\">{\"@context\":\"https:\\\/\\\/schema.org\",\"@graph\":[{\"@type\":\"Article\",\"@id\":\"https:\\\/\\\/www.eldiario.net\\\/portal\\\/2025\\\/01\\\/14\\\/medios-demandan-a-openai-y-microsoft-por-derechos-de-autor-1838\\\/#article\",\"isPartOf\":{\"@id\":\"https:\\\/\\\/www.eldiario.net\\\/portal\\\/2025\\\/01\\\/14\\\/medios-demandan-a-openai-y-microsoft-por-derechos-de-autor-1838\\\/\"},\"author\":{\"name\":\"Viviana Monrroy\",\"@id\":\"https:\\\/\\\/www.eldiario.net\\\/portal\\\/#\\\/schema\\\/person\\\/ba370d92d160f4d3574381f6d9b78fab\"},\"headline\":\"Medios demandan a OpenAI y Microsoft por derechos de autor. (18:38)\",\"datePublished\":\"2025-01-14T22:39:00+00:00\",\"mainEntityOfPage\":{\"@id\":\"https:\\\/\\\/www.eldiario.net\\\/portal\\\/2025\\\/01\\\/14\\\/medios-demandan-a-openai-y-microsoft-por-derechos-de-autor-1838\\\/\"},\"wordCount\":162,\"publisher\":{\"@id\":\"https:\\\/\\\/www.eldiario.net\\\/portal\\\/#organization\"},\"image\":{\"@id\":\"https:\\\/\\\/www.eldiario.net\\\/portal\\\/2025\\\/01\\\/14\\\/medios-demandan-a-openai-y-microsoft-por-derechos-de-autor-1838\\\/#primaryimage\"},\"thumbnailUrl\":\"https:\\\/\\\/www.eldiario.net\\\/portal\\\/wp-content\\\/uploads\\\/2025\\\/01\\\/open-ai-e1736894294360.jpg\",\"articleSection\":[\"\u00daltima Hora\"],\"inLanguage\":\"es\"},{\"@type\":\"WebPage\",\"@id\":\"https:\\\/\\\/www.eldiario.net\\\/portal\\\/2025\\\/01\\\/14\\\/medios-demandan-a-openai-y-microsoft-por-derechos-de-autor-1838\\\/\",\"url\":\"https:\\\/\\\/www.eldiario.net\\\/portal\\\/2025\\\/01\\\/14\\\/medios-demandan-a-openai-y-microsoft-por-derechos-de-autor-1838\\\/\",\"name\":\"Medios demandan a OpenAI y Microsoft por derechos de autor. (18:38) - El Diario - Bolivia\",\"isPartOf\":{\"@id\":\"https:\\\/\\\/www.eldiario.net\\\/portal\\\/#website\"},\"primaryImageOfPage\":{\"@id\":\"https:\\\/\\\/www.eldiario.net\\\/portal\\\/2025\\\/01\\\/14\\\/medios-demandan-a-openai-y-microsoft-por-derechos-de-autor-1838\\\/#primaryimage\"},\"image\":{\"@id\":\"https:\\\/\\\/www.eldiario.net\\\/portal\\\/2025\\\/01\\\/14\\\/medios-demandan-a-openai-y-microsoft-por-derechos-de-autor-1838\\\/#primaryimage\"},\"thumbnailUrl\":\"https:\\\/\\\/www.eldiario.net\\\/portal\\\/wp-content\\\/uploads\\\/2025\\\/01\\\/open-ai-e1736894294360.jpg\",\"datePublished\":\"2025-01-14T22:39:00+00:00\",\"breadcrumb\":{\"@id\":\"https:\\\/\\\/www.eldiario.net\\\/portal\\\/2025\\\/01\\\/14\\\/medios-demandan-a-openai-y-microsoft-por-derechos-de-autor-1838\\\/#breadcrumb\"},\"inLanguage\":\"es\",\"potentialAction\":[{\"@type\":\"ReadAction\",\"target\":[\"https:\\\/\\\/www.eldiario.net\\\/portal\\\/2025\\\/01\\\/14\\\/medios-demandan-a-openai-y-microsoft-por-derechos-de-autor-1838\\\/\"]}]},{\"@type\":\"ImageObject\",\"inLanguage\":\"es\",\"@id\":\"https:\\\/\\\/www.eldiario.net\\\/portal\\\/2025\\\/01\\\/14\\\/medios-demandan-a-openai-y-microsoft-por-derechos-de-autor-1838\\\/#primaryimage\",\"url\":\"https:\\\/\\\/www.eldiario.net\\\/portal\\\/wp-content\\\/uploads\\\/2025\\\/01\\\/open-ai-e1736894294360.jpg\",\"contentUrl\":\"https:\\\/\\\/www.eldiario.net\\\/portal\\\/wp-content\\\/uploads\\\/2025\\\/01\\\/open-ai-e1736894294360.jpg\",\"width\":500,\"height\":300,\"caption\":\"Foto: RR.SS.\"},{\"@type\":\"BreadcrumbList\",\"@id\":\"https:\\\/\\\/www.eldiario.net\\\/portal\\\/2025\\\/01\\\/14\\\/medios-demandan-a-openai-y-microsoft-por-derechos-de-autor-1838\\\/#breadcrumb\",\"itemListElement\":[{\"@type\":\"ListItem\",\"position\":1,\"name\":\"Portada\",\"item\":\"https:\\\/\\\/www.eldiario.net\\\/portal\\\/\"},{\"@type\":\"ListItem\",\"position\":2,\"name\":\"Medios demandan a OpenAI y Microsoft por derechos de autor. (18:38)\"}]},{\"@type\":\"WebSite\",\"@id\":\"https:\\\/\\\/www.eldiario.net\\\/portal\\\/#website\",\"url\":\"https:\\\/\\\/www.eldiario.net\\\/portal\\\/\",\"name\":\"El Diario - Decano de la prensa nacional\",\"description\":\"El Diario - Decano de la prensa nacional\",\"publisher\":{\"@id\":\"https:\\\/\\\/www.eldiario.net\\\/portal\\\/#organization\"},\"potentialAction\":[{\"@type\":\"SearchAction\",\"target\":{\"@type\":\"EntryPoint\",\"urlTemplate\":\"https:\\\/\\\/www.eldiario.net\\\/portal\\\/?s={search_term_string}\"},\"query-input\":{\"@type\":\"PropertyValueSpecification\",\"valueRequired\":true,\"valueName\":\"search_term_string\"}}],\"inLanguage\":\"es\"},{\"@type\":\"Organization\",\"@id\":\"https:\\\/\\\/www.eldiario.net\\\/portal\\\/#organization\",\"name\":\"El Diario - Decano de la prensa nacional\",\"url\":\"https:\\\/\\\/www.eldiario.net\\\/portal\\\/\",\"logo\":{\"@type\":\"ImageObject\",\"inLanguage\":\"es\",\"@id\":\"https:\\\/\\\/www.eldiario.net\\\/portal\\\/#\\\/schema\\\/logo\\\/image\\\/\",\"url\":\"https:\\\/\\\/www.eldiario.net\\\/portal\\\/wp-content\\\/uploads\\\/2023\\\/07\\\/logo_ED.jpg\",\"contentUrl\":\"https:\\\/\\\/www.eldiario.net\\\/portal\\\/wp-content\\\/uploads\\\/2023\\\/07\\\/logo_ED.jpg\",\"width\":272,\"height\":52,\"caption\":\"El Diario - Decano de la prensa nacional\"},\"image\":{\"@id\":\"https:\\\/\\\/www.eldiario.net\\\/portal\\\/#\\\/schema\\\/logo\\\/image\\\/\"},\"sameAs\":[\"https:\\\/\\\/www.facebook.com\\\/eldiario.bolivia\\\/\",\"https:\\\/\\\/x.com\\\/eldiario_net\"]},{\"@type\":\"Person\",\"@id\":\"https:\\\/\\\/www.eldiario.net\\\/portal\\\/#\\\/schema\\\/person\\\/ba370d92d160f4d3574381f6d9b78fab\",\"name\":\"Viviana Monrroy\",\"image\":{\"@type\":\"ImageObject\",\"inLanguage\":\"es\",\"@id\":\"https:\\\/\\\/secure.gravatar.com\\\/avatar\\\/dfd1611ed5600959a0e5a9754503b6c05d1dcf190010998e0363aee2ad98afca?s=96&d=mm&r=g\",\"url\":\"https:\\\/\\\/secure.gravatar.com\\\/avatar\\\/dfd1611ed5600959a0e5a9754503b6c05d1dcf190010998e0363aee2ad98afca?s=96&d=mm&r=g\",\"contentUrl\":\"https:\\\/\\\/secure.gravatar.com\\\/avatar\\\/dfd1611ed5600959a0e5a9754503b6c05d1dcf190010998e0363aee2ad98afca?s=96&d=mm&r=g\",\"caption\":\"Viviana Monrroy\"},\"sameAs\":[\"http:\\\/\\\/www.eldiario.net\"],\"url\":\"https:\\\/\\\/www.eldiario.net\\\/portal\\\/author\\\/vivianamonrroy\\\/\"}]}<\/script>\n<!-- \/ Yoast SEO plugin. -->","yoast_head_json":{"title":"Medios demandan a OpenAI y Microsoft por derechos de autor. (18:38) - El Diario - Bolivia","robots":{"index":"index","follow":"follow","max-snippet":"max-snippet:-1","max-image-preview":"max-image-preview:large","max-video-preview":"max-video-preview:-1"},"canonical":"https:\/\/www.eldiario.net\/portal\/2025\/01\/14\/medios-demandan-a-openai-y-microsoft-por-derechos-de-autor-1838\/","og_locale":"es_ES","og_type":"article","og_title":"Medios demandan a OpenAI y Microsoft por derechos de autor. (18:38) - El Diario - Bolivia","og_description":"The Times, The New York Daily News y el Center for Investigative Reporting encabezan una demanda contra OpenAI y su patrocinador Microsoft, acus\u00e1ndolos de usar millones de obras protegidas por derechos de autor para entrenar ChatGPT sin consentimiento ni compensaci\u00f3n. Los medios afirman que esta pr\u00e1ctica amenaza su capacidad de operar y exigen la eliminaci\u00f3n [&hellip;]","og_url":"https:\/\/www.eldiario.net\/portal\/2025\/01\/14\/medios-demandan-a-openai-y-microsoft-por-derechos-de-autor-1838\/","og_site_name":"El Diario - Bolivia","article_publisher":"https:\/\/www.facebook.com\/eldiario.bolivia\/","article_published_time":"2025-01-14T22:39:00+00:00","og_image":[{"width":500,"height":300,"url":"https:\/\/www.eldiario.net\/portal\/wp-content\/uploads\/2025\/01\/open-ai-e1736894294360.jpg","type":"image\/jpeg"}],"author":"Viviana Monrroy","twitter_card":"summary_large_image","twitter_creator":"@eldiario_net","twitter_site":"@eldiario_net","twitter_misc":{"Escrito por":"Viviana Monrroy","Tiempo de lectura":"1 minuto"},"schema":{"@context":"https:\/\/schema.org","@graph":[{"@type":"Article","@id":"https:\/\/www.eldiario.net\/portal\/2025\/01\/14\/medios-demandan-a-openai-y-microsoft-por-derechos-de-autor-1838\/#article","isPartOf":{"@id":"https:\/\/www.eldiario.net\/portal\/2025\/01\/14\/medios-demandan-a-openai-y-microsoft-por-derechos-de-autor-1838\/"},"author":{"name":"Viviana Monrroy","@id":"https:\/\/www.eldiario.net\/portal\/#\/schema\/person\/ba370d92d160f4d3574381f6d9b78fab"},"headline":"Medios demandan a OpenAI y Microsoft por derechos de autor. (18:38)","datePublished":"2025-01-14T22:39:00+00:00","mainEntityOfPage":{"@id":"https:\/\/www.eldiario.net\/portal\/2025\/01\/14\/medios-demandan-a-openai-y-microsoft-por-derechos-de-autor-1838\/"},"wordCount":162,"publisher":{"@id":"https:\/\/www.eldiario.net\/portal\/#organization"},"image":{"@id":"https:\/\/www.eldiario.net\/portal\/2025\/01\/14\/medios-demandan-a-openai-y-microsoft-por-derechos-de-autor-1838\/#primaryimage"},"thumbnailUrl":"https:\/\/www.eldiario.net\/portal\/wp-content\/uploads\/2025\/01\/open-ai-e1736894294360.jpg","articleSection":["\u00daltima Hora"],"inLanguage":"es"},{"@type":"WebPage","@id":"https:\/\/www.eldiario.net\/portal\/2025\/01\/14\/medios-demandan-a-openai-y-microsoft-por-derechos-de-autor-1838\/","url":"https:\/\/www.eldiario.net\/portal\/2025\/01\/14\/medios-demandan-a-openai-y-microsoft-por-derechos-de-autor-1838\/","name":"Medios demandan a OpenAI y Microsoft por derechos de autor. (18:38) - El Diario - Bolivia","isPartOf":{"@id":"https:\/\/www.eldiario.net\/portal\/#website"},"primaryImageOfPage":{"@id":"https:\/\/www.eldiario.net\/portal\/2025\/01\/14\/medios-demandan-a-openai-y-microsoft-por-derechos-de-autor-1838\/#primaryimage"},"image":{"@id":"https:\/\/www.eldiario.net\/portal\/2025\/01\/14\/medios-demandan-a-openai-y-microsoft-por-derechos-de-autor-1838\/#primaryimage"},"thumbnailUrl":"https:\/\/www.eldiario.net\/portal\/wp-content\/uploads\/2025\/01\/open-ai-e1736894294360.jpg","datePublished":"2025-01-14T22:39:00+00:00","breadcrumb":{"@id":"https:\/\/www.eldiario.net\/portal\/2025\/01\/14\/medios-demandan-a-openai-y-microsoft-por-derechos-de-autor-1838\/#breadcrumb"},"inLanguage":"es","potentialAction":[{"@type":"ReadAction","target":["https:\/\/www.eldiario.net\/portal\/2025\/01\/14\/medios-demandan-a-openai-y-microsoft-por-derechos-de-autor-1838\/"]}]},{"@type":"ImageObject","inLanguage":"es","@id":"https:\/\/www.eldiario.net\/portal\/2025\/01\/14\/medios-demandan-a-openai-y-microsoft-por-derechos-de-autor-1838\/#primaryimage","url":"https:\/\/www.eldiario.net\/portal\/wp-content\/uploads\/2025\/01\/open-ai-e1736894294360.jpg","contentUrl":"https:\/\/www.eldiario.net\/portal\/wp-content\/uploads\/2025\/01\/open-ai-e1736894294360.jpg","width":500,"height":300,"caption":"Foto: RR.SS."},{"@type":"BreadcrumbList","@id":"https:\/\/www.eldiario.net\/portal\/2025\/01\/14\/medios-demandan-a-openai-y-microsoft-por-derechos-de-autor-1838\/#breadcrumb","itemListElement":[{"@type":"ListItem","position":1,"name":"Portada","item":"https:\/\/www.eldiario.net\/portal\/"},{"@type":"ListItem","position":2,"name":"Medios demandan a OpenAI y Microsoft por derechos de autor. (18:38)"}]},{"@type":"WebSite","@id":"https:\/\/www.eldiario.net\/portal\/#website","url":"https:\/\/www.eldiario.net\/portal\/","name":"El Diario - Decano de la prensa nacional","description":"El Diario - Decano de la prensa nacional","publisher":{"@id":"https:\/\/www.eldiario.net\/portal\/#organization"},"potentialAction":[{"@type":"SearchAction","target":{"@type":"EntryPoint","urlTemplate":"https:\/\/www.eldiario.net\/portal\/?s={search_term_string}"},"query-input":{"@type":"PropertyValueSpecification","valueRequired":true,"valueName":"search_term_string"}}],"inLanguage":"es"},{"@type":"Organization","@id":"https:\/\/www.eldiario.net\/portal\/#organization","name":"El Diario - Decano de la prensa nacional","url":"https:\/\/www.eldiario.net\/portal\/","logo":{"@type":"ImageObject","inLanguage":"es","@id":"https:\/\/www.eldiario.net\/portal\/#\/schema\/logo\/image\/","url":"https:\/\/www.eldiario.net\/portal\/wp-content\/uploads\/2023\/07\/logo_ED.jpg","contentUrl":"https:\/\/www.eldiario.net\/portal\/wp-content\/uploads\/2023\/07\/logo_ED.jpg","width":272,"height":52,"caption":"El Diario - Decano de la prensa nacional"},"image":{"@id":"https:\/\/www.eldiario.net\/portal\/#\/schema\/logo\/image\/"},"sameAs":["https:\/\/www.facebook.com\/eldiario.bolivia\/","https:\/\/x.com\/eldiario_net"]},{"@type":"Person","@id":"https:\/\/www.eldiario.net\/portal\/#\/schema\/person\/ba370d92d160f4d3574381f6d9b78fab","name":"Viviana Monrroy","image":{"@type":"ImageObject","inLanguage":"es","@id":"https:\/\/secure.gravatar.com\/avatar\/dfd1611ed5600959a0e5a9754503b6c05d1dcf190010998e0363aee2ad98afca?s=96&d=mm&r=g","url":"https:\/\/secure.gravatar.com\/avatar\/dfd1611ed5600959a0e5a9754503b6c05d1dcf190010998e0363aee2ad98afca?s=96&d=mm&r=g","contentUrl":"https:\/\/secure.gravatar.com\/avatar\/dfd1611ed5600959a0e5a9754503b6c05d1dcf190010998e0363aee2ad98afca?s=96&d=mm&r=g","caption":"Viviana Monrroy"},"sameAs":["http:\/\/www.eldiario.net"],"url":"https:\/\/www.eldiario.net\/portal\/author\/vivianamonrroy\/"}]}},"_links":{"self":[{"href":"https:\/\/www.eldiario.net\/portal\/wp-json\/wp\/v2\/posts\/274680","targetHints":{"allow":["GET"]}}],"collection":[{"href":"https:\/\/www.eldiario.net\/portal\/wp-json\/wp\/v2\/posts"}],"about":[{"href":"https:\/\/www.eldiario.net\/portal\/wp-json\/wp\/v2\/types\/post"}],"author":[{"embeddable":true,"href":"https:\/\/www.eldiario.net\/portal\/wp-json\/wp\/v2\/users\/7"}],"replies":[{"embeddable":true,"href":"https:\/\/www.eldiario.net\/portal\/wp-json\/wp\/v2\/comments?post=274680"}],"version-history":[{"count":1,"href":"https:\/\/www.eldiario.net\/portal\/wp-json\/wp\/v2\/posts\/274680\/revisions"}],"predecessor-version":[{"id":274683,"href":"https:\/\/www.eldiario.net\/portal\/wp-json\/wp\/v2\/posts\/274680\/revisions\/274683"}],"wp:featuredmedia":[{"embeddable":true,"href":"https:\/\/www.eldiario.net\/portal\/wp-json\/wp\/v2\/media\/274682"}],"wp:attachment":[{"href":"https:\/\/www.eldiario.net\/portal\/wp-json\/wp\/v2\/media?parent=274680"}],"wp:term":[{"taxonomy":"category","embeddable":true,"href":"https:\/\/www.eldiario.net\/portal\/wp-json\/wp\/v2\/categories?post=274680"},{"taxonomy":"post_tag","embeddable":true,"href":"https:\/\/www.eldiario.net\/portal\/wp-json\/wp\/v2\/tags?post=274680"}],"curies":[{"name":"wp","href":"https:\/\/api.w.org\/{rel}","templated":true}]}}