{"id":274676,"date":"2025-01-14T18:31:55","date_gmt":"2025-01-14T22:31:55","guid":{"rendered":"https:\/\/www.eldiario.net\/portal\/?p=274676"},"modified":"2025-01-14T18:31:55","modified_gmt":"2025-01-14T22:31:55","slug":"sheinbaum-mandataria-mexicana-no-asistira-a-la-posesion-de-trump-1830","status":"publish","type":"post","link":"https:\/\/www.eldiario.net\/portal\/2025\/01\/14\/sheinbaum-mandataria-mexicana-no-asistira-a-la-posesion-de-trump-1830\/","title":{"rendered":"Sheinbaum, mandataria mexicana,  no asistir\u00e1  a la posesi\u00f3n de Trump. (18:30)"},"content":{"rendered":"<p>La presidenta de M\u00e9xico, Claudia Sheinbaum Pardo, confirm\u00f3 que no asistir\u00e1 a la ceremonia de investidura presidencial de Donald Trump, programada para el pr\u00f3ximo lunes 20 de enero de 2025 en el Capitolio de los Estados Unidos. Aunque Sheinbaum no recibi\u00f3 una invitaci\u00f3n personal, el embajador de M\u00e9xico en EEUU, Esteban Moctezuma, asistir\u00e1 al evento en representaci\u00f3n de M\u00e9xico. La ceremonia contar\u00e1 con la presencia de otros l\u00edderes mundiales, como el presidente de China, Xi Jinping, y el presidente de Ecuador, Daniel Noboa.<\/p>\n<p>La investidura de Trump marcar\u00e1 su segundo mandato como presidente de Estados Unidos, despu\u00e9s de haber ganado las elecciones de noviembre de 2024. La ceremonia seguir\u00e1 un riguroso protocolo, que incluye el juramento del vicepresidente, J.D. Vance, y el discurso inaugural de Trump. Otros invitados destacados incluyen al ex presidente de Brasil, Jair Bolsonaro, y al primer ministro h\u00fangaro, Viktor Orb\u00e1n.<\/p>\n<p><em>Con aporte de agencias.<\/em><\/p>\n","protected":false},"excerpt":{"rendered":"<p>La presidenta de M\u00e9xico, Claudia Sheinbaum Pardo, confirm\u00f3 que no asistir\u00e1 a la ceremonia de investidura presidencial de Donald Trump, programada para el pr\u00f3ximo lunes 20 de enero de 2025 en el Capitolio de los Estados Unidos. Aunque Sheinbaum no recibi\u00f3 una invitaci\u00f3n personal, el embajador de M\u00e9xico en EEUU, Esteban Moctezuma, asistir\u00e1 al evento [&hellip;]<\/p>\n","protected":false},"author":7,"featured_media":274677,"comment_status":"closed","ping_status":"open","sticky":false,"template":"","format":"standard","meta":{"_acf_changed":false,"footnotes":""},"categories":[51],"tags":[],"class_list":["post-274676","post","type-post","status-publish","format-standard","has-post-thumbnail","category-ultima-hora"],"acf":{"antetitulo":""},"yoast_head":"<!-- This site is optimized with the Yoast SEO plugin v28.4 - https:\/\/yoast.com\/product\/yoast-seo-wordpress\/ -->\n<title>Sheinbaum, mandataria mexicana, no asistir\u00e1 a la posesi\u00f3n de Trump. (18:30) - El Diario - Bolivia<\/title>\n<meta name=\"robots\" content=\"index, follow, max-snippet:-1, max-image-preview:large, max-video-preview:-1\" \/>\n<link rel=\"canonical\" href=\"https:\/\/www.eldiario.net\/portal\/2025\/01\/14\/sheinbaum-mandataria-mexicana-no-asistira-a-la-posesion-de-trump-1830\/\" \/>\n<meta property=\"og:locale\" content=\"es_ES\" \/>\n<meta property=\"og:type\" content=\"article\" \/>\n<meta property=\"og:title\" content=\"Sheinbaum, mandataria mexicana, no asistir\u00e1 a la posesi\u00f3n de Trump. (18:30) - El Diario - Bolivia\" \/>\n<meta property=\"og:description\" content=\"La presidenta de M\u00e9xico, Claudia Sheinbaum Pardo, confirm\u00f3 que no asistir\u00e1 a la ceremonia de investidura presidencial de Donald Trump, programada para el pr\u00f3ximo lunes 20 de enero de 2025 en el Capitolio de los Estados Unidos. Aunque Sheinbaum no recibi\u00f3 una invitaci\u00f3n personal, el embajador de M\u00e9xico en EEUU, Esteban Moctezuma, asistir\u00e1 al evento [&hellip;]\" \/>\n<meta property=\"og:url\" content=\"https:\/\/www.eldiario.net\/portal\/2025\/01\/14\/sheinbaum-mandataria-mexicana-no-asistira-a-la-posesion-de-trump-1830\/\" \/>\n<meta property=\"og:site_name\" content=\"El Diario - Bolivia\" \/>\n<meta property=\"article:publisher\" content=\"https:\/\/www.facebook.com\/eldiario.bolivia\/\" \/>\n<meta property=\"article:published_time\" content=\"2025-01-14T22:31:55+00:00\" \/>\n<meta property=\"og:image\" content=\"https:\/\/www.eldiario.net\/portal\/wp-content\/uploads\/2025\/01\/Claudia-Sheinbaum-Pardo-e1736893903760.png\" \/>\n\t<meta property=\"og:image:width\" content=\"300\" \/>\n\t<meta property=\"og:image:height\" content=\"247\" \/>\n\t<meta property=\"og:image:type\" content=\"image\/png\" \/>\n<meta name=\"author\" content=\"Viviana Monrroy\" \/>\n<meta name=\"twitter:card\" content=\"summary_large_image\" \/>\n<meta name=\"twitter:creator\" content=\"@eldiario_net\" \/>\n<meta name=\"twitter:site\" content=\"@eldiario_net\" \/>\n<meta name=\"twitter:label1\" content=\"Escrito por\" \/>\n\t<meta name=\"twitter:data1\" content=\"Viviana Monrroy\" \/>\n\t<meta name=\"twitter:label2\" content=\"Tiempo de lectura\" \/>\n\t<meta name=\"twitter:data2\" content=\"1 minuto\" \/>\n<script type=\"application\/ld+json\" class=\"yoast-schema-graph\">{\"@context\":\"https:\\\/\\\/schema.org\",\"@graph\":[{\"@type\":\"Article\",\"@id\":\"https:\\\/\\\/www.eldiario.net\\\/portal\\\/2025\\\/01\\\/14\\\/sheinbaum-mandataria-mexicana-no-asistira-a-la-posesion-de-trump-1830\\\/#article\",\"isPartOf\":{\"@id\":\"https:\\\/\\\/www.eldiario.net\\\/portal\\\/2025\\\/01\\\/14\\\/sheinbaum-mandataria-mexicana-no-asistira-a-la-posesion-de-trump-1830\\\/\"},\"author\":{\"name\":\"Viviana Monrroy\",\"@id\":\"https:\\\/\\\/www.eldiario.net\\\/portal\\\/#\\\/schema\\\/person\\\/ba370d92d160f4d3574381f6d9b78fab\"},\"headline\":\"Sheinbaum, mandataria mexicana, no asistir\u00e1 a la posesi\u00f3n de Trump. (18:30)\",\"datePublished\":\"2025-01-14T22:31:55+00:00\",\"mainEntityOfPage\":{\"@id\":\"https:\\\/\\\/www.eldiario.net\\\/portal\\\/2025\\\/01\\\/14\\\/sheinbaum-mandataria-mexicana-no-asistira-a-la-posesion-de-trump-1830\\\/\"},\"wordCount\":167,\"publisher\":{\"@id\":\"https:\\\/\\\/www.eldiario.net\\\/portal\\\/#organization\"},\"image\":{\"@id\":\"https:\\\/\\\/www.eldiario.net\\\/portal\\\/2025\\\/01\\\/14\\\/sheinbaum-mandataria-mexicana-no-asistira-a-la-posesion-de-trump-1830\\\/#primaryimage\"},\"thumbnailUrl\":\"https:\\\/\\\/www.eldiario.net\\\/portal\\\/wp-content\\\/uploads\\\/2025\\\/01\\\/Claudia-Sheinbaum-Pardo-e1736893903760.png\",\"articleSection\":[\"\u00daltima Hora\"],\"inLanguage\":\"es\"},{\"@type\":\"WebPage\",\"@id\":\"https:\\\/\\\/www.eldiario.net\\\/portal\\\/2025\\\/01\\\/14\\\/sheinbaum-mandataria-mexicana-no-asistira-a-la-posesion-de-trump-1830\\\/\",\"url\":\"https:\\\/\\\/www.eldiario.net\\\/portal\\\/2025\\\/01\\\/14\\\/sheinbaum-mandataria-mexicana-no-asistira-a-la-posesion-de-trump-1830\\\/\",\"name\":\"Sheinbaum, mandataria mexicana, no asistir\u00e1 a la posesi\u00f3n de Trump. (18:30) - El Diario - Bolivia\",\"isPartOf\":{\"@id\":\"https:\\\/\\\/www.eldiario.net\\\/portal\\\/#website\"},\"primaryImageOfPage\":{\"@id\":\"https:\\\/\\\/www.eldiario.net\\\/portal\\\/2025\\\/01\\\/14\\\/sheinbaum-mandataria-mexicana-no-asistira-a-la-posesion-de-trump-1830\\\/#primaryimage\"},\"image\":{\"@id\":\"https:\\\/\\\/www.eldiario.net\\\/portal\\\/2025\\\/01\\\/14\\\/sheinbaum-mandataria-mexicana-no-asistira-a-la-posesion-de-trump-1830\\\/#primaryimage\"},\"thumbnailUrl\":\"https:\\\/\\\/www.eldiario.net\\\/portal\\\/wp-content\\\/uploads\\\/2025\\\/01\\\/Claudia-Sheinbaum-Pardo-e1736893903760.png\",\"datePublished\":\"2025-01-14T22:31:55+00:00\",\"breadcrumb\":{\"@id\":\"https:\\\/\\\/www.eldiario.net\\\/portal\\\/2025\\\/01\\\/14\\\/sheinbaum-mandataria-mexicana-no-asistira-a-la-posesion-de-trump-1830\\\/#breadcrumb\"},\"inLanguage\":\"es\",\"potentialAction\":[{\"@type\":\"ReadAction\",\"target\":[\"https:\\\/\\\/www.eldiario.net\\\/portal\\\/2025\\\/01\\\/14\\\/sheinbaum-mandataria-mexicana-no-asistira-a-la-posesion-de-trump-1830\\\/\"]}]},{\"@type\":\"ImageObject\",\"inLanguage\":\"es\",\"@id\":\"https:\\\/\\\/www.eldiario.net\\\/portal\\\/2025\\\/01\\\/14\\\/sheinbaum-mandataria-mexicana-no-asistira-a-la-posesion-de-trump-1830\\\/#primaryimage\",\"url\":\"https:\\\/\\\/www.eldiario.net\\\/portal\\\/wp-content\\\/uploads\\\/2025\\\/01\\\/Claudia-Sheinbaum-Pardo-e1736893903760.png\",\"contentUrl\":\"https:\\\/\\\/www.eldiario.net\\\/portal\\\/wp-content\\\/uploads\\\/2025\\\/01\\\/Claudia-Sheinbaum-Pardo-e1736893903760.png\",\"width\":300,\"height\":247,\"caption\":\"Foto: Claudia Sheinbaum Pardo. (RR.SS.)\"},{\"@type\":\"BreadcrumbList\",\"@id\":\"https:\\\/\\\/www.eldiario.net\\\/portal\\\/2025\\\/01\\\/14\\\/sheinbaum-mandataria-mexicana-no-asistira-a-la-posesion-de-trump-1830\\\/#breadcrumb\",\"itemListElement\":[{\"@type\":\"ListItem\",\"position\":1,\"name\":\"Portada\",\"item\":\"https:\\\/\\\/www.eldiario.net\\\/portal\\\/\"},{\"@type\":\"ListItem\",\"position\":2,\"name\":\"Sheinbaum, mandataria mexicana, no asistir\u00e1 a la posesi\u00f3n de Trump. (18:30)\"}]},{\"@type\":\"WebSite\",\"@id\":\"https:\\\/\\\/www.eldiario.net\\\/portal\\\/#website\",\"url\":\"https:\\\/\\\/www.eldiario.net\\\/portal\\\/\",\"name\":\"El Diario - Decano de la prensa nacional\",\"description\":\"El Diario - Decano de la prensa nacional\",\"publisher\":{\"@id\":\"https:\\\/\\\/www.eldiario.net\\\/portal\\\/#organization\"},\"potentialAction\":[{\"@type\":\"SearchAction\",\"target\":{\"@type\":\"EntryPoint\",\"urlTemplate\":\"https:\\\/\\\/www.eldiario.net\\\/portal\\\/?s={search_term_string}\"},\"query-input\":{\"@type\":\"PropertyValueSpecification\",\"valueRequired\":true,\"valueName\":\"search_term_string\"}}],\"inLanguage\":\"es\"},{\"@type\":\"Organization\",\"@id\":\"https:\\\/\\\/www.eldiario.net\\\/portal\\\/#organization\",\"name\":\"El Diario - Decano de la prensa nacional\",\"url\":\"https:\\\/\\\/www.eldiario.net\\\/portal\\\/\",\"logo\":{\"@type\":\"ImageObject\",\"inLanguage\":\"es\",\"@id\":\"https:\\\/\\\/www.eldiario.net\\\/portal\\\/#\\\/schema\\\/logo\\\/image\\\/\",\"url\":\"https:\\\/\\\/www.eldiario.net\\\/portal\\\/wp-content\\\/uploads\\\/2023\\\/07\\\/logo_ED.jpg\",\"contentUrl\":\"https:\\\/\\\/www.eldiario.net\\\/portal\\\/wp-content\\\/uploads\\\/2023\\\/07\\\/logo_ED.jpg\",\"width\":272,\"height\":52,\"caption\":\"El Diario - Decano de la prensa nacional\"},\"image\":{\"@id\":\"https:\\\/\\\/www.eldiario.net\\\/portal\\\/#\\\/schema\\\/logo\\\/image\\\/\"},\"sameAs\":[\"https:\\\/\\\/www.facebook.com\\\/eldiario.bolivia\\\/\",\"https:\\\/\\\/x.com\\\/eldiario_net\"]},{\"@type\":\"Person\",\"@id\":\"https:\\\/\\\/www.eldiario.net\\\/portal\\\/#\\\/schema\\\/person\\\/ba370d92d160f4d3574381f6d9b78fab\",\"name\":\"Viviana Monrroy\",\"image\":{\"@type\":\"ImageObject\",\"inLanguage\":\"es\",\"@id\":\"https:\\\/\\\/secure.gravatar.com\\\/avatar\\\/dfd1611ed5600959a0e5a9754503b6c05d1dcf190010998e0363aee2ad98afca?s=96&d=mm&r=g\",\"url\":\"https:\\\/\\\/secure.gravatar.com\\\/avatar\\\/dfd1611ed5600959a0e5a9754503b6c05d1dcf190010998e0363aee2ad98afca?s=96&d=mm&r=g\",\"contentUrl\":\"https:\\\/\\\/secure.gravatar.com\\\/avatar\\\/dfd1611ed5600959a0e5a9754503b6c05d1dcf190010998e0363aee2ad98afca?s=96&d=mm&r=g\",\"caption\":\"Viviana Monrroy\"},\"sameAs\":[\"http:\\\/\\\/www.eldiario.net\"],\"url\":\"https:\\\/\\\/www.eldiario.net\\\/portal\\\/author\\\/vivianamonrroy\\\/\"}]}<\/script>\n<!-- \/ Yoast SEO plugin. -->","yoast_head_json":{"title":"Sheinbaum, mandataria mexicana, no asistir\u00e1 a la posesi\u00f3n de Trump. (18:30) - El Diario - Bolivia","robots":{"index":"index","follow":"follow","max-snippet":"max-snippet:-1","max-image-preview":"max-image-preview:large","max-video-preview":"max-video-preview:-1"},"canonical":"https:\/\/www.eldiario.net\/portal\/2025\/01\/14\/sheinbaum-mandataria-mexicana-no-asistira-a-la-posesion-de-trump-1830\/","og_locale":"es_ES","og_type":"article","og_title":"Sheinbaum, mandataria mexicana, no asistir\u00e1 a la posesi\u00f3n de Trump. (18:30) - El Diario - Bolivia","og_description":"La presidenta de M\u00e9xico, Claudia Sheinbaum Pardo, confirm\u00f3 que no asistir\u00e1 a la ceremonia de investidura presidencial de Donald Trump, programada para el pr\u00f3ximo lunes 20 de enero de 2025 en el Capitolio de los Estados Unidos. Aunque Sheinbaum no recibi\u00f3 una invitaci\u00f3n personal, el embajador de M\u00e9xico en EEUU, Esteban Moctezuma, asistir\u00e1 al evento [&hellip;]","og_url":"https:\/\/www.eldiario.net\/portal\/2025\/01\/14\/sheinbaum-mandataria-mexicana-no-asistira-a-la-posesion-de-trump-1830\/","og_site_name":"El Diario - Bolivia","article_publisher":"https:\/\/www.facebook.com\/eldiario.bolivia\/","article_published_time":"2025-01-14T22:31:55+00:00","og_image":[{"width":300,"height":247,"url":"https:\/\/www.eldiario.net\/portal\/wp-content\/uploads\/2025\/01\/Claudia-Sheinbaum-Pardo-e1736893903760.png","type":"image\/png"}],"author":"Viviana Monrroy","twitter_card":"summary_large_image","twitter_creator":"@eldiario_net","twitter_site":"@eldiario_net","twitter_misc":{"Escrito por":"Viviana Monrroy","Tiempo de lectura":"1 minuto"},"schema":{"@context":"https:\/\/schema.org","@graph":[{"@type":"Article","@id":"https:\/\/www.eldiario.net\/portal\/2025\/01\/14\/sheinbaum-mandataria-mexicana-no-asistira-a-la-posesion-de-trump-1830\/#article","isPartOf":{"@id":"https:\/\/www.eldiario.net\/portal\/2025\/01\/14\/sheinbaum-mandataria-mexicana-no-asistira-a-la-posesion-de-trump-1830\/"},"author":{"name":"Viviana Monrroy","@id":"https:\/\/www.eldiario.net\/portal\/#\/schema\/person\/ba370d92d160f4d3574381f6d9b78fab"},"headline":"Sheinbaum, mandataria mexicana, no asistir\u00e1 a la posesi\u00f3n de Trump. (18:30)","datePublished":"2025-01-14T22:31:55+00:00","mainEntityOfPage":{"@id":"https:\/\/www.eldiario.net\/portal\/2025\/01\/14\/sheinbaum-mandataria-mexicana-no-asistira-a-la-posesion-de-trump-1830\/"},"wordCount":167,"publisher":{"@id":"https:\/\/www.eldiario.net\/portal\/#organization"},"image":{"@id":"https:\/\/www.eldiario.net\/portal\/2025\/01\/14\/sheinbaum-mandataria-mexicana-no-asistira-a-la-posesion-de-trump-1830\/#primaryimage"},"thumbnailUrl":"https:\/\/www.eldiario.net\/portal\/wp-content\/uploads\/2025\/01\/Claudia-Sheinbaum-Pardo-e1736893903760.png","articleSection":["\u00daltima Hora"],"inLanguage":"es"},{"@type":"WebPage","@id":"https:\/\/www.eldiario.net\/portal\/2025\/01\/14\/sheinbaum-mandataria-mexicana-no-asistira-a-la-posesion-de-trump-1830\/","url":"https:\/\/www.eldiario.net\/portal\/2025\/01\/14\/sheinbaum-mandataria-mexicana-no-asistira-a-la-posesion-de-trump-1830\/","name":"Sheinbaum, mandataria mexicana, no asistir\u00e1 a la posesi\u00f3n de Trump. (18:30) - El Diario - Bolivia","isPartOf":{"@id":"https:\/\/www.eldiario.net\/portal\/#website"},"primaryImageOfPage":{"@id":"https:\/\/www.eldiario.net\/portal\/2025\/01\/14\/sheinbaum-mandataria-mexicana-no-asistira-a-la-posesion-de-trump-1830\/#primaryimage"},"image":{"@id":"https:\/\/www.eldiario.net\/portal\/2025\/01\/14\/sheinbaum-mandataria-mexicana-no-asistira-a-la-posesion-de-trump-1830\/#primaryimage"},"thumbnailUrl":"https:\/\/www.eldiario.net\/portal\/wp-content\/uploads\/2025\/01\/Claudia-Sheinbaum-Pardo-e1736893903760.png","datePublished":"2025-01-14T22:31:55+00:00","breadcrumb":{"@id":"https:\/\/www.eldiario.net\/portal\/2025\/01\/14\/sheinbaum-mandataria-mexicana-no-asistira-a-la-posesion-de-trump-1830\/#breadcrumb"},"inLanguage":"es","potentialAction":[{"@type":"ReadAction","target":["https:\/\/www.eldiario.net\/portal\/2025\/01\/14\/sheinbaum-mandataria-mexicana-no-asistira-a-la-posesion-de-trump-1830\/"]}]},{"@type":"ImageObject","inLanguage":"es","@id":"https:\/\/www.eldiario.net\/portal\/2025\/01\/14\/sheinbaum-mandataria-mexicana-no-asistira-a-la-posesion-de-trump-1830\/#primaryimage","url":"https:\/\/www.eldiario.net\/portal\/wp-content\/uploads\/2025\/01\/Claudia-Sheinbaum-Pardo-e1736893903760.png","contentUrl":"https:\/\/www.eldiario.net\/portal\/wp-content\/uploads\/2025\/01\/Claudia-Sheinbaum-Pardo-e1736893903760.png","width":300,"height":247,"caption":"Foto: Claudia Sheinbaum Pardo. (RR.SS.)"},{"@type":"BreadcrumbList","@id":"https:\/\/www.eldiario.net\/portal\/2025\/01\/14\/sheinbaum-mandataria-mexicana-no-asistira-a-la-posesion-de-trump-1830\/#breadcrumb","itemListElement":[{"@type":"ListItem","position":1,"name":"Portada","item":"https:\/\/www.eldiario.net\/portal\/"},{"@type":"ListItem","position":2,"name":"Sheinbaum, mandataria mexicana, no asistir\u00e1 a la posesi\u00f3n de Trump. (18:30)"}]},{"@type":"WebSite","@id":"https:\/\/www.eldiario.net\/portal\/#website","url":"https:\/\/www.eldiario.net\/portal\/","name":"El Diario - Decano de la prensa nacional","description":"El Diario - Decano de la prensa nacional","publisher":{"@id":"https:\/\/www.eldiario.net\/portal\/#organization"},"potentialAction":[{"@type":"SearchAction","target":{"@type":"EntryPoint","urlTemplate":"https:\/\/www.eldiario.net\/portal\/?s={search_term_string}"},"query-input":{"@type":"PropertyValueSpecification","valueRequired":true,"valueName":"search_term_string"}}],"inLanguage":"es"},{"@type":"Organization","@id":"https:\/\/www.eldiario.net\/portal\/#organization","name":"El Diario - Decano de la prensa nacional","url":"https:\/\/www.eldiario.net\/portal\/","logo":{"@type":"ImageObject","inLanguage":"es","@id":"https:\/\/www.eldiario.net\/portal\/#\/schema\/logo\/image\/","url":"https:\/\/www.eldiario.net\/portal\/wp-content\/uploads\/2023\/07\/logo_ED.jpg","contentUrl":"https:\/\/www.eldiario.net\/portal\/wp-content\/uploads\/2023\/07\/logo_ED.jpg","width":272,"height":52,"caption":"El Diario - Decano de la prensa nacional"},"image":{"@id":"https:\/\/www.eldiario.net\/portal\/#\/schema\/logo\/image\/"},"sameAs":["https:\/\/www.facebook.com\/eldiario.bolivia\/","https:\/\/x.com\/eldiario_net"]},{"@type":"Person","@id":"https:\/\/www.eldiario.net\/portal\/#\/schema\/person\/ba370d92d160f4d3574381f6d9b78fab","name":"Viviana Monrroy","image":{"@type":"ImageObject","inLanguage":"es","@id":"https:\/\/secure.gravatar.com\/avatar\/dfd1611ed5600959a0e5a9754503b6c05d1dcf190010998e0363aee2ad98afca?s=96&d=mm&r=g","url":"https:\/\/secure.gravatar.com\/avatar\/dfd1611ed5600959a0e5a9754503b6c05d1dcf190010998e0363aee2ad98afca?s=96&d=mm&r=g","contentUrl":"https:\/\/secure.gravatar.com\/avatar\/dfd1611ed5600959a0e5a9754503b6c05d1dcf190010998e0363aee2ad98afca?s=96&d=mm&r=g","caption":"Viviana Monrroy"},"sameAs":["http:\/\/www.eldiario.net"],"url":"https:\/\/www.eldiario.net\/portal\/author\/vivianamonrroy\/"}]}},"_links":{"self":[{"href":"https:\/\/www.eldiario.net\/portal\/wp-json\/wp\/v2\/posts\/274676","targetHints":{"allow":["GET"]}}],"collection":[{"href":"https:\/\/www.eldiario.net\/portal\/wp-json\/wp\/v2\/posts"}],"about":[{"href":"https:\/\/www.eldiario.net\/portal\/wp-json\/wp\/v2\/types\/post"}],"author":[{"embeddable":true,"href":"https:\/\/www.eldiario.net\/portal\/wp-json\/wp\/v2\/users\/7"}],"replies":[{"embeddable":true,"href":"https:\/\/www.eldiario.net\/portal\/wp-json\/wp\/v2\/comments?post=274676"}],"version-history":[{"count":1,"href":"https:\/\/www.eldiario.net\/portal\/wp-json\/wp\/v2\/posts\/274676\/revisions"}],"predecessor-version":[{"id":274678,"href":"https:\/\/www.eldiario.net\/portal\/wp-json\/wp\/v2\/posts\/274676\/revisions\/274678"}],"wp:featuredmedia":[{"embeddable":true,"href":"https:\/\/www.eldiario.net\/portal\/wp-json\/wp\/v2\/media\/274677"}],"wp:attachment":[{"href":"https:\/\/www.eldiario.net\/portal\/wp-json\/wp\/v2\/media?parent=274676"}],"wp:term":[{"taxonomy":"category","embeddable":true,"href":"https:\/\/www.eldiario.net\/portal\/wp-json\/wp\/v2\/categories?post=274676"},{"taxonomy":"post_tag","embeddable":true,"href":"https:\/\/www.eldiario.net\/portal\/wp-json\/wp\/v2\/tags?post=274676"}],"curies":[{"name":"wp","href":"https:\/\/api.w.org\/{rel}","templated":true}]}}