{"id":274633,"date":"2025-01-14T16:15:33","date_gmt":"2025-01-14T20:15:33","guid":{"rendered":"https:\/\/www.eldiario.net\/portal\/?p=274633"},"modified":"2025-01-14T17:29:01","modified_gmt":"2025-01-14T21:29:01","slug":"sucre-reporta-el-primer-caso-de-rabia-canina-del-ano-1656","status":"publish","type":"post","link":"https:\/\/www.eldiario.net\/portal\/2025\/01\/14\/sucre-reporta-el-primer-caso-de-rabia-canina-del-ano-1656\/","title":{"rendered":"Sucre reporta el primer caso de rabia canina del a\u00f1o. (16:56)"},"content":{"rendered":"<p>El municipio de Sucre confirm\u00f3 el primer caso de rabia canina del a\u00f1o en el pa\u00eds. Se trata de un cachorro cocker de tres meses, registrado en el barrio Pampa La Florida. Seg\u00fan el secretario municipal de Salud y Educaci\u00f3n, Aldo Calle, el animal no contaba con la vacuna antirr\u00e1bica a pesar de tener propietarios. Como medida preventiva, cinco personas que estuvieron en contacto con el perro est\u00e1n bajo observaci\u00f3n y reciben tratamiento profil\u00e1ctico.<\/p>\n<p>Calle, lament\u00f3 que existe a\u00fan irresponsabilidad de los due\u00f1os al no vacunar a sus mascotas, y reiter\u00f3 que el Centro de Zoonosis est\u00e1 disponible de lunes a viernes para este servicio.<\/p>\n<p>Las autoridades municipales y el Servicio Departamental de Salud (SEDES) activaron controles epidemiol\u00f3gicos en la zona afectada y anunciaron la posibilidad de adelantar la campa\u00f1a masiva de vacunaci\u00f3n.<\/p>\n","protected":false},"excerpt":{"rendered":"<p>El municipio de Sucre confirm\u00f3 el primer caso de rabia canina del a\u00f1o en el pa\u00eds. Se trata de un cachorro cocker de tres meses, registrado en el barrio Pampa La Florida. Seg\u00fan el secretario municipal de Salud y Educaci\u00f3n, Aldo Calle, el animal no contaba con la vacuna antirr\u00e1bica a pesar de tener propietarios. [&hellip;]<\/p>\n","protected":false},"author":7,"featured_media":274658,"comment_status":"closed","ping_status":"open","sticky":false,"template":"","format":"standard","meta":{"_acf_changed":false,"footnotes":""},"categories":[51],"tags":[],"class_list":["post-274633","post","type-post","status-publish","format-standard","has-post-thumbnail","category-ultima-hora"],"acf":{"antetitulo":""},"yoast_head":"<!-- This site is optimized with the Yoast SEO plugin v28.4 - https:\/\/yoast.com\/product\/yoast-seo-wordpress\/ -->\n<title>Sucre reporta el primer caso de rabia canina del a\u00f1o. (16:56) - El Diario - Bolivia<\/title>\n<meta name=\"robots\" content=\"index, follow, max-snippet:-1, max-image-preview:large, max-video-preview:-1\" \/>\n<link rel=\"canonical\" href=\"https:\/\/www.eldiario.net\/portal\/2025\/01\/14\/sucre-reporta-el-primer-caso-de-rabia-canina-del-ano-1656\/\" \/>\n<meta property=\"og:locale\" content=\"es_ES\" \/>\n<meta property=\"og:type\" content=\"article\" \/>\n<meta property=\"og:title\" content=\"Sucre reporta el primer caso de rabia canina del a\u00f1o. (16:56) - El Diario - Bolivia\" \/>\n<meta property=\"og:description\" content=\"El municipio de Sucre confirm\u00f3 el primer caso de rabia canina del a\u00f1o en el pa\u00eds. Se trata de un cachorro cocker de tres meses, registrado en el barrio Pampa La Florida. Seg\u00fan el secretario municipal de Salud y Educaci\u00f3n, Aldo Calle, el animal no contaba con la vacuna antirr\u00e1bica a pesar de tener propietarios. [&hellip;]\" \/>\n<meta property=\"og:url\" content=\"https:\/\/www.eldiario.net\/portal\/2025\/01\/14\/sucre-reporta-el-primer-caso-de-rabia-canina-del-ano-1656\/\" \/>\n<meta property=\"og:site_name\" content=\"El Diario - Bolivia\" \/>\n<meta property=\"article:publisher\" content=\"https:\/\/www.facebook.com\/eldiario.bolivia\/\" \/>\n<meta property=\"article:published_time\" content=\"2025-01-14T20:15:33+00:00\" \/>\n<meta property=\"article:modified_time\" content=\"2025-01-14T21:29:01+00:00\" \/>\n<meta property=\"og:image\" content=\"https:\/\/www.eldiario.net\/portal\/wp-content\/uploads\/2025\/01\/perros-cachorros-e1736888177741.png\" \/>\n\t<meta property=\"og:image:width\" content=\"400\" \/>\n\t<meta property=\"og:image:height\" content=\"267\" \/>\n\t<meta property=\"og:image:type\" content=\"image\/png\" \/>\n<meta name=\"author\" content=\"Viviana Monrroy\" \/>\n<meta name=\"twitter:card\" content=\"summary_large_image\" \/>\n<meta name=\"twitter:creator\" content=\"@eldiario_net\" \/>\n<meta name=\"twitter:site\" content=\"@eldiario_net\" \/>\n<meta name=\"twitter:label1\" content=\"Escrito por\" \/>\n\t<meta name=\"twitter:data1\" content=\"Viviana Monrroy\" \/>\n\t<meta name=\"twitter:label2\" content=\"Tiempo de lectura\" \/>\n\t<meta name=\"twitter:data2\" content=\"1 minuto\" \/>\n<script type=\"application\/ld+json\" class=\"yoast-schema-graph\">{\"@context\":\"https:\\\/\\\/schema.org\",\"@graph\":[{\"@type\":\"Article\",\"@id\":\"https:\\\/\\\/www.eldiario.net\\\/portal\\\/2025\\\/01\\\/14\\\/sucre-reporta-el-primer-caso-de-rabia-canina-del-ano-1656\\\/#article\",\"isPartOf\":{\"@id\":\"https:\\\/\\\/www.eldiario.net\\\/portal\\\/2025\\\/01\\\/14\\\/sucre-reporta-el-primer-caso-de-rabia-canina-del-ano-1656\\\/\"},\"author\":{\"name\":\"Viviana Monrroy\",\"@id\":\"https:\\\/\\\/www.eldiario.net\\\/portal\\\/#\\\/schema\\\/person\\\/ba370d92d160f4d3574381f6d9b78fab\"},\"headline\":\"Sucre reporta el primer caso de rabia canina del a\u00f1o. (16:56)\",\"datePublished\":\"2025-01-14T20:15:33+00:00\",\"dateModified\":\"2025-01-14T21:29:01+00:00\",\"mainEntityOfPage\":{\"@id\":\"https:\\\/\\\/www.eldiario.net\\\/portal\\\/2025\\\/01\\\/14\\\/sucre-reporta-el-primer-caso-de-rabia-canina-del-ano-1656\\\/\"},\"wordCount\":157,\"publisher\":{\"@id\":\"https:\\\/\\\/www.eldiario.net\\\/portal\\\/#organization\"},\"image\":{\"@id\":\"https:\\\/\\\/www.eldiario.net\\\/portal\\\/2025\\\/01\\\/14\\\/sucre-reporta-el-primer-caso-de-rabia-canina-del-ano-1656\\\/#primaryimage\"},\"thumbnailUrl\":\"https:\\\/\\\/www.eldiario.net\\\/portal\\\/wp-content\\\/uploads\\\/2025\\\/01\\\/perros-cachorros-e1736888177741.png\",\"articleSection\":[\"\u00daltima Hora\"],\"inLanguage\":\"es\"},{\"@type\":\"WebPage\",\"@id\":\"https:\\\/\\\/www.eldiario.net\\\/portal\\\/2025\\\/01\\\/14\\\/sucre-reporta-el-primer-caso-de-rabia-canina-del-ano-1656\\\/\",\"url\":\"https:\\\/\\\/www.eldiario.net\\\/portal\\\/2025\\\/01\\\/14\\\/sucre-reporta-el-primer-caso-de-rabia-canina-del-ano-1656\\\/\",\"name\":\"Sucre reporta el primer caso de rabia canina del a\u00f1o. (16:56) - El Diario - Bolivia\",\"isPartOf\":{\"@id\":\"https:\\\/\\\/www.eldiario.net\\\/portal\\\/#website\"},\"primaryImageOfPage\":{\"@id\":\"https:\\\/\\\/www.eldiario.net\\\/portal\\\/2025\\\/01\\\/14\\\/sucre-reporta-el-primer-caso-de-rabia-canina-del-ano-1656\\\/#primaryimage\"},\"image\":{\"@id\":\"https:\\\/\\\/www.eldiario.net\\\/portal\\\/2025\\\/01\\\/14\\\/sucre-reporta-el-primer-caso-de-rabia-canina-del-ano-1656\\\/#primaryimage\"},\"thumbnailUrl\":\"https:\\\/\\\/www.eldiario.net\\\/portal\\\/wp-content\\\/uploads\\\/2025\\\/01\\\/perros-cachorros-e1736888177741.png\",\"datePublished\":\"2025-01-14T20:15:33+00:00\",\"dateModified\":\"2025-01-14T21:29:01+00:00\",\"breadcrumb\":{\"@id\":\"https:\\\/\\\/www.eldiario.net\\\/portal\\\/2025\\\/01\\\/14\\\/sucre-reporta-el-primer-caso-de-rabia-canina-del-ano-1656\\\/#breadcrumb\"},\"inLanguage\":\"es\",\"potentialAction\":[{\"@type\":\"ReadAction\",\"target\":[\"https:\\\/\\\/www.eldiario.net\\\/portal\\\/2025\\\/01\\\/14\\\/sucre-reporta-el-primer-caso-de-rabia-canina-del-ano-1656\\\/\"]}]},{\"@type\":\"ImageObject\",\"inLanguage\":\"es\",\"@id\":\"https:\\\/\\\/www.eldiario.net\\\/portal\\\/2025\\\/01\\\/14\\\/sucre-reporta-el-primer-caso-de-rabia-canina-del-ano-1656\\\/#primaryimage\",\"url\":\"https:\\\/\\\/www.eldiario.net\\\/portal\\\/wp-content\\\/uploads\\\/2025\\\/01\\\/perros-cachorros-e1736888177741.png\",\"contentUrl\":\"https:\\\/\\\/www.eldiario.net\\\/portal\\\/wp-content\\\/uploads\\\/2025\\\/01\\\/perros-cachorros-e1736888177741.png\",\"width\":400,\"height\":267,\"caption\":\"Foto: RR.SS.\"},{\"@type\":\"BreadcrumbList\",\"@id\":\"https:\\\/\\\/www.eldiario.net\\\/portal\\\/2025\\\/01\\\/14\\\/sucre-reporta-el-primer-caso-de-rabia-canina-del-ano-1656\\\/#breadcrumb\",\"itemListElement\":[{\"@type\":\"ListItem\",\"position\":1,\"name\":\"Portada\",\"item\":\"https:\\\/\\\/www.eldiario.net\\\/portal\\\/\"},{\"@type\":\"ListItem\",\"position\":2,\"name\":\"Sucre reporta el primer caso de rabia canina del a\u00f1o. (16:56)\"}]},{\"@type\":\"WebSite\",\"@id\":\"https:\\\/\\\/www.eldiario.net\\\/portal\\\/#website\",\"url\":\"https:\\\/\\\/www.eldiario.net\\\/portal\\\/\",\"name\":\"El Diario - Decano de la prensa nacional\",\"description\":\"El Diario - Decano de la prensa nacional\",\"publisher\":{\"@id\":\"https:\\\/\\\/www.eldiario.net\\\/portal\\\/#organization\"},\"potentialAction\":[{\"@type\":\"SearchAction\",\"target\":{\"@type\":\"EntryPoint\",\"urlTemplate\":\"https:\\\/\\\/www.eldiario.net\\\/portal\\\/?s={search_term_string}\"},\"query-input\":{\"@type\":\"PropertyValueSpecification\",\"valueRequired\":true,\"valueName\":\"search_term_string\"}}],\"inLanguage\":\"es\"},{\"@type\":\"Organization\",\"@id\":\"https:\\\/\\\/www.eldiario.net\\\/portal\\\/#organization\",\"name\":\"El Diario - Decano de la prensa nacional\",\"url\":\"https:\\\/\\\/www.eldiario.net\\\/portal\\\/\",\"logo\":{\"@type\":\"ImageObject\",\"inLanguage\":\"es\",\"@id\":\"https:\\\/\\\/www.eldiario.net\\\/portal\\\/#\\\/schema\\\/logo\\\/image\\\/\",\"url\":\"https:\\\/\\\/www.eldiario.net\\\/portal\\\/wp-content\\\/uploads\\\/2023\\\/07\\\/logo_ED.jpg\",\"contentUrl\":\"https:\\\/\\\/www.eldiario.net\\\/portal\\\/wp-content\\\/uploads\\\/2023\\\/07\\\/logo_ED.jpg\",\"width\":272,\"height\":52,\"caption\":\"El Diario - Decano de la prensa nacional\"},\"image\":{\"@id\":\"https:\\\/\\\/www.eldiario.net\\\/portal\\\/#\\\/schema\\\/logo\\\/image\\\/\"},\"sameAs\":[\"https:\\\/\\\/www.facebook.com\\\/eldiario.bolivia\\\/\",\"https:\\\/\\\/x.com\\\/eldiario_net\"]},{\"@type\":\"Person\",\"@id\":\"https:\\\/\\\/www.eldiario.net\\\/portal\\\/#\\\/schema\\\/person\\\/ba370d92d160f4d3574381f6d9b78fab\",\"name\":\"Viviana Monrroy\",\"image\":{\"@type\":\"ImageObject\",\"inLanguage\":\"es\",\"@id\":\"https:\\\/\\\/secure.gravatar.com\\\/avatar\\\/dfd1611ed5600959a0e5a9754503b6c05d1dcf190010998e0363aee2ad98afca?s=96&d=mm&r=g\",\"url\":\"https:\\\/\\\/secure.gravatar.com\\\/avatar\\\/dfd1611ed5600959a0e5a9754503b6c05d1dcf190010998e0363aee2ad98afca?s=96&d=mm&r=g\",\"contentUrl\":\"https:\\\/\\\/secure.gravatar.com\\\/avatar\\\/dfd1611ed5600959a0e5a9754503b6c05d1dcf190010998e0363aee2ad98afca?s=96&d=mm&r=g\",\"caption\":\"Viviana Monrroy\"},\"sameAs\":[\"http:\\\/\\\/www.eldiario.net\"],\"url\":\"https:\\\/\\\/www.eldiario.net\\\/portal\\\/author\\\/vivianamonrroy\\\/\"}]}<\/script>\n<!-- \/ Yoast SEO plugin. -->","yoast_head_json":{"title":"Sucre reporta el primer caso de rabia canina del a\u00f1o. (16:56) - El Diario - Bolivia","robots":{"index":"index","follow":"follow","max-snippet":"max-snippet:-1","max-image-preview":"max-image-preview:large","max-video-preview":"max-video-preview:-1"},"canonical":"https:\/\/www.eldiario.net\/portal\/2025\/01\/14\/sucre-reporta-el-primer-caso-de-rabia-canina-del-ano-1656\/","og_locale":"es_ES","og_type":"article","og_title":"Sucre reporta el primer caso de rabia canina del a\u00f1o. (16:56) - El Diario - Bolivia","og_description":"El municipio de Sucre confirm\u00f3 el primer caso de rabia canina del a\u00f1o en el pa\u00eds. Se trata de un cachorro cocker de tres meses, registrado en el barrio Pampa La Florida. Seg\u00fan el secretario municipal de Salud y Educaci\u00f3n, Aldo Calle, el animal no contaba con la vacuna antirr\u00e1bica a pesar de tener propietarios. [&hellip;]","og_url":"https:\/\/www.eldiario.net\/portal\/2025\/01\/14\/sucre-reporta-el-primer-caso-de-rabia-canina-del-ano-1656\/","og_site_name":"El Diario - Bolivia","article_publisher":"https:\/\/www.facebook.com\/eldiario.bolivia\/","article_published_time":"2025-01-14T20:15:33+00:00","article_modified_time":"2025-01-14T21:29:01+00:00","og_image":[{"width":400,"height":267,"url":"https:\/\/www.eldiario.net\/portal\/wp-content\/uploads\/2025\/01\/perros-cachorros-e1736888177741.png","type":"image\/png"}],"author":"Viviana Monrroy","twitter_card":"summary_large_image","twitter_creator":"@eldiario_net","twitter_site":"@eldiario_net","twitter_misc":{"Escrito por":"Viviana Monrroy","Tiempo de lectura":"1 minuto"},"schema":{"@context":"https:\/\/schema.org","@graph":[{"@type":"Article","@id":"https:\/\/www.eldiario.net\/portal\/2025\/01\/14\/sucre-reporta-el-primer-caso-de-rabia-canina-del-ano-1656\/#article","isPartOf":{"@id":"https:\/\/www.eldiario.net\/portal\/2025\/01\/14\/sucre-reporta-el-primer-caso-de-rabia-canina-del-ano-1656\/"},"author":{"name":"Viviana Monrroy","@id":"https:\/\/www.eldiario.net\/portal\/#\/schema\/person\/ba370d92d160f4d3574381f6d9b78fab"},"headline":"Sucre reporta el primer caso de rabia canina del a\u00f1o. (16:56)","datePublished":"2025-01-14T20:15:33+00:00","dateModified":"2025-01-14T21:29:01+00:00","mainEntityOfPage":{"@id":"https:\/\/www.eldiario.net\/portal\/2025\/01\/14\/sucre-reporta-el-primer-caso-de-rabia-canina-del-ano-1656\/"},"wordCount":157,"publisher":{"@id":"https:\/\/www.eldiario.net\/portal\/#organization"},"image":{"@id":"https:\/\/www.eldiario.net\/portal\/2025\/01\/14\/sucre-reporta-el-primer-caso-de-rabia-canina-del-ano-1656\/#primaryimage"},"thumbnailUrl":"https:\/\/www.eldiario.net\/portal\/wp-content\/uploads\/2025\/01\/perros-cachorros-e1736888177741.png","articleSection":["\u00daltima Hora"],"inLanguage":"es"},{"@type":"WebPage","@id":"https:\/\/www.eldiario.net\/portal\/2025\/01\/14\/sucre-reporta-el-primer-caso-de-rabia-canina-del-ano-1656\/","url":"https:\/\/www.eldiario.net\/portal\/2025\/01\/14\/sucre-reporta-el-primer-caso-de-rabia-canina-del-ano-1656\/","name":"Sucre reporta el primer caso de rabia canina del a\u00f1o. (16:56) - El Diario - Bolivia","isPartOf":{"@id":"https:\/\/www.eldiario.net\/portal\/#website"},"primaryImageOfPage":{"@id":"https:\/\/www.eldiario.net\/portal\/2025\/01\/14\/sucre-reporta-el-primer-caso-de-rabia-canina-del-ano-1656\/#primaryimage"},"image":{"@id":"https:\/\/www.eldiario.net\/portal\/2025\/01\/14\/sucre-reporta-el-primer-caso-de-rabia-canina-del-ano-1656\/#primaryimage"},"thumbnailUrl":"https:\/\/www.eldiario.net\/portal\/wp-content\/uploads\/2025\/01\/perros-cachorros-e1736888177741.png","datePublished":"2025-01-14T20:15:33+00:00","dateModified":"2025-01-14T21:29:01+00:00","breadcrumb":{"@id":"https:\/\/www.eldiario.net\/portal\/2025\/01\/14\/sucre-reporta-el-primer-caso-de-rabia-canina-del-ano-1656\/#breadcrumb"},"inLanguage":"es","potentialAction":[{"@type":"ReadAction","target":["https:\/\/www.eldiario.net\/portal\/2025\/01\/14\/sucre-reporta-el-primer-caso-de-rabia-canina-del-ano-1656\/"]}]},{"@type":"ImageObject","inLanguage":"es","@id":"https:\/\/www.eldiario.net\/portal\/2025\/01\/14\/sucre-reporta-el-primer-caso-de-rabia-canina-del-ano-1656\/#primaryimage","url":"https:\/\/www.eldiario.net\/portal\/wp-content\/uploads\/2025\/01\/perros-cachorros-e1736888177741.png","contentUrl":"https:\/\/www.eldiario.net\/portal\/wp-content\/uploads\/2025\/01\/perros-cachorros-e1736888177741.png","width":400,"height":267,"caption":"Foto: RR.SS."},{"@type":"BreadcrumbList","@id":"https:\/\/www.eldiario.net\/portal\/2025\/01\/14\/sucre-reporta-el-primer-caso-de-rabia-canina-del-ano-1656\/#breadcrumb","itemListElement":[{"@type":"ListItem","position":1,"name":"Portada","item":"https:\/\/www.eldiario.net\/portal\/"},{"@type":"ListItem","position":2,"name":"Sucre reporta el primer caso de rabia canina del a\u00f1o. (16:56)"}]},{"@type":"WebSite","@id":"https:\/\/www.eldiario.net\/portal\/#website","url":"https:\/\/www.eldiario.net\/portal\/","name":"El Diario - Decano de la prensa nacional","description":"El Diario - Decano de la prensa nacional","publisher":{"@id":"https:\/\/www.eldiario.net\/portal\/#organization"},"potentialAction":[{"@type":"SearchAction","target":{"@type":"EntryPoint","urlTemplate":"https:\/\/www.eldiario.net\/portal\/?s={search_term_string}"},"query-input":{"@type":"PropertyValueSpecification","valueRequired":true,"valueName":"search_term_string"}}],"inLanguage":"es"},{"@type":"Organization","@id":"https:\/\/www.eldiario.net\/portal\/#organization","name":"El Diario - Decano de la prensa nacional","url":"https:\/\/www.eldiario.net\/portal\/","logo":{"@type":"ImageObject","inLanguage":"es","@id":"https:\/\/www.eldiario.net\/portal\/#\/schema\/logo\/image\/","url":"https:\/\/www.eldiario.net\/portal\/wp-content\/uploads\/2023\/07\/logo_ED.jpg","contentUrl":"https:\/\/www.eldiario.net\/portal\/wp-content\/uploads\/2023\/07\/logo_ED.jpg","width":272,"height":52,"caption":"El Diario - Decano de la prensa nacional"},"image":{"@id":"https:\/\/www.eldiario.net\/portal\/#\/schema\/logo\/image\/"},"sameAs":["https:\/\/www.facebook.com\/eldiario.bolivia\/","https:\/\/x.com\/eldiario_net"]},{"@type":"Person","@id":"https:\/\/www.eldiario.net\/portal\/#\/schema\/person\/ba370d92d160f4d3574381f6d9b78fab","name":"Viviana Monrroy","image":{"@type":"ImageObject","inLanguage":"es","@id":"https:\/\/secure.gravatar.com\/avatar\/dfd1611ed5600959a0e5a9754503b6c05d1dcf190010998e0363aee2ad98afca?s=96&d=mm&r=g","url":"https:\/\/secure.gravatar.com\/avatar\/dfd1611ed5600959a0e5a9754503b6c05d1dcf190010998e0363aee2ad98afca?s=96&d=mm&r=g","contentUrl":"https:\/\/secure.gravatar.com\/avatar\/dfd1611ed5600959a0e5a9754503b6c05d1dcf190010998e0363aee2ad98afca?s=96&d=mm&r=g","caption":"Viviana Monrroy"},"sameAs":["http:\/\/www.eldiario.net"],"url":"https:\/\/www.eldiario.net\/portal\/author\/vivianamonrroy\/"}]}},"_links":{"self":[{"href":"https:\/\/www.eldiario.net\/portal\/wp-json\/wp\/v2\/posts\/274633","targetHints":{"allow":["GET"]}}],"collection":[{"href":"https:\/\/www.eldiario.net\/portal\/wp-json\/wp\/v2\/posts"}],"about":[{"href":"https:\/\/www.eldiario.net\/portal\/wp-json\/wp\/v2\/types\/post"}],"author":[{"embeddable":true,"href":"https:\/\/www.eldiario.net\/portal\/wp-json\/wp\/v2\/users\/7"}],"replies":[{"embeddable":true,"href":"https:\/\/www.eldiario.net\/portal\/wp-json\/wp\/v2\/comments?post=274633"}],"version-history":[{"count":3,"href":"https:\/\/www.eldiario.net\/portal\/wp-json\/wp\/v2\/posts\/274633\/revisions"}],"predecessor-version":[{"id":274659,"href":"https:\/\/www.eldiario.net\/portal\/wp-json\/wp\/v2\/posts\/274633\/revisions\/274659"}],"wp:featuredmedia":[{"embeddable":true,"href":"https:\/\/www.eldiario.net\/portal\/wp-json\/wp\/v2\/media\/274658"}],"wp:attachment":[{"href":"https:\/\/www.eldiario.net\/portal\/wp-json\/wp\/v2\/media?parent=274633"}],"wp:term":[{"taxonomy":"category","embeddable":true,"href":"https:\/\/www.eldiario.net\/portal\/wp-json\/wp\/v2\/categories?post=274633"},{"taxonomy":"post_tag","embeddable":true,"href":"https:\/\/www.eldiario.net\/portal\/wp-json\/wp\/v2\/tags?post=274633"}],"curies":[{"name":"wp","href":"https:\/\/api.w.org\/{rel}","templated":true}]}}