{"id":273552,"date":"2025-01-10T06:25:05","date_gmt":"2025-01-10T10:25:05","guid":{"rendered":"https:\/\/www.eldiario.net\/portal\/?p=273552"},"modified":"2025-01-10T06:25:05","modified_gmt":"2025-01-10T10:25:05","slug":"uzquiano-debe-ser-restituido-en-su-cargo-de-guardaparque","status":"publish","type":"post","link":"https:\/\/www.eldiario.net\/portal\/2025\/01\/10\/uzquiano-debe-ser-restituido-en-su-cargo-de-guardaparque\/","title":{"rendered":"Uzquiano debe ser restituido  en su cargo de guardaparque"},"content":{"rendered":"<p>El abogado del guardaparque Marcos Uzquiano, Rodrigo Herrera afirm\u00f3 que su defendido debe ser reincorporado a su cargo luego del amparo constitucional presentado por la Defensor\u00eda del Pueblo contra el director ejecutivo del Servicio Nacional de \u00c1reas Protegidas (Sernap), Jhonson Jim\u00e9nez Cobo.<br \/>\nUzquiano, quien ocupaba el cargo de jefe de Protecci\u00f3n de la Reserva de la Bi\u00f3sfera Estaci\u00f3n Biol\u00f3gica del Beni fue destituido el 31 de diciembre de 2024.<br \/>\n\u201cEl amparo establece que si un acto administrativo ha sido declarado como ilegal por un juez, este tiene que ser declarado nulo, entonces el memor\u00e1ndum de destituci\u00f3n estar\u00eda declarado nulo y el se\u00f1or Marcos Uzquiano tendr\u00eda que volver a funciones\u201d, asever\u00f3 Herrera en entrevista con Br\u00fajula Digital.<br \/>\nEl defensor del Pueblo, Pedro Callisaya Aro, present\u00f3 el lunes pasado un amparo constitucional en respuesta a los despidos de Uzquiano y otros funcionarios.<br \/>\nSeg\u00fan la Defensor\u00eda, los despidos fueron injustificados y se habr\u00edan dado como represalia por las denuncias de actividades mineras ilegales en \u00e1reas protegidas.<br \/>\n\u201cActualmente el se\u00f1or Uzquiano est\u00e1 realizando una adhesi\u00f3n al amparo constitucional que fue interpuesto por el Defensor del Pueblo. La idea principal es hacerle entender a la justicia que los guardaparques no son simples funcionarios p\u00fablicos sino son defensores de los derechos de la Madre Tierra; por tanto, tienen ciertas preminencias con relaci\u00f3n a las destituciones, despidos injustificados, etc.\u201d, a\u00f1adi\u00f3 el abogado.<br \/>\nEl Sernap inici\u00f3 un proceso administrativo contra Uzquiano mediante la Resoluci\u00f3n Sumariante N\u00b0 001\/2025. La entidad alega que el guardaparque viol\u00f3 diversas normativas, incluida la Constituci\u00f3n Pol\u00edtica del Estado y la Ley del Funcionario P\u00fablico.<br \/>\nEntre los argumentos del Sernap figura una sanci\u00f3n por emitir un llamado de alerta a las autoridades ante la amenaza de incendios sin notificar a sus superiores, acci\u00f3n que consideran contraria a sus deberes como servidor p\u00fablico.<br \/>\nUzquiano denunci\u00f3 la existencia de un quiebre institucional dentro del Sernap y se\u00f1al\u00f3 que la recuperaci\u00f3n de la entidad pasa por la destituci\u00f3n de Jim\u00e9nez Cobo. Tambi\u00e9n aclar\u00f3 que diversas organizaciones y activistas ambientales han enviado solicitudes al Gobierno para concretar este cambio.<br \/>\n\u201cEsta ruptura de la institucionalidad afecta directamente el cuidado de las \u00e1reas protegidas\u201d, advirti\u00f3 Uzquiano. (Br\u00fajula Digital)<\/p>\n","protected":false},"excerpt":{"rendered":"<p>El abogado del guardaparque Marcos Uzquiano, Rodrigo Herrera afirm\u00f3 que su defendido debe ser reincorporado a su cargo luego del amparo constitucional presentado por la Defensor\u00eda del Pueblo contra el director ejecutivo del Servicio Nacional de \u00c1reas Protegidas (Sernap), Jhonson Jim\u00e9nez Cobo. Uzquiano, quien ocupaba el cargo de jefe de Protecci\u00f3n de la Reserva de [&hellip;]<\/p>\n","protected":false},"author":1,"featured_media":273553,"comment_status":"closed","ping_status":"open","sticky":false,"template":"","format":"standard","meta":{"_acf_changed":false,"footnotes":""},"categories":[12],"tags":[],"class_list":["post-273552","post","type-post","status-publish","format-standard","has-post-thumbnail","category-nacional"],"acf":{"antetitulo":"Abogado asegura"},"yoast_head":"<!-- This site is optimized with the Yoast SEO plugin v28.4 - https:\/\/yoast.com\/product\/yoast-seo-wordpress\/ -->\n<title>Uzquiano debe ser restituido en su cargo de guardaparque - El Diario - Bolivia<\/title>\n<meta name=\"robots\" content=\"index, follow, max-snippet:-1, max-image-preview:large, max-video-preview:-1\" \/>\n<link rel=\"canonical\" href=\"https:\/\/www.eldiario.net\/portal\/2025\/01\/10\/uzquiano-debe-ser-restituido-en-su-cargo-de-guardaparque\/\" \/>\n<meta property=\"og:locale\" content=\"es_ES\" \/>\n<meta property=\"og:type\" content=\"article\" \/>\n<meta property=\"og:title\" content=\"Uzquiano debe ser restituido en su cargo de guardaparque - El Diario - Bolivia\" \/>\n<meta property=\"og:description\" content=\"El abogado del guardaparque Marcos Uzquiano, Rodrigo Herrera afirm\u00f3 que su defendido debe ser reincorporado a su cargo luego del amparo constitucional presentado por la Defensor\u00eda del Pueblo contra el director ejecutivo del Servicio Nacional de \u00c1reas Protegidas (Sernap), Jhonson Jim\u00e9nez Cobo. Uzquiano, quien ocupaba el cargo de jefe de Protecci\u00f3n de la Reserva de [&hellip;]\" \/>\n<meta property=\"og:url\" content=\"https:\/\/www.eldiario.net\/portal\/2025\/01\/10\/uzquiano-debe-ser-restituido-en-su-cargo-de-guardaparque\/\" \/>\n<meta property=\"og:site_name\" content=\"El Diario - Bolivia\" \/>\n<meta property=\"article:publisher\" content=\"https:\/\/www.facebook.com\/eldiario.bolivia\/\" \/>\n<meta property=\"article:published_time\" content=\"2025-01-10T10:25:05+00:00\" \/>\n<meta property=\"og:image\" content=\"https:\/\/www.eldiario.net\/portal\/wp-content\/uploads\/2025\/01\/11-NAL-COLOR-2.jpg\" \/>\n\t<meta property=\"og:image:width\" content=\"720\" \/>\n\t<meta property=\"og:image:height\" content=\"400\" \/>\n\t<meta property=\"og:image:type\" content=\"image\/jpeg\" \/>\n<meta name=\"author\" content=\"Jeanette\" \/>\n<meta name=\"twitter:card\" content=\"summary_large_image\" \/>\n<meta name=\"twitter:creator\" content=\"@eldiario_net\" \/>\n<meta name=\"twitter:site\" content=\"@eldiario_net\" \/>\n<meta name=\"twitter:label1\" content=\"Escrito por\" \/>\n\t<meta name=\"twitter:data1\" content=\"Jeanette\" \/>\n\t<meta name=\"twitter:label2\" content=\"Tiempo de lectura\" \/>\n\t<meta name=\"twitter:data2\" content=\"2 minutos\" \/>\n<script type=\"application\/ld+json\" class=\"yoast-schema-graph\">{\"@context\":\"https:\\\/\\\/schema.org\",\"@graph\":[{\"@type\":\"Article\",\"@id\":\"https:\\\/\\\/www.eldiario.net\\\/portal\\\/2025\\\/01\\\/10\\\/uzquiano-debe-ser-restituido-en-su-cargo-de-guardaparque\\\/#article\",\"isPartOf\":{\"@id\":\"https:\\\/\\\/www.eldiario.net\\\/portal\\\/2025\\\/01\\\/10\\\/uzquiano-debe-ser-restituido-en-su-cargo-de-guardaparque\\\/\"},\"author\":{\"name\":\"Jeanette\",\"@id\":\"https:\\\/\\\/www.eldiario.net\\\/portal\\\/#\\\/schema\\\/person\\\/f46445640444750d7d753ccd04ae01b7\"},\"headline\":\"Uzquiano debe ser restituido en su cargo de guardaparque\",\"datePublished\":\"2025-01-10T10:25:05+00:00\",\"mainEntityOfPage\":{\"@id\":\"https:\\\/\\\/www.eldiario.net\\\/portal\\\/2025\\\/01\\\/10\\\/uzquiano-debe-ser-restituido-en-su-cargo-de-guardaparque\\\/\"},\"wordCount\":396,\"publisher\":{\"@id\":\"https:\\\/\\\/www.eldiario.net\\\/portal\\\/#organization\"},\"image\":{\"@id\":\"https:\\\/\\\/www.eldiario.net\\\/portal\\\/2025\\\/01\\\/10\\\/uzquiano-debe-ser-restituido-en-su-cargo-de-guardaparque\\\/#primaryimage\"},\"thumbnailUrl\":\"https:\\\/\\\/www.eldiario.net\\\/portal\\\/wp-content\\\/uploads\\\/2025\\\/01\\\/11-NAL-COLOR-2.jpg\",\"articleSection\":[\"Nacional\"],\"inLanguage\":\"es\"},{\"@type\":\"WebPage\",\"@id\":\"https:\\\/\\\/www.eldiario.net\\\/portal\\\/2025\\\/01\\\/10\\\/uzquiano-debe-ser-restituido-en-su-cargo-de-guardaparque\\\/\",\"url\":\"https:\\\/\\\/www.eldiario.net\\\/portal\\\/2025\\\/01\\\/10\\\/uzquiano-debe-ser-restituido-en-su-cargo-de-guardaparque\\\/\",\"name\":\"Uzquiano debe ser restituido en su cargo de guardaparque - El Diario - Bolivia\",\"isPartOf\":{\"@id\":\"https:\\\/\\\/www.eldiario.net\\\/portal\\\/#website\"},\"primaryImageOfPage\":{\"@id\":\"https:\\\/\\\/www.eldiario.net\\\/portal\\\/2025\\\/01\\\/10\\\/uzquiano-debe-ser-restituido-en-su-cargo-de-guardaparque\\\/#primaryimage\"},\"image\":{\"@id\":\"https:\\\/\\\/www.eldiario.net\\\/portal\\\/2025\\\/01\\\/10\\\/uzquiano-debe-ser-restituido-en-su-cargo-de-guardaparque\\\/#primaryimage\"},\"thumbnailUrl\":\"https:\\\/\\\/www.eldiario.net\\\/portal\\\/wp-content\\\/uploads\\\/2025\\\/01\\\/11-NAL-COLOR-2.jpg\",\"datePublished\":\"2025-01-10T10:25:05+00:00\",\"breadcrumb\":{\"@id\":\"https:\\\/\\\/www.eldiario.net\\\/portal\\\/2025\\\/01\\\/10\\\/uzquiano-debe-ser-restituido-en-su-cargo-de-guardaparque\\\/#breadcrumb\"},\"inLanguage\":\"es\",\"potentialAction\":[{\"@type\":\"ReadAction\",\"target\":[\"https:\\\/\\\/www.eldiario.net\\\/portal\\\/2025\\\/01\\\/10\\\/uzquiano-debe-ser-restituido-en-su-cargo-de-guardaparque\\\/\"]}]},{\"@type\":\"ImageObject\",\"inLanguage\":\"es\",\"@id\":\"https:\\\/\\\/www.eldiario.net\\\/portal\\\/2025\\\/01\\\/10\\\/uzquiano-debe-ser-restituido-en-su-cargo-de-guardaparque\\\/#primaryimage\",\"url\":\"https:\\\/\\\/www.eldiario.net\\\/portal\\\/wp-content\\\/uploads\\\/2025\\\/01\\\/11-NAL-COLOR-2.jpg\",\"contentUrl\":\"https:\\\/\\\/www.eldiario.net\\\/portal\\\/wp-content\\\/uploads\\\/2025\\\/01\\\/11-NAL-COLOR-2.jpg\",\"width\":720,\"height\":400,\"caption\":\"Marcos Uzquiano habl\u00f3 ayer con medios de comunicaci\u00f3n.\"},{\"@type\":\"BreadcrumbList\",\"@id\":\"https:\\\/\\\/www.eldiario.net\\\/portal\\\/2025\\\/01\\\/10\\\/uzquiano-debe-ser-restituido-en-su-cargo-de-guardaparque\\\/#breadcrumb\",\"itemListElement\":[{\"@type\":\"ListItem\",\"position\":1,\"name\":\"Portada\",\"item\":\"https:\\\/\\\/www.eldiario.net\\\/portal\\\/\"},{\"@type\":\"ListItem\",\"position\":2,\"name\":\"Uzquiano debe ser restituido en su cargo de guardaparque\"}]},{\"@type\":\"WebSite\",\"@id\":\"https:\\\/\\\/www.eldiario.net\\\/portal\\\/#website\",\"url\":\"https:\\\/\\\/www.eldiario.net\\\/portal\\\/\",\"name\":\"El Diario - Decano de la prensa nacional\",\"description\":\"El Diario - Decano de la prensa nacional\",\"publisher\":{\"@id\":\"https:\\\/\\\/www.eldiario.net\\\/portal\\\/#organization\"},\"potentialAction\":[{\"@type\":\"SearchAction\",\"target\":{\"@type\":\"EntryPoint\",\"urlTemplate\":\"https:\\\/\\\/www.eldiario.net\\\/portal\\\/?s={search_term_string}\"},\"query-input\":{\"@type\":\"PropertyValueSpecification\",\"valueRequired\":true,\"valueName\":\"search_term_string\"}}],\"inLanguage\":\"es\"},{\"@type\":\"Organization\",\"@id\":\"https:\\\/\\\/www.eldiario.net\\\/portal\\\/#organization\",\"name\":\"El Diario - Decano de la prensa nacional\",\"url\":\"https:\\\/\\\/www.eldiario.net\\\/portal\\\/\",\"logo\":{\"@type\":\"ImageObject\",\"inLanguage\":\"es\",\"@id\":\"https:\\\/\\\/www.eldiario.net\\\/portal\\\/#\\\/schema\\\/logo\\\/image\\\/\",\"url\":\"https:\\\/\\\/www.eldiario.net\\\/portal\\\/wp-content\\\/uploads\\\/2023\\\/07\\\/logo_ED.jpg\",\"contentUrl\":\"https:\\\/\\\/www.eldiario.net\\\/portal\\\/wp-content\\\/uploads\\\/2023\\\/07\\\/logo_ED.jpg\",\"width\":272,\"height\":52,\"caption\":\"El Diario - Decano de la prensa nacional\"},\"image\":{\"@id\":\"https:\\\/\\\/www.eldiario.net\\\/portal\\\/#\\\/schema\\\/logo\\\/image\\\/\"},\"sameAs\":[\"https:\\\/\\\/www.facebook.com\\\/eldiario.bolivia\\\/\",\"https:\\\/\\\/x.com\\\/eldiario_net\"]},{\"@type\":\"Person\",\"@id\":\"https:\\\/\\\/www.eldiario.net\\\/portal\\\/#\\\/schema\\\/person\\\/f46445640444750d7d753ccd04ae01b7\",\"name\":\"Jeanette\",\"image\":{\"@type\":\"ImageObject\",\"inLanguage\":\"es\",\"@id\":\"https:\\\/\\\/secure.gravatar.com\\\/avatar\\\/3ea2118a5f7dad2b7138b1187a6b7ee55f160b9968b66013c3a3ef39dd7e5798?s=96&d=mm&r=g\",\"url\":\"https:\\\/\\\/secure.gravatar.com\\\/avatar\\\/3ea2118a5f7dad2b7138b1187a6b7ee55f160b9968b66013c3a3ef39dd7e5798?s=96&d=mm&r=g\",\"contentUrl\":\"https:\\\/\\\/secure.gravatar.com\\\/avatar\\\/3ea2118a5f7dad2b7138b1187a6b7ee55f160b9968b66013c3a3ef39dd7e5798?s=96&d=mm&r=g\",\"caption\":\"Jeanette\"},\"sameAs\":[\"https:\\\/\\\/www.eldiario.net\\\/portal\"],\"url\":\"https:\\\/\\\/www.eldiario.net\\\/portal\\\/author\\\/jeanette\\\/\"}]}<\/script>\n<!-- \/ Yoast SEO plugin. -->","yoast_head_json":{"title":"Uzquiano debe ser restituido en su cargo de guardaparque - El Diario - Bolivia","robots":{"index":"index","follow":"follow","max-snippet":"max-snippet:-1","max-image-preview":"max-image-preview:large","max-video-preview":"max-video-preview:-1"},"canonical":"https:\/\/www.eldiario.net\/portal\/2025\/01\/10\/uzquiano-debe-ser-restituido-en-su-cargo-de-guardaparque\/","og_locale":"es_ES","og_type":"article","og_title":"Uzquiano debe ser restituido en su cargo de guardaparque - El Diario - Bolivia","og_description":"El abogado del guardaparque Marcos Uzquiano, Rodrigo Herrera afirm\u00f3 que su defendido debe ser reincorporado a su cargo luego del amparo constitucional presentado por la Defensor\u00eda del Pueblo contra el director ejecutivo del Servicio Nacional de \u00c1reas Protegidas (Sernap), Jhonson Jim\u00e9nez Cobo. Uzquiano, quien ocupaba el cargo de jefe de Protecci\u00f3n de la Reserva de [&hellip;]","og_url":"https:\/\/www.eldiario.net\/portal\/2025\/01\/10\/uzquiano-debe-ser-restituido-en-su-cargo-de-guardaparque\/","og_site_name":"El Diario - Bolivia","article_publisher":"https:\/\/www.facebook.com\/eldiario.bolivia\/","article_published_time":"2025-01-10T10:25:05+00:00","og_image":[{"width":720,"height":400,"url":"https:\/\/www.eldiario.net\/portal\/wp-content\/uploads\/2025\/01\/11-NAL-COLOR-2.jpg","type":"image\/jpeg"}],"author":"Jeanette","twitter_card":"summary_large_image","twitter_creator":"@eldiario_net","twitter_site":"@eldiario_net","twitter_misc":{"Escrito por":"Jeanette","Tiempo de lectura":"2 minutos"},"schema":{"@context":"https:\/\/schema.org","@graph":[{"@type":"Article","@id":"https:\/\/www.eldiario.net\/portal\/2025\/01\/10\/uzquiano-debe-ser-restituido-en-su-cargo-de-guardaparque\/#article","isPartOf":{"@id":"https:\/\/www.eldiario.net\/portal\/2025\/01\/10\/uzquiano-debe-ser-restituido-en-su-cargo-de-guardaparque\/"},"author":{"name":"Jeanette","@id":"https:\/\/www.eldiario.net\/portal\/#\/schema\/person\/f46445640444750d7d753ccd04ae01b7"},"headline":"Uzquiano debe ser restituido en su cargo de guardaparque","datePublished":"2025-01-10T10:25:05+00:00","mainEntityOfPage":{"@id":"https:\/\/www.eldiario.net\/portal\/2025\/01\/10\/uzquiano-debe-ser-restituido-en-su-cargo-de-guardaparque\/"},"wordCount":396,"publisher":{"@id":"https:\/\/www.eldiario.net\/portal\/#organization"},"image":{"@id":"https:\/\/www.eldiario.net\/portal\/2025\/01\/10\/uzquiano-debe-ser-restituido-en-su-cargo-de-guardaparque\/#primaryimage"},"thumbnailUrl":"https:\/\/www.eldiario.net\/portal\/wp-content\/uploads\/2025\/01\/11-NAL-COLOR-2.jpg","articleSection":["Nacional"],"inLanguage":"es"},{"@type":"WebPage","@id":"https:\/\/www.eldiario.net\/portal\/2025\/01\/10\/uzquiano-debe-ser-restituido-en-su-cargo-de-guardaparque\/","url":"https:\/\/www.eldiario.net\/portal\/2025\/01\/10\/uzquiano-debe-ser-restituido-en-su-cargo-de-guardaparque\/","name":"Uzquiano debe ser restituido en su cargo de guardaparque - El Diario - Bolivia","isPartOf":{"@id":"https:\/\/www.eldiario.net\/portal\/#website"},"primaryImageOfPage":{"@id":"https:\/\/www.eldiario.net\/portal\/2025\/01\/10\/uzquiano-debe-ser-restituido-en-su-cargo-de-guardaparque\/#primaryimage"},"image":{"@id":"https:\/\/www.eldiario.net\/portal\/2025\/01\/10\/uzquiano-debe-ser-restituido-en-su-cargo-de-guardaparque\/#primaryimage"},"thumbnailUrl":"https:\/\/www.eldiario.net\/portal\/wp-content\/uploads\/2025\/01\/11-NAL-COLOR-2.jpg","datePublished":"2025-01-10T10:25:05+00:00","breadcrumb":{"@id":"https:\/\/www.eldiario.net\/portal\/2025\/01\/10\/uzquiano-debe-ser-restituido-en-su-cargo-de-guardaparque\/#breadcrumb"},"inLanguage":"es","potentialAction":[{"@type":"ReadAction","target":["https:\/\/www.eldiario.net\/portal\/2025\/01\/10\/uzquiano-debe-ser-restituido-en-su-cargo-de-guardaparque\/"]}]},{"@type":"ImageObject","inLanguage":"es","@id":"https:\/\/www.eldiario.net\/portal\/2025\/01\/10\/uzquiano-debe-ser-restituido-en-su-cargo-de-guardaparque\/#primaryimage","url":"https:\/\/www.eldiario.net\/portal\/wp-content\/uploads\/2025\/01\/11-NAL-COLOR-2.jpg","contentUrl":"https:\/\/www.eldiario.net\/portal\/wp-content\/uploads\/2025\/01\/11-NAL-COLOR-2.jpg","width":720,"height":400,"caption":"Marcos Uzquiano habl\u00f3 ayer con medios de comunicaci\u00f3n."},{"@type":"BreadcrumbList","@id":"https:\/\/www.eldiario.net\/portal\/2025\/01\/10\/uzquiano-debe-ser-restituido-en-su-cargo-de-guardaparque\/#breadcrumb","itemListElement":[{"@type":"ListItem","position":1,"name":"Portada","item":"https:\/\/www.eldiario.net\/portal\/"},{"@type":"ListItem","position":2,"name":"Uzquiano debe ser restituido en su cargo de guardaparque"}]},{"@type":"WebSite","@id":"https:\/\/www.eldiario.net\/portal\/#website","url":"https:\/\/www.eldiario.net\/portal\/","name":"El Diario - Decano de la prensa nacional","description":"El Diario - Decano de la prensa nacional","publisher":{"@id":"https:\/\/www.eldiario.net\/portal\/#organization"},"potentialAction":[{"@type":"SearchAction","target":{"@type":"EntryPoint","urlTemplate":"https:\/\/www.eldiario.net\/portal\/?s={search_term_string}"},"query-input":{"@type":"PropertyValueSpecification","valueRequired":true,"valueName":"search_term_string"}}],"inLanguage":"es"},{"@type":"Organization","@id":"https:\/\/www.eldiario.net\/portal\/#organization","name":"El Diario - Decano de la prensa nacional","url":"https:\/\/www.eldiario.net\/portal\/","logo":{"@type":"ImageObject","inLanguage":"es","@id":"https:\/\/www.eldiario.net\/portal\/#\/schema\/logo\/image\/","url":"https:\/\/www.eldiario.net\/portal\/wp-content\/uploads\/2023\/07\/logo_ED.jpg","contentUrl":"https:\/\/www.eldiario.net\/portal\/wp-content\/uploads\/2023\/07\/logo_ED.jpg","width":272,"height":52,"caption":"El Diario - Decano de la prensa nacional"},"image":{"@id":"https:\/\/www.eldiario.net\/portal\/#\/schema\/logo\/image\/"},"sameAs":["https:\/\/www.facebook.com\/eldiario.bolivia\/","https:\/\/x.com\/eldiario_net"]},{"@type":"Person","@id":"https:\/\/www.eldiario.net\/portal\/#\/schema\/person\/f46445640444750d7d753ccd04ae01b7","name":"Jeanette","image":{"@type":"ImageObject","inLanguage":"es","@id":"https:\/\/secure.gravatar.com\/avatar\/3ea2118a5f7dad2b7138b1187a6b7ee55f160b9968b66013c3a3ef39dd7e5798?s=96&d=mm&r=g","url":"https:\/\/secure.gravatar.com\/avatar\/3ea2118a5f7dad2b7138b1187a6b7ee55f160b9968b66013c3a3ef39dd7e5798?s=96&d=mm&r=g","contentUrl":"https:\/\/secure.gravatar.com\/avatar\/3ea2118a5f7dad2b7138b1187a6b7ee55f160b9968b66013c3a3ef39dd7e5798?s=96&d=mm&r=g","caption":"Jeanette"},"sameAs":["https:\/\/www.eldiario.net\/portal"],"url":"https:\/\/www.eldiario.net\/portal\/author\/jeanette\/"}]}},"_links":{"self":[{"href":"https:\/\/www.eldiario.net\/portal\/wp-json\/wp\/v2\/posts\/273552","targetHints":{"allow":["GET"]}}],"collection":[{"href":"https:\/\/www.eldiario.net\/portal\/wp-json\/wp\/v2\/posts"}],"about":[{"href":"https:\/\/www.eldiario.net\/portal\/wp-json\/wp\/v2\/types\/post"}],"author":[{"embeddable":true,"href":"https:\/\/www.eldiario.net\/portal\/wp-json\/wp\/v2\/users\/1"}],"replies":[{"embeddable":true,"href":"https:\/\/www.eldiario.net\/portal\/wp-json\/wp\/v2\/comments?post=273552"}],"version-history":[{"count":1,"href":"https:\/\/www.eldiario.net\/portal\/wp-json\/wp\/v2\/posts\/273552\/revisions"}],"predecessor-version":[{"id":273554,"href":"https:\/\/www.eldiario.net\/portal\/wp-json\/wp\/v2\/posts\/273552\/revisions\/273554"}],"wp:featuredmedia":[{"embeddable":true,"href":"https:\/\/www.eldiario.net\/portal\/wp-json\/wp\/v2\/media\/273553"}],"wp:attachment":[{"href":"https:\/\/www.eldiario.net\/portal\/wp-json\/wp\/v2\/media?parent=273552"}],"wp:term":[{"taxonomy":"category","embeddable":true,"href":"https:\/\/www.eldiario.net\/portal\/wp-json\/wp\/v2\/categories?post=273552"},{"taxonomy":"post_tag","embeddable":true,"href":"https:\/\/www.eldiario.net\/portal\/wp-json\/wp\/v2\/tags?post=273552"}],"curies":[{"name":"wp","href":"https:\/\/api.w.org\/{rel}","templated":true}]}}