{"id":273515,"date":"2025-01-10T06:15:39","date_gmt":"2025-01-10T10:15:39","guid":{"rendered":"https:\/\/www.eldiario.net\/portal\/?p=273515"},"modified":"2025-01-10T06:15:39","modified_gmt":"2025-01-10T10:15:39","slug":"corina-machado-fue-liberada-tras-ser-retenida-por-regimen-de-maduro","status":"publish","type":"post","link":"https:\/\/www.eldiario.net\/portal\/2025\/01\/10\/corina-machado-fue-liberada-tras-ser-retenida-por-regimen-de-maduro\/","title":{"rendered":"Corina Machado fue liberada tras ser retenida por r\u00e9gimen de Maduro"},"content":{"rendered":"<p>La oposici\u00f3n venezolana denunci\u00f3 ayer que Mar\u00eda Corina Machado fue \u201cviolentamente interceptada\u201d despu\u00e9s de su reaparici\u00f3n en una de las concentraciones en Caracas, que ella hab\u00eda convocado. La l\u00edder opositora, que llevaba 133 d\u00edas en clandestinidad, fue liberada algo m\u00e1s de una hora despu\u00e9s, seg\u00fan se\u00f1al\u00f3 su equipo en un comunicado posterior en el que asegura que durante el \u201csecuestro\u201d fue \u201cforzada a grabar varios v\u00eddeos\u201d.<br \/>\nTodo esto sucede a pocas horas de la toma de posesi\u00f3n de Nicol\u00e1s Maduro, prevista para hoy, que pretende jurar el cargo sin haber presentado las actas electorales que avalen su victoria.<br \/>\n\u201cHoy, 9 de enero, saliendo de la concentraci\u00f3n en Chacao, Caracas, Mar\u00eda Corina Machado fue interceptada y tumbada de la moto en la que se trasladaba. En el suceso detonaron armas de fuego. Se la llevaron retenida por la fuerza. Durante el per\u00edodo de su secuestro fue forzada a grabar varios v\u00eddeos y luego fue liberada\u201d, asegura una publicaci\u00f3n de la cuenta oficial de la campa\u00f1a de Machado, Comando Con Venezuela, tras la detenci\u00f3n de la opositora, que tambi\u00e9n hab\u00eda sido confirmada por Human Right Watch (HRW).<br \/>\nLa organizaci\u00f3n agreg\u00f3 que Machado se dirigir\u00e1 al pa\u00eds \u201cen las pr\u00f3ximas horas\u201d para explicar los hechos, mientras que en redes sociales est\u00e1 circulando un v\u00eddeo en el que la opositora aparece encapuchada y afirma que tras participar en la manifestaci\u00f3n, en la que se congregaron miles de personas, \u201cla persiguieron\u201d y que ya est\u00e1 \u201cbien\u201d y \u201ca salvo\u201d.<br \/>\nDesde el Gobierno de Maduro, califican la denuncia de la oposici\u00f3n de \u201cun invento, una mentira\u201d; sin embargo, el candidato de la coalici\u00f3n opositora Plataforma Unitaria Democr\u00e1tica (PUD), Edmundo Gonz\u00e1lez Urrutia, en el exilio tras las elecciones, defendi\u00f3 que se trata de algo \u201cmuy grave\u201d. \u201cQue Mar\u00eda Corina est\u00e9 libre no minimiza el hecho de lo que sucedi\u00f3, fue secuestrada en condiciones de violencia\u201d, sostuvo.<br \/>\nD\u00cdAS \u201cHIST\u00d3RICOS<br \/>\nPARA LA LIBERTAD\u201d<br \/>\n\u201cLo dijimos, hoy nos encontr\u00e1bamos en todas las calles de Venezuela y el mundo\u201d, afirm\u00f3 Machado en una publicaci\u00f3n en X acompa\u00f1ada de un v\u00eddeo en el que aparece subida a una plataforma rodeada de manifestantes en las calles de Chacao, al este de Caracas, antes de producirse su detenci\u00f3n.<br \/>\nAnte la multitud que la rodeaba, Machado asever\u00f3 que los pr\u00f3ximos d\u00edas ser\u00e1n \u201chist\u00f3ricos y determinantes para la libertad\u201d de Venezuela y anunci\u00f3 el inicio de una \u201cnueva fase\u201d. El final del r\u00e9gimen, asegur\u00f3, depender\u00e1 de lo que ocurra el viernes, d\u00eda de la toma de posesi\u00f3n e indic\u00f3 que si Maduro consuma \u201cese crimen a la Constituci\u00f3n y a la soberan\u00eda popular, estar\u00e1n sentenciando su destino\u201d.<br \/>\nEn varios puntos de Caracas, los venezolanos salieron ondeando banderas y vistiendo los colores amarillo, azul y rojo, como alentaba Machado en su convocatoria. La opositora pidi\u00f3 que los venezolanos salieran a las calles con \u201cserenidad\u201d y \u201cfirmeza\u201d y \u201cla misma energ\u00eda\u201d del 28 de julio, cuando, aseguran que Gonz\u00e1lez Urrutia gan\u00f3 las elecciones, a pesar de los resultados anunciados por el oficialismo dieron la victoria a Maduro.<br \/>\nTras los comicios, miles de personas salieron a las calles en movilizaciones que obtuvieron una dura respuesta de parte de las autoridades. En esas protestas, murieron al menos 28 personas y, desde entonces, fueron detenidas alrededor de 2.000 como presos pol\u00edticos, seg\u00fan la ONG Foro Penal.<\/p>\n<p>EN APOYO A MADURO<br \/>\nMientras tanto, el \u201cmadurismo\u201d tambi\u00e9n instal\u00f3 tarimas en varias avenidas de Caracas para congregar a sus militantes, que se congregaron para defender al mandatario, heredero del chavismo.<br \/>\nLa convocatoria se anunci\u00f3 un d\u00eda despu\u00e9s que Machado llamara a \u201ctodos\u201d a reclamar la victoria de Gonz\u00e1lez Urrutia, que se exili\u00f3 a Espa\u00f1a en septiembre y prometi\u00f3 regresar al pa\u00eds, pese a la orden de captura dictada en su contra. El Gobierno de Maduro prometi\u00f3 que arrestar\u00e1 al l\u00edder opositor si vuelve al pa\u00eds y, en los \u00faltimos d\u00edas, detuvo a destacados miembros y activistas de la oposici\u00f3n.<br \/>\nLa capital venezolana permanece con despliegues militares y policiales, que se fueron incrementando en los \u00faltimos d\u00edas, as\u00ed como con numerosos controles en las entradas a la capital. (RTve.es)<\/p>\n","protected":false},"excerpt":{"rendered":"<p>La oposici\u00f3n venezolana denunci\u00f3 ayer que Mar\u00eda Corina Machado fue \u201cviolentamente interceptada\u201d despu\u00e9s de su reaparici\u00f3n en una de las concentraciones en Caracas, que ella hab\u00eda convocado. La l\u00edder opositora, que llevaba 133 d\u00edas en clandestinidad, fue liberada algo m\u00e1s de una hora despu\u00e9s, seg\u00fan se\u00f1al\u00f3 su equipo en un comunicado posterior en el que [&hellip;]<\/p>\n","protected":false},"author":1,"featured_media":273516,"comment_status":"closed","ping_status":"open","sticky":false,"template":"","format":"standard","meta":{"_acf_changed":false,"footnotes":""},"categories":[3],"tags":[],"class_list":["post-273515","post","type-post","status-publish","format-standard","has-post-thumbnail","category-internacional"],"acf":{"antetitulo":"Luego de marcha convocada"},"yoast_head":"<!-- This site is optimized with the Yoast SEO plugin v28.3 - https:\/\/yoast.com\/product\/yoast-seo-wordpress\/ -->\n<title>Corina Machado fue liberada tras ser retenida por r\u00e9gimen de Maduro - El Diario - Bolivia<\/title>\n<meta name=\"robots\" content=\"index, follow, max-snippet:-1, max-image-preview:large, max-video-preview:-1\" \/>\n<link rel=\"canonical\" href=\"https:\/\/www.eldiario.net\/portal\/2025\/01\/10\/corina-machado-fue-liberada-tras-ser-retenida-por-regimen-de-maduro\/\" \/>\n<meta property=\"og:locale\" content=\"es_ES\" \/>\n<meta property=\"og:type\" content=\"article\" \/>\n<meta property=\"og:title\" content=\"Corina Machado fue liberada tras ser retenida por r\u00e9gimen de Maduro - El Diario - Bolivia\" \/>\n<meta property=\"og:description\" content=\"La oposici\u00f3n venezolana denunci\u00f3 ayer que Mar\u00eda Corina Machado fue \u201cviolentamente interceptada\u201d despu\u00e9s de su reaparici\u00f3n en una de las concentraciones en Caracas, que ella hab\u00eda convocado. La l\u00edder opositora, que llevaba 133 d\u00edas en clandestinidad, fue liberada algo m\u00e1s de una hora despu\u00e9s, seg\u00fan se\u00f1al\u00f3 su equipo en un comunicado posterior en el que [&hellip;]\" \/>\n<meta property=\"og:url\" content=\"https:\/\/www.eldiario.net\/portal\/2025\/01\/10\/corina-machado-fue-liberada-tras-ser-retenida-por-regimen-de-maduro\/\" \/>\n<meta property=\"og:site_name\" content=\"El Diario - Bolivia\" \/>\n<meta property=\"article:publisher\" content=\"https:\/\/www.facebook.com\/eldiario.bolivia\/\" \/>\n<meta property=\"article:published_time\" content=\"2025-01-10T10:15:39+00:00\" \/>\n<meta property=\"og:image\" content=\"https:\/\/www.eldiario.net\/portal\/wp-content\/uploads\/2025\/01\/CORINA-RTve.jpg\" \/>\n\t<meta property=\"og:image:width\" content=\"800\" \/>\n\t<meta property=\"og:image:height\" content=\"450\" \/>\n\t<meta property=\"og:image:type\" content=\"image\/jpeg\" \/>\n<meta name=\"author\" content=\"Jeanette\" \/>\n<meta name=\"twitter:card\" content=\"summary_large_image\" \/>\n<meta name=\"twitter:creator\" content=\"@eldiario_net\" \/>\n<meta name=\"twitter:site\" content=\"@eldiario_net\" \/>\n<meta name=\"twitter:label1\" content=\"Escrito por\" \/>\n\t<meta name=\"twitter:data1\" content=\"Jeanette\" \/>\n\t<meta name=\"twitter:label2\" content=\"Tiempo de lectura\" \/>\n\t<meta name=\"twitter:data2\" content=\"4 minutos\" \/>\n<script type=\"application\/ld+json\" class=\"yoast-schema-graph\">{\"@context\":\"https:\\\/\\\/schema.org\",\"@graph\":[{\"@type\":\"Article\",\"@id\":\"https:\\\/\\\/www.eldiario.net\\\/portal\\\/2025\\\/01\\\/10\\\/corina-machado-fue-liberada-tras-ser-retenida-por-regimen-de-maduro\\\/#article\",\"isPartOf\":{\"@id\":\"https:\\\/\\\/www.eldiario.net\\\/portal\\\/2025\\\/01\\\/10\\\/corina-machado-fue-liberada-tras-ser-retenida-por-regimen-de-maduro\\\/\"},\"author\":{\"name\":\"Jeanette\",\"@id\":\"https:\\\/\\\/www.eldiario.net\\\/portal\\\/#\\\/schema\\\/person\\\/f46445640444750d7d753ccd04ae01b7\"},\"headline\":\"Corina Machado fue liberada tras ser retenida por r\u00e9gimen de Maduro\",\"datePublished\":\"2025-01-10T10:15:39+00:00\",\"mainEntityOfPage\":{\"@id\":\"https:\\\/\\\/www.eldiario.net\\\/portal\\\/2025\\\/01\\\/10\\\/corina-machado-fue-liberada-tras-ser-retenida-por-regimen-de-maduro\\\/\"},\"wordCount\":747,\"publisher\":{\"@id\":\"https:\\\/\\\/www.eldiario.net\\\/portal\\\/#organization\"},\"image\":{\"@id\":\"https:\\\/\\\/www.eldiario.net\\\/portal\\\/2025\\\/01\\\/10\\\/corina-machado-fue-liberada-tras-ser-retenida-por-regimen-de-maduro\\\/#primaryimage\"},\"thumbnailUrl\":\"https:\\\/\\\/www.eldiario.net\\\/portal\\\/wp-content\\\/uploads\\\/2025\\\/01\\\/CORINA-RTve.jpg\",\"articleSection\":[\"Internacional\"],\"inLanguage\":\"es\"},{\"@type\":\"WebPage\",\"@id\":\"https:\\\/\\\/www.eldiario.net\\\/portal\\\/2025\\\/01\\\/10\\\/corina-machado-fue-liberada-tras-ser-retenida-por-regimen-de-maduro\\\/\",\"url\":\"https:\\\/\\\/www.eldiario.net\\\/portal\\\/2025\\\/01\\\/10\\\/corina-machado-fue-liberada-tras-ser-retenida-por-regimen-de-maduro\\\/\",\"name\":\"Corina Machado fue liberada tras ser retenida por r\u00e9gimen de Maduro - El Diario - Bolivia\",\"isPartOf\":{\"@id\":\"https:\\\/\\\/www.eldiario.net\\\/portal\\\/#website\"},\"primaryImageOfPage\":{\"@id\":\"https:\\\/\\\/www.eldiario.net\\\/portal\\\/2025\\\/01\\\/10\\\/corina-machado-fue-liberada-tras-ser-retenida-por-regimen-de-maduro\\\/#primaryimage\"},\"image\":{\"@id\":\"https:\\\/\\\/www.eldiario.net\\\/portal\\\/2025\\\/01\\\/10\\\/corina-machado-fue-liberada-tras-ser-retenida-por-regimen-de-maduro\\\/#primaryimage\"},\"thumbnailUrl\":\"https:\\\/\\\/www.eldiario.net\\\/portal\\\/wp-content\\\/uploads\\\/2025\\\/01\\\/CORINA-RTve.jpg\",\"datePublished\":\"2025-01-10T10:15:39+00:00\",\"breadcrumb\":{\"@id\":\"https:\\\/\\\/www.eldiario.net\\\/portal\\\/2025\\\/01\\\/10\\\/corina-machado-fue-liberada-tras-ser-retenida-por-regimen-de-maduro\\\/#breadcrumb\"},\"inLanguage\":\"es\",\"potentialAction\":[{\"@type\":\"ReadAction\",\"target\":[\"https:\\\/\\\/www.eldiario.net\\\/portal\\\/2025\\\/01\\\/10\\\/corina-machado-fue-liberada-tras-ser-retenida-por-regimen-de-maduro\\\/\"]}]},{\"@type\":\"ImageObject\",\"inLanguage\":\"es\",\"@id\":\"https:\\\/\\\/www.eldiario.net\\\/portal\\\/2025\\\/01\\\/10\\\/corina-machado-fue-liberada-tras-ser-retenida-por-regimen-de-maduro\\\/#primaryimage\",\"url\":\"https:\\\/\\\/www.eldiario.net\\\/portal\\\/wp-content\\\/uploads\\\/2025\\\/01\\\/CORINA-RTve.jpg\",\"contentUrl\":\"https:\\\/\\\/www.eldiario.net\\\/portal\\\/wp-content\\\/uploads\\\/2025\\\/01\\\/CORINA-RTve.jpg\",\"width\":800,\"height\":450,\"caption\":\"Mar\u00eda Corina Machado durante la manifestaci\u00f3n en Chacao, al este de Caracas.\"},{\"@type\":\"BreadcrumbList\",\"@id\":\"https:\\\/\\\/www.eldiario.net\\\/portal\\\/2025\\\/01\\\/10\\\/corina-machado-fue-liberada-tras-ser-retenida-por-regimen-de-maduro\\\/#breadcrumb\",\"itemListElement\":[{\"@type\":\"ListItem\",\"position\":1,\"name\":\"Portada\",\"item\":\"https:\\\/\\\/www.eldiario.net\\\/portal\\\/\"},{\"@type\":\"ListItem\",\"position\":2,\"name\":\"Corina Machado fue liberada tras ser retenida por r\u00e9gimen de Maduro\"}]},{\"@type\":\"WebSite\",\"@id\":\"https:\\\/\\\/www.eldiario.net\\\/portal\\\/#website\",\"url\":\"https:\\\/\\\/www.eldiario.net\\\/portal\\\/\",\"name\":\"El Diario - Decano de la prensa nacional\",\"description\":\"El Diario - Decano de la prensa nacional\",\"publisher\":{\"@id\":\"https:\\\/\\\/www.eldiario.net\\\/portal\\\/#organization\"},\"potentialAction\":[{\"@type\":\"SearchAction\",\"target\":{\"@type\":\"EntryPoint\",\"urlTemplate\":\"https:\\\/\\\/www.eldiario.net\\\/portal\\\/?s={search_term_string}\"},\"query-input\":{\"@type\":\"PropertyValueSpecification\",\"valueRequired\":true,\"valueName\":\"search_term_string\"}}],\"inLanguage\":\"es\"},{\"@type\":\"Organization\",\"@id\":\"https:\\\/\\\/www.eldiario.net\\\/portal\\\/#organization\",\"name\":\"El Diario - Decano de la prensa nacional\",\"url\":\"https:\\\/\\\/www.eldiario.net\\\/portal\\\/\",\"logo\":{\"@type\":\"ImageObject\",\"inLanguage\":\"es\",\"@id\":\"https:\\\/\\\/www.eldiario.net\\\/portal\\\/#\\\/schema\\\/logo\\\/image\\\/\",\"url\":\"https:\\\/\\\/www.eldiario.net\\\/portal\\\/wp-content\\\/uploads\\\/2023\\\/07\\\/logo_ED.jpg\",\"contentUrl\":\"https:\\\/\\\/www.eldiario.net\\\/portal\\\/wp-content\\\/uploads\\\/2023\\\/07\\\/logo_ED.jpg\",\"width\":272,\"height\":52,\"caption\":\"El Diario - Decano de la prensa nacional\"},\"image\":{\"@id\":\"https:\\\/\\\/www.eldiario.net\\\/portal\\\/#\\\/schema\\\/logo\\\/image\\\/\"},\"sameAs\":[\"https:\\\/\\\/www.facebook.com\\\/eldiario.bolivia\\\/\",\"https:\\\/\\\/x.com\\\/eldiario_net\"]},{\"@type\":\"Person\",\"@id\":\"https:\\\/\\\/www.eldiario.net\\\/portal\\\/#\\\/schema\\\/person\\\/f46445640444750d7d753ccd04ae01b7\",\"name\":\"Jeanette\",\"image\":{\"@type\":\"ImageObject\",\"inLanguage\":\"es\",\"@id\":\"https:\\\/\\\/secure.gravatar.com\\\/avatar\\\/3ea2118a5f7dad2b7138b1187a6b7ee55f160b9968b66013c3a3ef39dd7e5798?s=96&d=mm&r=g\",\"url\":\"https:\\\/\\\/secure.gravatar.com\\\/avatar\\\/3ea2118a5f7dad2b7138b1187a6b7ee55f160b9968b66013c3a3ef39dd7e5798?s=96&d=mm&r=g\",\"contentUrl\":\"https:\\\/\\\/secure.gravatar.com\\\/avatar\\\/3ea2118a5f7dad2b7138b1187a6b7ee55f160b9968b66013c3a3ef39dd7e5798?s=96&d=mm&r=g\",\"caption\":\"Jeanette\"},\"sameAs\":[\"https:\\\/\\\/www.eldiario.net\\\/portal\"],\"url\":\"https:\\\/\\\/www.eldiario.net\\\/portal\\\/author\\\/jeanette\\\/\"}]}<\/script>\n<!-- \/ Yoast SEO plugin. -->","yoast_head_json":{"title":"Corina Machado fue liberada tras ser retenida por r\u00e9gimen de Maduro - El Diario - Bolivia","robots":{"index":"index","follow":"follow","max-snippet":"max-snippet:-1","max-image-preview":"max-image-preview:large","max-video-preview":"max-video-preview:-1"},"canonical":"https:\/\/www.eldiario.net\/portal\/2025\/01\/10\/corina-machado-fue-liberada-tras-ser-retenida-por-regimen-de-maduro\/","og_locale":"es_ES","og_type":"article","og_title":"Corina Machado fue liberada tras ser retenida por r\u00e9gimen de Maduro - El Diario - Bolivia","og_description":"La oposici\u00f3n venezolana denunci\u00f3 ayer que Mar\u00eda Corina Machado fue \u201cviolentamente interceptada\u201d despu\u00e9s de su reaparici\u00f3n en una de las concentraciones en Caracas, que ella hab\u00eda convocado. La l\u00edder opositora, que llevaba 133 d\u00edas en clandestinidad, fue liberada algo m\u00e1s de una hora despu\u00e9s, seg\u00fan se\u00f1al\u00f3 su equipo en un comunicado posterior en el que [&hellip;]","og_url":"https:\/\/www.eldiario.net\/portal\/2025\/01\/10\/corina-machado-fue-liberada-tras-ser-retenida-por-regimen-de-maduro\/","og_site_name":"El Diario - Bolivia","article_publisher":"https:\/\/www.facebook.com\/eldiario.bolivia\/","article_published_time":"2025-01-10T10:15:39+00:00","og_image":[{"width":800,"height":450,"url":"https:\/\/www.eldiario.net\/portal\/wp-content\/uploads\/2025\/01\/CORINA-RTve.jpg","type":"image\/jpeg"}],"author":"Jeanette","twitter_card":"summary_large_image","twitter_creator":"@eldiario_net","twitter_site":"@eldiario_net","twitter_misc":{"Escrito por":"Jeanette","Tiempo de lectura":"4 minutos"},"schema":{"@context":"https:\/\/schema.org","@graph":[{"@type":"Article","@id":"https:\/\/www.eldiario.net\/portal\/2025\/01\/10\/corina-machado-fue-liberada-tras-ser-retenida-por-regimen-de-maduro\/#article","isPartOf":{"@id":"https:\/\/www.eldiario.net\/portal\/2025\/01\/10\/corina-machado-fue-liberada-tras-ser-retenida-por-regimen-de-maduro\/"},"author":{"name":"Jeanette","@id":"https:\/\/www.eldiario.net\/portal\/#\/schema\/person\/f46445640444750d7d753ccd04ae01b7"},"headline":"Corina Machado fue liberada tras ser retenida por r\u00e9gimen de Maduro","datePublished":"2025-01-10T10:15:39+00:00","mainEntityOfPage":{"@id":"https:\/\/www.eldiario.net\/portal\/2025\/01\/10\/corina-machado-fue-liberada-tras-ser-retenida-por-regimen-de-maduro\/"},"wordCount":747,"publisher":{"@id":"https:\/\/www.eldiario.net\/portal\/#organization"},"image":{"@id":"https:\/\/www.eldiario.net\/portal\/2025\/01\/10\/corina-machado-fue-liberada-tras-ser-retenida-por-regimen-de-maduro\/#primaryimage"},"thumbnailUrl":"https:\/\/www.eldiario.net\/portal\/wp-content\/uploads\/2025\/01\/CORINA-RTve.jpg","articleSection":["Internacional"],"inLanguage":"es"},{"@type":"WebPage","@id":"https:\/\/www.eldiario.net\/portal\/2025\/01\/10\/corina-machado-fue-liberada-tras-ser-retenida-por-regimen-de-maduro\/","url":"https:\/\/www.eldiario.net\/portal\/2025\/01\/10\/corina-machado-fue-liberada-tras-ser-retenida-por-regimen-de-maduro\/","name":"Corina Machado fue liberada tras ser retenida por r\u00e9gimen de Maduro - El Diario - Bolivia","isPartOf":{"@id":"https:\/\/www.eldiario.net\/portal\/#website"},"primaryImageOfPage":{"@id":"https:\/\/www.eldiario.net\/portal\/2025\/01\/10\/corina-machado-fue-liberada-tras-ser-retenida-por-regimen-de-maduro\/#primaryimage"},"image":{"@id":"https:\/\/www.eldiario.net\/portal\/2025\/01\/10\/corina-machado-fue-liberada-tras-ser-retenida-por-regimen-de-maduro\/#primaryimage"},"thumbnailUrl":"https:\/\/www.eldiario.net\/portal\/wp-content\/uploads\/2025\/01\/CORINA-RTve.jpg","datePublished":"2025-01-10T10:15:39+00:00","breadcrumb":{"@id":"https:\/\/www.eldiario.net\/portal\/2025\/01\/10\/corina-machado-fue-liberada-tras-ser-retenida-por-regimen-de-maduro\/#breadcrumb"},"inLanguage":"es","potentialAction":[{"@type":"ReadAction","target":["https:\/\/www.eldiario.net\/portal\/2025\/01\/10\/corina-machado-fue-liberada-tras-ser-retenida-por-regimen-de-maduro\/"]}]},{"@type":"ImageObject","inLanguage":"es","@id":"https:\/\/www.eldiario.net\/portal\/2025\/01\/10\/corina-machado-fue-liberada-tras-ser-retenida-por-regimen-de-maduro\/#primaryimage","url":"https:\/\/www.eldiario.net\/portal\/wp-content\/uploads\/2025\/01\/CORINA-RTve.jpg","contentUrl":"https:\/\/www.eldiario.net\/portal\/wp-content\/uploads\/2025\/01\/CORINA-RTve.jpg","width":800,"height":450,"caption":"Mar\u00eda Corina Machado durante la manifestaci\u00f3n en Chacao, al este de Caracas."},{"@type":"BreadcrumbList","@id":"https:\/\/www.eldiario.net\/portal\/2025\/01\/10\/corina-machado-fue-liberada-tras-ser-retenida-por-regimen-de-maduro\/#breadcrumb","itemListElement":[{"@type":"ListItem","position":1,"name":"Portada","item":"https:\/\/www.eldiario.net\/portal\/"},{"@type":"ListItem","position":2,"name":"Corina Machado fue liberada tras ser retenida por r\u00e9gimen de Maduro"}]},{"@type":"WebSite","@id":"https:\/\/www.eldiario.net\/portal\/#website","url":"https:\/\/www.eldiario.net\/portal\/","name":"El Diario - Decano de la prensa nacional","description":"El Diario - Decano de la prensa nacional","publisher":{"@id":"https:\/\/www.eldiario.net\/portal\/#organization"},"potentialAction":[{"@type":"SearchAction","target":{"@type":"EntryPoint","urlTemplate":"https:\/\/www.eldiario.net\/portal\/?s={search_term_string}"},"query-input":{"@type":"PropertyValueSpecification","valueRequired":true,"valueName":"search_term_string"}}],"inLanguage":"es"},{"@type":"Organization","@id":"https:\/\/www.eldiario.net\/portal\/#organization","name":"El Diario - Decano de la prensa nacional","url":"https:\/\/www.eldiario.net\/portal\/","logo":{"@type":"ImageObject","inLanguage":"es","@id":"https:\/\/www.eldiario.net\/portal\/#\/schema\/logo\/image\/","url":"https:\/\/www.eldiario.net\/portal\/wp-content\/uploads\/2023\/07\/logo_ED.jpg","contentUrl":"https:\/\/www.eldiario.net\/portal\/wp-content\/uploads\/2023\/07\/logo_ED.jpg","width":272,"height":52,"caption":"El Diario - Decano de la prensa nacional"},"image":{"@id":"https:\/\/www.eldiario.net\/portal\/#\/schema\/logo\/image\/"},"sameAs":["https:\/\/www.facebook.com\/eldiario.bolivia\/","https:\/\/x.com\/eldiario_net"]},{"@type":"Person","@id":"https:\/\/www.eldiario.net\/portal\/#\/schema\/person\/f46445640444750d7d753ccd04ae01b7","name":"Jeanette","image":{"@type":"ImageObject","inLanguage":"es","@id":"https:\/\/secure.gravatar.com\/avatar\/3ea2118a5f7dad2b7138b1187a6b7ee55f160b9968b66013c3a3ef39dd7e5798?s=96&d=mm&r=g","url":"https:\/\/secure.gravatar.com\/avatar\/3ea2118a5f7dad2b7138b1187a6b7ee55f160b9968b66013c3a3ef39dd7e5798?s=96&d=mm&r=g","contentUrl":"https:\/\/secure.gravatar.com\/avatar\/3ea2118a5f7dad2b7138b1187a6b7ee55f160b9968b66013c3a3ef39dd7e5798?s=96&d=mm&r=g","caption":"Jeanette"},"sameAs":["https:\/\/www.eldiario.net\/portal"],"url":"https:\/\/www.eldiario.net\/portal\/author\/jeanette\/"}]}},"_links":{"self":[{"href":"https:\/\/www.eldiario.net\/portal\/wp-json\/wp\/v2\/posts\/273515","targetHints":{"allow":["GET"]}}],"collection":[{"href":"https:\/\/www.eldiario.net\/portal\/wp-json\/wp\/v2\/posts"}],"about":[{"href":"https:\/\/www.eldiario.net\/portal\/wp-json\/wp\/v2\/types\/post"}],"author":[{"embeddable":true,"href":"https:\/\/www.eldiario.net\/portal\/wp-json\/wp\/v2\/users\/1"}],"replies":[{"embeddable":true,"href":"https:\/\/www.eldiario.net\/portal\/wp-json\/wp\/v2\/comments?post=273515"}],"version-history":[{"count":1,"href":"https:\/\/www.eldiario.net\/portal\/wp-json\/wp\/v2\/posts\/273515\/revisions"}],"predecessor-version":[{"id":273517,"href":"https:\/\/www.eldiario.net\/portal\/wp-json\/wp\/v2\/posts\/273515\/revisions\/273517"}],"wp:featuredmedia":[{"embeddable":true,"href":"https:\/\/www.eldiario.net\/portal\/wp-json\/wp\/v2\/media\/273516"}],"wp:attachment":[{"href":"https:\/\/www.eldiario.net\/portal\/wp-json\/wp\/v2\/media?parent=273515"}],"wp:term":[{"taxonomy":"category","embeddable":true,"href":"https:\/\/www.eldiario.net\/portal\/wp-json\/wp\/v2\/categories?post=273515"},{"taxonomy":"post_tag","embeddable":true,"href":"https:\/\/www.eldiario.net\/portal\/wp-json\/wp\/v2\/tags?post=273515"}],"curies":[{"name":"wp","href":"https:\/\/api.w.org\/{rel}","templated":true}]}}