{"id":273512,"date":"2025-01-10T06:14:53","date_gmt":"2025-01-10T10:14:53","guid":{"rendered":"https:\/\/www.eldiario.net\/portal\/?p=273512"},"modified":"2025-01-10T06:14:53","modified_gmt":"2025-01-10T10:14:53","slug":"mujica-anuncia-extension-del-cancer-y-pide-morir-tranquilo","status":"publish","type":"post","link":"https:\/\/www.eldiario.net\/portal\/2025\/01\/10\/mujica-anuncia-extension-del-cancer-y-pide-morir-tranquilo\/","title":{"rendered":"Mujica anuncia extensi\u00f3n del c\u00e1ncer y pide morir tranquilo"},"content":{"rendered":"<p>El expresidente Jos\u00e9 Mujica anunci\u00f3 que los m\u00e9dicos le informaron que el c\u00e1ncer de es\u00f3fago que padece se extendi\u00f3 por su cuerpo y pidi\u00f3 que le dejen morir tranquilo. \u201cEl guerrero tiene el derecho a su descanso\u201d, se\u00f1al\u00f3 en la que ser\u00e1 su \u00faltima entrevista.<br \/>\n\u201cMe quiero despedir de mis compa\u00f1eros y de mis compatriotas, lo que pido es que me dejen tranquilo que no me acosen con entrevistas y nada m\u00e1s. Se termin\u00f3 mi ciclo hace rato. Sinceramente me estoy muriendo\u201d, cont\u00f3 en una entrevista para el seminario uruguayo \u201cB\u00fasqueda\u201d.<br \/>\nMujica, de 89 a\u00f1os, afirm\u00f3 adem\u00e1s que no quiere seguir con el tratamiento porque es un \u201canciano\u201d, tiene dos enfermedades cr\u00f3nicas y su cuerpo ya no aguanta m\u00e1s. \u201cNo lo paro con nada\u201d, dijo tras saber que el c\u00e1ncer le ha \u201ccolonizado\u201d el h\u00edgado.<br \/>\nAsimismo, cont\u00f3 que est\u00e1 dejando todo preparado para ser enterrado en el peque\u00f1o terreno en el que vivi\u00f3 durante d\u00e9cadas, incluso cuando ejerci\u00f3 como presidente de Uruguay entre 2010 y 2015 y \u201cacomodando las cosas para los que van a quedar\u201d a vivir ah\u00ed.<br \/>\nPor otro lado, expres\u00f3 tambi\u00e9n su descontento con aquellos que est\u00e1n inventando \u201celucubraciones\u201d sobre su papel en el futuro gobierno del presidente electo, Yamand\u00fa Orsi. \u201cNo tengo ni idea, ni me pienso meter para nada, ni quiero saber nada porque lo peor que hay es armar un gobierno\u201d, se\u00f1al\u00f3.<br \/>\nEn las pr\u00f3ximas horas, est\u00e1 previsto que la m\u00e9dico personal del expresidente, Raquel Pannone, ofrezca una rueda de prensa para dar m\u00e1s detalles. (Europa Press)<\/p>\n<p>&nbsp;<\/p>\n","protected":false},"excerpt":{"rendered":"<p>El expresidente Jos\u00e9 Mujica anunci\u00f3 que los m\u00e9dicos le informaron que el c\u00e1ncer de es\u00f3fago que padece se extendi\u00f3 por su cuerpo y pidi\u00f3 que le dejen morir tranquilo. \u201cEl guerrero tiene el derecho a su descanso\u201d, se\u00f1al\u00f3 en la que ser\u00e1 su \u00faltima entrevista. \u201cMe quiero despedir de mis compa\u00f1eros y de mis compatriotas, [&hellip;]<\/p>\n","protected":false},"author":1,"featured_media":273513,"comment_status":"closed","ping_status":"open","sticky":false,"template":"","format":"standard","meta":{"_acf_changed":false,"footnotes":""},"categories":[3],"tags":[],"class_list":["post-273512","post","type-post","status-publish","format-standard","has-post-thumbnail","category-internacional"],"acf":{"antetitulo":"Uruguay"},"yoast_head":"<!-- This site is optimized with the Yoast SEO plugin v28.3 - https:\/\/yoast.com\/product\/yoast-seo-wordpress\/ -->\n<title>Mujica anuncia extensi\u00f3n del c\u00e1ncer y pide morir tranquilo - El Diario - Bolivia<\/title>\n<meta name=\"robots\" content=\"index, follow, max-snippet:-1, max-image-preview:large, max-video-preview:-1\" \/>\n<link rel=\"canonical\" href=\"https:\/\/www.eldiario.net\/portal\/2025\/01\/10\/mujica-anuncia-extension-del-cancer-y-pide-morir-tranquilo\/\" \/>\n<meta property=\"og:locale\" content=\"es_ES\" \/>\n<meta property=\"og:type\" content=\"article\" \/>\n<meta property=\"og:title\" content=\"Mujica anuncia extensi\u00f3n del c\u00e1ncer y pide morir tranquilo - El Diario - Bolivia\" \/>\n<meta property=\"og:description\" content=\"El expresidente Jos\u00e9 Mujica anunci\u00f3 que los m\u00e9dicos le informaron que el c\u00e1ncer de es\u00f3fago que padece se extendi\u00f3 por su cuerpo y pidi\u00f3 que le dejen morir tranquilo. \u201cEl guerrero tiene el derecho a su descanso\u201d, se\u00f1al\u00f3 en la que ser\u00e1 su \u00faltima entrevista. \u201cMe quiero despedir de mis compa\u00f1eros y de mis compatriotas, [&hellip;]\" \/>\n<meta property=\"og:url\" content=\"https:\/\/www.eldiario.net\/portal\/2025\/01\/10\/mujica-anuncia-extension-del-cancer-y-pide-morir-tranquilo\/\" \/>\n<meta property=\"og:site_name\" content=\"El Diario - Bolivia\" \/>\n<meta property=\"article:publisher\" content=\"https:\/\/www.facebook.com\/eldiario.bolivia\/\" \/>\n<meta property=\"article:published_time\" content=\"2025-01-10T10:14:53+00:00\" \/>\n<meta property=\"og:image\" content=\"https:\/\/www.eldiario.net\/portal\/wp-content\/uploads\/2025\/01\/URUGUAY-Saga-Noticias.jpg\" \/>\n\t<meta property=\"og:image:width\" content=\"888\" \/>\n\t<meta property=\"og:image:height\" content=\"500\" \/>\n\t<meta property=\"og:image:type\" content=\"image\/jpeg\" \/>\n<meta name=\"author\" content=\"Jeanette\" \/>\n<meta name=\"twitter:card\" content=\"summary_large_image\" \/>\n<meta name=\"twitter:creator\" content=\"@eldiario_net\" \/>\n<meta name=\"twitter:site\" content=\"@eldiario_net\" \/>\n<meta name=\"twitter:label1\" content=\"Escrito por\" \/>\n\t<meta name=\"twitter:data1\" content=\"Jeanette\" \/>\n\t<meta name=\"twitter:label2\" content=\"Tiempo de lectura\" \/>\n\t<meta name=\"twitter:data2\" content=\"2 minutos\" \/>\n<script type=\"application\/ld+json\" class=\"yoast-schema-graph\">{\"@context\":\"https:\\\/\\\/schema.org\",\"@graph\":[{\"@type\":\"Article\",\"@id\":\"https:\\\/\\\/www.eldiario.net\\\/portal\\\/2025\\\/01\\\/10\\\/mujica-anuncia-extension-del-cancer-y-pide-morir-tranquilo\\\/#article\",\"isPartOf\":{\"@id\":\"https:\\\/\\\/www.eldiario.net\\\/portal\\\/2025\\\/01\\\/10\\\/mujica-anuncia-extension-del-cancer-y-pide-morir-tranquilo\\\/\"},\"author\":{\"name\":\"Jeanette\",\"@id\":\"https:\\\/\\\/www.eldiario.net\\\/portal\\\/#\\\/schema\\\/person\\\/f46445640444750d7d753ccd04ae01b7\"},\"headline\":\"Mujica anuncia extensi\u00f3n del c\u00e1ncer y pide morir tranquilo\",\"datePublished\":\"2025-01-10T10:14:53+00:00\",\"mainEntityOfPage\":{\"@id\":\"https:\\\/\\\/www.eldiario.net\\\/portal\\\/2025\\\/01\\\/10\\\/mujica-anuncia-extension-del-cancer-y-pide-morir-tranquilo\\\/\"},\"wordCount\":283,\"publisher\":{\"@id\":\"https:\\\/\\\/www.eldiario.net\\\/portal\\\/#organization\"},\"image\":{\"@id\":\"https:\\\/\\\/www.eldiario.net\\\/portal\\\/2025\\\/01\\\/10\\\/mujica-anuncia-extension-del-cancer-y-pide-morir-tranquilo\\\/#primaryimage\"},\"thumbnailUrl\":\"https:\\\/\\\/www.eldiario.net\\\/portal\\\/wp-content\\\/uploads\\\/2025\\\/01\\\/URUGUAY-Saga-Noticias.jpg\",\"articleSection\":[\"Internacional\"],\"inLanguage\":\"es\"},{\"@type\":\"WebPage\",\"@id\":\"https:\\\/\\\/www.eldiario.net\\\/portal\\\/2025\\\/01\\\/10\\\/mujica-anuncia-extension-del-cancer-y-pide-morir-tranquilo\\\/\",\"url\":\"https:\\\/\\\/www.eldiario.net\\\/portal\\\/2025\\\/01\\\/10\\\/mujica-anuncia-extension-del-cancer-y-pide-morir-tranquilo\\\/\",\"name\":\"Mujica anuncia extensi\u00f3n del c\u00e1ncer y pide morir tranquilo - El Diario - Bolivia\",\"isPartOf\":{\"@id\":\"https:\\\/\\\/www.eldiario.net\\\/portal\\\/#website\"},\"primaryImageOfPage\":{\"@id\":\"https:\\\/\\\/www.eldiario.net\\\/portal\\\/2025\\\/01\\\/10\\\/mujica-anuncia-extension-del-cancer-y-pide-morir-tranquilo\\\/#primaryimage\"},\"image\":{\"@id\":\"https:\\\/\\\/www.eldiario.net\\\/portal\\\/2025\\\/01\\\/10\\\/mujica-anuncia-extension-del-cancer-y-pide-morir-tranquilo\\\/#primaryimage\"},\"thumbnailUrl\":\"https:\\\/\\\/www.eldiario.net\\\/portal\\\/wp-content\\\/uploads\\\/2025\\\/01\\\/URUGUAY-Saga-Noticias.jpg\",\"datePublished\":\"2025-01-10T10:14:53+00:00\",\"breadcrumb\":{\"@id\":\"https:\\\/\\\/www.eldiario.net\\\/portal\\\/2025\\\/01\\\/10\\\/mujica-anuncia-extension-del-cancer-y-pide-morir-tranquilo\\\/#breadcrumb\"},\"inLanguage\":\"es\",\"potentialAction\":[{\"@type\":\"ReadAction\",\"target\":[\"https:\\\/\\\/www.eldiario.net\\\/portal\\\/2025\\\/01\\\/10\\\/mujica-anuncia-extension-del-cancer-y-pide-morir-tranquilo\\\/\"]}]},{\"@type\":\"ImageObject\",\"inLanguage\":\"es\",\"@id\":\"https:\\\/\\\/www.eldiario.net\\\/portal\\\/2025\\\/01\\\/10\\\/mujica-anuncia-extension-del-cancer-y-pide-morir-tranquilo\\\/#primaryimage\",\"url\":\"https:\\\/\\\/www.eldiario.net\\\/portal\\\/wp-content\\\/uploads\\\/2025\\\/01\\\/URUGUAY-Saga-Noticias.jpg\",\"contentUrl\":\"https:\\\/\\\/www.eldiario.net\\\/portal\\\/wp-content\\\/uploads\\\/2025\\\/01\\\/URUGUAY-Saga-Noticias.jpg\",\"width\":888,\"height\":500,\"caption\":\"El exmandatario de Uruguay, Jos\u00e9 \u201cPepe\u201d Mujica.\"},{\"@type\":\"BreadcrumbList\",\"@id\":\"https:\\\/\\\/www.eldiario.net\\\/portal\\\/2025\\\/01\\\/10\\\/mujica-anuncia-extension-del-cancer-y-pide-morir-tranquilo\\\/#breadcrumb\",\"itemListElement\":[{\"@type\":\"ListItem\",\"position\":1,\"name\":\"Portada\",\"item\":\"https:\\\/\\\/www.eldiario.net\\\/portal\\\/\"},{\"@type\":\"ListItem\",\"position\":2,\"name\":\"Mujica anuncia extensi\u00f3n del c\u00e1ncer y pide morir tranquilo\"}]},{\"@type\":\"WebSite\",\"@id\":\"https:\\\/\\\/www.eldiario.net\\\/portal\\\/#website\",\"url\":\"https:\\\/\\\/www.eldiario.net\\\/portal\\\/\",\"name\":\"El Diario - Decano de la prensa nacional\",\"description\":\"El Diario - Decano de la prensa nacional\",\"publisher\":{\"@id\":\"https:\\\/\\\/www.eldiario.net\\\/portal\\\/#organization\"},\"potentialAction\":[{\"@type\":\"SearchAction\",\"target\":{\"@type\":\"EntryPoint\",\"urlTemplate\":\"https:\\\/\\\/www.eldiario.net\\\/portal\\\/?s={search_term_string}\"},\"query-input\":{\"@type\":\"PropertyValueSpecification\",\"valueRequired\":true,\"valueName\":\"search_term_string\"}}],\"inLanguage\":\"es\"},{\"@type\":\"Organization\",\"@id\":\"https:\\\/\\\/www.eldiario.net\\\/portal\\\/#organization\",\"name\":\"El Diario - Decano de la prensa nacional\",\"url\":\"https:\\\/\\\/www.eldiario.net\\\/portal\\\/\",\"logo\":{\"@type\":\"ImageObject\",\"inLanguage\":\"es\",\"@id\":\"https:\\\/\\\/www.eldiario.net\\\/portal\\\/#\\\/schema\\\/logo\\\/image\\\/\",\"url\":\"https:\\\/\\\/www.eldiario.net\\\/portal\\\/wp-content\\\/uploads\\\/2023\\\/07\\\/logo_ED.jpg\",\"contentUrl\":\"https:\\\/\\\/www.eldiario.net\\\/portal\\\/wp-content\\\/uploads\\\/2023\\\/07\\\/logo_ED.jpg\",\"width\":272,\"height\":52,\"caption\":\"El Diario - Decano de la prensa nacional\"},\"image\":{\"@id\":\"https:\\\/\\\/www.eldiario.net\\\/portal\\\/#\\\/schema\\\/logo\\\/image\\\/\"},\"sameAs\":[\"https:\\\/\\\/www.facebook.com\\\/eldiario.bolivia\\\/\",\"https:\\\/\\\/x.com\\\/eldiario_net\"]},{\"@type\":\"Person\",\"@id\":\"https:\\\/\\\/www.eldiario.net\\\/portal\\\/#\\\/schema\\\/person\\\/f46445640444750d7d753ccd04ae01b7\",\"name\":\"Jeanette\",\"image\":{\"@type\":\"ImageObject\",\"inLanguage\":\"es\",\"@id\":\"https:\\\/\\\/secure.gravatar.com\\\/avatar\\\/3ea2118a5f7dad2b7138b1187a6b7ee55f160b9968b66013c3a3ef39dd7e5798?s=96&d=mm&r=g\",\"url\":\"https:\\\/\\\/secure.gravatar.com\\\/avatar\\\/3ea2118a5f7dad2b7138b1187a6b7ee55f160b9968b66013c3a3ef39dd7e5798?s=96&d=mm&r=g\",\"contentUrl\":\"https:\\\/\\\/secure.gravatar.com\\\/avatar\\\/3ea2118a5f7dad2b7138b1187a6b7ee55f160b9968b66013c3a3ef39dd7e5798?s=96&d=mm&r=g\",\"caption\":\"Jeanette\"},\"sameAs\":[\"https:\\\/\\\/www.eldiario.net\\\/portal\"],\"url\":\"https:\\\/\\\/www.eldiario.net\\\/portal\\\/author\\\/jeanette\\\/\"}]}<\/script>\n<!-- \/ Yoast SEO plugin. -->","yoast_head_json":{"title":"Mujica anuncia extensi\u00f3n del c\u00e1ncer y pide morir tranquilo - El Diario - Bolivia","robots":{"index":"index","follow":"follow","max-snippet":"max-snippet:-1","max-image-preview":"max-image-preview:large","max-video-preview":"max-video-preview:-1"},"canonical":"https:\/\/www.eldiario.net\/portal\/2025\/01\/10\/mujica-anuncia-extension-del-cancer-y-pide-morir-tranquilo\/","og_locale":"es_ES","og_type":"article","og_title":"Mujica anuncia extensi\u00f3n del c\u00e1ncer y pide morir tranquilo - El Diario - Bolivia","og_description":"El expresidente Jos\u00e9 Mujica anunci\u00f3 que los m\u00e9dicos le informaron que el c\u00e1ncer de es\u00f3fago que padece se extendi\u00f3 por su cuerpo y pidi\u00f3 que le dejen morir tranquilo. \u201cEl guerrero tiene el derecho a su descanso\u201d, se\u00f1al\u00f3 en la que ser\u00e1 su \u00faltima entrevista. \u201cMe quiero despedir de mis compa\u00f1eros y de mis compatriotas, [&hellip;]","og_url":"https:\/\/www.eldiario.net\/portal\/2025\/01\/10\/mujica-anuncia-extension-del-cancer-y-pide-morir-tranquilo\/","og_site_name":"El Diario - Bolivia","article_publisher":"https:\/\/www.facebook.com\/eldiario.bolivia\/","article_published_time":"2025-01-10T10:14:53+00:00","og_image":[{"width":888,"height":500,"url":"https:\/\/www.eldiario.net\/portal\/wp-content\/uploads\/2025\/01\/URUGUAY-Saga-Noticias.jpg","type":"image\/jpeg"}],"author":"Jeanette","twitter_card":"summary_large_image","twitter_creator":"@eldiario_net","twitter_site":"@eldiario_net","twitter_misc":{"Escrito por":"Jeanette","Tiempo de lectura":"2 minutos"},"schema":{"@context":"https:\/\/schema.org","@graph":[{"@type":"Article","@id":"https:\/\/www.eldiario.net\/portal\/2025\/01\/10\/mujica-anuncia-extension-del-cancer-y-pide-morir-tranquilo\/#article","isPartOf":{"@id":"https:\/\/www.eldiario.net\/portal\/2025\/01\/10\/mujica-anuncia-extension-del-cancer-y-pide-morir-tranquilo\/"},"author":{"name":"Jeanette","@id":"https:\/\/www.eldiario.net\/portal\/#\/schema\/person\/f46445640444750d7d753ccd04ae01b7"},"headline":"Mujica anuncia extensi\u00f3n del c\u00e1ncer y pide morir tranquilo","datePublished":"2025-01-10T10:14:53+00:00","mainEntityOfPage":{"@id":"https:\/\/www.eldiario.net\/portal\/2025\/01\/10\/mujica-anuncia-extension-del-cancer-y-pide-morir-tranquilo\/"},"wordCount":283,"publisher":{"@id":"https:\/\/www.eldiario.net\/portal\/#organization"},"image":{"@id":"https:\/\/www.eldiario.net\/portal\/2025\/01\/10\/mujica-anuncia-extension-del-cancer-y-pide-morir-tranquilo\/#primaryimage"},"thumbnailUrl":"https:\/\/www.eldiario.net\/portal\/wp-content\/uploads\/2025\/01\/URUGUAY-Saga-Noticias.jpg","articleSection":["Internacional"],"inLanguage":"es"},{"@type":"WebPage","@id":"https:\/\/www.eldiario.net\/portal\/2025\/01\/10\/mujica-anuncia-extension-del-cancer-y-pide-morir-tranquilo\/","url":"https:\/\/www.eldiario.net\/portal\/2025\/01\/10\/mujica-anuncia-extension-del-cancer-y-pide-morir-tranquilo\/","name":"Mujica anuncia extensi\u00f3n del c\u00e1ncer y pide morir tranquilo - El Diario - Bolivia","isPartOf":{"@id":"https:\/\/www.eldiario.net\/portal\/#website"},"primaryImageOfPage":{"@id":"https:\/\/www.eldiario.net\/portal\/2025\/01\/10\/mujica-anuncia-extension-del-cancer-y-pide-morir-tranquilo\/#primaryimage"},"image":{"@id":"https:\/\/www.eldiario.net\/portal\/2025\/01\/10\/mujica-anuncia-extension-del-cancer-y-pide-morir-tranquilo\/#primaryimage"},"thumbnailUrl":"https:\/\/www.eldiario.net\/portal\/wp-content\/uploads\/2025\/01\/URUGUAY-Saga-Noticias.jpg","datePublished":"2025-01-10T10:14:53+00:00","breadcrumb":{"@id":"https:\/\/www.eldiario.net\/portal\/2025\/01\/10\/mujica-anuncia-extension-del-cancer-y-pide-morir-tranquilo\/#breadcrumb"},"inLanguage":"es","potentialAction":[{"@type":"ReadAction","target":["https:\/\/www.eldiario.net\/portal\/2025\/01\/10\/mujica-anuncia-extension-del-cancer-y-pide-morir-tranquilo\/"]}]},{"@type":"ImageObject","inLanguage":"es","@id":"https:\/\/www.eldiario.net\/portal\/2025\/01\/10\/mujica-anuncia-extension-del-cancer-y-pide-morir-tranquilo\/#primaryimage","url":"https:\/\/www.eldiario.net\/portal\/wp-content\/uploads\/2025\/01\/URUGUAY-Saga-Noticias.jpg","contentUrl":"https:\/\/www.eldiario.net\/portal\/wp-content\/uploads\/2025\/01\/URUGUAY-Saga-Noticias.jpg","width":888,"height":500,"caption":"El exmandatario de Uruguay, Jos\u00e9 \u201cPepe\u201d Mujica."},{"@type":"BreadcrumbList","@id":"https:\/\/www.eldiario.net\/portal\/2025\/01\/10\/mujica-anuncia-extension-del-cancer-y-pide-morir-tranquilo\/#breadcrumb","itemListElement":[{"@type":"ListItem","position":1,"name":"Portada","item":"https:\/\/www.eldiario.net\/portal\/"},{"@type":"ListItem","position":2,"name":"Mujica anuncia extensi\u00f3n del c\u00e1ncer y pide morir tranquilo"}]},{"@type":"WebSite","@id":"https:\/\/www.eldiario.net\/portal\/#website","url":"https:\/\/www.eldiario.net\/portal\/","name":"El Diario - Decano de la prensa nacional","description":"El Diario - Decano de la prensa nacional","publisher":{"@id":"https:\/\/www.eldiario.net\/portal\/#organization"},"potentialAction":[{"@type":"SearchAction","target":{"@type":"EntryPoint","urlTemplate":"https:\/\/www.eldiario.net\/portal\/?s={search_term_string}"},"query-input":{"@type":"PropertyValueSpecification","valueRequired":true,"valueName":"search_term_string"}}],"inLanguage":"es"},{"@type":"Organization","@id":"https:\/\/www.eldiario.net\/portal\/#organization","name":"El Diario - Decano de la prensa nacional","url":"https:\/\/www.eldiario.net\/portal\/","logo":{"@type":"ImageObject","inLanguage":"es","@id":"https:\/\/www.eldiario.net\/portal\/#\/schema\/logo\/image\/","url":"https:\/\/www.eldiario.net\/portal\/wp-content\/uploads\/2023\/07\/logo_ED.jpg","contentUrl":"https:\/\/www.eldiario.net\/portal\/wp-content\/uploads\/2023\/07\/logo_ED.jpg","width":272,"height":52,"caption":"El Diario - Decano de la prensa nacional"},"image":{"@id":"https:\/\/www.eldiario.net\/portal\/#\/schema\/logo\/image\/"},"sameAs":["https:\/\/www.facebook.com\/eldiario.bolivia\/","https:\/\/x.com\/eldiario_net"]},{"@type":"Person","@id":"https:\/\/www.eldiario.net\/portal\/#\/schema\/person\/f46445640444750d7d753ccd04ae01b7","name":"Jeanette","image":{"@type":"ImageObject","inLanguage":"es","@id":"https:\/\/secure.gravatar.com\/avatar\/3ea2118a5f7dad2b7138b1187a6b7ee55f160b9968b66013c3a3ef39dd7e5798?s=96&d=mm&r=g","url":"https:\/\/secure.gravatar.com\/avatar\/3ea2118a5f7dad2b7138b1187a6b7ee55f160b9968b66013c3a3ef39dd7e5798?s=96&d=mm&r=g","contentUrl":"https:\/\/secure.gravatar.com\/avatar\/3ea2118a5f7dad2b7138b1187a6b7ee55f160b9968b66013c3a3ef39dd7e5798?s=96&d=mm&r=g","caption":"Jeanette"},"sameAs":["https:\/\/www.eldiario.net\/portal"],"url":"https:\/\/www.eldiario.net\/portal\/author\/jeanette\/"}]}},"_links":{"self":[{"href":"https:\/\/www.eldiario.net\/portal\/wp-json\/wp\/v2\/posts\/273512","targetHints":{"allow":["GET"]}}],"collection":[{"href":"https:\/\/www.eldiario.net\/portal\/wp-json\/wp\/v2\/posts"}],"about":[{"href":"https:\/\/www.eldiario.net\/portal\/wp-json\/wp\/v2\/types\/post"}],"author":[{"embeddable":true,"href":"https:\/\/www.eldiario.net\/portal\/wp-json\/wp\/v2\/users\/1"}],"replies":[{"embeddable":true,"href":"https:\/\/www.eldiario.net\/portal\/wp-json\/wp\/v2\/comments?post=273512"}],"version-history":[{"count":1,"href":"https:\/\/www.eldiario.net\/portal\/wp-json\/wp\/v2\/posts\/273512\/revisions"}],"predecessor-version":[{"id":273514,"href":"https:\/\/www.eldiario.net\/portal\/wp-json\/wp\/v2\/posts\/273512\/revisions\/273514"}],"wp:featuredmedia":[{"embeddable":true,"href":"https:\/\/www.eldiario.net\/portal\/wp-json\/wp\/v2\/media\/273513"}],"wp:attachment":[{"href":"https:\/\/www.eldiario.net\/portal\/wp-json\/wp\/v2\/media?parent=273512"}],"wp:term":[{"taxonomy":"category","embeddable":true,"href":"https:\/\/www.eldiario.net\/portal\/wp-json\/wp\/v2\/categories?post=273512"},{"taxonomy":"post_tag","embeddable":true,"href":"https:\/\/www.eldiario.net\/portal\/wp-json\/wp\/v2\/tags?post=273512"}],"curies":[{"name":"wp","href":"https:\/\/api.w.org\/{rel}","templated":true}]}}