{"id":273472,"date":"2025-01-10T06:04:58","date_gmt":"2025-01-10T10:04:58","guid":{"rendered":"https:\/\/www.eldiario.net\/portal\/?p=273472"},"modified":"2025-01-10T06:04:58","modified_gmt":"2025-01-10T10:04:58","slug":"3-490-artesanos-expondran-en-feria-de-alasita-altena","status":"publish","type":"post","link":"https:\/\/www.eldiario.net\/portal\/2025\/01\/10\/3-490-artesanos-expondran-en-feria-de-alasita-altena\/","title":{"rendered":"3.490 artesanos expondr\u00e1n  en Feria de Alasita alte\u00f1a"},"content":{"rendered":"<p>Con la instalaci\u00f3n de la Jach\u2019a Alasita (gran compra), que ser\u00e1 del 13 al 23 de enero y donde se comercializar\u00e1 productos al por mayor, comenzar\u00e1 la fiesta de la miniatura en El Alto. A la par, el martes 14 se lanzar\u00e1 la Feria de las Alasitas 2025 con la participaci\u00f3n de la alcaldesa alte\u00f1a, Eva Copa, en instalaciones del Jach\u2019a Uta. Adem\u00e1s, adelantaron que habr\u00e1n otras 13 ferias distritales.<br \/>\n\u201cEstamos iniciando la celebraci\u00f3n con el Jach\u2019a Alasita que se llevar\u00e1 adelante en el Campo Ferial del 13 al 23 de enero, donde aproximadamente 140 expositores vender\u00e1n sus productos al por mayor\u201d, inform\u00f3 el secretario Municipal de Desarrollo Econ\u00f3mico, Jhonny Barrera.<br \/>\nAl d\u00eda siguiente, el martes 14 de enero, la alcaldesa Copa har\u00e1 el lanzamiento oficial de la feria de las Alasitas en la ciudad de El Alto en el Jach\u2019a Uta.<br \/>\n\u201cEn el lanzamiento participar\u00e1 nuestra primera autoridad (alcaldesa Copa) y nuestros artesanos\u201d, ratific\u00f3 el funcionario municipal.<br \/>\nRefiri\u00f3 que habr\u00e1 dos ferias principales, adem\u00e1s de otras 13 distritales. La primera, en la avenida La Paz y la segunda, en la avenida C\u00edvica. Participar\u00e1n 3.490 artesanos.<br \/>\nDatos institucionales indican que las ferias generan al menos 13.980 fuentes de empleo y seg\u00fan los datos del a\u00f1o pasado, el movimiento econ\u00f3mico alcanz\u00f3 a m\u00e1s de 27 millones de bolivianos.<br \/>\nAdem\u00e1s de las dos ferias tradicionales, se instalar\u00e1n otras en las zonas de R\u00edo Seco, Nuevos Horizontes, El Carmen, 16 de Febrero, El Kenko y Villa Adela, entre otras.<\/p>\n","protected":false},"excerpt":{"rendered":"<p>Con la instalaci\u00f3n de la Jach\u2019a Alasita (gran compra), que ser\u00e1 del 13 al 23 de enero y donde se comercializar\u00e1 productos al por mayor, comenzar\u00e1 la fiesta de la miniatura en El Alto. A la par, el martes 14 se lanzar\u00e1 la Feria de las Alasitas 2025 con la participaci\u00f3n de la alcaldesa alte\u00f1a, [&hellip;]<\/p>\n","protected":false},"author":1,"featured_media":273473,"comment_status":"closed","ping_status":"open","sticky":false,"template":"","format":"standard","meta":{"_acf_changed":false,"footnotes":""},"categories":[12],"tags":[],"class_list":["post-273472","post","type-post","status-publish","format-standard","has-post-thumbnail","category-nacional"],"acf":{"antetitulo":"Inicia el 14 de enero"},"yoast_head":"<!-- This site is optimized with the Yoast SEO plugin v28.3 - https:\/\/yoast.com\/product\/yoast-seo-wordpress\/ -->\n<title>3.490 artesanos expondr\u00e1n en Feria de Alasita alte\u00f1a - El Diario - Bolivia<\/title>\n<meta name=\"robots\" content=\"index, follow, max-snippet:-1, max-image-preview:large, max-video-preview:-1\" \/>\n<link rel=\"canonical\" href=\"https:\/\/www.eldiario.net\/portal\/2025\/01\/10\/3-490-artesanos-expondran-en-feria-de-alasita-altena\/\" \/>\n<meta property=\"og:locale\" content=\"es_ES\" \/>\n<meta property=\"og:type\" content=\"article\" \/>\n<meta property=\"og:title\" content=\"3.490 artesanos expondr\u00e1n en Feria de Alasita alte\u00f1a - El Diario - Bolivia\" \/>\n<meta property=\"og:description\" content=\"Con la instalaci\u00f3n de la Jach\u2019a Alasita (gran compra), que ser\u00e1 del 13 al 23 de enero y donde se comercializar\u00e1 productos al por mayor, comenzar\u00e1 la fiesta de la miniatura en El Alto. A la par, el martes 14 se lanzar\u00e1 la Feria de las Alasitas 2025 con la participaci\u00f3n de la alcaldesa alte\u00f1a, [&hellip;]\" \/>\n<meta property=\"og:url\" content=\"https:\/\/www.eldiario.net\/portal\/2025\/01\/10\/3-490-artesanos-expondran-en-feria-de-alasita-altena\/\" \/>\n<meta property=\"og:site_name\" content=\"El Diario - Bolivia\" \/>\n<meta property=\"article:publisher\" content=\"https:\/\/www.facebook.com\/eldiario.bolivia\/\" \/>\n<meta property=\"article:published_time\" content=\"2025-01-10T10:04:58+00:00\" \/>\n<meta property=\"og:image\" content=\"https:\/\/www.eldiario.net\/portal\/wp-content\/uploads\/2025\/01\/F-3-alasita.jpg\" \/>\n\t<meta property=\"og:image:width\" content=\"1600\" \/>\n\t<meta property=\"og:image:height\" content=\"944\" \/>\n\t<meta property=\"og:image:type\" content=\"image\/jpeg\" \/>\n<meta name=\"author\" content=\"Jeanette\" \/>\n<meta name=\"twitter:card\" content=\"summary_large_image\" \/>\n<meta name=\"twitter:creator\" content=\"@eldiario_net\" \/>\n<meta name=\"twitter:site\" content=\"@eldiario_net\" \/>\n<meta name=\"twitter:label1\" content=\"Escrito por\" \/>\n\t<meta name=\"twitter:data1\" content=\"Jeanette\" \/>\n\t<meta name=\"twitter:label2\" content=\"Tiempo de lectura\" \/>\n\t<meta name=\"twitter:data2\" content=\"2 minutos\" \/>\n<script type=\"application\/ld+json\" class=\"yoast-schema-graph\">{\"@context\":\"https:\\\/\\\/schema.org\",\"@graph\":[{\"@type\":\"Article\",\"@id\":\"https:\\\/\\\/www.eldiario.net\\\/portal\\\/2025\\\/01\\\/10\\\/3-490-artesanos-expondran-en-feria-de-alasita-altena\\\/#article\",\"isPartOf\":{\"@id\":\"https:\\\/\\\/www.eldiario.net\\\/portal\\\/2025\\\/01\\\/10\\\/3-490-artesanos-expondran-en-feria-de-alasita-altena\\\/\"},\"author\":{\"name\":\"Jeanette\",\"@id\":\"https:\\\/\\\/www.eldiario.net\\\/portal\\\/#\\\/schema\\\/person\\\/f46445640444750d7d753ccd04ae01b7\"},\"headline\":\"3.490 artesanos expondr\u00e1n en Feria de Alasita alte\u00f1a\",\"datePublished\":\"2025-01-10T10:04:58+00:00\",\"mainEntityOfPage\":{\"@id\":\"https:\\\/\\\/www.eldiario.net\\\/portal\\\/2025\\\/01\\\/10\\\/3-490-artesanos-expondran-en-feria-de-alasita-altena\\\/\"},\"wordCount\":264,\"publisher\":{\"@id\":\"https:\\\/\\\/www.eldiario.net\\\/portal\\\/#organization\"},\"image\":{\"@id\":\"https:\\\/\\\/www.eldiario.net\\\/portal\\\/2025\\\/01\\\/10\\\/3-490-artesanos-expondran-en-feria-de-alasita-altena\\\/#primaryimage\"},\"thumbnailUrl\":\"https:\\\/\\\/www.eldiario.net\\\/portal\\\/wp-content\\\/uploads\\\/2025\\\/01\\\/F-3-alasita.jpg\",\"articleSection\":[\"Nacional\"],\"inLanguage\":\"es\"},{\"@type\":\"WebPage\",\"@id\":\"https:\\\/\\\/www.eldiario.net\\\/portal\\\/2025\\\/01\\\/10\\\/3-490-artesanos-expondran-en-feria-de-alasita-altena\\\/\",\"url\":\"https:\\\/\\\/www.eldiario.net\\\/portal\\\/2025\\\/01\\\/10\\\/3-490-artesanos-expondran-en-feria-de-alasita-altena\\\/\",\"name\":\"3.490 artesanos expondr\u00e1n en Feria de Alasita alte\u00f1a - El Diario - Bolivia\",\"isPartOf\":{\"@id\":\"https:\\\/\\\/www.eldiario.net\\\/portal\\\/#website\"},\"primaryImageOfPage\":{\"@id\":\"https:\\\/\\\/www.eldiario.net\\\/portal\\\/2025\\\/01\\\/10\\\/3-490-artesanos-expondran-en-feria-de-alasita-altena\\\/#primaryimage\"},\"image\":{\"@id\":\"https:\\\/\\\/www.eldiario.net\\\/portal\\\/2025\\\/01\\\/10\\\/3-490-artesanos-expondran-en-feria-de-alasita-altena\\\/#primaryimage\"},\"thumbnailUrl\":\"https:\\\/\\\/www.eldiario.net\\\/portal\\\/wp-content\\\/uploads\\\/2025\\\/01\\\/F-3-alasita.jpg\",\"datePublished\":\"2025-01-10T10:04:58+00:00\",\"breadcrumb\":{\"@id\":\"https:\\\/\\\/www.eldiario.net\\\/portal\\\/2025\\\/01\\\/10\\\/3-490-artesanos-expondran-en-feria-de-alasita-altena\\\/#breadcrumb\"},\"inLanguage\":\"es\",\"potentialAction\":[{\"@type\":\"ReadAction\",\"target\":[\"https:\\\/\\\/www.eldiario.net\\\/portal\\\/2025\\\/01\\\/10\\\/3-490-artesanos-expondran-en-feria-de-alasita-altena\\\/\"]}]},{\"@type\":\"ImageObject\",\"inLanguage\":\"es\",\"@id\":\"https:\\\/\\\/www.eldiario.net\\\/portal\\\/2025\\\/01\\\/10\\\/3-490-artesanos-expondran-en-feria-de-alasita-altena\\\/#primaryimage\",\"url\":\"https:\\\/\\\/www.eldiario.net\\\/portal\\\/wp-content\\\/uploads\\\/2025\\\/01\\\/F-3-alasita.jpg\",\"contentUrl\":\"https:\\\/\\\/www.eldiario.net\\\/portal\\\/wp-content\\\/uploads\\\/2025\\\/01\\\/F-3-alasita.jpg\",\"width\":1600,\"height\":944,\"caption\":\"Los artesanos presentar\u00e1n una variedad de miniaturas.\"},{\"@type\":\"BreadcrumbList\",\"@id\":\"https:\\\/\\\/www.eldiario.net\\\/portal\\\/2025\\\/01\\\/10\\\/3-490-artesanos-expondran-en-feria-de-alasita-altena\\\/#breadcrumb\",\"itemListElement\":[{\"@type\":\"ListItem\",\"position\":1,\"name\":\"Portada\",\"item\":\"https:\\\/\\\/www.eldiario.net\\\/portal\\\/\"},{\"@type\":\"ListItem\",\"position\":2,\"name\":\"3.490 artesanos expondr\u00e1n en Feria de Alasita alte\u00f1a\"}]},{\"@type\":\"WebSite\",\"@id\":\"https:\\\/\\\/www.eldiario.net\\\/portal\\\/#website\",\"url\":\"https:\\\/\\\/www.eldiario.net\\\/portal\\\/\",\"name\":\"El Diario - Decano de la prensa nacional\",\"description\":\"El Diario - Decano de la prensa nacional\",\"publisher\":{\"@id\":\"https:\\\/\\\/www.eldiario.net\\\/portal\\\/#organization\"},\"potentialAction\":[{\"@type\":\"SearchAction\",\"target\":{\"@type\":\"EntryPoint\",\"urlTemplate\":\"https:\\\/\\\/www.eldiario.net\\\/portal\\\/?s={search_term_string}\"},\"query-input\":{\"@type\":\"PropertyValueSpecification\",\"valueRequired\":true,\"valueName\":\"search_term_string\"}}],\"inLanguage\":\"es\"},{\"@type\":\"Organization\",\"@id\":\"https:\\\/\\\/www.eldiario.net\\\/portal\\\/#organization\",\"name\":\"El Diario - Decano de la prensa nacional\",\"url\":\"https:\\\/\\\/www.eldiario.net\\\/portal\\\/\",\"logo\":{\"@type\":\"ImageObject\",\"inLanguage\":\"es\",\"@id\":\"https:\\\/\\\/www.eldiario.net\\\/portal\\\/#\\\/schema\\\/logo\\\/image\\\/\",\"url\":\"https:\\\/\\\/www.eldiario.net\\\/portal\\\/wp-content\\\/uploads\\\/2023\\\/07\\\/logo_ED.jpg\",\"contentUrl\":\"https:\\\/\\\/www.eldiario.net\\\/portal\\\/wp-content\\\/uploads\\\/2023\\\/07\\\/logo_ED.jpg\",\"width\":272,\"height\":52,\"caption\":\"El Diario - Decano de la prensa nacional\"},\"image\":{\"@id\":\"https:\\\/\\\/www.eldiario.net\\\/portal\\\/#\\\/schema\\\/logo\\\/image\\\/\"},\"sameAs\":[\"https:\\\/\\\/www.facebook.com\\\/eldiario.bolivia\\\/\",\"https:\\\/\\\/x.com\\\/eldiario_net\"]},{\"@type\":\"Person\",\"@id\":\"https:\\\/\\\/www.eldiario.net\\\/portal\\\/#\\\/schema\\\/person\\\/f46445640444750d7d753ccd04ae01b7\",\"name\":\"Jeanette\",\"image\":{\"@type\":\"ImageObject\",\"inLanguage\":\"es\",\"@id\":\"https:\\\/\\\/secure.gravatar.com\\\/avatar\\\/3ea2118a5f7dad2b7138b1187a6b7ee55f160b9968b66013c3a3ef39dd7e5798?s=96&d=mm&r=g\",\"url\":\"https:\\\/\\\/secure.gravatar.com\\\/avatar\\\/3ea2118a5f7dad2b7138b1187a6b7ee55f160b9968b66013c3a3ef39dd7e5798?s=96&d=mm&r=g\",\"contentUrl\":\"https:\\\/\\\/secure.gravatar.com\\\/avatar\\\/3ea2118a5f7dad2b7138b1187a6b7ee55f160b9968b66013c3a3ef39dd7e5798?s=96&d=mm&r=g\",\"caption\":\"Jeanette\"},\"sameAs\":[\"https:\\\/\\\/www.eldiario.net\\\/portal\"],\"url\":\"https:\\\/\\\/www.eldiario.net\\\/portal\\\/author\\\/jeanette\\\/\"}]}<\/script>\n<!-- \/ Yoast SEO plugin. -->","yoast_head_json":{"title":"3.490 artesanos expondr\u00e1n en Feria de Alasita alte\u00f1a - El Diario - Bolivia","robots":{"index":"index","follow":"follow","max-snippet":"max-snippet:-1","max-image-preview":"max-image-preview:large","max-video-preview":"max-video-preview:-1"},"canonical":"https:\/\/www.eldiario.net\/portal\/2025\/01\/10\/3-490-artesanos-expondran-en-feria-de-alasita-altena\/","og_locale":"es_ES","og_type":"article","og_title":"3.490 artesanos expondr\u00e1n en Feria de Alasita alte\u00f1a - El Diario - Bolivia","og_description":"Con la instalaci\u00f3n de la Jach\u2019a Alasita (gran compra), que ser\u00e1 del 13 al 23 de enero y donde se comercializar\u00e1 productos al por mayor, comenzar\u00e1 la fiesta de la miniatura en El Alto. A la par, el martes 14 se lanzar\u00e1 la Feria de las Alasitas 2025 con la participaci\u00f3n de la alcaldesa alte\u00f1a, [&hellip;]","og_url":"https:\/\/www.eldiario.net\/portal\/2025\/01\/10\/3-490-artesanos-expondran-en-feria-de-alasita-altena\/","og_site_name":"El Diario - Bolivia","article_publisher":"https:\/\/www.facebook.com\/eldiario.bolivia\/","article_published_time":"2025-01-10T10:04:58+00:00","og_image":[{"width":1600,"height":944,"url":"https:\/\/www.eldiario.net\/portal\/wp-content\/uploads\/2025\/01\/F-3-alasita.jpg","type":"image\/jpeg"}],"author":"Jeanette","twitter_card":"summary_large_image","twitter_creator":"@eldiario_net","twitter_site":"@eldiario_net","twitter_misc":{"Escrito por":"Jeanette","Tiempo de lectura":"2 minutos"},"schema":{"@context":"https:\/\/schema.org","@graph":[{"@type":"Article","@id":"https:\/\/www.eldiario.net\/portal\/2025\/01\/10\/3-490-artesanos-expondran-en-feria-de-alasita-altena\/#article","isPartOf":{"@id":"https:\/\/www.eldiario.net\/portal\/2025\/01\/10\/3-490-artesanos-expondran-en-feria-de-alasita-altena\/"},"author":{"name":"Jeanette","@id":"https:\/\/www.eldiario.net\/portal\/#\/schema\/person\/f46445640444750d7d753ccd04ae01b7"},"headline":"3.490 artesanos expondr\u00e1n en Feria de Alasita alte\u00f1a","datePublished":"2025-01-10T10:04:58+00:00","mainEntityOfPage":{"@id":"https:\/\/www.eldiario.net\/portal\/2025\/01\/10\/3-490-artesanos-expondran-en-feria-de-alasita-altena\/"},"wordCount":264,"publisher":{"@id":"https:\/\/www.eldiario.net\/portal\/#organization"},"image":{"@id":"https:\/\/www.eldiario.net\/portal\/2025\/01\/10\/3-490-artesanos-expondran-en-feria-de-alasita-altena\/#primaryimage"},"thumbnailUrl":"https:\/\/www.eldiario.net\/portal\/wp-content\/uploads\/2025\/01\/F-3-alasita.jpg","articleSection":["Nacional"],"inLanguage":"es"},{"@type":"WebPage","@id":"https:\/\/www.eldiario.net\/portal\/2025\/01\/10\/3-490-artesanos-expondran-en-feria-de-alasita-altena\/","url":"https:\/\/www.eldiario.net\/portal\/2025\/01\/10\/3-490-artesanos-expondran-en-feria-de-alasita-altena\/","name":"3.490 artesanos expondr\u00e1n en Feria de Alasita alte\u00f1a - El Diario - Bolivia","isPartOf":{"@id":"https:\/\/www.eldiario.net\/portal\/#website"},"primaryImageOfPage":{"@id":"https:\/\/www.eldiario.net\/portal\/2025\/01\/10\/3-490-artesanos-expondran-en-feria-de-alasita-altena\/#primaryimage"},"image":{"@id":"https:\/\/www.eldiario.net\/portal\/2025\/01\/10\/3-490-artesanos-expondran-en-feria-de-alasita-altena\/#primaryimage"},"thumbnailUrl":"https:\/\/www.eldiario.net\/portal\/wp-content\/uploads\/2025\/01\/F-3-alasita.jpg","datePublished":"2025-01-10T10:04:58+00:00","breadcrumb":{"@id":"https:\/\/www.eldiario.net\/portal\/2025\/01\/10\/3-490-artesanos-expondran-en-feria-de-alasita-altena\/#breadcrumb"},"inLanguage":"es","potentialAction":[{"@type":"ReadAction","target":["https:\/\/www.eldiario.net\/portal\/2025\/01\/10\/3-490-artesanos-expondran-en-feria-de-alasita-altena\/"]}]},{"@type":"ImageObject","inLanguage":"es","@id":"https:\/\/www.eldiario.net\/portal\/2025\/01\/10\/3-490-artesanos-expondran-en-feria-de-alasita-altena\/#primaryimage","url":"https:\/\/www.eldiario.net\/portal\/wp-content\/uploads\/2025\/01\/F-3-alasita.jpg","contentUrl":"https:\/\/www.eldiario.net\/portal\/wp-content\/uploads\/2025\/01\/F-3-alasita.jpg","width":1600,"height":944,"caption":"Los artesanos presentar\u00e1n una variedad de miniaturas."},{"@type":"BreadcrumbList","@id":"https:\/\/www.eldiario.net\/portal\/2025\/01\/10\/3-490-artesanos-expondran-en-feria-de-alasita-altena\/#breadcrumb","itemListElement":[{"@type":"ListItem","position":1,"name":"Portada","item":"https:\/\/www.eldiario.net\/portal\/"},{"@type":"ListItem","position":2,"name":"3.490 artesanos expondr\u00e1n en Feria de Alasita alte\u00f1a"}]},{"@type":"WebSite","@id":"https:\/\/www.eldiario.net\/portal\/#website","url":"https:\/\/www.eldiario.net\/portal\/","name":"El Diario - Decano de la prensa nacional","description":"El Diario - Decano de la prensa nacional","publisher":{"@id":"https:\/\/www.eldiario.net\/portal\/#organization"},"potentialAction":[{"@type":"SearchAction","target":{"@type":"EntryPoint","urlTemplate":"https:\/\/www.eldiario.net\/portal\/?s={search_term_string}"},"query-input":{"@type":"PropertyValueSpecification","valueRequired":true,"valueName":"search_term_string"}}],"inLanguage":"es"},{"@type":"Organization","@id":"https:\/\/www.eldiario.net\/portal\/#organization","name":"El Diario - Decano de la prensa nacional","url":"https:\/\/www.eldiario.net\/portal\/","logo":{"@type":"ImageObject","inLanguage":"es","@id":"https:\/\/www.eldiario.net\/portal\/#\/schema\/logo\/image\/","url":"https:\/\/www.eldiario.net\/portal\/wp-content\/uploads\/2023\/07\/logo_ED.jpg","contentUrl":"https:\/\/www.eldiario.net\/portal\/wp-content\/uploads\/2023\/07\/logo_ED.jpg","width":272,"height":52,"caption":"El Diario - Decano de la prensa nacional"},"image":{"@id":"https:\/\/www.eldiario.net\/portal\/#\/schema\/logo\/image\/"},"sameAs":["https:\/\/www.facebook.com\/eldiario.bolivia\/","https:\/\/x.com\/eldiario_net"]},{"@type":"Person","@id":"https:\/\/www.eldiario.net\/portal\/#\/schema\/person\/f46445640444750d7d753ccd04ae01b7","name":"Jeanette","image":{"@type":"ImageObject","inLanguage":"es","@id":"https:\/\/secure.gravatar.com\/avatar\/3ea2118a5f7dad2b7138b1187a6b7ee55f160b9968b66013c3a3ef39dd7e5798?s=96&d=mm&r=g","url":"https:\/\/secure.gravatar.com\/avatar\/3ea2118a5f7dad2b7138b1187a6b7ee55f160b9968b66013c3a3ef39dd7e5798?s=96&d=mm&r=g","contentUrl":"https:\/\/secure.gravatar.com\/avatar\/3ea2118a5f7dad2b7138b1187a6b7ee55f160b9968b66013c3a3ef39dd7e5798?s=96&d=mm&r=g","caption":"Jeanette"},"sameAs":["https:\/\/www.eldiario.net\/portal"],"url":"https:\/\/www.eldiario.net\/portal\/author\/jeanette\/"}]}},"_links":{"self":[{"href":"https:\/\/www.eldiario.net\/portal\/wp-json\/wp\/v2\/posts\/273472","targetHints":{"allow":["GET"]}}],"collection":[{"href":"https:\/\/www.eldiario.net\/portal\/wp-json\/wp\/v2\/posts"}],"about":[{"href":"https:\/\/www.eldiario.net\/portal\/wp-json\/wp\/v2\/types\/post"}],"author":[{"embeddable":true,"href":"https:\/\/www.eldiario.net\/portal\/wp-json\/wp\/v2\/users\/1"}],"replies":[{"embeddable":true,"href":"https:\/\/www.eldiario.net\/portal\/wp-json\/wp\/v2\/comments?post=273472"}],"version-history":[{"count":1,"href":"https:\/\/www.eldiario.net\/portal\/wp-json\/wp\/v2\/posts\/273472\/revisions"}],"predecessor-version":[{"id":273474,"href":"https:\/\/www.eldiario.net\/portal\/wp-json\/wp\/v2\/posts\/273472\/revisions\/273474"}],"wp:featuredmedia":[{"embeddable":true,"href":"https:\/\/www.eldiario.net\/portal\/wp-json\/wp\/v2\/media\/273473"}],"wp:attachment":[{"href":"https:\/\/www.eldiario.net\/portal\/wp-json\/wp\/v2\/media?parent=273472"}],"wp:term":[{"taxonomy":"category","embeddable":true,"href":"https:\/\/www.eldiario.net\/portal\/wp-json\/wp\/v2\/categories?post=273472"},{"taxonomy":"post_tag","embeddable":true,"href":"https:\/\/www.eldiario.net\/portal\/wp-json\/wp\/v2\/tags?post=273472"}],"curies":[{"name":"wp","href":"https:\/\/api.w.org\/{rel}","templated":true}]}}