{"id":273463,"date":"2025-01-10T06:02:35","date_gmt":"2025-01-10T10:02:35","guid":{"rendered":"https:\/\/www.eldiario.net\/portal\/?p=273463"},"modified":"2025-01-10T06:02:35","modified_gmt":"2025-01-10T10:02:35","slug":"aprehendido-sospechoso-de-primer-feminicidio-del-ano","status":"publish","type":"post","link":"https:\/\/www.eldiario.net\/portal\/2025\/01\/10\/aprehendido-sospechoso-de-primer-feminicidio-del-ano\/","title":{"rendered":"Aprehendido sospechoso de primer feminicidio del a\u00f1o"},"content":{"rendered":"<p>La Polic\u00eda aprehendi\u00f3 ayer en Coroico al principal sospechoso del primer caso de feminicidio del a\u00f1o, Ra\u00fal K. G. E. de 28 a\u00f1os, dentro de las investigaciones por el asesinato de su pareja, Leslie N. A. L. de 33 a\u00f1os, quien fue apu\u00f1alada en la pierna y perdi\u00f3 la vida de manera violenta.<\/p>\n<p>La Fiscal\u00eda investiga este hecho como el primer caso de feminicidio de 2025, luego de que la mujer fuera encontrada sin vida en su domicilio ubicado en la zona Villa El Carmen en la ciudad de La Paz.<\/p>\n<p>El sujeto fue encontrado ayer en el municipio pace\u00f1o de Coroico en compa\u00f1\u00eda de sus hijos y, en horas de la tarde, fue trasladado a la capital pace\u00f1a para que enfrente a la justicia. Los menores, de siete y nueve a\u00f1os, fueron rescatados seg\u00fan la Defensor\u00eda del Pueblo.<\/p>\n<p>En circunstancias que son investigadas, la v\u00edctima fue atacada presuntamente por su pareja con un arma punzocortante el 8 de enero cerca de las 16:00, lo que le caus\u00f3 una herida fatal en la pierna derecha, seg\u00fan inform\u00f3 la Fiscal\u00eda.<\/p>\n<p>La autopsia realizada por el Instituto de Investigaciones Forenses (IDIF) determin\u00f3 como causa de muerte un shock hipovol\u00e9mico por trauma penetrante en el muslo, producido por objeto punzocortante, concluyendo que Leslie sufri\u00f3 una muerte violenta.<\/p>\n<p>La autoridad se\u00f1al\u00f3 que el caso fue puesto a conocimiento del Ministerio P\u00fablico tras la intervenci\u00f3n policial en la escena del hecho, la vivienda de la mujer, donde su cuerpo fue encontrado en la cama.<\/p>\n","protected":false},"excerpt":{"rendered":"<p>La Polic\u00eda aprehendi\u00f3 ayer en Coroico al principal sospechoso del primer caso de feminicidio del a\u00f1o, Ra\u00fal K. G. E. de 28 a\u00f1os, dentro de las investigaciones por el asesinato de su pareja, Leslie N. A. L. de 33 a\u00f1os, quien fue apu\u00f1alada en la pierna y perdi\u00f3 la vida de manera violenta. La Fiscal\u00eda [&hellip;]<\/p>\n","protected":false},"author":1,"featured_media":273465,"comment_status":"closed","ping_status":"open","sticky":false,"template":"","format":"standard","meta":{"_acf_changed":false,"footnotes":""},"categories":[39],"tags":[],"class_list":["post-273463","post","type-post","status-publish","format-standard","has-post-thumbnail","category-sociedad"],"acf":{"antetitulo":"En Coroico"},"yoast_head":"<!-- This site is optimized with the Yoast SEO plugin v28.3 - https:\/\/yoast.com\/product\/yoast-seo-wordpress\/ -->\n<title>Aprehendido sospechoso de primer feminicidio del a\u00f1o - El Diario - Bolivia<\/title>\n<meta name=\"robots\" content=\"index, follow, max-snippet:-1, max-image-preview:large, max-video-preview:-1\" \/>\n<link rel=\"canonical\" href=\"https:\/\/www.eldiario.net\/portal\/2025\/01\/10\/aprehendido-sospechoso-de-primer-feminicidio-del-ano\/\" \/>\n<meta property=\"og:locale\" content=\"es_ES\" \/>\n<meta property=\"og:type\" content=\"article\" \/>\n<meta property=\"og:title\" content=\"Aprehendido sospechoso de primer feminicidio del a\u00f1o - El Diario - Bolivia\" \/>\n<meta property=\"og:description\" content=\"La Polic\u00eda aprehendi\u00f3 ayer en Coroico al principal sospechoso del primer caso de feminicidio del a\u00f1o, Ra\u00fal K. G. E. de 28 a\u00f1os, dentro de las investigaciones por el asesinato de su pareja, Leslie N. A. L. de 33 a\u00f1os, quien fue apu\u00f1alada en la pierna y perdi\u00f3 la vida de manera violenta. La Fiscal\u00eda [&hellip;]\" \/>\n<meta property=\"og:url\" content=\"https:\/\/www.eldiario.net\/portal\/2025\/01\/10\/aprehendido-sospechoso-de-primer-feminicidio-del-ano\/\" \/>\n<meta property=\"og:site_name\" content=\"El Diario - Bolivia\" \/>\n<meta property=\"article:publisher\" content=\"https:\/\/www.facebook.com\/eldiario.bolivia\/\" \/>\n<meta property=\"article:published_time\" content=\"2025-01-10T10:02:35+00:00\" \/>\n<meta property=\"og:image\" content=\"https:\/\/www.eldiario.net\/portal\/wp-content\/uploads\/2025\/01\/10-FEM.jpg\" \/>\n\t<meta property=\"og:image:width\" content=\"720\" \/>\n\t<meta property=\"og:image:height\" content=\"398\" \/>\n\t<meta property=\"og:image:type\" content=\"image\/jpeg\" \/>\n<meta name=\"author\" content=\"Jeanette\" \/>\n<meta name=\"twitter:card\" content=\"summary_large_image\" \/>\n<meta name=\"twitter:creator\" content=\"@eldiario_net\" \/>\n<meta name=\"twitter:site\" content=\"@eldiario_net\" \/>\n<meta name=\"twitter:label1\" content=\"Escrito por\" \/>\n\t<meta name=\"twitter:data1\" content=\"Jeanette\" \/>\n\t<meta name=\"twitter:label2\" content=\"Tiempo de lectura\" \/>\n\t<meta name=\"twitter:data2\" content=\"2 minutos\" \/>\n<script type=\"application\/ld+json\" class=\"yoast-schema-graph\">{\"@context\":\"https:\\\/\\\/schema.org\",\"@graph\":[{\"@type\":\"Article\",\"@id\":\"https:\\\/\\\/www.eldiario.net\\\/portal\\\/2025\\\/01\\\/10\\\/aprehendido-sospechoso-de-primer-feminicidio-del-ano\\\/#article\",\"isPartOf\":{\"@id\":\"https:\\\/\\\/www.eldiario.net\\\/portal\\\/2025\\\/01\\\/10\\\/aprehendido-sospechoso-de-primer-feminicidio-del-ano\\\/\"},\"author\":{\"name\":\"Jeanette\",\"@id\":\"https:\\\/\\\/www.eldiario.net\\\/portal\\\/#\\\/schema\\\/person\\\/f46445640444750d7d753ccd04ae01b7\"},\"headline\":\"Aprehendido sospechoso de primer feminicidio del a\u00f1o\",\"datePublished\":\"2025-01-10T10:02:35+00:00\",\"mainEntityOfPage\":{\"@id\":\"https:\\\/\\\/www.eldiario.net\\\/portal\\\/2025\\\/01\\\/10\\\/aprehendido-sospechoso-de-primer-feminicidio-del-ano\\\/\"},\"wordCount\":272,\"publisher\":{\"@id\":\"https:\\\/\\\/www.eldiario.net\\\/portal\\\/#organization\"},\"image\":{\"@id\":\"https:\\\/\\\/www.eldiario.net\\\/portal\\\/2025\\\/01\\\/10\\\/aprehendido-sospechoso-de-primer-feminicidio-del-ano\\\/#primaryimage\"},\"thumbnailUrl\":\"https:\\\/\\\/www.eldiario.net\\\/portal\\\/wp-content\\\/uploads\\\/2025\\\/01\\\/10-FEM.jpg\",\"articleSection\":[\"Sociedad - Seguridad\"],\"inLanguage\":\"es\"},{\"@type\":\"WebPage\",\"@id\":\"https:\\\/\\\/www.eldiario.net\\\/portal\\\/2025\\\/01\\\/10\\\/aprehendido-sospechoso-de-primer-feminicidio-del-ano\\\/\",\"url\":\"https:\\\/\\\/www.eldiario.net\\\/portal\\\/2025\\\/01\\\/10\\\/aprehendido-sospechoso-de-primer-feminicidio-del-ano\\\/\",\"name\":\"Aprehendido sospechoso de primer feminicidio del a\u00f1o - El Diario - Bolivia\",\"isPartOf\":{\"@id\":\"https:\\\/\\\/www.eldiario.net\\\/portal\\\/#website\"},\"primaryImageOfPage\":{\"@id\":\"https:\\\/\\\/www.eldiario.net\\\/portal\\\/2025\\\/01\\\/10\\\/aprehendido-sospechoso-de-primer-feminicidio-del-ano\\\/#primaryimage\"},\"image\":{\"@id\":\"https:\\\/\\\/www.eldiario.net\\\/portal\\\/2025\\\/01\\\/10\\\/aprehendido-sospechoso-de-primer-feminicidio-del-ano\\\/#primaryimage\"},\"thumbnailUrl\":\"https:\\\/\\\/www.eldiario.net\\\/portal\\\/wp-content\\\/uploads\\\/2025\\\/01\\\/10-FEM.jpg\",\"datePublished\":\"2025-01-10T10:02:35+00:00\",\"breadcrumb\":{\"@id\":\"https:\\\/\\\/www.eldiario.net\\\/portal\\\/2025\\\/01\\\/10\\\/aprehendido-sospechoso-de-primer-feminicidio-del-ano\\\/#breadcrumb\"},\"inLanguage\":\"es\",\"potentialAction\":[{\"@type\":\"ReadAction\",\"target\":[\"https:\\\/\\\/www.eldiario.net\\\/portal\\\/2025\\\/01\\\/10\\\/aprehendido-sospechoso-de-primer-feminicidio-del-ano\\\/\"]}]},{\"@type\":\"ImageObject\",\"inLanguage\":\"es\",\"@id\":\"https:\\\/\\\/www.eldiario.net\\\/portal\\\/2025\\\/01\\\/10\\\/aprehendido-sospechoso-de-primer-feminicidio-del-ano\\\/#primaryimage\",\"url\":\"https:\\\/\\\/www.eldiario.net\\\/portal\\\/wp-content\\\/uploads\\\/2025\\\/01\\\/10-FEM.jpg\",\"contentUrl\":\"https:\\\/\\\/www.eldiario.net\\\/portal\\\/wp-content\\\/uploads\\\/2025\\\/01\\\/10-FEM.jpg\",\"width\":720,\"height\":398,\"caption\":\"Imagen referencial. Cr\u00e9ditos: ABI\"},{\"@type\":\"BreadcrumbList\",\"@id\":\"https:\\\/\\\/www.eldiario.net\\\/portal\\\/2025\\\/01\\\/10\\\/aprehendido-sospechoso-de-primer-feminicidio-del-ano\\\/#breadcrumb\",\"itemListElement\":[{\"@type\":\"ListItem\",\"position\":1,\"name\":\"Portada\",\"item\":\"https:\\\/\\\/www.eldiario.net\\\/portal\\\/\"},{\"@type\":\"ListItem\",\"position\":2,\"name\":\"Aprehendido sospechoso de primer feminicidio del a\u00f1o\"}]},{\"@type\":\"WebSite\",\"@id\":\"https:\\\/\\\/www.eldiario.net\\\/portal\\\/#website\",\"url\":\"https:\\\/\\\/www.eldiario.net\\\/portal\\\/\",\"name\":\"El Diario - Decano de la prensa nacional\",\"description\":\"El Diario - Decano de la prensa nacional\",\"publisher\":{\"@id\":\"https:\\\/\\\/www.eldiario.net\\\/portal\\\/#organization\"},\"potentialAction\":[{\"@type\":\"SearchAction\",\"target\":{\"@type\":\"EntryPoint\",\"urlTemplate\":\"https:\\\/\\\/www.eldiario.net\\\/portal\\\/?s={search_term_string}\"},\"query-input\":{\"@type\":\"PropertyValueSpecification\",\"valueRequired\":true,\"valueName\":\"search_term_string\"}}],\"inLanguage\":\"es\"},{\"@type\":\"Organization\",\"@id\":\"https:\\\/\\\/www.eldiario.net\\\/portal\\\/#organization\",\"name\":\"El Diario - Decano de la prensa nacional\",\"url\":\"https:\\\/\\\/www.eldiario.net\\\/portal\\\/\",\"logo\":{\"@type\":\"ImageObject\",\"inLanguage\":\"es\",\"@id\":\"https:\\\/\\\/www.eldiario.net\\\/portal\\\/#\\\/schema\\\/logo\\\/image\\\/\",\"url\":\"https:\\\/\\\/www.eldiario.net\\\/portal\\\/wp-content\\\/uploads\\\/2023\\\/07\\\/logo_ED.jpg\",\"contentUrl\":\"https:\\\/\\\/www.eldiario.net\\\/portal\\\/wp-content\\\/uploads\\\/2023\\\/07\\\/logo_ED.jpg\",\"width\":272,\"height\":52,\"caption\":\"El Diario - Decano de la prensa nacional\"},\"image\":{\"@id\":\"https:\\\/\\\/www.eldiario.net\\\/portal\\\/#\\\/schema\\\/logo\\\/image\\\/\"},\"sameAs\":[\"https:\\\/\\\/www.facebook.com\\\/eldiario.bolivia\\\/\",\"https:\\\/\\\/x.com\\\/eldiario_net\"]},{\"@type\":\"Person\",\"@id\":\"https:\\\/\\\/www.eldiario.net\\\/portal\\\/#\\\/schema\\\/person\\\/f46445640444750d7d753ccd04ae01b7\",\"name\":\"Jeanette\",\"image\":{\"@type\":\"ImageObject\",\"inLanguage\":\"es\",\"@id\":\"https:\\\/\\\/secure.gravatar.com\\\/avatar\\\/3ea2118a5f7dad2b7138b1187a6b7ee55f160b9968b66013c3a3ef39dd7e5798?s=96&d=mm&r=g\",\"url\":\"https:\\\/\\\/secure.gravatar.com\\\/avatar\\\/3ea2118a5f7dad2b7138b1187a6b7ee55f160b9968b66013c3a3ef39dd7e5798?s=96&d=mm&r=g\",\"contentUrl\":\"https:\\\/\\\/secure.gravatar.com\\\/avatar\\\/3ea2118a5f7dad2b7138b1187a6b7ee55f160b9968b66013c3a3ef39dd7e5798?s=96&d=mm&r=g\",\"caption\":\"Jeanette\"},\"sameAs\":[\"https:\\\/\\\/www.eldiario.net\\\/portal\"],\"url\":\"https:\\\/\\\/www.eldiario.net\\\/portal\\\/author\\\/jeanette\\\/\"}]}<\/script>\n<!-- \/ Yoast SEO plugin. -->","yoast_head_json":{"title":"Aprehendido sospechoso de primer feminicidio del a\u00f1o - El Diario - Bolivia","robots":{"index":"index","follow":"follow","max-snippet":"max-snippet:-1","max-image-preview":"max-image-preview:large","max-video-preview":"max-video-preview:-1"},"canonical":"https:\/\/www.eldiario.net\/portal\/2025\/01\/10\/aprehendido-sospechoso-de-primer-feminicidio-del-ano\/","og_locale":"es_ES","og_type":"article","og_title":"Aprehendido sospechoso de primer feminicidio del a\u00f1o - El Diario - Bolivia","og_description":"La Polic\u00eda aprehendi\u00f3 ayer en Coroico al principal sospechoso del primer caso de feminicidio del a\u00f1o, Ra\u00fal K. G. E. de 28 a\u00f1os, dentro de las investigaciones por el asesinato de su pareja, Leslie N. A. L. de 33 a\u00f1os, quien fue apu\u00f1alada en la pierna y perdi\u00f3 la vida de manera violenta. La Fiscal\u00eda [&hellip;]","og_url":"https:\/\/www.eldiario.net\/portal\/2025\/01\/10\/aprehendido-sospechoso-de-primer-feminicidio-del-ano\/","og_site_name":"El Diario - Bolivia","article_publisher":"https:\/\/www.facebook.com\/eldiario.bolivia\/","article_published_time":"2025-01-10T10:02:35+00:00","og_image":[{"width":720,"height":398,"url":"https:\/\/www.eldiario.net\/portal\/wp-content\/uploads\/2025\/01\/10-FEM.jpg","type":"image\/jpeg"}],"author":"Jeanette","twitter_card":"summary_large_image","twitter_creator":"@eldiario_net","twitter_site":"@eldiario_net","twitter_misc":{"Escrito por":"Jeanette","Tiempo de lectura":"2 minutos"},"schema":{"@context":"https:\/\/schema.org","@graph":[{"@type":"Article","@id":"https:\/\/www.eldiario.net\/portal\/2025\/01\/10\/aprehendido-sospechoso-de-primer-feminicidio-del-ano\/#article","isPartOf":{"@id":"https:\/\/www.eldiario.net\/portal\/2025\/01\/10\/aprehendido-sospechoso-de-primer-feminicidio-del-ano\/"},"author":{"name":"Jeanette","@id":"https:\/\/www.eldiario.net\/portal\/#\/schema\/person\/f46445640444750d7d753ccd04ae01b7"},"headline":"Aprehendido sospechoso de primer feminicidio del a\u00f1o","datePublished":"2025-01-10T10:02:35+00:00","mainEntityOfPage":{"@id":"https:\/\/www.eldiario.net\/portal\/2025\/01\/10\/aprehendido-sospechoso-de-primer-feminicidio-del-ano\/"},"wordCount":272,"publisher":{"@id":"https:\/\/www.eldiario.net\/portal\/#organization"},"image":{"@id":"https:\/\/www.eldiario.net\/portal\/2025\/01\/10\/aprehendido-sospechoso-de-primer-feminicidio-del-ano\/#primaryimage"},"thumbnailUrl":"https:\/\/www.eldiario.net\/portal\/wp-content\/uploads\/2025\/01\/10-FEM.jpg","articleSection":["Sociedad - Seguridad"],"inLanguage":"es"},{"@type":"WebPage","@id":"https:\/\/www.eldiario.net\/portal\/2025\/01\/10\/aprehendido-sospechoso-de-primer-feminicidio-del-ano\/","url":"https:\/\/www.eldiario.net\/portal\/2025\/01\/10\/aprehendido-sospechoso-de-primer-feminicidio-del-ano\/","name":"Aprehendido sospechoso de primer feminicidio del a\u00f1o - El Diario - Bolivia","isPartOf":{"@id":"https:\/\/www.eldiario.net\/portal\/#website"},"primaryImageOfPage":{"@id":"https:\/\/www.eldiario.net\/portal\/2025\/01\/10\/aprehendido-sospechoso-de-primer-feminicidio-del-ano\/#primaryimage"},"image":{"@id":"https:\/\/www.eldiario.net\/portal\/2025\/01\/10\/aprehendido-sospechoso-de-primer-feminicidio-del-ano\/#primaryimage"},"thumbnailUrl":"https:\/\/www.eldiario.net\/portal\/wp-content\/uploads\/2025\/01\/10-FEM.jpg","datePublished":"2025-01-10T10:02:35+00:00","breadcrumb":{"@id":"https:\/\/www.eldiario.net\/portal\/2025\/01\/10\/aprehendido-sospechoso-de-primer-feminicidio-del-ano\/#breadcrumb"},"inLanguage":"es","potentialAction":[{"@type":"ReadAction","target":["https:\/\/www.eldiario.net\/portal\/2025\/01\/10\/aprehendido-sospechoso-de-primer-feminicidio-del-ano\/"]}]},{"@type":"ImageObject","inLanguage":"es","@id":"https:\/\/www.eldiario.net\/portal\/2025\/01\/10\/aprehendido-sospechoso-de-primer-feminicidio-del-ano\/#primaryimage","url":"https:\/\/www.eldiario.net\/portal\/wp-content\/uploads\/2025\/01\/10-FEM.jpg","contentUrl":"https:\/\/www.eldiario.net\/portal\/wp-content\/uploads\/2025\/01\/10-FEM.jpg","width":720,"height":398,"caption":"Imagen referencial. Cr\u00e9ditos: ABI"},{"@type":"BreadcrumbList","@id":"https:\/\/www.eldiario.net\/portal\/2025\/01\/10\/aprehendido-sospechoso-de-primer-feminicidio-del-ano\/#breadcrumb","itemListElement":[{"@type":"ListItem","position":1,"name":"Portada","item":"https:\/\/www.eldiario.net\/portal\/"},{"@type":"ListItem","position":2,"name":"Aprehendido sospechoso de primer feminicidio del a\u00f1o"}]},{"@type":"WebSite","@id":"https:\/\/www.eldiario.net\/portal\/#website","url":"https:\/\/www.eldiario.net\/portal\/","name":"El Diario - Decano de la prensa nacional","description":"El Diario - Decano de la prensa nacional","publisher":{"@id":"https:\/\/www.eldiario.net\/portal\/#organization"},"potentialAction":[{"@type":"SearchAction","target":{"@type":"EntryPoint","urlTemplate":"https:\/\/www.eldiario.net\/portal\/?s={search_term_string}"},"query-input":{"@type":"PropertyValueSpecification","valueRequired":true,"valueName":"search_term_string"}}],"inLanguage":"es"},{"@type":"Organization","@id":"https:\/\/www.eldiario.net\/portal\/#organization","name":"El Diario - Decano de la prensa nacional","url":"https:\/\/www.eldiario.net\/portal\/","logo":{"@type":"ImageObject","inLanguage":"es","@id":"https:\/\/www.eldiario.net\/portal\/#\/schema\/logo\/image\/","url":"https:\/\/www.eldiario.net\/portal\/wp-content\/uploads\/2023\/07\/logo_ED.jpg","contentUrl":"https:\/\/www.eldiario.net\/portal\/wp-content\/uploads\/2023\/07\/logo_ED.jpg","width":272,"height":52,"caption":"El Diario - Decano de la prensa nacional"},"image":{"@id":"https:\/\/www.eldiario.net\/portal\/#\/schema\/logo\/image\/"},"sameAs":["https:\/\/www.facebook.com\/eldiario.bolivia\/","https:\/\/x.com\/eldiario_net"]},{"@type":"Person","@id":"https:\/\/www.eldiario.net\/portal\/#\/schema\/person\/f46445640444750d7d753ccd04ae01b7","name":"Jeanette","image":{"@type":"ImageObject","inLanguage":"es","@id":"https:\/\/secure.gravatar.com\/avatar\/3ea2118a5f7dad2b7138b1187a6b7ee55f160b9968b66013c3a3ef39dd7e5798?s=96&d=mm&r=g","url":"https:\/\/secure.gravatar.com\/avatar\/3ea2118a5f7dad2b7138b1187a6b7ee55f160b9968b66013c3a3ef39dd7e5798?s=96&d=mm&r=g","contentUrl":"https:\/\/secure.gravatar.com\/avatar\/3ea2118a5f7dad2b7138b1187a6b7ee55f160b9968b66013c3a3ef39dd7e5798?s=96&d=mm&r=g","caption":"Jeanette"},"sameAs":["https:\/\/www.eldiario.net\/portal"],"url":"https:\/\/www.eldiario.net\/portal\/author\/jeanette\/"}]}},"_links":{"self":[{"href":"https:\/\/www.eldiario.net\/portal\/wp-json\/wp\/v2\/posts\/273463","targetHints":{"allow":["GET"]}}],"collection":[{"href":"https:\/\/www.eldiario.net\/portal\/wp-json\/wp\/v2\/posts"}],"about":[{"href":"https:\/\/www.eldiario.net\/portal\/wp-json\/wp\/v2\/types\/post"}],"author":[{"embeddable":true,"href":"https:\/\/www.eldiario.net\/portal\/wp-json\/wp\/v2\/users\/1"}],"replies":[{"embeddable":true,"href":"https:\/\/www.eldiario.net\/portal\/wp-json\/wp\/v2\/comments?post=273463"}],"version-history":[{"count":1,"href":"https:\/\/www.eldiario.net\/portal\/wp-json\/wp\/v2\/posts\/273463\/revisions"}],"predecessor-version":[{"id":273466,"href":"https:\/\/www.eldiario.net\/portal\/wp-json\/wp\/v2\/posts\/273463\/revisions\/273466"}],"wp:featuredmedia":[{"embeddable":true,"href":"https:\/\/www.eldiario.net\/portal\/wp-json\/wp\/v2\/media\/273465"}],"wp:attachment":[{"href":"https:\/\/www.eldiario.net\/portal\/wp-json\/wp\/v2\/media?parent=273463"}],"wp:term":[{"taxonomy":"category","embeddable":true,"href":"https:\/\/www.eldiario.net\/portal\/wp-json\/wp\/v2\/categories?post=273463"},{"taxonomy":"post_tag","embeddable":true,"href":"https:\/\/www.eldiario.net\/portal\/wp-json\/wp\/v2\/tags?post=273463"}],"curies":[{"name":"wp","href":"https:\/\/api.w.org\/{rel}","templated":true}]}}