{"id":273430,"date":"2025-01-09T17:17:59","date_gmt":"2025-01-09T21:17:59","guid":{"rendered":"https:\/\/www.eldiario.net\/portal\/?p=273430"},"modified":"2025-01-09T17:17:59","modified_gmt":"2025-01-09T21:17:59","slug":"el-alto-rehabilitan-via-en-canal-viacha-tras-danos-por-crecida-del-rio-1714","status":"publish","type":"post","link":"https:\/\/www.eldiario.net\/portal\/2025\/01\/09\/el-alto-rehabilitan-via-en-canal-viacha-tras-danos-por-crecida-del-rio-1714\/","title":{"rendered":"El Alto: Rehabilitan v\u00eda en Canal Viacha tras da\u00f1os por crecida del r\u00edo. (17:14)"},"content":{"rendered":"<p>La Alcald\u00eda de El Alto logr\u00f3 habilitar el 80% del tr\u00e1fico vial en el sector Canal Viacha, cuya plataforma cedi\u00f3 por el debilitamiento provocado por la crecida del r\u00edo el pasado fin de semana.<\/p>\n<p>Gabriel Pari, secretario Municipal de Agua y Gesti\u00f3n de Riesgos, inform\u00f3 que maquinaria pesada trabaj\u00f3 durante dos horas en la rehabilitaci\u00f3n del tramo cercano a la zona San Mart\u00edn, entre los distritos 8 y 12.<\/p>\n<p>Pari alert\u00f3 que otros seis sectores de la ciudad tambi\u00e9n han sido afectados por el aumento del caudal en r\u00edos cercanos, generando erosiones y riesgos para la infraestructura vial. Las autoridades municipales trabajan en un plan de emergencia para atender las \u00e1reas afectadas y garantizar la seguridad de los vecinos en estas zonas vulnerables.<\/p>\n","protected":false},"excerpt":{"rendered":"<p>La Alcald\u00eda de El Alto logr\u00f3 habilitar el 80% del tr\u00e1fico vial en el sector Canal Viacha, cuya plataforma cedi\u00f3 por el debilitamiento provocado por la crecida del r\u00edo el pasado fin de semana. Gabriel Pari, secretario Municipal de Agua y Gesti\u00f3n de Riesgos, inform\u00f3 que maquinaria pesada trabaj\u00f3 durante dos horas en la rehabilitaci\u00f3n [&hellip;]<\/p>\n","protected":false},"author":7,"featured_media":273431,"comment_status":"closed","ping_status":"open","sticky":false,"template":"","format":"standard","meta":{"_acf_changed":false,"footnotes":""},"categories":[51],"tags":[],"class_list":["post-273430","post","type-post","status-publish","format-standard","has-post-thumbnail","category-ultima-hora"],"acf":{"antetitulo":""},"yoast_head":"<!-- This site is optimized with the Yoast SEO plugin v28.3 - https:\/\/yoast.com\/product\/yoast-seo-wordpress\/ -->\n<title>El Alto: Rehabilitan v\u00eda en Canal Viacha tras da\u00f1os por crecida del r\u00edo. (17:14) - El Diario - Bolivia<\/title>\n<meta name=\"robots\" content=\"index, follow, max-snippet:-1, max-image-preview:large, max-video-preview:-1\" \/>\n<link rel=\"canonical\" href=\"https:\/\/www.eldiario.net\/portal\/2025\/01\/09\/el-alto-rehabilitan-via-en-canal-viacha-tras-danos-por-crecida-del-rio-1714\/\" \/>\n<meta property=\"og:locale\" content=\"es_ES\" \/>\n<meta property=\"og:type\" content=\"article\" \/>\n<meta property=\"og:title\" content=\"El Alto: Rehabilitan v\u00eda en Canal Viacha tras da\u00f1os por crecida del r\u00edo. (17:14) - El Diario - Bolivia\" \/>\n<meta property=\"og:description\" content=\"La Alcald\u00eda de El Alto logr\u00f3 habilitar el 80% del tr\u00e1fico vial en el sector Canal Viacha, cuya plataforma cedi\u00f3 por el debilitamiento provocado por la crecida del r\u00edo el pasado fin de semana. Gabriel Pari, secretario Municipal de Agua y Gesti\u00f3n de Riesgos, inform\u00f3 que maquinaria pesada trabaj\u00f3 durante dos horas en la rehabilitaci\u00f3n [&hellip;]\" \/>\n<meta property=\"og:url\" content=\"https:\/\/www.eldiario.net\/portal\/2025\/01\/09\/el-alto-rehabilitan-via-en-canal-viacha-tras-danos-por-crecida-del-rio-1714\/\" \/>\n<meta property=\"og:site_name\" content=\"El Diario - Bolivia\" \/>\n<meta property=\"article:publisher\" content=\"https:\/\/www.facebook.com\/eldiario.bolivia\/\" \/>\n<meta property=\"article:published_time\" content=\"2025-01-09T21:17:59+00:00\" \/>\n<meta property=\"og:image\" content=\"https:\/\/www.eldiario.net\/portal\/wp-content\/uploads\/2025\/01\/gamea-viacha-e1736457457944.jpg\" \/>\n\t<meta property=\"og:image:width\" content=\"400\" \/>\n\t<meta property=\"og:image:height\" content=\"300\" \/>\n\t<meta property=\"og:image:type\" content=\"image\/jpeg\" \/>\n<meta name=\"author\" content=\"Viviana Monrroy\" \/>\n<meta name=\"twitter:card\" content=\"summary_large_image\" \/>\n<meta name=\"twitter:creator\" content=\"@eldiario_net\" \/>\n<meta name=\"twitter:site\" content=\"@eldiario_net\" \/>\n<meta name=\"twitter:label1\" content=\"Escrito por\" \/>\n\t<meta name=\"twitter:data1\" content=\"Viviana Monrroy\" \/>\n\t<meta name=\"twitter:label2\" content=\"Tiempo de lectura\" \/>\n\t<meta name=\"twitter:data2\" content=\"1 minuto\" \/>\n<script type=\"application\/ld+json\" class=\"yoast-schema-graph\">{\"@context\":\"https:\\\/\\\/schema.org\",\"@graph\":[{\"@type\":\"Article\",\"@id\":\"https:\\\/\\\/www.eldiario.net\\\/portal\\\/2025\\\/01\\\/09\\\/el-alto-rehabilitan-via-en-canal-viacha-tras-danos-por-crecida-del-rio-1714\\\/#article\",\"isPartOf\":{\"@id\":\"https:\\\/\\\/www.eldiario.net\\\/portal\\\/2025\\\/01\\\/09\\\/el-alto-rehabilitan-via-en-canal-viacha-tras-danos-por-crecida-del-rio-1714\\\/\"},\"author\":{\"name\":\"Viviana Monrroy\",\"@id\":\"https:\\\/\\\/www.eldiario.net\\\/portal\\\/#\\\/schema\\\/person\\\/ba370d92d160f4d3574381f6d9b78fab\"},\"headline\":\"El Alto: Rehabilitan v\u00eda en Canal Viacha tras da\u00f1os por crecida del r\u00edo. (17:14)\",\"datePublished\":\"2025-01-09T21:17:59+00:00\",\"mainEntityOfPage\":{\"@id\":\"https:\\\/\\\/www.eldiario.net\\\/portal\\\/2025\\\/01\\\/09\\\/el-alto-rehabilitan-via-en-canal-viacha-tras-danos-por-crecida-del-rio-1714\\\/\"},\"wordCount\":144,\"publisher\":{\"@id\":\"https:\\\/\\\/www.eldiario.net\\\/portal\\\/#organization\"},\"image\":{\"@id\":\"https:\\\/\\\/www.eldiario.net\\\/portal\\\/2025\\\/01\\\/09\\\/el-alto-rehabilitan-via-en-canal-viacha-tras-danos-por-crecida-del-rio-1714\\\/#primaryimage\"},\"thumbnailUrl\":\"https:\\\/\\\/www.eldiario.net\\\/portal\\\/wp-content\\\/uploads\\\/2025\\\/01\\\/gamea-viacha-e1736457457944.jpg\",\"articleSection\":[\"\u00daltima Hora\"],\"inLanguage\":\"es\"},{\"@type\":\"WebPage\",\"@id\":\"https:\\\/\\\/www.eldiario.net\\\/portal\\\/2025\\\/01\\\/09\\\/el-alto-rehabilitan-via-en-canal-viacha-tras-danos-por-crecida-del-rio-1714\\\/\",\"url\":\"https:\\\/\\\/www.eldiario.net\\\/portal\\\/2025\\\/01\\\/09\\\/el-alto-rehabilitan-via-en-canal-viacha-tras-danos-por-crecida-del-rio-1714\\\/\",\"name\":\"El Alto: Rehabilitan v\u00eda en Canal Viacha tras da\u00f1os por crecida del r\u00edo. (17:14) - El Diario - Bolivia\",\"isPartOf\":{\"@id\":\"https:\\\/\\\/www.eldiario.net\\\/portal\\\/#website\"},\"primaryImageOfPage\":{\"@id\":\"https:\\\/\\\/www.eldiario.net\\\/portal\\\/2025\\\/01\\\/09\\\/el-alto-rehabilitan-via-en-canal-viacha-tras-danos-por-crecida-del-rio-1714\\\/#primaryimage\"},\"image\":{\"@id\":\"https:\\\/\\\/www.eldiario.net\\\/portal\\\/2025\\\/01\\\/09\\\/el-alto-rehabilitan-via-en-canal-viacha-tras-danos-por-crecida-del-rio-1714\\\/#primaryimage\"},\"thumbnailUrl\":\"https:\\\/\\\/www.eldiario.net\\\/portal\\\/wp-content\\\/uploads\\\/2025\\\/01\\\/gamea-viacha-e1736457457944.jpg\",\"datePublished\":\"2025-01-09T21:17:59+00:00\",\"breadcrumb\":{\"@id\":\"https:\\\/\\\/www.eldiario.net\\\/portal\\\/2025\\\/01\\\/09\\\/el-alto-rehabilitan-via-en-canal-viacha-tras-danos-por-crecida-del-rio-1714\\\/#breadcrumb\"},\"inLanguage\":\"es\",\"potentialAction\":[{\"@type\":\"ReadAction\",\"target\":[\"https:\\\/\\\/www.eldiario.net\\\/portal\\\/2025\\\/01\\\/09\\\/el-alto-rehabilitan-via-en-canal-viacha-tras-danos-por-crecida-del-rio-1714\\\/\"]}]},{\"@type\":\"ImageObject\",\"inLanguage\":\"es\",\"@id\":\"https:\\\/\\\/www.eldiario.net\\\/portal\\\/2025\\\/01\\\/09\\\/el-alto-rehabilitan-via-en-canal-viacha-tras-danos-por-crecida-del-rio-1714\\\/#primaryimage\",\"url\":\"https:\\\/\\\/www.eldiario.net\\\/portal\\\/wp-content\\\/uploads\\\/2025\\\/01\\\/gamea-viacha-e1736457457944.jpg\",\"contentUrl\":\"https:\\\/\\\/www.eldiario.net\\\/portal\\\/wp-content\\\/uploads\\\/2025\\\/01\\\/gamea-viacha-e1736457457944.jpg\",\"width\":400,\"height\":300,\"caption\":\"Foto: Cr\u00e9ditos GAMEA\"},{\"@type\":\"BreadcrumbList\",\"@id\":\"https:\\\/\\\/www.eldiario.net\\\/portal\\\/2025\\\/01\\\/09\\\/el-alto-rehabilitan-via-en-canal-viacha-tras-danos-por-crecida-del-rio-1714\\\/#breadcrumb\",\"itemListElement\":[{\"@type\":\"ListItem\",\"position\":1,\"name\":\"Portada\",\"item\":\"https:\\\/\\\/www.eldiario.net\\\/portal\\\/\"},{\"@type\":\"ListItem\",\"position\":2,\"name\":\"El Alto: Rehabilitan v\u00eda en Canal Viacha tras da\u00f1os por crecida del r\u00edo. (17:14)\"}]},{\"@type\":\"WebSite\",\"@id\":\"https:\\\/\\\/www.eldiario.net\\\/portal\\\/#website\",\"url\":\"https:\\\/\\\/www.eldiario.net\\\/portal\\\/\",\"name\":\"El Diario - Decano de la prensa nacional\",\"description\":\"El Diario - Decano de la prensa nacional\",\"publisher\":{\"@id\":\"https:\\\/\\\/www.eldiario.net\\\/portal\\\/#organization\"},\"potentialAction\":[{\"@type\":\"SearchAction\",\"target\":{\"@type\":\"EntryPoint\",\"urlTemplate\":\"https:\\\/\\\/www.eldiario.net\\\/portal\\\/?s={search_term_string}\"},\"query-input\":{\"@type\":\"PropertyValueSpecification\",\"valueRequired\":true,\"valueName\":\"search_term_string\"}}],\"inLanguage\":\"es\"},{\"@type\":\"Organization\",\"@id\":\"https:\\\/\\\/www.eldiario.net\\\/portal\\\/#organization\",\"name\":\"El Diario - Decano de la prensa nacional\",\"url\":\"https:\\\/\\\/www.eldiario.net\\\/portal\\\/\",\"logo\":{\"@type\":\"ImageObject\",\"inLanguage\":\"es\",\"@id\":\"https:\\\/\\\/www.eldiario.net\\\/portal\\\/#\\\/schema\\\/logo\\\/image\\\/\",\"url\":\"https:\\\/\\\/www.eldiario.net\\\/portal\\\/wp-content\\\/uploads\\\/2023\\\/07\\\/logo_ED.jpg\",\"contentUrl\":\"https:\\\/\\\/www.eldiario.net\\\/portal\\\/wp-content\\\/uploads\\\/2023\\\/07\\\/logo_ED.jpg\",\"width\":272,\"height\":52,\"caption\":\"El Diario - Decano de la prensa nacional\"},\"image\":{\"@id\":\"https:\\\/\\\/www.eldiario.net\\\/portal\\\/#\\\/schema\\\/logo\\\/image\\\/\"},\"sameAs\":[\"https:\\\/\\\/www.facebook.com\\\/eldiario.bolivia\\\/\",\"https:\\\/\\\/x.com\\\/eldiario_net\"]},{\"@type\":\"Person\",\"@id\":\"https:\\\/\\\/www.eldiario.net\\\/portal\\\/#\\\/schema\\\/person\\\/ba370d92d160f4d3574381f6d9b78fab\",\"name\":\"Viviana Monrroy\",\"image\":{\"@type\":\"ImageObject\",\"inLanguage\":\"es\",\"@id\":\"https:\\\/\\\/secure.gravatar.com\\\/avatar\\\/dfd1611ed5600959a0e5a9754503b6c05d1dcf190010998e0363aee2ad98afca?s=96&d=mm&r=g\",\"url\":\"https:\\\/\\\/secure.gravatar.com\\\/avatar\\\/dfd1611ed5600959a0e5a9754503b6c05d1dcf190010998e0363aee2ad98afca?s=96&d=mm&r=g\",\"contentUrl\":\"https:\\\/\\\/secure.gravatar.com\\\/avatar\\\/dfd1611ed5600959a0e5a9754503b6c05d1dcf190010998e0363aee2ad98afca?s=96&d=mm&r=g\",\"caption\":\"Viviana Monrroy\"},\"sameAs\":[\"http:\\\/\\\/www.eldiario.net\"],\"url\":\"https:\\\/\\\/www.eldiario.net\\\/portal\\\/author\\\/vivianamonrroy\\\/\"}]}<\/script>\n<!-- \/ Yoast SEO plugin. -->","yoast_head_json":{"title":"El Alto: Rehabilitan v\u00eda en Canal Viacha tras da\u00f1os por crecida del r\u00edo. (17:14) - El Diario - Bolivia","robots":{"index":"index","follow":"follow","max-snippet":"max-snippet:-1","max-image-preview":"max-image-preview:large","max-video-preview":"max-video-preview:-1"},"canonical":"https:\/\/www.eldiario.net\/portal\/2025\/01\/09\/el-alto-rehabilitan-via-en-canal-viacha-tras-danos-por-crecida-del-rio-1714\/","og_locale":"es_ES","og_type":"article","og_title":"El Alto: Rehabilitan v\u00eda en Canal Viacha tras da\u00f1os por crecida del r\u00edo. (17:14) - El Diario - Bolivia","og_description":"La Alcald\u00eda de El Alto logr\u00f3 habilitar el 80% del tr\u00e1fico vial en el sector Canal Viacha, cuya plataforma cedi\u00f3 por el debilitamiento provocado por la crecida del r\u00edo el pasado fin de semana. Gabriel Pari, secretario Municipal de Agua y Gesti\u00f3n de Riesgos, inform\u00f3 que maquinaria pesada trabaj\u00f3 durante dos horas en la rehabilitaci\u00f3n [&hellip;]","og_url":"https:\/\/www.eldiario.net\/portal\/2025\/01\/09\/el-alto-rehabilitan-via-en-canal-viacha-tras-danos-por-crecida-del-rio-1714\/","og_site_name":"El Diario - Bolivia","article_publisher":"https:\/\/www.facebook.com\/eldiario.bolivia\/","article_published_time":"2025-01-09T21:17:59+00:00","og_image":[{"width":400,"height":300,"url":"https:\/\/www.eldiario.net\/portal\/wp-content\/uploads\/2025\/01\/gamea-viacha-e1736457457944.jpg","type":"image\/jpeg"}],"author":"Viviana Monrroy","twitter_card":"summary_large_image","twitter_creator":"@eldiario_net","twitter_site":"@eldiario_net","twitter_misc":{"Escrito por":"Viviana Monrroy","Tiempo de lectura":"1 minuto"},"schema":{"@context":"https:\/\/schema.org","@graph":[{"@type":"Article","@id":"https:\/\/www.eldiario.net\/portal\/2025\/01\/09\/el-alto-rehabilitan-via-en-canal-viacha-tras-danos-por-crecida-del-rio-1714\/#article","isPartOf":{"@id":"https:\/\/www.eldiario.net\/portal\/2025\/01\/09\/el-alto-rehabilitan-via-en-canal-viacha-tras-danos-por-crecida-del-rio-1714\/"},"author":{"name":"Viviana Monrroy","@id":"https:\/\/www.eldiario.net\/portal\/#\/schema\/person\/ba370d92d160f4d3574381f6d9b78fab"},"headline":"El Alto: Rehabilitan v\u00eda en Canal Viacha tras da\u00f1os por crecida del r\u00edo. (17:14)","datePublished":"2025-01-09T21:17:59+00:00","mainEntityOfPage":{"@id":"https:\/\/www.eldiario.net\/portal\/2025\/01\/09\/el-alto-rehabilitan-via-en-canal-viacha-tras-danos-por-crecida-del-rio-1714\/"},"wordCount":144,"publisher":{"@id":"https:\/\/www.eldiario.net\/portal\/#organization"},"image":{"@id":"https:\/\/www.eldiario.net\/portal\/2025\/01\/09\/el-alto-rehabilitan-via-en-canal-viacha-tras-danos-por-crecida-del-rio-1714\/#primaryimage"},"thumbnailUrl":"https:\/\/www.eldiario.net\/portal\/wp-content\/uploads\/2025\/01\/gamea-viacha-e1736457457944.jpg","articleSection":["\u00daltima Hora"],"inLanguage":"es"},{"@type":"WebPage","@id":"https:\/\/www.eldiario.net\/portal\/2025\/01\/09\/el-alto-rehabilitan-via-en-canal-viacha-tras-danos-por-crecida-del-rio-1714\/","url":"https:\/\/www.eldiario.net\/portal\/2025\/01\/09\/el-alto-rehabilitan-via-en-canal-viacha-tras-danos-por-crecida-del-rio-1714\/","name":"El Alto: Rehabilitan v\u00eda en Canal Viacha tras da\u00f1os por crecida del r\u00edo. (17:14) - El Diario - Bolivia","isPartOf":{"@id":"https:\/\/www.eldiario.net\/portal\/#website"},"primaryImageOfPage":{"@id":"https:\/\/www.eldiario.net\/portal\/2025\/01\/09\/el-alto-rehabilitan-via-en-canal-viacha-tras-danos-por-crecida-del-rio-1714\/#primaryimage"},"image":{"@id":"https:\/\/www.eldiario.net\/portal\/2025\/01\/09\/el-alto-rehabilitan-via-en-canal-viacha-tras-danos-por-crecida-del-rio-1714\/#primaryimage"},"thumbnailUrl":"https:\/\/www.eldiario.net\/portal\/wp-content\/uploads\/2025\/01\/gamea-viacha-e1736457457944.jpg","datePublished":"2025-01-09T21:17:59+00:00","breadcrumb":{"@id":"https:\/\/www.eldiario.net\/portal\/2025\/01\/09\/el-alto-rehabilitan-via-en-canal-viacha-tras-danos-por-crecida-del-rio-1714\/#breadcrumb"},"inLanguage":"es","potentialAction":[{"@type":"ReadAction","target":["https:\/\/www.eldiario.net\/portal\/2025\/01\/09\/el-alto-rehabilitan-via-en-canal-viacha-tras-danos-por-crecida-del-rio-1714\/"]}]},{"@type":"ImageObject","inLanguage":"es","@id":"https:\/\/www.eldiario.net\/portal\/2025\/01\/09\/el-alto-rehabilitan-via-en-canal-viacha-tras-danos-por-crecida-del-rio-1714\/#primaryimage","url":"https:\/\/www.eldiario.net\/portal\/wp-content\/uploads\/2025\/01\/gamea-viacha-e1736457457944.jpg","contentUrl":"https:\/\/www.eldiario.net\/portal\/wp-content\/uploads\/2025\/01\/gamea-viacha-e1736457457944.jpg","width":400,"height":300,"caption":"Foto: Cr\u00e9ditos GAMEA"},{"@type":"BreadcrumbList","@id":"https:\/\/www.eldiario.net\/portal\/2025\/01\/09\/el-alto-rehabilitan-via-en-canal-viacha-tras-danos-por-crecida-del-rio-1714\/#breadcrumb","itemListElement":[{"@type":"ListItem","position":1,"name":"Portada","item":"https:\/\/www.eldiario.net\/portal\/"},{"@type":"ListItem","position":2,"name":"El Alto: Rehabilitan v\u00eda en Canal Viacha tras da\u00f1os por crecida del r\u00edo. (17:14)"}]},{"@type":"WebSite","@id":"https:\/\/www.eldiario.net\/portal\/#website","url":"https:\/\/www.eldiario.net\/portal\/","name":"El Diario - Decano de la prensa nacional","description":"El Diario - Decano de la prensa nacional","publisher":{"@id":"https:\/\/www.eldiario.net\/portal\/#organization"},"potentialAction":[{"@type":"SearchAction","target":{"@type":"EntryPoint","urlTemplate":"https:\/\/www.eldiario.net\/portal\/?s={search_term_string}"},"query-input":{"@type":"PropertyValueSpecification","valueRequired":true,"valueName":"search_term_string"}}],"inLanguage":"es"},{"@type":"Organization","@id":"https:\/\/www.eldiario.net\/portal\/#organization","name":"El Diario - Decano de la prensa nacional","url":"https:\/\/www.eldiario.net\/portal\/","logo":{"@type":"ImageObject","inLanguage":"es","@id":"https:\/\/www.eldiario.net\/portal\/#\/schema\/logo\/image\/","url":"https:\/\/www.eldiario.net\/portal\/wp-content\/uploads\/2023\/07\/logo_ED.jpg","contentUrl":"https:\/\/www.eldiario.net\/portal\/wp-content\/uploads\/2023\/07\/logo_ED.jpg","width":272,"height":52,"caption":"El Diario - Decano de la prensa nacional"},"image":{"@id":"https:\/\/www.eldiario.net\/portal\/#\/schema\/logo\/image\/"},"sameAs":["https:\/\/www.facebook.com\/eldiario.bolivia\/","https:\/\/x.com\/eldiario_net"]},{"@type":"Person","@id":"https:\/\/www.eldiario.net\/portal\/#\/schema\/person\/ba370d92d160f4d3574381f6d9b78fab","name":"Viviana Monrroy","image":{"@type":"ImageObject","inLanguage":"es","@id":"https:\/\/secure.gravatar.com\/avatar\/dfd1611ed5600959a0e5a9754503b6c05d1dcf190010998e0363aee2ad98afca?s=96&d=mm&r=g","url":"https:\/\/secure.gravatar.com\/avatar\/dfd1611ed5600959a0e5a9754503b6c05d1dcf190010998e0363aee2ad98afca?s=96&d=mm&r=g","contentUrl":"https:\/\/secure.gravatar.com\/avatar\/dfd1611ed5600959a0e5a9754503b6c05d1dcf190010998e0363aee2ad98afca?s=96&d=mm&r=g","caption":"Viviana Monrroy"},"sameAs":["http:\/\/www.eldiario.net"],"url":"https:\/\/www.eldiario.net\/portal\/author\/vivianamonrroy\/"}]}},"_links":{"self":[{"href":"https:\/\/www.eldiario.net\/portal\/wp-json\/wp\/v2\/posts\/273430","targetHints":{"allow":["GET"]}}],"collection":[{"href":"https:\/\/www.eldiario.net\/portal\/wp-json\/wp\/v2\/posts"}],"about":[{"href":"https:\/\/www.eldiario.net\/portal\/wp-json\/wp\/v2\/types\/post"}],"author":[{"embeddable":true,"href":"https:\/\/www.eldiario.net\/portal\/wp-json\/wp\/v2\/users\/7"}],"replies":[{"embeddable":true,"href":"https:\/\/www.eldiario.net\/portal\/wp-json\/wp\/v2\/comments?post=273430"}],"version-history":[{"count":1,"href":"https:\/\/www.eldiario.net\/portal\/wp-json\/wp\/v2\/posts\/273430\/revisions"}],"predecessor-version":[{"id":273432,"href":"https:\/\/www.eldiario.net\/portal\/wp-json\/wp\/v2\/posts\/273430\/revisions\/273432"}],"wp:featuredmedia":[{"embeddable":true,"href":"https:\/\/www.eldiario.net\/portal\/wp-json\/wp\/v2\/media\/273431"}],"wp:attachment":[{"href":"https:\/\/www.eldiario.net\/portal\/wp-json\/wp\/v2\/media?parent=273430"}],"wp:term":[{"taxonomy":"category","embeddable":true,"href":"https:\/\/www.eldiario.net\/portal\/wp-json\/wp\/v2\/categories?post=273430"},{"taxonomy":"post_tag","embeddable":true,"href":"https:\/\/www.eldiario.net\/portal\/wp-json\/wp\/v2\/tags?post=273430"}],"curies":[{"name":"wp","href":"https:\/\/api.w.org\/{rel}","templated":true}]}}