{"id":272899,"date":"2025-01-07T06:21:41","date_gmt":"2025-01-07T10:21:41","guid":{"rendered":"https:\/\/www.eldiario.net\/portal\/?p=272899"},"modified":"2025-01-07T06:21:41","modified_gmt":"2025-01-07T10:21:41","slug":"bolivar-en-plan-de-limpiar-la-casa-ante-desfalco-millonario","status":"publish","type":"post","link":"https:\/\/www.eldiario.net\/portal\/2025\/01\/07\/bolivar-en-plan-de-limpiar-la-casa-ante-desfalco-millonario\/","title":{"rendered":"Bol\u00edvar, en plan de \u00ablimpiar la casa\u00bb ante desfalco millonario"},"content":{"rendered":"<p class=\"v1MsoNormal\">En a\u00f1o del Centenario del Club Bol\u00edvar, Marcelo Claure, presidente de la instituci\u00f3n, se mantiene en la firme idea de \u00ablimpiar la casa\u00bb, ante un problema interno que caus\u00f3 esc\u00e1ndalo dentro de la instituci\u00f3n: un desfalco millonario.<\/p>\n<p class=\"v1MsoNormal\">Este caso pas\u00f3 a la Polic\u00eda Boliviana, quienes hoy en d\u00eda se encuentran en una compleja investigaci\u00f3n en torno al desfalco de 2 millones de bolivianos. El director departamental de la Fuerza Especial de Lucha Contra el Crimen (Felcc), Gabriel Neme, manifest\u00f3 que hubo un desv\u00edo de fondos que se habr\u00eda llevado a cabo a trav\u00e9s de una manipulaci\u00f3n inform\u00e1tica. Todo ello involucr\u00f3 a trabajadores del club celeste.<\/p>\n<p class=\"v1MsoNormal\">\u00abCon la transparencia que identifica al Club Bol\u00edvar, les comunico que fue detenida una ex contadora del club, Lucy Arias, por el caso de robo a la instituci\u00f3n. El primer detenido fue trasladado a la c\u00e1rcel de San Pedro, con prisi\u00f3n preventiva. Seguiremos siendo claros y directos con todos los bolivaristas. Falta todav\u00eda una persona, \u00a1sabemos qui\u00e9n es!\u00bb, escribi\u00f3 Claure en redes sociales, dando a conocer varios detalles de la investigaci\u00f3n.<\/p>\n<p class=\"v1MsoNormal\">Bol\u00edvar realiz\u00f3 exhaustiva auditor\u00eda entre los a\u00f1os 2023 y 2024, donde encontr\u00f3 varias irregularidades ante una serie de denuncias. Una vez encontradas varias pruebas, el club se catalog\u00f3 como v\u00edctima de desfalco y denunci\u00f3 a tres trabajadores de la interna de la instituci\u00f3n. Se espera que, a medida que avancen las investigaciones, se esclarezcan los detalles y se haga justicia en torno a este lamentable episodio que ha sacudido los cimientos de una de las entidades m\u00e1s emblem\u00e1ticas del deporte en el pa\u00eds.<\/p>\n<p class=\"v1MsoNormal\">Bol\u00edvar se encuentra en a\u00f1o de cumplir su Centenario, cuenta con una agenda de varias actividades para celebrar ello, sin embargo, este episodio es una preocupaci\u00f3n dentro de las filas del equipo celeste, la cual espera encontrar a m\u00e1s implicados para sanear al club. A\u00fan se desconoce de la tercera persona implicada, pero en las pr\u00f3ximas horas se aguarda su detenci\u00f3n, de acuerdo a las investigaciones de la Polic\u00eda.<\/p>\n","protected":false},"excerpt":{"rendered":"<p>En a\u00f1o del Centenario del Club Bol\u00edvar, Marcelo Claure, presidente de la instituci\u00f3n, se mantiene en la firme idea de \u00ablimpiar la casa\u00bb, ante un problema interno que caus\u00f3 esc\u00e1ndalo dentro de la instituci\u00f3n: un desfalco millonario. Este caso pas\u00f3 a la Polic\u00eda Boliviana, quienes hoy en d\u00eda se encuentran en una compleja investigaci\u00f3n en [&hellip;]<\/p>\n","protected":false},"author":1,"featured_media":272900,"comment_status":"closed","ping_status":"open","sticky":false,"template":"","format":"standard","meta":{"_acf_changed":false,"footnotes":""},"categories":[6],"tags":[],"class_list":["post-272899","post","type-post","status-publish","format-standard","has-post-thumbnail","category-deportes"],"acf":{"antetitulo":""},"yoast_head":"<!-- This site is optimized with the Yoast SEO plugin v28.4 - https:\/\/yoast.com\/product\/yoast-seo-wordpress\/ -->\n<title>Bol\u00edvar, en plan de &quot;limpiar la casa&quot; ante desfalco millonario - El Diario - Bolivia<\/title>\n<meta name=\"robots\" content=\"index, follow, max-snippet:-1, max-image-preview:large, max-video-preview:-1\" \/>\n<link rel=\"canonical\" href=\"https:\/\/www.eldiario.net\/portal\/2025\/01\/07\/bolivar-en-plan-de-limpiar-la-casa-ante-desfalco-millonario\/\" \/>\n<meta property=\"og:locale\" content=\"es_ES\" \/>\n<meta property=\"og:type\" content=\"article\" \/>\n<meta property=\"og:title\" content=\"Bol\u00edvar, en plan de &quot;limpiar la casa&quot; ante desfalco millonario - El Diario - Bolivia\" \/>\n<meta property=\"og:description\" content=\"En a\u00f1o del Centenario del Club Bol\u00edvar, Marcelo Claure, presidente de la instituci\u00f3n, se mantiene en la firme idea de \u00ablimpiar la casa\u00bb, ante un problema interno que caus\u00f3 esc\u00e1ndalo dentro de la instituci\u00f3n: un desfalco millonario. Este caso pas\u00f3 a la Polic\u00eda Boliviana, quienes hoy en d\u00eda se encuentran en una compleja investigaci\u00f3n en [&hellip;]\" \/>\n<meta property=\"og:url\" content=\"https:\/\/www.eldiario.net\/portal\/2025\/01\/07\/bolivar-en-plan-de-limpiar-la-casa-ante-desfalco-millonario\/\" \/>\n<meta property=\"og:site_name\" content=\"El Diario - Bolivia\" \/>\n<meta property=\"article:publisher\" content=\"https:\/\/www.facebook.com\/eldiario.bolivia\/\" \/>\n<meta property=\"article:published_time\" content=\"2025-01-07T10:21:41+00:00\" \/>\n<meta property=\"og:image\" content=\"https:\/\/www.eldiario.net\/portal\/wp-content\/uploads\/2025\/01\/472158189_1147288400084395_7549724492826585284_n.jpg\" \/>\n\t<meta property=\"og:image:width\" content=\"609\" \/>\n\t<meta property=\"og:image:height\" content=\"502\" \/>\n\t<meta property=\"og:image:type\" content=\"image\/jpeg\" \/>\n<meta name=\"author\" content=\"Jeanette\" \/>\n<meta name=\"twitter:card\" content=\"summary_large_image\" \/>\n<meta name=\"twitter:creator\" content=\"@eldiario_net\" \/>\n<meta name=\"twitter:site\" content=\"@eldiario_net\" \/>\n<meta name=\"twitter:label1\" content=\"Escrito por\" \/>\n\t<meta name=\"twitter:data1\" content=\"Jeanette\" \/>\n\t<meta name=\"twitter:label2\" content=\"Tiempo de lectura\" \/>\n\t<meta name=\"twitter:data2\" content=\"2 minutos\" \/>\n<script type=\"application\/ld+json\" class=\"yoast-schema-graph\">{\"@context\":\"https:\\\/\\\/schema.org\",\"@graph\":[{\"@type\":\"Article\",\"@id\":\"https:\\\/\\\/www.eldiario.net\\\/portal\\\/2025\\\/01\\\/07\\\/bolivar-en-plan-de-limpiar-la-casa-ante-desfalco-millonario\\\/#article\",\"isPartOf\":{\"@id\":\"https:\\\/\\\/www.eldiario.net\\\/portal\\\/2025\\\/01\\\/07\\\/bolivar-en-plan-de-limpiar-la-casa-ante-desfalco-millonario\\\/\"},\"author\":{\"name\":\"Jeanette\",\"@id\":\"https:\\\/\\\/www.eldiario.net\\\/portal\\\/#\\\/schema\\\/person\\\/f46445640444750d7d753ccd04ae01b7\"},\"headline\":\"Bol\u00edvar, en plan de \u00ablimpiar la casa\u00bb ante desfalco millonario\",\"datePublished\":\"2025-01-07T10:21:41+00:00\",\"mainEntityOfPage\":{\"@id\":\"https:\\\/\\\/www.eldiario.net\\\/portal\\\/2025\\\/01\\\/07\\\/bolivar-en-plan-de-limpiar-la-casa-ante-desfalco-millonario\\\/\"},\"wordCount\":372,\"publisher\":{\"@id\":\"https:\\\/\\\/www.eldiario.net\\\/portal\\\/#organization\"},\"image\":{\"@id\":\"https:\\\/\\\/www.eldiario.net\\\/portal\\\/2025\\\/01\\\/07\\\/bolivar-en-plan-de-limpiar-la-casa-ante-desfalco-millonario\\\/#primaryimage\"},\"thumbnailUrl\":\"https:\\\/\\\/www.eldiario.net\\\/portal\\\/wp-content\\\/uploads\\\/2025\\\/01\\\/472158189_1147288400084395_7549724492826585284_n.jpg\",\"articleSection\":[\"Deportes\"],\"inLanguage\":\"es\"},{\"@type\":\"WebPage\",\"@id\":\"https:\\\/\\\/www.eldiario.net\\\/portal\\\/2025\\\/01\\\/07\\\/bolivar-en-plan-de-limpiar-la-casa-ante-desfalco-millonario\\\/\",\"url\":\"https:\\\/\\\/www.eldiario.net\\\/portal\\\/2025\\\/01\\\/07\\\/bolivar-en-plan-de-limpiar-la-casa-ante-desfalco-millonario\\\/\",\"name\":\"Bol\u00edvar, en plan de \\\"limpiar la casa\\\" ante desfalco millonario - El Diario - Bolivia\",\"isPartOf\":{\"@id\":\"https:\\\/\\\/www.eldiario.net\\\/portal\\\/#website\"},\"primaryImageOfPage\":{\"@id\":\"https:\\\/\\\/www.eldiario.net\\\/portal\\\/2025\\\/01\\\/07\\\/bolivar-en-plan-de-limpiar-la-casa-ante-desfalco-millonario\\\/#primaryimage\"},\"image\":{\"@id\":\"https:\\\/\\\/www.eldiario.net\\\/portal\\\/2025\\\/01\\\/07\\\/bolivar-en-plan-de-limpiar-la-casa-ante-desfalco-millonario\\\/#primaryimage\"},\"thumbnailUrl\":\"https:\\\/\\\/www.eldiario.net\\\/portal\\\/wp-content\\\/uploads\\\/2025\\\/01\\\/472158189_1147288400084395_7549724492826585284_n.jpg\",\"datePublished\":\"2025-01-07T10:21:41+00:00\",\"breadcrumb\":{\"@id\":\"https:\\\/\\\/www.eldiario.net\\\/portal\\\/2025\\\/01\\\/07\\\/bolivar-en-plan-de-limpiar-la-casa-ante-desfalco-millonario\\\/#breadcrumb\"},\"inLanguage\":\"es\",\"potentialAction\":[{\"@type\":\"ReadAction\",\"target\":[\"https:\\\/\\\/www.eldiario.net\\\/portal\\\/2025\\\/01\\\/07\\\/bolivar-en-plan-de-limpiar-la-casa-ante-desfalco-millonario\\\/\"]}]},{\"@type\":\"ImageObject\",\"inLanguage\":\"es\",\"@id\":\"https:\\\/\\\/www.eldiario.net\\\/portal\\\/2025\\\/01\\\/07\\\/bolivar-en-plan-de-limpiar-la-casa-ante-desfalco-millonario\\\/#primaryimage\",\"url\":\"https:\\\/\\\/www.eldiario.net\\\/portal\\\/wp-content\\\/uploads\\\/2025\\\/01\\\/472158189_1147288400084395_7549724492826585284_n.jpg\",\"contentUrl\":\"https:\\\/\\\/www.eldiario.net\\\/portal\\\/wp-content\\\/uploads\\\/2025\\\/01\\\/472158189_1147288400084395_7549724492826585284_n.jpg\",\"width\":609,\"height\":502},{\"@type\":\"BreadcrumbList\",\"@id\":\"https:\\\/\\\/www.eldiario.net\\\/portal\\\/2025\\\/01\\\/07\\\/bolivar-en-plan-de-limpiar-la-casa-ante-desfalco-millonario\\\/#breadcrumb\",\"itemListElement\":[{\"@type\":\"ListItem\",\"position\":1,\"name\":\"Portada\",\"item\":\"https:\\\/\\\/www.eldiario.net\\\/portal\\\/\"},{\"@type\":\"ListItem\",\"position\":2,\"name\":\"Bol\u00edvar, en plan de \u00ablimpiar la casa\u00bb ante desfalco millonario\"}]},{\"@type\":\"WebSite\",\"@id\":\"https:\\\/\\\/www.eldiario.net\\\/portal\\\/#website\",\"url\":\"https:\\\/\\\/www.eldiario.net\\\/portal\\\/\",\"name\":\"El Diario - Decano de la prensa nacional\",\"description\":\"El Diario - Decano de la prensa nacional\",\"publisher\":{\"@id\":\"https:\\\/\\\/www.eldiario.net\\\/portal\\\/#organization\"},\"potentialAction\":[{\"@type\":\"SearchAction\",\"target\":{\"@type\":\"EntryPoint\",\"urlTemplate\":\"https:\\\/\\\/www.eldiario.net\\\/portal\\\/?s={search_term_string}\"},\"query-input\":{\"@type\":\"PropertyValueSpecification\",\"valueRequired\":true,\"valueName\":\"search_term_string\"}}],\"inLanguage\":\"es\"},{\"@type\":\"Organization\",\"@id\":\"https:\\\/\\\/www.eldiario.net\\\/portal\\\/#organization\",\"name\":\"El Diario - Decano de la prensa nacional\",\"url\":\"https:\\\/\\\/www.eldiario.net\\\/portal\\\/\",\"logo\":{\"@type\":\"ImageObject\",\"inLanguage\":\"es\",\"@id\":\"https:\\\/\\\/www.eldiario.net\\\/portal\\\/#\\\/schema\\\/logo\\\/image\\\/\",\"url\":\"https:\\\/\\\/www.eldiario.net\\\/portal\\\/wp-content\\\/uploads\\\/2023\\\/07\\\/logo_ED.jpg\",\"contentUrl\":\"https:\\\/\\\/www.eldiario.net\\\/portal\\\/wp-content\\\/uploads\\\/2023\\\/07\\\/logo_ED.jpg\",\"width\":272,\"height\":52,\"caption\":\"El Diario - Decano de la prensa nacional\"},\"image\":{\"@id\":\"https:\\\/\\\/www.eldiario.net\\\/portal\\\/#\\\/schema\\\/logo\\\/image\\\/\"},\"sameAs\":[\"https:\\\/\\\/www.facebook.com\\\/eldiario.bolivia\\\/\",\"https:\\\/\\\/x.com\\\/eldiario_net\"]},{\"@type\":\"Person\",\"@id\":\"https:\\\/\\\/www.eldiario.net\\\/portal\\\/#\\\/schema\\\/person\\\/f46445640444750d7d753ccd04ae01b7\",\"name\":\"Jeanette\",\"image\":{\"@type\":\"ImageObject\",\"inLanguage\":\"es\",\"@id\":\"https:\\\/\\\/secure.gravatar.com\\\/avatar\\\/3ea2118a5f7dad2b7138b1187a6b7ee55f160b9968b66013c3a3ef39dd7e5798?s=96&d=mm&r=g\",\"url\":\"https:\\\/\\\/secure.gravatar.com\\\/avatar\\\/3ea2118a5f7dad2b7138b1187a6b7ee55f160b9968b66013c3a3ef39dd7e5798?s=96&d=mm&r=g\",\"contentUrl\":\"https:\\\/\\\/secure.gravatar.com\\\/avatar\\\/3ea2118a5f7dad2b7138b1187a6b7ee55f160b9968b66013c3a3ef39dd7e5798?s=96&d=mm&r=g\",\"caption\":\"Jeanette\"},\"sameAs\":[\"https:\\\/\\\/www.eldiario.net\\\/portal\"],\"url\":\"https:\\\/\\\/www.eldiario.net\\\/portal\\\/author\\\/jeanette\\\/\"}]}<\/script>\n<!-- \/ Yoast SEO plugin. -->","yoast_head_json":{"title":"Bol\u00edvar, en plan de \"limpiar la casa\" ante desfalco millonario - El Diario - Bolivia","robots":{"index":"index","follow":"follow","max-snippet":"max-snippet:-1","max-image-preview":"max-image-preview:large","max-video-preview":"max-video-preview:-1"},"canonical":"https:\/\/www.eldiario.net\/portal\/2025\/01\/07\/bolivar-en-plan-de-limpiar-la-casa-ante-desfalco-millonario\/","og_locale":"es_ES","og_type":"article","og_title":"Bol\u00edvar, en plan de \"limpiar la casa\" ante desfalco millonario - El Diario - Bolivia","og_description":"En a\u00f1o del Centenario del Club Bol\u00edvar, Marcelo Claure, presidente de la instituci\u00f3n, se mantiene en la firme idea de \u00ablimpiar la casa\u00bb, ante un problema interno que caus\u00f3 esc\u00e1ndalo dentro de la instituci\u00f3n: un desfalco millonario. Este caso pas\u00f3 a la Polic\u00eda Boliviana, quienes hoy en d\u00eda se encuentran en una compleja investigaci\u00f3n en [&hellip;]","og_url":"https:\/\/www.eldiario.net\/portal\/2025\/01\/07\/bolivar-en-plan-de-limpiar-la-casa-ante-desfalco-millonario\/","og_site_name":"El Diario - Bolivia","article_publisher":"https:\/\/www.facebook.com\/eldiario.bolivia\/","article_published_time":"2025-01-07T10:21:41+00:00","og_image":[{"width":609,"height":502,"url":"https:\/\/www.eldiario.net\/portal\/wp-content\/uploads\/2025\/01\/472158189_1147288400084395_7549724492826585284_n.jpg","type":"image\/jpeg"}],"author":"Jeanette","twitter_card":"summary_large_image","twitter_creator":"@eldiario_net","twitter_site":"@eldiario_net","twitter_misc":{"Escrito por":"Jeanette","Tiempo de lectura":"2 minutos"},"schema":{"@context":"https:\/\/schema.org","@graph":[{"@type":"Article","@id":"https:\/\/www.eldiario.net\/portal\/2025\/01\/07\/bolivar-en-plan-de-limpiar-la-casa-ante-desfalco-millonario\/#article","isPartOf":{"@id":"https:\/\/www.eldiario.net\/portal\/2025\/01\/07\/bolivar-en-plan-de-limpiar-la-casa-ante-desfalco-millonario\/"},"author":{"name":"Jeanette","@id":"https:\/\/www.eldiario.net\/portal\/#\/schema\/person\/f46445640444750d7d753ccd04ae01b7"},"headline":"Bol\u00edvar, en plan de \u00ablimpiar la casa\u00bb ante desfalco millonario","datePublished":"2025-01-07T10:21:41+00:00","mainEntityOfPage":{"@id":"https:\/\/www.eldiario.net\/portal\/2025\/01\/07\/bolivar-en-plan-de-limpiar-la-casa-ante-desfalco-millonario\/"},"wordCount":372,"publisher":{"@id":"https:\/\/www.eldiario.net\/portal\/#organization"},"image":{"@id":"https:\/\/www.eldiario.net\/portal\/2025\/01\/07\/bolivar-en-plan-de-limpiar-la-casa-ante-desfalco-millonario\/#primaryimage"},"thumbnailUrl":"https:\/\/www.eldiario.net\/portal\/wp-content\/uploads\/2025\/01\/472158189_1147288400084395_7549724492826585284_n.jpg","articleSection":["Deportes"],"inLanguage":"es"},{"@type":"WebPage","@id":"https:\/\/www.eldiario.net\/portal\/2025\/01\/07\/bolivar-en-plan-de-limpiar-la-casa-ante-desfalco-millonario\/","url":"https:\/\/www.eldiario.net\/portal\/2025\/01\/07\/bolivar-en-plan-de-limpiar-la-casa-ante-desfalco-millonario\/","name":"Bol\u00edvar, en plan de \"limpiar la casa\" ante desfalco millonario - El Diario - Bolivia","isPartOf":{"@id":"https:\/\/www.eldiario.net\/portal\/#website"},"primaryImageOfPage":{"@id":"https:\/\/www.eldiario.net\/portal\/2025\/01\/07\/bolivar-en-plan-de-limpiar-la-casa-ante-desfalco-millonario\/#primaryimage"},"image":{"@id":"https:\/\/www.eldiario.net\/portal\/2025\/01\/07\/bolivar-en-plan-de-limpiar-la-casa-ante-desfalco-millonario\/#primaryimage"},"thumbnailUrl":"https:\/\/www.eldiario.net\/portal\/wp-content\/uploads\/2025\/01\/472158189_1147288400084395_7549724492826585284_n.jpg","datePublished":"2025-01-07T10:21:41+00:00","breadcrumb":{"@id":"https:\/\/www.eldiario.net\/portal\/2025\/01\/07\/bolivar-en-plan-de-limpiar-la-casa-ante-desfalco-millonario\/#breadcrumb"},"inLanguage":"es","potentialAction":[{"@type":"ReadAction","target":["https:\/\/www.eldiario.net\/portal\/2025\/01\/07\/bolivar-en-plan-de-limpiar-la-casa-ante-desfalco-millonario\/"]}]},{"@type":"ImageObject","inLanguage":"es","@id":"https:\/\/www.eldiario.net\/portal\/2025\/01\/07\/bolivar-en-plan-de-limpiar-la-casa-ante-desfalco-millonario\/#primaryimage","url":"https:\/\/www.eldiario.net\/portal\/wp-content\/uploads\/2025\/01\/472158189_1147288400084395_7549724492826585284_n.jpg","contentUrl":"https:\/\/www.eldiario.net\/portal\/wp-content\/uploads\/2025\/01\/472158189_1147288400084395_7549724492826585284_n.jpg","width":609,"height":502},{"@type":"BreadcrumbList","@id":"https:\/\/www.eldiario.net\/portal\/2025\/01\/07\/bolivar-en-plan-de-limpiar-la-casa-ante-desfalco-millonario\/#breadcrumb","itemListElement":[{"@type":"ListItem","position":1,"name":"Portada","item":"https:\/\/www.eldiario.net\/portal\/"},{"@type":"ListItem","position":2,"name":"Bol\u00edvar, en plan de \u00ablimpiar la casa\u00bb ante desfalco millonario"}]},{"@type":"WebSite","@id":"https:\/\/www.eldiario.net\/portal\/#website","url":"https:\/\/www.eldiario.net\/portal\/","name":"El Diario - Decano de la prensa nacional","description":"El Diario - Decano de la prensa nacional","publisher":{"@id":"https:\/\/www.eldiario.net\/portal\/#organization"},"potentialAction":[{"@type":"SearchAction","target":{"@type":"EntryPoint","urlTemplate":"https:\/\/www.eldiario.net\/portal\/?s={search_term_string}"},"query-input":{"@type":"PropertyValueSpecification","valueRequired":true,"valueName":"search_term_string"}}],"inLanguage":"es"},{"@type":"Organization","@id":"https:\/\/www.eldiario.net\/portal\/#organization","name":"El Diario - Decano de la prensa nacional","url":"https:\/\/www.eldiario.net\/portal\/","logo":{"@type":"ImageObject","inLanguage":"es","@id":"https:\/\/www.eldiario.net\/portal\/#\/schema\/logo\/image\/","url":"https:\/\/www.eldiario.net\/portal\/wp-content\/uploads\/2023\/07\/logo_ED.jpg","contentUrl":"https:\/\/www.eldiario.net\/portal\/wp-content\/uploads\/2023\/07\/logo_ED.jpg","width":272,"height":52,"caption":"El Diario - Decano de la prensa nacional"},"image":{"@id":"https:\/\/www.eldiario.net\/portal\/#\/schema\/logo\/image\/"},"sameAs":["https:\/\/www.facebook.com\/eldiario.bolivia\/","https:\/\/x.com\/eldiario_net"]},{"@type":"Person","@id":"https:\/\/www.eldiario.net\/portal\/#\/schema\/person\/f46445640444750d7d753ccd04ae01b7","name":"Jeanette","image":{"@type":"ImageObject","inLanguage":"es","@id":"https:\/\/secure.gravatar.com\/avatar\/3ea2118a5f7dad2b7138b1187a6b7ee55f160b9968b66013c3a3ef39dd7e5798?s=96&d=mm&r=g","url":"https:\/\/secure.gravatar.com\/avatar\/3ea2118a5f7dad2b7138b1187a6b7ee55f160b9968b66013c3a3ef39dd7e5798?s=96&d=mm&r=g","contentUrl":"https:\/\/secure.gravatar.com\/avatar\/3ea2118a5f7dad2b7138b1187a6b7ee55f160b9968b66013c3a3ef39dd7e5798?s=96&d=mm&r=g","caption":"Jeanette"},"sameAs":["https:\/\/www.eldiario.net\/portal"],"url":"https:\/\/www.eldiario.net\/portal\/author\/jeanette\/"}]}},"_links":{"self":[{"href":"https:\/\/www.eldiario.net\/portal\/wp-json\/wp\/v2\/posts\/272899","targetHints":{"allow":["GET"]}}],"collection":[{"href":"https:\/\/www.eldiario.net\/portal\/wp-json\/wp\/v2\/posts"}],"about":[{"href":"https:\/\/www.eldiario.net\/portal\/wp-json\/wp\/v2\/types\/post"}],"author":[{"embeddable":true,"href":"https:\/\/www.eldiario.net\/portal\/wp-json\/wp\/v2\/users\/1"}],"replies":[{"embeddable":true,"href":"https:\/\/www.eldiario.net\/portal\/wp-json\/wp\/v2\/comments?post=272899"}],"version-history":[{"count":1,"href":"https:\/\/www.eldiario.net\/portal\/wp-json\/wp\/v2\/posts\/272899\/revisions"}],"predecessor-version":[{"id":272901,"href":"https:\/\/www.eldiario.net\/portal\/wp-json\/wp\/v2\/posts\/272899\/revisions\/272901"}],"wp:featuredmedia":[{"embeddable":true,"href":"https:\/\/www.eldiario.net\/portal\/wp-json\/wp\/v2\/media\/272900"}],"wp:attachment":[{"href":"https:\/\/www.eldiario.net\/portal\/wp-json\/wp\/v2\/media?parent=272899"}],"wp:term":[{"taxonomy":"category","embeddable":true,"href":"https:\/\/www.eldiario.net\/portal\/wp-json\/wp\/v2\/categories?post=272899"},{"taxonomy":"post_tag","embeddable":true,"href":"https:\/\/www.eldiario.net\/portal\/wp-json\/wp\/v2\/tags?post=272899"}],"curies":[{"name":"wp","href":"https:\/\/api.w.org\/{rel}","templated":true}]}}