{"id":272896,"date":"2025-01-07T06:20:36","date_gmt":"2025-01-07T10:20:36","guid":{"rendered":"https:\/\/www.eldiario.net\/portal\/?p=272896"},"modified":"2025-01-07T06:20:36","modified_gmt":"2025-01-07T10:20:36","slug":"hugo-dellien-avanza-a-segunda-ronda-de-la-qualy-del-abierto-de-australia","status":"publish","type":"post","link":"https:\/\/www.eldiario.net\/portal\/2025\/01\/07\/hugo-dellien-avanza-a-segunda-ronda-de-la-qualy-del-abierto-de-australia\/","title":{"rendered":"Hugo Dellien avanza a segunda ronda de la qualy del Abierto de Australia"},"content":{"rendered":"<p class=\"v1MsoNormal\"><span lang=\"ES-BO\">Hugo Dellien avanz\u00f3 a la segunda ronda de la qualy (clasificaci\u00f3n) del Abierto de Australia 2025 gracias a su triunfo sobre el alem\u00e1n Maximilan Marterer (un doble 6-3), mientras que su hermano Murkel perdi\u00f3 en su debut frente al chileno Cristian Gar\u00edn (6-3 y 6-1).<\/span><\/p>\n<p class=\"v1MsoNormal\"><span lang=\"ES-BO\">El primer Grand Slam del a\u00f1o inici\u00f3 con mal clima, pues la lluvia se hizo presente en gran parte de la jornada ten\u00edstica que deb\u00eda comenzar el domingo por la noche en Bolivia \u2014horas de la ma\u00f1ana en el pa\u00eds oce\u00e1nico\u2014.<\/span><\/p>\n<p class=\"v1MsoNormal\"><span lang=\"ES-BO\">Estaba programado que Murkel juegue a las 19.00 en la cancha 16 del Melbourne Park y a continuaci\u00f3n era el turno de su hermano Hugo.<\/span><\/p>\n<p class=\"v1MsoNormal\"><span lang=\"ES-BO\">Sin embargo, la lluvia hizo que el inicio de los encuentros se retrase por seis horas, pues a las 01.00 de este lunes se comenzaron a disputar los partidos.<\/span><\/p>\n<p class=\"v1MsoNormal\"><b><span lang=\"ES-BO\">Las dos caras<\/span><\/b><\/p>\n<p class=\"v1MsoNormal\"><span lang=\"ES-BO\">Hugo, quien por quinta vez participa en el Abierto de Australia, rivaliz\u00f3 con Marterer y mostr\u00f3 un buen juego a lo largo de la hora y nueve minutos de partido.<\/span><\/p>\n<p class=\"v1MsoNormal\"><span lang=\"ES-BO\">Logr\u00f3 cuatro quiebres de servicio (dos por set) y con ello se qued\u00f3 con el triunfo por un doble 6-3.<\/span><\/p>\n<p class=\"v1MsoNormal\"><span lang=\"ES-BO\">Ya conoce a su rival de la segunda fase, el polaco Maks Kasnikowski, que previamente elimin\u00f3 al lituano Vilius Gaubas: 6-7(9), 7-6(2) y 6-2.<\/span><\/p>\n<p class=\"v1MsoNormal\"><span lang=\"ES-BO\">Su partido est\u00e1 programado para las 19.00 HB de este mi\u00e9rcoles y ser\u00e1 su primer enfrentamiento por el circuito profesional.<\/span><\/p>\n<p class=\"v1MsoNormal\"><span lang=\"ES-BO\">Murkel, que tuvo su debut absoluto en Australia, rivaliz\u00f3 con Gar\u00edn, que se vio muy superior en el encuentro.<\/span><\/p>\n<p class=\"v1MsoNormal\"><span lang=\"ES-BO\">El chileno logr\u00f3 cinco quiebres de servicio (tres en el primer set y dos en el segundo) para adue\u00f1arse del encuentro y por ende lograr la victoria en una hora y dos minutos de juego (6-3 y 6-1).<\/span><\/p>\n<p class=\"v1MsoNormal\"><span lang=\"ES-BO\">\u00a0<\/span><\/p>\n","protected":false},"excerpt":{"rendered":"<p>Hugo Dellien avanz\u00f3 a la segunda ronda de la qualy (clasificaci\u00f3n) del Abierto de Australia 2025 gracias a su triunfo sobre el alem\u00e1n Maximilan Marterer (un doble 6-3), mientras que su hermano Murkel perdi\u00f3 en su debut frente al chileno Cristian Gar\u00edn (6-3 y 6-1). El primer Grand Slam del a\u00f1o inici\u00f3 con mal clima, [&hellip;]<\/p>\n","protected":false},"author":1,"featured_media":272897,"comment_status":"closed","ping_status":"open","sticky":false,"template":"","format":"standard","meta":{"_acf_changed":false,"footnotes":""},"categories":[6],"tags":[],"class_list":["post-272896","post","type-post","status-publish","format-standard","has-post-thumbnail","category-deportes"],"acf":{"antetitulo":""},"yoast_head":"<!-- This site is optimized with the Yoast SEO plugin v28.4 - https:\/\/yoast.com\/product\/yoast-seo-wordpress\/ -->\n<title>Hugo Dellien avanza a segunda ronda de la qualy del Abierto de Australia - El Diario - Bolivia<\/title>\n<meta name=\"robots\" content=\"index, follow, max-snippet:-1, max-image-preview:large, max-video-preview:-1\" \/>\n<link rel=\"canonical\" href=\"https:\/\/www.eldiario.net\/portal\/2025\/01\/07\/hugo-dellien-avanza-a-segunda-ronda-de-la-qualy-del-abierto-de-australia\/\" \/>\n<meta property=\"og:locale\" content=\"es_ES\" \/>\n<meta property=\"og:type\" content=\"article\" \/>\n<meta property=\"og:title\" content=\"Hugo Dellien avanza a segunda ronda de la qualy del Abierto de Australia - El Diario - Bolivia\" \/>\n<meta property=\"og:description\" content=\"Hugo Dellien avanz\u00f3 a la segunda ronda de la qualy (clasificaci\u00f3n) del Abierto de Australia 2025 gracias a su triunfo sobre el alem\u00e1n Maximilan Marterer (un doble 6-3), mientras que su hermano Murkel perdi\u00f3 en su debut frente al chileno Cristian Gar\u00edn (6-3 y 6-1). El primer Grand Slam del a\u00f1o inici\u00f3 con mal clima, [&hellip;]\" \/>\n<meta property=\"og:url\" content=\"https:\/\/www.eldiario.net\/portal\/2025\/01\/07\/hugo-dellien-avanza-a-segunda-ronda-de-la-qualy-del-abierto-de-australia\/\" \/>\n<meta property=\"og:site_name\" content=\"El Diario - Bolivia\" \/>\n<meta property=\"article:publisher\" content=\"https:\/\/www.facebook.com\/eldiario.bolivia\/\" \/>\n<meta property=\"article:published_time\" content=\"2025-01-07T10:20:36+00:00\" \/>\n<meta property=\"og:image\" content=\"https:\/\/www.eldiario.net\/portal\/wp-content\/uploads\/2025\/01\/IMG-20250106-WA0000.jpg\" \/>\n\t<meta property=\"og:image:width\" content=\"1363\" \/>\n\t<meta property=\"og:image:height\" content=\"907\" \/>\n\t<meta property=\"og:image:type\" content=\"image\/jpeg\" \/>\n<meta name=\"author\" content=\"Jeanette\" \/>\n<meta name=\"twitter:card\" content=\"summary_large_image\" \/>\n<meta name=\"twitter:creator\" content=\"@eldiario_net\" \/>\n<meta name=\"twitter:site\" content=\"@eldiario_net\" \/>\n<meta name=\"twitter:label1\" content=\"Escrito por\" \/>\n\t<meta name=\"twitter:data1\" content=\"Jeanette\" \/>\n\t<meta name=\"twitter:label2\" content=\"Tiempo de lectura\" \/>\n\t<meta name=\"twitter:data2\" content=\"2 minutos\" \/>\n<script type=\"application\/ld+json\" class=\"yoast-schema-graph\">{\"@context\":\"https:\\\/\\\/schema.org\",\"@graph\":[{\"@type\":\"Article\",\"@id\":\"https:\\\/\\\/www.eldiario.net\\\/portal\\\/2025\\\/01\\\/07\\\/hugo-dellien-avanza-a-segunda-ronda-de-la-qualy-del-abierto-de-australia\\\/#article\",\"isPartOf\":{\"@id\":\"https:\\\/\\\/www.eldiario.net\\\/portal\\\/2025\\\/01\\\/07\\\/hugo-dellien-avanza-a-segunda-ronda-de-la-qualy-del-abierto-de-australia\\\/\"},\"author\":{\"name\":\"Jeanette\",\"@id\":\"https:\\\/\\\/www.eldiario.net\\\/portal\\\/#\\\/schema\\\/person\\\/f46445640444750d7d753ccd04ae01b7\"},\"headline\":\"Hugo Dellien avanza a segunda ronda de la qualy del Abierto de Australia\",\"datePublished\":\"2025-01-07T10:20:36+00:00\",\"mainEntityOfPage\":{\"@id\":\"https:\\\/\\\/www.eldiario.net\\\/portal\\\/2025\\\/01\\\/07\\\/hugo-dellien-avanza-a-segunda-ronda-de-la-qualy-del-abierto-de-australia\\\/\"},\"wordCount\":315,\"publisher\":{\"@id\":\"https:\\\/\\\/www.eldiario.net\\\/portal\\\/#organization\"},\"image\":{\"@id\":\"https:\\\/\\\/www.eldiario.net\\\/portal\\\/2025\\\/01\\\/07\\\/hugo-dellien-avanza-a-segunda-ronda-de-la-qualy-del-abierto-de-australia\\\/#primaryimage\"},\"thumbnailUrl\":\"https:\\\/\\\/www.eldiario.net\\\/portal\\\/wp-content\\\/uploads\\\/2025\\\/01\\\/IMG-20250106-WA0000.jpg\",\"articleSection\":[\"Deportes\"],\"inLanguage\":\"es\"},{\"@type\":\"WebPage\",\"@id\":\"https:\\\/\\\/www.eldiario.net\\\/portal\\\/2025\\\/01\\\/07\\\/hugo-dellien-avanza-a-segunda-ronda-de-la-qualy-del-abierto-de-australia\\\/\",\"url\":\"https:\\\/\\\/www.eldiario.net\\\/portal\\\/2025\\\/01\\\/07\\\/hugo-dellien-avanza-a-segunda-ronda-de-la-qualy-del-abierto-de-australia\\\/\",\"name\":\"Hugo Dellien avanza a segunda ronda de la qualy del Abierto de Australia - El Diario - Bolivia\",\"isPartOf\":{\"@id\":\"https:\\\/\\\/www.eldiario.net\\\/portal\\\/#website\"},\"primaryImageOfPage\":{\"@id\":\"https:\\\/\\\/www.eldiario.net\\\/portal\\\/2025\\\/01\\\/07\\\/hugo-dellien-avanza-a-segunda-ronda-de-la-qualy-del-abierto-de-australia\\\/#primaryimage\"},\"image\":{\"@id\":\"https:\\\/\\\/www.eldiario.net\\\/portal\\\/2025\\\/01\\\/07\\\/hugo-dellien-avanza-a-segunda-ronda-de-la-qualy-del-abierto-de-australia\\\/#primaryimage\"},\"thumbnailUrl\":\"https:\\\/\\\/www.eldiario.net\\\/portal\\\/wp-content\\\/uploads\\\/2025\\\/01\\\/IMG-20250106-WA0000.jpg\",\"datePublished\":\"2025-01-07T10:20:36+00:00\",\"breadcrumb\":{\"@id\":\"https:\\\/\\\/www.eldiario.net\\\/portal\\\/2025\\\/01\\\/07\\\/hugo-dellien-avanza-a-segunda-ronda-de-la-qualy-del-abierto-de-australia\\\/#breadcrumb\"},\"inLanguage\":\"es\",\"potentialAction\":[{\"@type\":\"ReadAction\",\"target\":[\"https:\\\/\\\/www.eldiario.net\\\/portal\\\/2025\\\/01\\\/07\\\/hugo-dellien-avanza-a-segunda-ronda-de-la-qualy-del-abierto-de-australia\\\/\"]}]},{\"@type\":\"ImageObject\",\"inLanguage\":\"es\",\"@id\":\"https:\\\/\\\/www.eldiario.net\\\/portal\\\/2025\\\/01\\\/07\\\/hugo-dellien-avanza-a-segunda-ronda-de-la-qualy-del-abierto-de-australia\\\/#primaryimage\",\"url\":\"https:\\\/\\\/www.eldiario.net\\\/portal\\\/wp-content\\\/uploads\\\/2025\\\/01\\\/IMG-20250106-WA0000.jpg\",\"contentUrl\":\"https:\\\/\\\/www.eldiario.net\\\/portal\\\/wp-content\\\/uploads\\\/2025\\\/01\\\/IMG-20250106-WA0000.jpg\",\"width\":1363,\"height\":907},{\"@type\":\"BreadcrumbList\",\"@id\":\"https:\\\/\\\/www.eldiario.net\\\/portal\\\/2025\\\/01\\\/07\\\/hugo-dellien-avanza-a-segunda-ronda-de-la-qualy-del-abierto-de-australia\\\/#breadcrumb\",\"itemListElement\":[{\"@type\":\"ListItem\",\"position\":1,\"name\":\"Portada\",\"item\":\"https:\\\/\\\/www.eldiario.net\\\/portal\\\/\"},{\"@type\":\"ListItem\",\"position\":2,\"name\":\"Hugo Dellien avanza a segunda ronda de la qualy del Abierto de Australia\"}]},{\"@type\":\"WebSite\",\"@id\":\"https:\\\/\\\/www.eldiario.net\\\/portal\\\/#website\",\"url\":\"https:\\\/\\\/www.eldiario.net\\\/portal\\\/\",\"name\":\"El Diario - Decano de la prensa nacional\",\"description\":\"El Diario - Decano de la prensa nacional\",\"publisher\":{\"@id\":\"https:\\\/\\\/www.eldiario.net\\\/portal\\\/#organization\"},\"potentialAction\":[{\"@type\":\"SearchAction\",\"target\":{\"@type\":\"EntryPoint\",\"urlTemplate\":\"https:\\\/\\\/www.eldiario.net\\\/portal\\\/?s={search_term_string}\"},\"query-input\":{\"@type\":\"PropertyValueSpecification\",\"valueRequired\":true,\"valueName\":\"search_term_string\"}}],\"inLanguage\":\"es\"},{\"@type\":\"Organization\",\"@id\":\"https:\\\/\\\/www.eldiario.net\\\/portal\\\/#organization\",\"name\":\"El Diario - Decano de la prensa nacional\",\"url\":\"https:\\\/\\\/www.eldiario.net\\\/portal\\\/\",\"logo\":{\"@type\":\"ImageObject\",\"inLanguage\":\"es\",\"@id\":\"https:\\\/\\\/www.eldiario.net\\\/portal\\\/#\\\/schema\\\/logo\\\/image\\\/\",\"url\":\"https:\\\/\\\/www.eldiario.net\\\/portal\\\/wp-content\\\/uploads\\\/2023\\\/07\\\/logo_ED.jpg\",\"contentUrl\":\"https:\\\/\\\/www.eldiario.net\\\/portal\\\/wp-content\\\/uploads\\\/2023\\\/07\\\/logo_ED.jpg\",\"width\":272,\"height\":52,\"caption\":\"El Diario - Decano de la prensa nacional\"},\"image\":{\"@id\":\"https:\\\/\\\/www.eldiario.net\\\/portal\\\/#\\\/schema\\\/logo\\\/image\\\/\"},\"sameAs\":[\"https:\\\/\\\/www.facebook.com\\\/eldiario.bolivia\\\/\",\"https:\\\/\\\/x.com\\\/eldiario_net\"]},{\"@type\":\"Person\",\"@id\":\"https:\\\/\\\/www.eldiario.net\\\/portal\\\/#\\\/schema\\\/person\\\/f46445640444750d7d753ccd04ae01b7\",\"name\":\"Jeanette\",\"image\":{\"@type\":\"ImageObject\",\"inLanguage\":\"es\",\"@id\":\"https:\\\/\\\/secure.gravatar.com\\\/avatar\\\/3ea2118a5f7dad2b7138b1187a6b7ee55f160b9968b66013c3a3ef39dd7e5798?s=96&d=mm&r=g\",\"url\":\"https:\\\/\\\/secure.gravatar.com\\\/avatar\\\/3ea2118a5f7dad2b7138b1187a6b7ee55f160b9968b66013c3a3ef39dd7e5798?s=96&d=mm&r=g\",\"contentUrl\":\"https:\\\/\\\/secure.gravatar.com\\\/avatar\\\/3ea2118a5f7dad2b7138b1187a6b7ee55f160b9968b66013c3a3ef39dd7e5798?s=96&d=mm&r=g\",\"caption\":\"Jeanette\"},\"sameAs\":[\"https:\\\/\\\/www.eldiario.net\\\/portal\"],\"url\":\"https:\\\/\\\/www.eldiario.net\\\/portal\\\/author\\\/jeanette\\\/\"}]}<\/script>\n<!-- \/ Yoast SEO plugin. -->","yoast_head_json":{"title":"Hugo Dellien avanza a segunda ronda de la qualy del Abierto de Australia - El Diario - Bolivia","robots":{"index":"index","follow":"follow","max-snippet":"max-snippet:-1","max-image-preview":"max-image-preview:large","max-video-preview":"max-video-preview:-1"},"canonical":"https:\/\/www.eldiario.net\/portal\/2025\/01\/07\/hugo-dellien-avanza-a-segunda-ronda-de-la-qualy-del-abierto-de-australia\/","og_locale":"es_ES","og_type":"article","og_title":"Hugo Dellien avanza a segunda ronda de la qualy del Abierto de Australia - El Diario - Bolivia","og_description":"Hugo Dellien avanz\u00f3 a la segunda ronda de la qualy (clasificaci\u00f3n) del Abierto de Australia 2025 gracias a su triunfo sobre el alem\u00e1n Maximilan Marterer (un doble 6-3), mientras que su hermano Murkel perdi\u00f3 en su debut frente al chileno Cristian Gar\u00edn (6-3 y 6-1). El primer Grand Slam del a\u00f1o inici\u00f3 con mal clima, [&hellip;]","og_url":"https:\/\/www.eldiario.net\/portal\/2025\/01\/07\/hugo-dellien-avanza-a-segunda-ronda-de-la-qualy-del-abierto-de-australia\/","og_site_name":"El Diario - Bolivia","article_publisher":"https:\/\/www.facebook.com\/eldiario.bolivia\/","article_published_time":"2025-01-07T10:20:36+00:00","og_image":[{"width":1363,"height":907,"url":"https:\/\/www.eldiario.net\/portal\/wp-content\/uploads\/2025\/01\/IMG-20250106-WA0000.jpg","type":"image\/jpeg"}],"author":"Jeanette","twitter_card":"summary_large_image","twitter_creator":"@eldiario_net","twitter_site":"@eldiario_net","twitter_misc":{"Escrito por":"Jeanette","Tiempo de lectura":"2 minutos"},"schema":{"@context":"https:\/\/schema.org","@graph":[{"@type":"Article","@id":"https:\/\/www.eldiario.net\/portal\/2025\/01\/07\/hugo-dellien-avanza-a-segunda-ronda-de-la-qualy-del-abierto-de-australia\/#article","isPartOf":{"@id":"https:\/\/www.eldiario.net\/portal\/2025\/01\/07\/hugo-dellien-avanza-a-segunda-ronda-de-la-qualy-del-abierto-de-australia\/"},"author":{"name":"Jeanette","@id":"https:\/\/www.eldiario.net\/portal\/#\/schema\/person\/f46445640444750d7d753ccd04ae01b7"},"headline":"Hugo Dellien avanza a segunda ronda de la qualy del Abierto de Australia","datePublished":"2025-01-07T10:20:36+00:00","mainEntityOfPage":{"@id":"https:\/\/www.eldiario.net\/portal\/2025\/01\/07\/hugo-dellien-avanza-a-segunda-ronda-de-la-qualy-del-abierto-de-australia\/"},"wordCount":315,"publisher":{"@id":"https:\/\/www.eldiario.net\/portal\/#organization"},"image":{"@id":"https:\/\/www.eldiario.net\/portal\/2025\/01\/07\/hugo-dellien-avanza-a-segunda-ronda-de-la-qualy-del-abierto-de-australia\/#primaryimage"},"thumbnailUrl":"https:\/\/www.eldiario.net\/portal\/wp-content\/uploads\/2025\/01\/IMG-20250106-WA0000.jpg","articleSection":["Deportes"],"inLanguage":"es"},{"@type":"WebPage","@id":"https:\/\/www.eldiario.net\/portal\/2025\/01\/07\/hugo-dellien-avanza-a-segunda-ronda-de-la-qualy-del-abierto-de-australia\/","url":"https:\/\/www.eldiario.net\/portal\/2025\/01\/07\/hugo-dellien-avanza-a-segunda-ronda-de-la-qualy-del-abierto-de-australia\/","name":"Hugo Dellien avanza a segunda ronda de la qualy del Abierto de Australia - El Diario - Bolivia","isPartOf":{"@id":"https:\/\/www.eldiario.net\/portal\/#website"},"primaryImageOfPage":{"@id":"https:\/\/www.eldiario.net\/portal\/2025\/01\/07\/hugo-dellien-avanza-a-segunda-ronda-de-la-qualy-del-abierto-de-australia\/#primaryimage"},"image":{"@id":"https:\/\/www.eldiario.net\/portal\/2025\/01\/07\/hugo-dellien-avanza-a-segunda-ronda-de-la-qualy-del-abierto-de-australia\/#primaryimage"},"thumbnailUrl":"https:\/\/www.eldiario.net\/portal\/wp-content\/uploads\/2025\/01\/IMG-20250106-WA0000.jpg","datePublished":"2025-01-07T10:20:36+00:00","breadcrumb":{"@id":"https:\/\/www.eldiario.net\/portal\/2025\/01\/07\/hugo-dellien-avanza-a-segunda-ronda-de-la-qualy-del-abierto-de-australia\/#breadcrumb"},"inLanguage":"es","potentialAction":[{"@type":"ReadAction","target":["https:\/\/www.eldiario.net\/portal\/2025\/01\/07\/hugo-dellien-avanza-a-segunda-ronda-de-la-qualy-del-abierto-de-australia\/"]}]},{"@type":"ImageObject","inLanguage":"es","@id":"https:\/\/www.eldiario.net\/portal\/2025\/01\/07\/hugo-dellien-avanza-a-segunda-ronda-de-la-qualy-del-abierto-de-australia\/#primaryimage","url":"https:\/\/www.eldiario.net\/portal\/wp-content\/uploads\/2025\/01\/IMG-20250106-WA0000.jpg","contentUrl":"https:\/\/www.eldiario.net\/portal\/wp-content\/uploads\/2025\/01\/IMG-20250106-WA0000.jpg","width":1363,"height":907},{"@type":"BreadcrumbList","@id":"https:\/\/www.eldiario.net\/portal\/2025\/01\/07\/hugo-dellien-avanza-a-segunda-ronda-de-la-qualy-del-abierto-de-australia\/#breadcrumb","itemListElement":[{"@type":"ListItem","position":1,"name":"Portada","item":"https:\/\/www.eldiario.net\/portal\/"},{"@type":"ListItem","position":2,"name":"Hugo Dellien avanza a segunda ronda de la qualy del Abierto de Australia"}]},{"@type":"WebSite","@id":"https:\/\/www.eldiario.net\/portal\/#website","url":"https:\/\/www.eldiario.net\/portal\/","name":"El Diario - Decano de la prensa nacional","description":"El Diario - Decano de la prensa nacional","publisher":{"@id":"https:\/\/www.eldiario.net\/portal\/#organization"},"potentialAction":[{"@type":"SearchAction","target":{"@type":"EntryPoint","urlTemplate":"https:\/\/www.eldiario.net\/portal\/?s={search_term_string}"},"query-input":{"@type":"PropertyValueSpecification","valueRequired":true,"valueName":"search_term_string"}}],"inLanguage":"es"},{"@type":"Organization","@id":"https:\/\/www.eldiario.net\/portal\/#organization","name":"El Diario - Decano de la prensa nacional","url":"https:\/\/www.eldiario.net\/portal\/","logo":{"@type":"ImageObject","inLanguage":"es","@id":"https:\/\/www.eldiario.net\/portal\/#\/schema\/logo\/image\/","url":"https:\/\/www.eldiario.net\/portal\/wp-content\/uploads\/2023\/07\/logo_ED.jpg","contentUrl":"https:\/\/www.eldiario.net\/portal\/wp-content\/uploads\/2023\/07\/logo_ED.jpg","width":272,"height":52,"caption":"El Diario - Decano de la prensa nacional"},"image":{"@id":"https:\/\/www.eldiario.net\/portal\/#\/schema\/logo\/image\/"},"sameAs":["https:\/\/www.facebook.com\/eldiario.bolivia\/","https:\/\/x.com\/eldiario_net"]},{"@type":"Person","@id":"https:\/\/www.eldiario.net\/portal\/#\/schema\/person\/f46445640444750d7d753ccd04ae01b7","name":"Jeanette","image":{"@type":"ImageObject","inLanguage":"es","@id":"https:\/\/secure.gravatar.com\/avatar\/3ea2118a5f7dad2b7138b1187a6b7ee55f160b9968b66013c3a3ef39dd7e5798?s=96&d=mm&r=g","url":"https:\/\/secure.gravatar.com\/avatar\/3ea2118a5f7dad2b7138b1187a6b7ee55f160b9968b66013c3a3ef39dd7e5798?s=96&d=mm&r=g","contentUrl":"https:\/\/secure.gravatar.com\/avatar\/3ea2118a5f7dad2b7138b1187a6b7ee55f160b9968b66013c3a3ef39dd7e5798?s=96&d=mm&r=g","caption":"Jeanette"},"sameAs":["https:\/\/www.eldiario.net\/portal"],"url":"https:\/\/www.eldiario.net\/portal\/author\/jeanette\/"}]}},"_links":{"self":[{"href":"https:\/\/www.eldiario.net\/portal\/wp-json\/wp\/v2\/posts\/272896","targetHints":{"allow":["GET"]}}],"collection":[{"href":"https:\/\/www.eldiario.net\/portal\/wp-json\/wp\/v2\/posts"}],"about":[{"href":"https:\/\/www.eldiario.net\/portal\/wp-json\/wp\/v2\/types\/post"}],"author":[{"embeddable":true,"href":"https:\/\/www.eldiario.net\/portal\/wp-json\/wp\/v2\/users\/1"}],"replies":[{"embeddable":true,"href":"https:\/\/www.eldiario.net\/portal\/wp-json\/wp\/v2\/comments?post=272896"}],"version-history":[{"count":1,"href":"https:\/\/www.eldiario.net\/portal\/wp-json\/wp\/v2\/posts\/272896\/revisions"}],"predecessor-version":[{"id":272898,"href":"https:\/\/www.eldiario.net\/portal\/wp-json\/wp\/v2\/posts\/272896\/revisions\/272898"}],"wp:featuredmedia":[{"embeddable":true,"href":"https:\/\/www.eldiario.net\/portal\/wp-json\/wp\/v2\/media\/272897"}],"wp:attachment":[{"href":"https:\/\/www.eldiario.net\/portal\/wp-json\/wp\/v2\/media?parent=272896"}],"wp:term":[{"taxonomy":"category","embeddable":true,"href":"https:\/\/www.eldiario.net\/portal\/wp-json\/wp\/v2\/categories?post=272896"},{"taxonomy":"post_tag","embeddable":true,"href":"https:\/\/www.eldiario.net\/portal\/wp-json\/wp\/v2\/tags?post=272896"}],"curies":[{"name":"wp","href":"https:\/\/api.w.org\/{rel}","templated":true}]}}