{"id":272893,"date":"2025-01-07T06:17:25","date_gmt":"2025-01-07T10:17:25","guid":{"rendered":"https:\/\/www.eldiario.net\/portal\/?p=272893"},"modified":"2025-01-07T06:17:25","modified_gmt":"2025-01-07T10:17:25","slug":"nosiglia-sobrevive-a-la-etapa-maraton-de-48-horas","status":"publish","type":"post","link":"https:\/\/www.eldiario.net\/portal\/2025\/01\/07\/nosiglia-sobrevive-a-la-etapa-maraton-de-48-horas\/","title":{"rendered":"Nosiglia \u201csobrevive\u201d a la etapa marat\u00f3n de 48 horas"},"content":{"rendered":"<p>El piloto Daniel Nosiglia, del equipo espa\u00f1ol Rieju Pedreg\u00e1, sali\u00f3 airoso de la etapa marat\u00f3n de 48 horas en el Rally Dakar 2025, alcanzando la posici\u00f3n 26 en la categor\u00eda de motos, con un tiempo de 12 horas, 15 minutos, dos segundos, despu\u00e9s de recorrer un total de 1.057 kil\u00f3metros, con 965 kil\u00f3metros cronometrados, en el desierto de Bisha.<\/p>\n<p>\u201cTuve problemas con la tablet, eso me perjudic\u00f3 mucho, no pude navegar, tuve que seguir las huellas y a los pilotos. Pese a esto, creo que hemos hecho una etapa buena\u201d, declar\u00f3 Nosiglia, en el campamento, donde pudo descansar y reunirse con su equipo de asistencia.<\/p>\n<p>Nosiglia estuvo encima de su moto por 12 horas, entre tramos de enlace y especial, sin recibir colaboraci\u00f3n de parte de su equipo, como establec\u00eda las reglas para esta etapa, que dej\u00f3 tres abandonos en esta categor\u00eda. Mientras, el ganador fue el australiano Daniel Sanders (Red Bull KTM) con 11h12\u00b413\u201d.<\/p>\n<p>\u201cLa etapa m\u00e1s dura que me toc\u00f3 vivir en mis seis Dakar\u201d, mencion\u00f3 Nosiglia, en entrevista con su equipo de prensa. En la jornada de este lunes, el piloto boliviano pudo recuperar el tiempo que perdi\u00f3 el domingo.<\/p>\n<p>Con estos resultados, en la clasificaci\u00f3n general, Nosiglia est\u00e1 en la ubicaci\u00f3n 26 con 17h58\u00b432\u201d, con 128 pilotos que siguen en competencia. Entre tanto, el primer sitio sigue siendo controlado por Sanders con un registro de 16h10\u00b431\u201d.<\/p>\n<p>La tercera etapa (Bisha-Al Henakiyah) proseguir\u00e1 este martes, con la diferencia de que la organizaci\u00f3n decidi\u00f3 recortar la distancia del especial de 496 a 327 kil\u00f3metros, debido a que los corredores reci\u00e9n hab\u00edan salido de la marat\u00f3n y por las tormentas el\u00e9ctricas que acompa\u00f1an a la competencia.<\/p>\n<p>&nbsp;<\/p>\n<p><strong>(APG)<\/strong><\/p>\n<p>&nbsp;<\/p>\n","protected":false},"excerpt":{"rendered":"<p>El piloto Daniel Nosiglia, del equipo espa\u00f1ol Rieju Pedreg\u00e1, sali\u00f3 airoso de la etapa marat\u00f3n de 48 horas en el Rally Dakar 2025, alcanzando la posici\u00f3n 26 en la categor\u00eda de motos, con un tiempo de 12 horas, 15 minutos, dos segundos, despu\u00e9s de recorrer un total de 1.057 kil\u00f3metros, con 965 kil\u00f3metros cronometrados, en [&hellip;]<\/p>\n","protected":false},"author":1,"featured_media":272894,"comment_status":"closed","ping_status":"open","sticky":false,"template":"","format":"standard","meta":{"_acf_changed":false,"footnotes":""},"categories":[6],"tags":[],"class_list":["post-272893","post","type-post","status-publish","format-standard","has-post-thumbnail","category-deportes"],"acf":{"antetitulo":""},"yoast_head":"<!-- This site is optimized with the Yoast SEO plugin v28.4 - https:\/\/yoast.com\/product\/yoast-seo-wordpress\/ -->\n<title>Nosiglia \u201csobrevive\u201d a la etapa marat\u00f3n de 48 horas - El Diario - Bolivia<\/title>\n<meta name=\"robots\" content=\"index, follow, max-snippet:-1, max-image-preview:large, max-video-preview:-1\" \/>\n<link rel=\"canonical\" href=\"https:\/\/www.eldiario.net\/portal\/2025\/01\/07\/nosiglia-sobrevive-a-la-etapa-maraton-de-48-horas\/\" \/>\n<meta property=\"og:locale\" content=\"es_ES\" \/>\n<meta property=\"og:type\" content=\"article\" \/>\n<meta property=\"og:title\" content=\"Nosiglia \u201csobrevive\u201d a la etapa marat\u00f3n de 48 horas - El Diario - Bolivia\" \/>\n<meta property=\"og:description\" content=\"El piloto Daniel Nosiglia, del equipo espa\u00f1ol Rieju Pedreg\u00e1, sali\u00f3 airoso de la etapa marat\u00f3n de 48 horas en el Rally Dakar 2025, alcanzando la posici\u00f3n 26 en la categor\u00eda de motos, con un tiempo de 12 horas, 15 minutos, dos segundos, despu\u00e9s de recorrer un total de 1.057 kil\u00f3metros, con 965 kil\u00f3metros cronometrados, en [&hellip;]\" \/>\n<meta property=\"og:url\" content=\"https:\/\/www.eldiario.net\/portal\/2025\/01\/07\/nosiglia-sobrevive-a-la-etapa-maraton-de-48-horas\/\" \/>\n<meta property=\"og:site_name\" content=\"El Diario - Bolivia\" \/>\n<meta property=\"article:publisher\" content=\"https:\/\/www.facebook.com\/eldiario.bolivia\/\" \/>\n<meta property=\"article:published_time\" content=\"2025-01-07T10:17:25+00:00\" \/>\n<meta property=\"og:image\" content=\"https:\/\/www.eldiario.net\/portal\/wp-content\/uploads\/2025\/01\/Nosiglia-06.jpg\" \/>\n\t<meta property=\"og:image:width\" content=\"1200\" \/>\n\t<meta property=\"og:image:height\" content=\"800\" \/>\n\t<meta property=\"og:image:type\" content=\"image\/jpeg\" \/>\n<meta name=\"author\" content=\"Jeanette\" \/>\n<meta name=\"twitter:card\" content=\"summary_large_image\" \/>\n<meta name=\"twitter:creator\" content=\"@eldiario_net\" \/>\n<meta name=\"twitter:site\" content=\"@eldiario_net\" \/>\n<meta name=\"twitter:label1\" content=\"Escrito por\" \/>\n\t<meta name=\"twitter:data1\" content=\"Jeanette\" \/>\n\t<meta name=\"twitter:label2\" content=\"Tiempo de lectura\" \/>\n\t<meta name=\"twitter:data2\" content=\"2 minutos\" \/>\n<script type=\"application\/ld+json\" class=\"yoast-schema-graph\">{\"@context\":\"https:\\\/\\\/schema.org\",\"@graph\":[{\"@type\":\"Article\",\"@id\":\"https:\\\/\\\/www.eldiario.net\\\/portal\\\/2025\\\/01\\\/07\\\/nosiglia-sobrevive-a-la-etapa-maraton-de-48-horas\\\/#article\",\"isPartOf\":{\"@id\":\"https:\\\/\\\/www.eldiario.net\\\/portal\\\/2025\\\/01\\\/07\\\/nosiglia-sobrevive-a-la-etapa-maraton-de-48-horas\\\/\"},\"author\":{\"name\":\"Jeanette\",\"@id\":\"https:\\\/\\\/www.eldiario.net\\\/portal\\\/#\\\/schema\\\/person\\\/f46445640444750d7d753ccd04ae01b7\"},\"headline\":\"Nosiglia \u201csobrevive\u201d a la etapa marat\u00f3n de 48 horas\",\"datePublished\":\"2025-01-07T10:17:25+00:00\",\"mainEntityOfPage\":{\"@id\":\"https:\\\/\\\/www.eldiario.net\\\/portal\\\/2025\\\/01\\\/07\\\/nosiglia-sobrevive-a-la-etapa-maraton-de-48-horas\\\/\"},\"wordCount\":297,\"publisher\":{\"@id\":\"https:\\\/\\\/www.eldiario.net\\\/portal\\\/#organization\"},\"image\":{\"@id\":\"https:\\\/\\\/www.eldiario.net\\\/portal\\\/2025\\\/01\\\/07\\\/nosiglia-sobrevive-a-la-etapa-maraton-de-48-horas\\\/#primaryimage\"},\"thumbnailUrl\":\"https:\\\/\\\/www.eldiario.net\\\/portal\\\/wp-content\\\/uploads\\\/2025\\\/01\\\/Nosiglia-06.jpg\",\"articleSection\":[\"Deportes\"],\"inLanguage\":\"es\"},{\"@type\":\"WebPage\",\"@id\":\"https:\\\/\\\/www.eldiario.net\\\/portal\\\/2025\\\/01\\\/07\\\/nosiglia-sobrevive-a-la-etapa-maraton-de-48-horas\\\/\",\"url\":\"https:\\\/\\\/www.eldiario.net\\\/portal\\\/2025\\\/01\\\/07\\\/nosiglia-sobrevive-a-la-etapa-maraton-de-48-horas\\\/\",\"name\":\"Nosiglia \u201csobrevive\u201d a la etapa marat\u00f3n de 48 horas - El Diario - Bolivia\",\"isPartOf\":{\"@id\":\"https:\\\/\\\/www.eldiario.net\\\/portal\\\/#website\"},\"primaryImageOfPage\":{\"@id\":\"https:\\\/\\\/www.eldiario.net\\\/portal\\\/2025\\\/01\\\/07\\\/nosiglia-sobrevive-a-la-etapa-maraton-de-48-horas\\\/#primaryimage\"},\"image\":{\"@id\":\"https:\\\/\\\/www.eldiario.net\\\/portal\\\/2025\\\/01\\\/07\\\/nosiglia-sobrevive-a-la-etapa-maraton-de-48-horas\\\/#primaryimage\"},\"thumbnailUrl\":\"https:\\\/\\\/www.eldiario.net\\\/portal\\\/wp-content\\\/uploads\\\/2025\\\/01\\\/Nosiglia-06.jpg\",\"datePublished\":\"2025-01-07T10:17:25+00:00\",\"breadcrumb\":{\"@id\":\"https:\\\/\\\/www.eldiario.net\\\/portal\\\/2025\\\/01\\\/07\\\/nosiglia-sobrevive-a-la-etapa-maraton-de-48-horas\\\/#breadcrumb\"},\"inLanguage\":\"es\",\"potentialAction\":[{\"@type\":\"ReadAction\",\"target\":[\"https:\\\/\\\/www.eldiario.net\\\/portal\\\/2025\\\/01\\\/07\\\/nosiglia-sobrevive-a-la-etapa-maraton-de-48-horas\\\/\"]}]},{\"@type\":\"ImageObject\",\"inLanguage\":\"es\",\"@id\":\"https:\\\/\\\/www.eldiario.net\\\/portal\\\/2025\\\/01\\\/07\\\/nosiglia-sobrevive-a-la-etapa-maraton-de-48-horas\\\/#primaryimage\",\"url\":\"https:\\\/\\\/www.eldiario.net\\\/portal\\\/wp-content\\\/uploads\\\/2025\\\/01\\\/Nosiglia-06.jpg\",\"contentUrl\":\"https:\\\/\\\/www.eldiario.net\\\/portal\\\/wp-content\\\/uploads\\\/2025\\\/01\\\/Nosiglia-06.jpg\",\"width\":1200,\"height\":800},{\"@type\":\"BreadcrumbList\",\"@id\":\"https:\\\/\\\/www.eldiario.net\\\/portal\\\/2025\\\/01\\\/07\\\/nosiglia-sobrevive-a-la-etapa-maraton-de-48-horas\\\/#breadcrumb\",\"itemListElement\":[{\"@type\":\"ListItem\",\"position\":1,\"name\":\"Portada\",\"item\":\"https:\\\/\\\/www.eldiario.net\\\/portal\\\/\"},{\"@type\":\"ListItem\",\"position\":2,\"name\":\"Nosiglia \u201csobrevive\u201d a la etapa marat\u00f3n de 48 horas\"}]},{\"@type\":\"WebSite\",\"@id\":\"https:\\\/\\\/www.eldiario.net\\\/portal\\\/#website\",\"url\":\"https:\\\/\\\/www.eldiario.net\\\/portal\\\/\",\"name\":\"El Diario - Decano de la prensa nacional\",\"description\":\"El Diario - Decano de la prensa nacional\",\"publisher\":{\"@id\":\"https:\\\/\\\/www.eldiario.net\\\/portal\\\/#organization\"},\"potentialAction\":[{\"@type\":\"SearchAction\",\"target\":{\"@type\":\"EntryPoint\",\"urlTemplate\":\"https:\\\/\\\/www.eldiario.net\\\/portal\\\/?s={search_term_string}\"},\"query-input\":{\"@type\":\"PropertyValueSpecification\",\"valueRequired\":true,\"valueName\":\"search_term_string\"}}],\"inLanguage\":\"es\"},{\"@type\":\"Organization\",\"@id\":\"https:\\\/\\\/www.eldiario.net\\\/portal\\\/#organization\",\"name\":\"El Diario - Decano de la prensa nacional\",\"url\":\"https:\\\/\\\/www.eldiario.net\\\/portal\\\/\",\"logo\":{\"@type\":\"ImageObject\",\"inLanguage\":\"es\",\"@id\":\"https:\\\/\\\/www.eldiario.net\\\/portal\\\/#\\\/schema\\\/logo\\\/image\\\/\",\"url\":\"https:\\\/\\\/www.eldiario.net\\\/portal\\\/wp-content\\\/uploads\\\/2023\\\/07\\\/logo_ED.jpg\",\"contentUrl\":\"https:\\\/\\\/www.eldiario.net\\\/portal\\\/wp-content\\\/uploads\\\/2023\\\/07\\\/logo_ED.jpg\",\"width\":272,\"height\":52,\"caption\":\"El Diario - Decano de la prensa nacional\"},\"image\":{\"@id\":\"https:\\\/\\\/www.eldiario.net\\\/portal\\\/#\\\/schema\\\/logo\\\/image\\\/\"},\"sameAs\":[\"https:\\\/\\\/www.facebook.com\\\/eldiario.bolivia\\\/\",\"https:\\\/\\\/x.com\\\/eldiario_net\"]},{\"@type\":\"Person\",\"@id\":\"https:\\\/\\\/www.eldiario.net\\\/portal\\\/#\\\/schema\\\/person\\\/f46445640444750d7d753ccd04ae01b7\",\"name\":\"Jeanette\",\"image\":{\"@type\":\"ImageObject\",\"inLanguage\":\"es\",\"@id\":\"https:\\\/\\\/secure.gravatar.com\\\/avatar\\\/3ea2118a5f7dad2b7138b1187a6b7ee55f160b9968b66013c3a3ef39dd7e5798?s=96&d=mm&r=g\",\"url\":\"https:\\\/\\\/secure.gravatar.com\\\/avatar\\\/3ea2118a5f7dad2b7138b1187a6b7ee55f160b9968b66013c3a3ef39dd7e5798?s=96&d=mm&r=g\",\"contentUrl\":\"https:\\\/\\\/secure.gravatar.com\\\/avatar\\\/3ea2118a5f7dad2b7138b1187a6b7ee55f160b9968b66013c3a3ef39dd7e5798?s=96&d=mm&r=g\",\"caption\":\"Jeanette\"},\"sameAs\":[\"https:\\\/\\\/www.eldiario.net\\\/portal\"],\"url\":\"https:\\\/\\\/www.eldiario.net\\\/portal\\\/author\\\/jeanette\\\/\"}]}<\/script>\n<!-- \/ Yoast SEO plugin. -->","yoast_head_json":{"title":"Nosiglia \u201csobrevive\u201d a la etapa marat\u00f3n de 48 horas - El Diario - Bolivia","robots":{"index":"index","follow":"follow","max-snippet":"max-snippet:-1","max-image-preview":"max-image-preview:large","max-video-preview":"max-video-preview:-1"},"canonical":"https:\/\/www.eldiario.net\/portal\/2025\/01\/07\/nosiglia-sobrevive-a-la-etapa-maraton-de-48-horas\/","og_locale":"es_ES","og_type":"article","og_title":"Nosiglia \u201csobrevive\u201d a la etapa marat\u00f3n de 48 horas - El Diario - Bolivia","og_description":"El piloto Daniel Nosiglia, del equipo espa\u00f1ol Rieju Pedreg\u00e1, sali\u00f3 airoso de la etapa marat\u00f3n de 48 horas en el Rally Dakar 2025, alcanzando la posici\u00f3n 26 en la categor\u00eda de motos, con un tiempo de 12 horas, 15 minutos, dos segundos, despu\u00e9s de recorrer un total de 1.057 kil\u00f3metros, con 965 kil\u00f3metros cronometrados, en [&hellip;]","og_url":"https:\/\/www.eldiario.net\/portal\/2025\/01\/07\/nosiglia-sobrevive-a-la-etapa-maraton-de-48-horas\/","og_site_name":"El Diario - Bolivia","article_publisher":"https:\/\/www.facebook.com\/eldiario.bolivia\/","article_published_time":"2025-01-07T10:17:25+00:00","og_image":[{"width":1200,"height":800,"url":"https:\/\/www.eldiario.net\/portal\/wp-content\/uploads\/2025\/01\/Nosiglia-06.jpg","type":"image\/jpeg"}],"author":"Jeanette","twitter_card":"summary_large_image","twitter_creator":"@eldiario_net","twitter_site":"@eldiario_net","twitter_misc":{"Escrito por":"Jeanette","Tiempo de lectura":"2 minutos"},"schema":{"@context":"https:\/\/schema.org","@graph":[{"@type":"Article","@id":"https:\/\/www.eldiario.net\/portal\/2025\/01\/07\/nosiglia-sobrevive-a-la-etapa-maraton-de-48-horas\/#article","isPartOf":{"@id":"https:\/\/www.eldiario.net\/portal\/2025\/01\/07\/nosiglia-sobrevive-a-la-etapa-maraton-de-48-horas\/"},"author":{"name":"Jeanette","@id":"https:\/\/www.eldiario.net\/portal\/#\/schema\/person\/f46445640444750d7d753ccd04ae01b7"},"headline":"Nosiglia \u201csobrevive\u201d a la etapa marat\u00f3n de 48 horas","datePublished":"2025-01-07T10:17:25+00:00","mainEntityOfPage":{"@id":"https:\/\/www.eldiario.net\/portal\/2025\/01\/07\/nosiglia-sobrevive-a-la-etapa-maraton-de-48-horas\/"},"wordCount":297,"publisher":{"@id":"https:\/\/www.eldiario.net\/portal\/#organization"},"image":{"@id":"https:\/\/www.eldiario.net\/portal\/2025\/01\/07\/nosiglia-sobrevive-a-la-etapa-maraton-de-48-horas\/#primaryimage"},"thumbnailUrl":"https:\/\/www.eldiario.net\/portal\/wp-content\/uploads\/2025\/01\/Nosiglia-06.jpg","articleSection":["Deportes"],"inLanguage":"es"},{"@type":"WebPage","@id":"https:\/\/www.eldiario.net\/portal\/2025\/01\/07\/nosiglia-sobrevive-a-la-etapa-maraton-de-48-horas\/","url":"https:\/\/www.eldiario.net\/portal\/2025\/01\/07\/nosiglia-sobrevive-a-la-etapa-maraton-de-48-horas\/","name":"Nosiglia \u201csobrevive\u201d a la etapa marat\u00f3n de 48 horas - El Diario - Bolivia","isPartOf":{"@id":"https:\/\/www.eldiario.net\/portal\/#website"},"primaryImageOfPage":{"@id":"https:\/\/www.eldiario.net\/portal\/2025\/01\/07\/nosiglia-sobrevive-a-la-etapa-maraton-de-48-horas\/#primaryimage"},"image":{"@id":"https:\/\/www.eldiario.net\/portal\/2025\/01\/07\/nosiglia-sobrevive-a-la-etapa-maraton-de-48-horas\/#primaryimage"},"thumbnailUrl":"https:\/\/www.eldiario.net\/portal\/wp-content\/uploads\/2025\/01\/Nosiglia-06.jpg","datePublished":"2025-01-07T10:17:25+00:00","breadcrumb":{"@id":"https:\/\/www.eldiario.net\/portal\/2025\/01\/07\/nosiglia-sobrevive-a-la-etapa-maraton-de-48-horas\/#breadcrumb"},"inLanguage":"es","potentialAction":[{"@type":"ReadAction","target":["https:\/\/www.eldiario.net\/portal\/2025\/01\/07\/nosiglia-sobrevive-a-la-etapa-maraton-de-48-horas\/"]}]},{"@type":"ImageObject","inLanguage":"es","@id":"https:\/\/www.eldiario.net\/portal\/2025\/01\/07\/nosiglia-sobrevive-a-la-etapa-maraton-de-48-horas\/#primaryimage","url":"https:\/\/www.eldiario.net\/portal\/wp-content\/uploads\/2025\/01\/Nosiglia-06.jpg","contentUrl":"https:\/\/www.eldiario.net\/portal\/wp-content\/uploads\/2025\/01\/Nosiglia-06.jpg","width":1200,"height":800},{"@type":"BreadcrumbList","@id":"https:\/\/www.eldiario.net\/portal\/2025\/01\/07\/nosiglia-sobrevive-a-la-etapa-maraton-de-48-horas\/#breadcrumb","itemListElement":[{"@type":"ListItem","position":1,"name":"Portada","item":"https:\/\/www.eldiario.net\/portal\/"},{"@type":"ListItem","position":2,"name":"Nosiglia \u201csobrevive\u201d a la etapa marat\u00f3n de 48 horas"}]},{"@type":"WebSite","@id":"https:\/\/www.eldiario.net\/portal\/#website","url":"https:\/\/www.eldiario.net\/portal\/","name":"El Diario - Decano de la prensa nacional","description":"El Diario - Decano de la prensa nacional","publisher":{"@id":"https:\/\/www.eldiario.net\/portal\/#organization"},"potentialAction":[{"@type":"SearchAction","target":{"@type":"EntryPoint","urlTemplate":"https:\/\/www.eldiario.net\/portal\/?s={search_term_string}"},"query-input":{"@type":"PropertyValueSpecification","valueRequired":true,"valueName":"search_term_string"}}],"inLanguage":"es"},{"@type":"Organization","@id":"https:\/\/www.eldiario.net\/portal\/#organization","name":"El Diario - Decano de la prensa nacional","url":"https:\/\/www.eldiario.net\/portal\/","logo":{"@type":"ImageObject","inLanguage":"es","@id":"https:\/\/www.eldiario.net\/portal\/#\/schema\/logo\/image\/","url":"https:\/\/www.eldiario.net\/portal\/wp-content\/uploads\/2023\/07\/logo_ED.jpg","contentUrl":"https:\/\/www.eldiario.net\/portal\/wp-content\/uploads\/2023\/07\/logo_ED.jpg","width":272,"height":52,"caption":"El Diario - Decano de la prensa nacional"},"image":{"@id":"https:\/\/www.eldiario.net\/portal\/#\/schema\/logo\/image\/"},"sameAs":["https:\/\/www.facebook.com\/eldiario.bolivia\/","https:\/\/x.com\/eldiario_net"]},{"@type":"Person","@id":"https:\/\/www.eldiario.net\/portal\/#\/schema\/person\/f46445640444750d7d753ccd04ae01b7","name":"Jeanette","image":{"@type":"ImageObject","inLanguage":"es","@id":"https:\/\/secure.gravatar.com\/avatar\/3ea2118a5f7dad2b7138b1187a6b7ee55f160b9968b66013c3a3ef39dd7e5798?s=96&d=mm&r=g","url":"https:\/\/secure.gravatar.com\/avatar\/3ea2118a5f7dad2b7138b1187a6b7ee55f160b9968b66013c3a3ef39dd7e5798?s=96&d=mm&r=g","contentUrl":"https:\/\/secure.gravatar.com\/avatar\/3ea2118a5f7dad2b7138b1187a6b7ee55f160b9968b66013c3a3ef39dd7e5798?s=96&d=mm&r=g","caption":"Jeanette"},"sameAs":["https:\/\/www.eldiario.net\/portal"],"url":"https:\/\/www.eldiario.net\/portal\/author\/jeanette\/"}]}},"_links":{"self":[{"href":"https:\/\/www.eldiario.net\/portal\/wp-json\/wp\/v2\/posts\/272893","targetHints":{"allow":["GET"]}}],"collection":[{"href":"https:\/\/www.eldiario.net\/portal\/wp-json\/wp\/v2\/posts"}],"about":[{"href":"https:\/\/www.eldiario.net\/portal\/wp-json\/wp\/v2\/types\/post"}],"author":[{"embeddable":true,"href":"https:\/\/www.eldiario.net\/portal\/wp-json\/wp\/v2\/users\/1"}],"replies":[{"embeddable":true,"href":"https:\/\/www.eldiario.net\/portal\/wp-json\/wp\/v2\/comments?post=272893"}],"version-history":[{"count":1,"href":"https:\/\/www.eldiario.net\/portal\/wp-json\/wp\/v2\/posts\/272893\/revisions"}],"predecessor-version":[{"id":272895,"href":"https:\/\/www.eldiario.net\/portal\/wp-json\/wp\/v2\/posts\/272893\/revisions\/272895"}],"wp:featuredmedia":[{"embeddable":true,"href":"https:\/\/www.eldiario.net\/portal\/wp-json\/wp\/v2\/media\/272894"}],"wp:attachment":[{"href":"https:\/\/www.eldiario.net\/portal\/wp-json\/wp\/v2\/media?parent=272893"}],"wp:term":[{"taxonomy":"category","embeddable":true,"href":"https:\/\/www.eldiario.net\/portal\/wp-json\/wp\/v2\/categories?post=272893"},{"taxonomy":"post_tag","embeddable":true,"href":"https:\/\/www.eldiario.net\/portal\/wp-json\/wp\/v2\/tags?post=272893"}],"curies":[{"name":"wp","href":"https:\/\/api.w.org\/{rel}","templated":true}]}}