{"id":272890,"date":"2025-01-07T06:16:53","date_gmt":"2025-01-07T10:16:53","guid":{"rendered":"https:\/\/www.eldiario.net\/portal\/?p=272890"},"modified":"2025-01-07T06:16:53","modified_gmt":"2025-01-07T10:16:53","slug":"blooming-ingresara-en-concentracion-cerrada-a-partir-del-jueves","status":"publish","type":"post","link":"https:\/\/www.eldiario.net\/portal\/2025\/01\/07\/blooming-ingresara-en-concentracion-cerrada-a-partir-del-jueves\/","title":{"rendered":"Blooming ingresar\u00e1 en concentraci\u00f3n cerrada a partir del jueves"},"content":{"rendered":"<p>SANTA CRUZ.- Blooming comenz\u00f3 este lunes con el trabajo de pretemporada, encabezado por el entrenador Mauricio Soria, quien anunci\u00f3 que a partir del jueves 9 de enero los futbolistas ingresar\u00e1n en una concentraci\u00f3n cerrada por 13 d\u00edas, con vista al partido de ida que jugar\u00e1 frente a El Nacional (Ecuador), el 6 de febrero (20:30), por la primera fase de la Copa Libertadores de Am\u00e9rica.<\/p>\n<p>\u201cEl equipo entrenar\u00e1 en concentraci\u00f3n el jueves, cerrada dentro del club, que es algo bueno tener el lugar para dormir, comer y eso nos sirve much\u00edsimo para acortar los tiempos de trabajo\u201d, declar\u00f3 Soria, en la primera jornada de trabajo, donde los tres primeros d\u00edas estar\u00e1n enfocados a la revisi\u00f3n m\u00e9dica, ejercicios livianos y ex\u00e1menes antropom\u00e9tricas.<\/p>\n<p>Esta concentraci\u00f3n ser\u00e1 desde el 9 de enero hasta el 22 de enero, finalizando con un partido amistoso, ya sea con un equipo del interior de Santa Cruz, para presentar el elenco 2025 con el cual buscar\u00e1 asegurar el triunfo en la ida de esta llave.<\/p>\n<p>\u201cDe aqu\u00ed a un mes estamos por dar un paso fuerte como para poder afianzar el crecimiento que vengo pregonando\u201d, indic\u00f3 Soria, en la presentaci\u00f3n oficial del trabajo, este lunes, con la asistencia del presidente del club, Sebasti\u00e1n Pe\u00f1a.<\/p>\n<p>A su turno, el dirigente mencion\u00f3 que este a\u00f1o ser\u00e1 \u201cdonde Blooming debe ser m\u00e1s protagonista que en los anteriores a\u00f1os, como dirigencia vamos a trabajar para asumir retos\u201d.<\/p>\n<p>Los rostros nuevos del elenco celeste fueron: Marco Enoumba (proveniente de The Strongest), Mart\u00edn Alaniz (Guabir\u00e1), Gustavo Almada (FC Universitario de Vinto) y Mauricio Cabral (Aurora). En los siguientes d\u00edas se anunciar\u00e1n nuevas contrataciones.<\/p>\n<p>El cuerpo t\u00e9cnico de Soria est\u00e1 formado por Pablo Salinas (asistente t\u00e9cnico), David Woitquivich (preparador f\u00edsico), Marco Vallejo (entrenador de arqueros) y Diego Soria (analista de video).<\/p>\n<p><strong>(APG)<\/strong><\/p>\n","protected":false},"excerpt":{"rendered":"<p>SANTA CRUZ.- Blooming comenz\u00f3 este lunes con el trabajo de pretemporada, encabezado por el entrenador Mauricio Soria, quien anunci\u00f3 que a partir del jueves 9 de enero los futbolistas ingresar\u00e1n en una concentraci\u00f3n cerrada por 13 d\u00edas, con vista al partido de ida que jugar\u00e1 frente a El Nacional (Ecuador), el 6 de febrero (20:30), [&hellip;]<\/p>\n","protected":false},"author":1,"featured_media":272891,"comment_status":"closed","ping_status":"open","sticky":false,"template":"","format":"standard","meta":{"_acf_changed":false,"footnotes":""},"categories":[6],"tags":[],"class_list":["post-272890","post","type-post","status-publish","format-standard","has-post-thumbnail","category-deportes"],"acf":{"antetitulo":""},"yoast_head":"<!-- This site is optimized with the Yoast SEO plugin v28.4 - https:\/\/yoast.com\/product\/yoast-seo-wordpress\/ -->\n<title>Blooming ingresar\u00e1 en concentraci\u00f3n cerrada a partir del jueves - El Diario - Bolivia<\/title>\n<meta name=\"robots\" content=\"index, follow, max-snippet:-1, max-image-preview:large, max-video-preview:-1\" \/>\n<link rel=\"canonical\" href=\"https:\/\/www.eldiario.net\/portal\/2025\/01\/07\/blooming-ingresara-en-concentracion-cerrada-a-partir-del-jueves\/\" \/>\n<meta property=\"og:locale\" content=\"es_ES\" \/>\n<meta property=\"og:type\" content=\"article\" \/>\n<meta property=\"og:title\" content=\"Blooming ingresar\u00e1 en concentraci\u00f3n cerrada a partir del jueves - El Diario - Bolivia\" \/>\n<meta property=\"og:description\" content=\"SANTA CRUZ.- Blooming comenz\u00f3 este lunes con el trabajo de pretemporada, encabezado por el entrenador Mauricio Soria, quien anunci\u00f3 que a partir del jueves 9 de enero los futbolistas ingresar\u00e1n en una concentraci\u00f3n cerrada por 13 d\u00edas, con vista al partido de ida que jugar\u00e1 frente a El Nacional (Ecuador), el 6 de febrero (20:30), [&hellip;]\" \/>\n<meta property=\"og:url\" content=\"https:\/\/www.eldiario.net\/portal\/2025\/01\/07\/blooming-ingresara-en-concentracion-cerrada-a-partir-del-jueves\/\" \/>\n<meta property=\"og:site_name\" content=\"El Diario - Bolivia\" \/>\n<meta property=\"article:publisher\" content=\"https:\/\/www.facebook.com\/eldiario.bolivia\/\" \/>\n<meta property=\"article:published_time\" content=\"2025-01-07T10:16:53+00:00\" \/>\n<meta property=\"og:image\" content=\"https:\/\/www.eldiario.net\/portal\/wp-content\/uploads\/2025\/01\/Blooming-06.jpg\" \/>\n\t<meta property=\"og:image:width\" content=\"1200\" \/>\n\t<meta property=\"og:image:height\" content=\"854\" \/>\n\t<meta property=\"og:image:type\" content=\"image\/jpeg\" \/>\n<meta name=\"author\" content=\"Jeanette\" \/>\n<meta name=\"twitter:card\" content=\"summary_large_image\" \/>\n<meta name=\"twitter:creator\" content=\"@eldiario_net\" \/>\n<meta name=\"twitter:site\" content=\"@eldiario_net\" \/>\n<meta name=\"twitter:label1\" content=\"Escrito por\" \/>\n\t<meta name=\"twitter:data1\" content=\"Jeanette\" \/>\n\t<meta name=\"twitter:label2\" content=\"Tiempo de lectura\" \/>\n\t<meta name=\"twitter:data2\" content=\"2 minutos\" \/>\n<script type=\"application\/ld+json\" class=\"yoast-schema-graph\">{\"@context\":\"https:\\\/\\\/schema.org\",\"@graph\":[{\"@type\":\"Article\",\"@id\":\"https:\\\/\\\/www.eldiario.net\\\/portal\\\/2025\\\/01\\\/07\\\/blooming-ingresara-en-concentracion-cerrada-a-partir-del-jueves\\\/#article\",\"isPartOf\":{\"@id\":\"https:\\\/\\\/www.eldiario.net\\\/portal\\\/2025\\\/01\\\/07\\\/blooming-ingresara-en-concentracion-cerrada-a-partir-del-jueves\\\/\"},\"author\":{\"name\":\"Jeanette\",\"@id\":\"https:\\\/\\\/www.eldiario.net\\\/portal\\\/#\\\/schema\\\/person\\\/f46445640444750d7d753ccd04ae01b7\"},\"headline\":\"Blooming ingresar\u00e1 en concentraci\u00f3n cerrada a partir del jueves\",\"datePublished\":\"2025-01-07T10:16:53+00:00\",\"mainEntityOfPage\":{\"@id\":\"https:\\\/\\\/www.eldiario.net\\\/portal\\\/2025\\\/01\\\/07\\\/blooming-ingresara-en-concentracion-cerrada-a-partir-del-jueves\\\/\"},\"wordCount\":326,\"publisher\":{\"@id\":\"https:\\\/\\\/www.eldiario.net\\\/portal\\\/#organization\"},\"image\":{\"@id\":\"https:\\\/\\\/www.eldiario.net\\\/portal\\\/2025\\\/01\\\/07\\\/blooming-ingresara-en-concentracion-cerrada-a-partir-del-jueves\\\/#primaryimage\"},\"thumbnailUrl\":\"https:\\\/\\\/www.eldiario.net\\\/portal\\\/wp-content\\\/uploads\\\/2025\\\/01\\\/Blooming-06.jpg\",\"articleSection\":[\"Deportes\"],\"inLanguage\":\"es\"},{\"@type\":\"WebPage\",\"@id\":\"https:\\\/\\\/www.eldiario.net\\\/portal\\\/2025\\\/01\\\/07\\\/blooming-ingresara-en-concentracion-cerrada-a-partir-del-jueves\\\/\",\"url\":\"https:\\\/\\\/www.eldiario.net\\\/portal\\\/2025\\\/01\\\/07\\\/blooming-ingresara-en-concentracion-cerrada-a-partir-del-jueves\\\/\",\"name\":\"Blooming ingresar\u00e1 en concentraci\u00f3n cerrada a partir del jueves - El Diario - Bolivia\",\"isPartOf\":{\"@id\":\"https:\\\/\\\/www.eldiario.net\\\/portal\\\/#website\"},\"primaryImageOfPage\":{\"@id\":\"https:\\\/\\\/www.eldiario.net\\\/portal\\\/2025\\\/01\\\/07\\\/blooming-ingresara-en-concentracion-cerrada-a-partir-del-jueves\\\/#primaryimage\"},\"image\":{\"@id\":\"https:\\\/\\\/www.eldiario.net\\\/portal\\\/2025\\\/01\\\/07\\\/blooming-ingresara-en-concentracion-cerrada-a-partir-del-jueves\\\/#primaryimage\"},\"thumbnailUrl\":\"https:\\\/\\\/www.eldiario.net\\\/portal\\\/wp-content\\\/uploads\\\/2025\\\/01\\\/Blooming-06.jpg\",\"datePublished\":\"2025-01-07T10:16:53+00:00\",\"breadcrumb\":{\"@id\":\"https:\\\/\\\/www.eldiario.net\\\/portal\\\/2025\\\/01\\\/07\\\/blooming-ingresara-en-concentracion-cerrada-a-partir-del-jueves\\\/#breadcrumb\"},\"inLanguage\":\"es\",\"potentialAction\":[{\"@type\":\"ReadAction\",\"target\":[\"https:\\\/\\\/www.eldiario.net\\\/portal\\\/2025\\\/01\\\/07\\\/blooming-ingresara-en-concentracion-cerrada-a-partir-del-jueves\\\/\"]}]},{\"@type\":\"ImageObject\",\"inLanguage\":\"es\",\"@id\":\"https:\\\/\\\/www.eldiario.net\\\/portal\\\/2025\\\/01\\\/07\\\/blooming-ingresara-en-concentracion-cerrada-a-partir-del-jueves\\\/#primaryimage\",\"url\":\"https:\\\/\\\/www.eldiario.net\\\/portal\\\/wp-content\\\/uploads\\\/2025\\\/01\\\/Blooming-06.jpg\",\"contentUrl\":\"https:\\\/\\\/www.eldiario.net\\\/portal\\\/wp-content\\\/uploads\\\/2025\\\/01\\\/Blooming-06.jpg\",\"width\":1200,\"height\":854},{\"@type\":\"BreadcrumbList\",\"@id\":\"https:\\\/\\\/www.eldiario.net\\\/portal\\\/2025\\\/01\\\/07\\\/blooming-ingresara-en-concentracion-cerrada-a-partir-del-jueves\\\/#breadcrumb\",\"itemListElement\":[{\"@type\":\"ListItem\",\"position\":1,\"name\":\"Portada\",\"item\":\"https:\\\/\\\/www.eldiario.net\\\/portal\\\/\"},{\"@type\":\"ListItem\",\"position\":2,\"name\":\"Blooming ingresar\u00e1 en concentraci\u00f3n cerrada a partir del jueves\"}]},{\"@type\":\"WebSite\",\"@id\":\"https:\\\/\\\/www.eldiario.net\\\/portal\\\/#website\",\"url\":\"https:\\\/\\\/www.eldiario.net\\\/portal\\\/\",\"name\":\"El Diario - Decano de la prensa nacional\",\"description\":\"El Diario - Decano de la prensa nacional\",\"publisher\":{\"@id\":\"https:\\\/\\\/www.eldiario.net\\\/portal\\\/#organization\"},\"potentialAction\":[{\"@type\":\"SearchAction\",\"target\":{\"@type\":\"EntryPoint\",\"urlTemplate\":\"https:\\\/\\\/www.eldiario.net\\\/portal\\\/?s={search_term_string}\"},\"query-input\":{\"@type\":\"PropertyValueSpecification\",\"valueRequired\":true,\"valueName\":\"search_term_string\"}}],\"inLanguage\":\"es\"},{\"@type\":\"Organization\",\"@id\":\"https:\\\/\\\/www.eldiario.net\\\/portal\\\/#organization\",\"name\":\"El Diario - Decano de la prensa nacional\",\"url\":\"https:\\\/\\\/www.eldiario.net\\\/portal\\\/\",\"logo\":{\"@type\":\"ImageObject\",\"inLanguage\":\"es\",\"@id\":\"https:\\\/\\\/www.eldiario.net\\\/portal\\\/#\\\/schema\\\/logo\\\/image\\\/\",\"url\":\"https:\\\/\\\/www.eldiario.net\\\/portal\\\/wp-content\\\/uploads\\\/2023\\\/07\\\/logo_ED.jpg\",\"contentUrl\":\"https:\\\/\\\/www.eldiario.net\\\/portal\\\/wp-content\\\/uploads\\\/2023\\\/07\\\/logo_ED.jpg\",\"width\":272,\"height\":52,\"caption\":\"El Diario - Decano de la prensa nacional\"},\"image\":{\"@id\":\"https:\\\/\\\/www.eldiario.net\\\/portal\\\/#\\\/schema\\\/logo\\\/image\\\/\"},\"sameAs\":[\"https:\\\/\\\/www.facebook.com\\\/eldiario.bolivia\\\/\",\"https:\\\/\\\/x.com\\\/eldiario_net\"]},{\"@type\":\"Person\",\"@id\":\"https:\\\/\\\/www.eldiario.net\\\/portal\\\/#\\\/schema\\\/person\\\/f46445640444750d7d753ccd04ae01b7\",\"name\":\"Jeanette\",\"image\":{\"@type\":\"ImageObject\",\"inLanguage\":\"es\",\"@id\":\"https:\\\/\\\/secure.gravatar.com\\\/avatar\\\/3ea2118a5f7dad2b7138b1187a6b7ee55f160b9968b66013c3a3ef39dd7e5798?s=96&d=mm&r=g\",\"url\":\"https:\\\/\\\/secure.gravatar.com\\\/avatar\\\/3ea2118a5f7dad2b7138b1187a6b7ee55f160b9968b66013c3a3ef39dd7e5798?s=96&d=mm&r=g\",\"contentUrl\":\"https:\\\/\\\/secure.gravatar.com\\\/avatar\\\/3ea2118a5f7dad2b7138b1187a6b7ee55f160b9968b66013c3a3ef39dd7e5798?s=96&d=mm&r=g\",\"caption\":\"Jeanette\"},\"sameAs\":[\"https:\\\/\\\/www.eldiario.net\\\/portal\"],\"url\":\"https:\\\/\\\/www.eldiario.net\\\/portal\\\/author\\\/jeanette\\\/\"}]}<\/script>\n<!-- \/ Yoast SEO plugin. -->","yoast_head_json":{"title":"Blooming ingresar\u00e1 en concentraci\u00f3n cerrada a partir del jueves - El Diario - Bolivia","robots":{"index":"index","follow":"follow","max-snippet":"max-snippet:-1","max-image-preview":"max-image-preview:large","max-video-preview":"max-video-preview:-1"},"canonical":"https:\/\/www.eldiario.net\/portal\/2025\/01\/07\/blooming-ingresara-en-concentracion-cerrada-a-partir-del-jueves\/","og_locale":"es_ES","og_type":"article","og_title":"Blooming ingresar\u00e1 en concentraci\u00f3n cerrada a partir del jueves - El Diario - Bolivia","og_description":"SANTA CRUZ.- Blooming comenz\u00f3 este lunes con el trabajo de pretemporada, encabezado por el entrenador Mauricio Soria, quien anunci\u00f3 que a partir del jueves 9 de enero los futbolistas ingresar\u00e1n en una concentraci\u00f3n cerrada por 13 d\u00edas, con vista al partido de ida que jugar\u00e1 frente a El Nacional (Ecuador), el 6 de febrero (20:30), [&hellip;]","og_url":"https:\/\/www.eldiario.net\/portal\/2025\/01\/07\/blooming-ingresara-en-concentracion-cerrada-a-partir-del-jueves\/","og_site_name":"El Diario - Bolivia","article_publisher":"https:\/\/www.facebook.com\/eldiario.bolivia\/","article_published_time":"2025-01-07T10:16:53+00:00","og_image":[{"width":1200,"height":854,"url":"https:\/\/www.eldiario.net\/portal\/wp-content\/uploads\/2025\/01\/Blooming-06.jpg","type":"image\/jpeg"}],"author":"Jeanette","twitter_card":"summary_large_image","twitter_creator":"@eldiario_net","twitter_site":"@eldiario_net","twitter_misc":{"Escrito por":"Jeanette","Tiempo de lectura":"2 minutos"},"schema":{"@context":"https:\/\/schema.org","@graph":[{"@type":"Article","@id":"https:\/\/www.eldiario.net\/portal\/2025\/01\/07\/blooming-ingresara-en-concentracion-cerrada-a-partir-del-jueves\/#article","isPartOf":{"@id":"https:\/\/www.eldiario.net\/portal\/2025\/01\/07\/blooming-ingresara-en-concentracion-cerrada-a-partir-del-jueves\/"},"author":{"name":"Jeanette","@id":"https:\/\/www.eldiario.net\/portal\/#\/schema\/person\/f46445640444750d7d753ccd04ae01b7"},"headline":"Blooming ingresar\u00e1 en concentraci\u00f3n cerrada a partir del jueves","datePublished":"2025-01-07T10:16:53+00:00","mainEntityOfPage":{"@id":"https:\/\/www.eldiario.net\/portal\/2025\/01\/07\/blooming-ingresara-en-concentracion-cerrada-a-partir-del-jueves\/"},"wordCount":326,"publisher":{"@id":"https:\/\/www.eldiario.net\/portal\/#organization"},"image":{"@id":"https:\/\/www.eldiario.net\/portal\/2025\/01\/07\/blooming-ingresara-en-concentracion-cerrada-a-partir-del-jueves\/#primaryimage"},"thumbnailUrl":"https:\/\/www.eldiario.net\/portal\/wp-content\/uploads\/2025\/01\/Blooming-06.jpg","articleSection":["Deportes"],"inLanguage":"es"},{"@type":"WebPage","@id":"https:\/\/www.eldiario.net\/portal\/2025\/01\/07\/blooming-ingresara-en-concentracion-cerrada-a-partir-del-jueves\/","url":"https:\/\/www.eldiario.net\/portal\/2025\/01\/07\/blooming-ingresara-en-concentracion-cerrada-a-partir-del-jueves\/","name":"Blooming ingresar\u00e1 en concentraci\u00f3n cerrada a partir del jueves - El Diario - Bolivia","isPartOf":{"@id":"https:\/\/www.eldiario.net\/portal\/#website"},"primaryImageOfPage":{"@id":"https:\/\/www.eldiario.net\/portal\/2025\/01\/07\/blooming-ingresara-en-concentracion-cerrada-a-partir-del-jueves\/#primaryimage"},"image":{"@id":"https:\/\/www.eldiario.net\/portal\/2025\/01\/07\/blooming-ingresara-en-concentracion-cerrada-a-partir-del-jueves\/#primaryimage"},"thumbnailUrl":"https:\/\/www.eldiario.net\/portal\/wp-content\/uploads\/2025\/01\/Blooming-06.jpg","datePublished":"2025-01-07T10:16:53+00:00","breadcrumb":{"@id":"https:\/\/www.eldiario.net\/portal\/2025\/01\/07\/blooming-ingresara-en-concentracion-cerrada-a-partir-del-jueves\/#breadcrumb"},"inLanguage":"es","potentialAction":[{"@type":"ReadAction","target":["https:\/\/www.eldiario.net\/portal\/2025\/01\/07\/blooming-ingresara-en-concentracion-cerrada-a-partir-del-jueves\/"]}]},{"@type":"ImageObject","inLanguage":"es","@id":"https:\/\/www.eldiario.net\/portal\/2025\/01\/07\/blooming-ingresara-en-concentracion-cerrada-a-partir-del-jueves\/#primaryimage","url":"https:\/\/www.eldiario.net\/portal\/wp-content\/uploads\/2025\/01\/Blooming-06.jpg","contentUrl":"https:\/\/www.eldiario.net\/portal\/wp-content\/uploads\/2025\/01\/Blooming-06.jpg","width":1200,"height":854},{"@type":"BreadcrumbList","@id":"https:\/\/www.eldiario.net\/portal\/2025\/01\/07\/blooming-ingresara-en-concentracion-cerrada-a-partir-del-jueves\/#breadcrumb","itemListElement":[{"@type":"ListItem","position":1,"name":"Portada","item":"https:\/\/www.eldiario.net\/portal\/"},{"@type":"ListItem","position":2,"name":"Blooming ingresar\u00e1 en concentraci\u00f3n cerrada a partir del jueves"}]},{"@type":"WebSite","@id":"https:\/\/www.eldiario.net\/portal\/#website","url":"https:\/\/www.eldiario.net\/portal\/","name":"El Diario - Decano de la prensa nacional","description":"El Diario - Decano de la prensa nacional","publisher":{"@id":"https:\/\/www.eldiario.net\/portal\/#organization"},"potentialAction":[{"@type":"SearchAction","target":{"@type":"EntryPoint","urlTemplate":"https:\/\/www.eldiario.net\/portal\/?s={search_term_string}"},"query-input":{"@type":"PropertyValueSpecification","valueRequired":true,"valueName":"search_term_string"}}],"inLanguage":"es"},{"@type":"Organization","@id":"https:\/\/www.eldiario.net\/portal\/#organization","name":"El Diario - Decano de la prensa nacional","url":"https:\/\/www.eldiario.net\/portal\/","logo":{"@type":"ImageObject","inLanguage":"es","@id":"https:\/\/www.eldiario.net\/portal\/#\/schema\/logo\/image\/","url":"https:\/\/www.eldiario.net\/portal\/wp-content\/uploads\/2023\/07\/logo_ED.jpg","contentUrl":"https:\/\/www.eldiario.net\/portal\/wp-content\/uploads\/2023\/07\/logo_ED.jpg","width":272,"height":52,"caption":"El Diario - Decano de la prensa nacional"},"image":{"@id":"https:\/\/www.eldiario.net\/portal\/#\/schema\/logo\/image\/"},"sameAs":["https:\/\/www.facebook.com\/eldiario.bolivia\/","https:\/\/x.com\/eldiario_net"]},{"@type":"Person","@id":"https:\/\/www.eldiario.net\/portal\/#\/schema\/person\/f46445640444750d7d753ccd04ae01b7","name":"Jeanette","image":{"@type":"ImageObject","inLanguage":"es","@id":"https:\/\/secure.gravatar.com\/avatar\/3ea2118a5f7dad2b7138b1187a6b7ee55f160b9968b66013c3a3ef39dd7e5798?s=96&d=mm&r=g","url":"https:\/\/secure.gravatar.com\/avatar\/3ea2118a5f7dad2b7138b1187a6b7ee55f160b9968b66013c3a3ef39dd7e5798?s=96&d=mm&r=g","contentUrl":"https:\/\/secure.gravatar.com\/avatar\/3ea2118a5f7dad2b7138b1187a6b7ee55f160b9968b66013c3a3ef39dd7e5798?s=96&d=mm&r=g","caption":"Jeanette"},"sameAs":["https:\/\/www.eldiario.net\/portal"],"url":"https:\/\/www.eldiario.net\/portal\/author\/jeanette\/"}]}},"_links":{"self":[{"href":"https:\/\/www.eldiario.net\/portal\/wp-json\/wp\/v2\/posts\/272890","targetHints":{"allow":["GET"]}}],"collection":[{"href":"https:\/\/www.eldiario.net\/portal\/wp-json\/wp\/v2\/posts"}],"about":[{"href":"https:\/\/www.eldiario.net\/portal\/wp-json\/wp\/v2\/types\/post"}],"author":[{"embeddable":true,"href":"https:\/\/www.eldiario.net\/portal\/wp-json\/wp\/v2\/users\/1"}],"replies":[{"embeddable":true,"href":"https:\/\/www.eldiario.net\/portal\/wp-json\/wp\/v2\/comments?post=272890"}],"version-history":[{"count":1,"href":"https:\/\/www.eldiario.net\/portal\/wp-json\/wp\/v2\/posts\/272890\/revisions"}],"predecessor-version":[{"id":272892,"href":"https:\/\/www.eldiario.net\/portal\/wp-json\/wp\/v2\/posts\/272890\/revisions\/272892"}],"wp:featuredmedia":[{"embeddable":true,"href":"https:\/\/www.eldiario.net\/portal\/wp-json\/wp\/v2\/media\/272891"}],"wp:attachment":[{"href":"https:\/\/www.eldiario.net\/portal\/wp-json\/wp\/v2\/media?parent=272890"}],"wp:term":[{"taxonomy":"category","embeddable":true,"href":"https:\/\/www.eldiario.net\/portal\/wp-json\/wp\/v2\/categories?post=272890"},{"taxonomy":"post_tag","embeddable":true,"href":"https:\/\/www.eldiario.net\/portal\/wp-json\/wp\/v2\/tags?post=272890"}],"curies":[{"name":"wp","href":"https:\/\/api.w.org\/{rel}","templated":true}]}}