{"id":272887,"date":"2025-01-07T06:16:25","date_gmt":"2025-01-07T10:16:25","guid":{"rendered":"https:\/\/www.eldiario.net\/portal\/?p=272887"},"modified":"2025-01-07T06:16:25","modified_gmt":"2025-01-07T10:16:25","slug":"tribunal-de-disciplina-de-la-fbf-excluye-a-royal-pari-de-la-division-profesional","status":"publish","type":"post","link":"https:\/\/www.eldiario.net\/portal\/2025\/01\/07\/tribunal-de-disciplina-de-la-fbf-excluye-a-royal-pari-de-la-division-profesional\/","title":{"rendered":"Tribunal de Disciplina de la FBF excluye a Royal Pari de la Divisi\u00f3n Profesional"},"content":{"rendered":"<p>El Tribunal de Disciplina (TD) de la Federaci\u00f3n Boliviana de F\u00fatbol (FBF) abri\u00f3 la temporada este lunes con la decisi\u00f3n de excluir a Royal Pari de la Divisi\u00f3n Profesional, tras \u201cno ha lugar a la impugnaci\u00f3n planteada\u201d, indica el documento, dentro del proceso iniciado por los hechos ocurridos en el partido de vuelta por el ascenso-descenso indirecto de categor\u00eda, jugado en diciembre, en el estadio Jes\u00fas Berm\u00fadez.<\/p>\n<p>El fallo de este Tribunal se refiri\u00f3 primero a la impugnaci\u00f3n, que no se enmarcar\u00eda dentro del art\u00edculo 20 del Reglamento del Ascenso o Descenso, adem\u00e1s de \u201cno haber acreditado con prueba plena la falsedad del informe arbitral y del delegado del encuentro\u201d, indica la resoluci\u00f3n. El club inmobiliario observ\u00f3 que dichos documentos carecer\u00edan de veracidad, argumentando contar con pruebas que mostrar\u00e1 en la apelaci\u00f3n.<\/p>\n<p>Con palabras may\u00fasculas, el TD ordena la exclusi\u00f3n de Royal Pari, debiendo en consecuencia en la temporada 2025, \u201cdisputar los campeonatos organizados por la Asociaci\u00f3n Cruce\u00f1a de F\u00fatbol de conformidad con el art\u00edculo 74 numeral 2 del C\u00f3digo Disciplinario de la FBF\u201d, contin\u00faa la determinaci\u00f3n e instruye a la Direcci\u00f3n de Competiciones, \u201cque en base a lo determinado realice las acciones correspondientes\u201d.<\/p>\n<p>El club, presidido por el empresario Mario Franklin Ch\u00e1vez, tambi\u00e9n recibi\u00f3 una sanci\u00f3n pecuniaria de 50 sueldos m\u00ednimos nacionales, tomando como base el art\u00edculo 74, numeral 1 del C\u00f3digo Disciplinario de la FBF.<\/p>\n<p>En este sentido, Totora Real Oruro tendr\u00eda el camino libre para ascender a la Divisi\u00f3n Profesional de manera indirecta, aumentando a dos las plazas que tendr\u00e1 Oruro en la temporada 2026. Aunque, el club cruce\u00f1o tiene, por derecho, el recurso de apelaci\u00f3n, que podr\u00edan dilatar este caso.<\/p>\n<p><strong>\u00a0<\/strong><\/p>\n<p><strong>(APG)<\/strong><\/p>\n","protected":false},"excerpt":{"rendered":"<p>El Tribunal de Disciplina (TD) de la Federaci\u00f3n Boliviana de F\u00fatbol (FBF) abri\u00f3 la temporada este lunes con la decisi\u00f3n de excluir a Royal Pari de la Divisi\u00f3n Profesional, tras \u201cno ha lugar a la impugnaci\u00f3n planteada\u201d, indica el documento, dentro del proceso iniciado por los hechos ocurridos en el partido de vuelta por el [&hellip;]<\/p>\n","protected":false},"author":1,"featured_media":272888,"comment_status":"closed","ping_status":"open","sticky":false,"template":"","format":"standard","meta":{"_acf_changed":false,"footnotes":""},"categories":[6],"tags":[],"class_list":["post-272887","post","type-post","status-publish","format-standard","has-post-thumbnail","category-deportes"],"acf":{"antetitulo":""},"yoast_head":"<!-- This site is optimized with the Yoast SEO plugin v28.4 - https:\/\/yoast.com\/product\/yoast-seo-wordpress\/ -->\n<title>Tribunal de Disciplina de la FBF excluye a Royal Pari de la Divisi\u00f3n Profesional - El Diario - Bolivia<\/title>\n<meta name=\"robots\" content=\"index, follow, max-snippet:-1, max-image-preview:large, max-video-preview:-1\" \/>\n<link rel=\"canonical\" href=\"https:\/\/www.eldiario.net\/portal\/2025\/01\/07\/tribunal-de-disciplina-de-la-fbf-excluye-a-royal-pari-de-la-division-profesional\/\" \/>\n<meta property=\"og:locale\" content=\"es_ES\" \/>\n<meta property=\"og:type\" content=\"article\" \/>\n<meta property=\"og:title\" content=\"Tribunal de Disciplina de la FBF excluye a Royal Pari de la Divisi\u00f3n Profesional - El Diario - Bolivia\" \/>\n<meta property=\"og:description\" content=\"El Tribunal de Disciplina (TD) de la Federaci\u00f3n Boliviana de F\u00fatbol (FBF) abri\u00f3 la temporada este lunes con la decisi\u00f3n de excluir a Royal Pari de la Divisi\u00f3n Profesional, tras \u201cno ha lugar a la impugnaci\u00f3n planteada\u201d, indica el documento, dentro del proceso iniciado por los hechos ocurridos en el partido de vuelta por el [&hellip;]\" \/>\n<meta property=\"og:url\" content=\"https:\/\/www.eldiario.net\/portal\/2025\/01\/07\/tribunal-de-disciplina-de-la-fbf-excluye-a-royal-pari-de-la-division-profesional\/\" \/>\n<meta property=\"og:site_name\" content=\"El Diario - Bolivia\" \/>\n<meta property=\"article:publisher\" content=\"https:\/\/www.facebook.com\/eldiario.bolivia\/\" \/>\n<meta property=\"article:published_time\" content=\"2025-01-07T10:16:25+00:00\" \/>\n<meta property=\"og:image\" content=\"https:\/\/www.eldiario.net\/portal\/wp-content\/uploads\/2025\/01\/Royal-Pari-06.jpg\" \/>\n\t<meta property=\"og:image:width\" content=\"1200\" \/>\n\t<meta property=\"og:image:height\" content=\"838\" \/>\n\t<meta property=\"og:image:type\" content=\"image\/jpeg\" \/>\n<meta name=\"author\" content=\"Jeanette\" \/>\n<meta name=\"twitter:card\" content=\"summary_large_image\" \/>\n<meta name=\"twitter:creator\" content=\"@eldiario_net\" \/>\n<meta name=\"twitter:site\" content=\"@eldiario_net\" \/>\n<meta name=\"twitter:label1\" content=\"Escrito por\" \/>\n\t<meta name=\"twitter:data1\" content=\"Jeanette\" \/>\n\t<meta name=\"twitter:label2\" content=\"Tiempo de lectura\" \/>\n\t<meta name=\"twitter:data2\" content=\"2 minutos\" \/>\n<script type=\"application\/ld+json\" class=\"yoast-schema-graph\">{\"@context\":\"https:\\\/\\\/schema.org\",\"@graph\":[{\"@type\":\"Article\",\"@id\":\"https:\\\/\\\/www.eldiario.net\\\/portal\\\/2025\\\/01\\\/07\\\/tribunal-de-disciplina-de-la-fbf-excluye-a-royal-pari-de-la-division-profesional\\\/#article\",\"isPartOf\":{\"@id\":\"https:\\\/\\\/www.eldiario.net\\\/portal\\\/2025\\\/01\\\/07\\\/tribunal-de-disciplina-de-la-fbf-excluye-a-royal-pari-de-la-division-profesional\\\/\"},\"author\":{\"name\":\"Jeanette\",\"@id\":\"https:\\\/\\\/www.eldiario.net\\\/portal\\\/#\\\/schema\\\/person\\\/f46445640444750d7d753ccd04ae01b7\"},\"headline\":\"Tribunal de Disciplina de la FBF excluye a Royal Pari de la Divisi\u00f3n Profesional\",\"datePublished\":\"2025-01-07T10:16:25+00:00\",\"mainEntityOfPage\":{\"@id\":\"https:\\\/\\\/www.eldiario.net\\\/portal\\\/2025\\\/01\\\/07\\\/tribunal-de-disciplina-de-la-fbf-excluye-a-royal-pari-de-la-division-profesional\\\/\"},\"wordCount\":318,\"publisher\":{\"@id\":\"https:\\\/\\\/www.eldiario.net\\\/portal\\\/#organization\"},\"image\":{\"@id\":\"https:\\\/\\\/www.eldiario.net\\\/portal\\\/2025\\\/01\\\/07\\\/tribunal-de-disciplina-de-la-fbf-excluye-a-royal-pari-de-la-division-profesional\\\/#primaryimage\"},\"thumbnailUrl\":\"https:\\\/\\\/www.eldiario.net\\\/portal\\\/wp-content\\\/uploads\\\/2025\\\/01\\\/Royal-Pari-06.jpg\",\"articleSection\":[\"Deportes\"],\"inLanguage\":\"es\"},{\"@type\":\"WebPage\",\"@id\":\"https:\\\/\\\/www.eldiario.net\\\/portal\\\/2025\\\/01\\\/07\\\/tribunal-de-disciplina-de-la-fbf-excluye-a-royal-pari-de-la-division-profesional\\\/\",\"url\":\"https:\\\/\\\/www.eldiario.net\\\/portal\\\/2025\\\/01\\\/07\\\/tribunal-de-disciplina-de-la-fbf-excluye-a-royal-pari-de-la-division-profesional\\\/\",\"name\":\"Tribunal de Disciplina de la FBF excluye a Royal Pari de la Divisi\u00f3n Profesional - El Diario - Bolivia\",\"isPartOf\":{\"@id\":\"https:\\\/\\\/www.eldiario.net\\\/portal\\\/#website\"},\"primaryImageOfPage\":{\"@id\":\"https:\\\/\\\/www.eldiario.net\\\/portal\\\/2025\\\/01\\\/07\\\/tribunal-de-disciplina-de-la-fbf-excluye-a-royal-pari-de-la-division-profesional\\\/#primaryimage\"},\"image\":{\"@id\":\"https:\\\/\\\/www.eldiario.net\\\/portal\\\/2025\\\/01\\\/07\\\/tribunal-de-disciplina-de-la-fbf-excluye-a-royal-pari-de-la-division-profesional\\\/#primaryimage\"},\"thumbnailUrl\":\"https:\\\/\\\/www.eldiario.net\\\/portal\\\/wp-content\\\/uploads\\\/2025\\\/01\\\/Royal-Pari-06.jpg\",\"datePublished\":\"2025-01-07T10:16:25+00:00\",\"breadcrumb\":{\"@id\":\"https:\\\/\\\/www.eldiario.net\\\/portal\\\/2025\\\/01\\\/07\\\/tribunal-de-disciplina-de-la-fbf-excluye-a-royal-pari-de-la-division-profesional\\\/#breadcrumb\"},\"inLanguage\":\"es\",\"potentialAction\":[{\"@type\":\"ReadAction\",\"target\":[\"https:\\\/\\\/www.eldiario.net\\\/portal\\\/2025\\\/01\\\/07\\\/tribunal-de-disciplina-de-la-fbf-excluye-a-royal-pari-de-la-division-profesional\\\/\"]}]},{\"@type\":\"ImageObject\",\"inLanguage\":\"es\",\"@id\":\"https:\\\/\\\/www.eldiario.net\\\/portal\\\/2025\\\/01\\\/07\\\/tribunal-de-disciplina-de-la-fbf-excluye-a-royal-pari-de-la-division-profesional\\\/#primaryimage\",\"url\":\"https:\\\/\\\/www.eldiario.net\\\/portal\\\/wp-content\\\/uploads\\\/2025\\\/01\\\/Royal-Pari-06.jpg\",\"contentUrl\":\"https:\\\/\\\/www.eldiario.net\\\/portal\\\/wp-content\\\/uploads\\\/2025\\\/01\\\/Royal-Pari-06.jpg\",\"width\":1200,\"height\":838},{\"@type\":\"BreadcrumbList\",\"@id\":\"https:\\\/\\\/www.eldiario.net\\\/portal\\\/2025\\\/01\\\/07\\\/tribunal-de-disciplina-de-la-fbf-excluye-a-royal-pari-de-la-division-profesional\\\/#breadcrumb\",\"itemListElement\":[{\"@type\":\"ListItem\",\"position\":1,\"name\":\"Portada\",\"item\":\"https:\\\/\\\/www.eldiario.net\\\/portal\\\/\"},{\"@type\":\"ListItem\",\"position\":2,\"name\":\"Tribunal de Disciplina de la FBF excluye a Royal Pari de la Divisi\u00f3n Profesional\"}]},{\"@type\":\"WebSite\",\"@id\":\"https:\\\/\\\/www.eldiario.net\\\/portal\\\/#website\",\"url\":\"https:\\\/\\\/www.eldiario.net\\\/portal\\\/\",\"name\":\"El Diario - Decano de la prensa nacional\",\"description\":\"El Diario - Decano de la prensa nacional\",\"publisher\":{\"@id\":\"https:\\\/\\\/www.eldiario.net\\\/portal\\\/#organization\"},\"potentialAction\":[{\"@type\":\"SearchAction\",\"target\":{\"@type\":\"EntryPoint\",\"urlTemplate\":\"https:\\\/\\\/www.eldiario.net\\\/portal\\\/?s={search_term_string}\"},\"query-input\":{\"@type\":\"PropertyValueSpecification\",\"valueRequired\":true,\"valueName\":\"search_term_string\"}}],\"inLanguage\":\"es\"},{\"@type\":\"Organization\",\"@id\":\"https:\\\/\\\/www.eldiario.net\\\/portal\\\/#organization\",\"name\":\"El Diario - Decano de la prensa nacional\",\"url\":\"https:\\\/\\\/www.eldiario.net\\\/portal\\\/\",\"logo\":{\"@type\":\"ImageObject\",\"inLanguage\":\"es\",\"@id\":\"https:\\\/\\\/www.eldiario.net\\\/portal\\\/#\\\/schema\\\/logo\\\/image\\\/\",\"url\":\"https:\\\/\\\/www.eldiario.net\\\/portal\\\/wp-content\\\/uploads\\\/2023\\\/07\\\/logo_ED.jpg\",\"contentUrl\":\"https:\\\/\\\/www.eldiario.net\\\/portal\\\/wp-content\\\/uploads\\\/2023\\\/07\\\/logo_ED.jpg\",\"width\":272,\"height\":52,\"caption\":\"El Diario - Decano de la prensa nacional\"},\"image\":{\"@id\":\"https:\\\/\\\/www.eldiario.net\\\/portal\\\/#\\\/schema\\\/logo\\\/image\\\/\"},\"sameAs\":[\"https:\\\/\\\/www.facebook.com\\\/eldiario.bolivia\\\/\",\"https:\\\/\\\/x.com\\\/eldiario_net\"]},{\"@type\":\"Person\",\"@id\":\"https:\\\/\\\/www.eldiario.net\\\/portal\\\/#\\\/schema\\\/person\\\/f46445640444750d7d753ccd04ae01b7\",\"name\":\"Jeanette\",\"image\":{\"@type\":\"ImageObject\",\"inLanguage\":\"es\",\"@id\":\"https:\\\/\\\/secure.gravatar.com\\\/avatar\\\/3ea2118a5f7dad2b7138b1187a6b7ee55f160b9968b66013c3a3ef39dd7e5798?s=96&d=mm&r=g\",\"url\":\"https:\\\/\\\/secure.gravatar.com\\\/avatar\\\/3ea2118a5f7dad2b7138b1187a6b7ee55f160b9968b66013c3a3ef39dd7e5798?s=96&d=mm&r=g\",\"contentUrl\":\"https:\\\/\\\/secure.gravatar.com\\\/avatar\\\/3ea2118a5f7dad2b7138b1187a6b7ee55f160b9968b66013c3a3ef39dd7e5798?s=96&d=mm&r=g\",\"caption\":\"Jeanette\"},\"sameAs\":[\"https:\\\/\\\/www.eldiario.net\\\/portal\"],\"url\":\"https:\\\/\\\/www.eldiario.net\\\/portal\\\/author\\\/jeanette\\\/\"}]}<\/script>\n<!-- \/ Yoast SEO plugin. -->","yoast_head_json":{"title":"Tribunal de Disciplina de la FBF excluye a Royal Pari de la Divisi\u00f3n Profesional - El Diario - Bolivia","robots":{"index":"index","follow":"follow","max-snippet":"max-snippet:-1","max-image-preview":"max-image-preview:large","max-video-preview":"max-video-preview:-1"},"canonical":"https:\/\/www.eldiario.net\/portal\/2025\/01\/07\/tribunal-de-disciplina-de-la-fbf-excluye-a-royal-pari-de-la-division-profesional\/","og_locale":"es_ES","og_type":"article","og_title":"Tribunal de Disciplina de la FBF excluye a Royal Pari de la Divisi\u00f3n Profesional - El Diario - Bolivia","og_description":"El Tribunal de Disciplina (TD) de la Federaci\u00f3n Boliviana de F\u00fatbol (FBF) abri\u00f3 la temporada este lunes con la decisi\u00f3n de excluir a Royal Pari de la Divisi\u00f3n Profesional, tras \u201cno ha lugar a la impugnaci\u00f3n planteada\u201d, indica el documento, dentro del proceso iniciado por los hechos ocurridos en el partido de vuelta por el [&hellip;]","og_url":"https:\/\/www.eldiario.net\/portal\/2025\/01\/07\/tribunal-de-disciplina-de-la-fbf-excluye-a-royal-pari-de-la-division-profesional\/","og_site_name":"El Diario - Bolivia","article_publisher":"https:\/\/www.facebook.com\/eldiario.bolivia\/","article_published_time":"2025-01-07T10:16:25+00:00","og_image":[{"width":1200,"height":838,"url":"https:\/\/www.eldiario.net\/portal\/wp-content\/uploads\/2025\/01\/Royal-Pari-06.jpg","type":"image\/jpeg"}],"author":"Jeanette","twitter_card":"summary_large_image","twitter_creator":"@eldiario_net","twitter_site":"@eldiario_net","twitter_misc":{"Escrito por":"Jeanette","Tiempo de lectura":"2 minutos"},"schema":{"@context":"https:\/\/schema.org","@graph":[{"@type":"Article","@id":"https:\/\/www.eldiario.net\/portal\/2025\/01\/07\/tribunal-de-disciplina-de-la-fbf-excluye-a-royal-pari-de-la-division-profesional\/#article","isPartOf":{"@id":"https:\/\/www.eldiario.net\/portal\/2025\/01\/07\/tribunal-de-disciplina-de-la-fbf-excluye-a-royal-pari-de-la-division-profesional\/"},"author":{"name":"Jeanette","@id":"https:\/\/www.eldiario.net\/portal\/#\/schema\/person\/f46445640444750d7d753ccd04ae01b7"},"headline":"Tribunal de Disciplina de la FBF excluye a Royal Pari de la Divisi\u00f3n Profesional","datePublished":"2025-01-07T10:16:25+00:00","mainEntityOfPage":{"@id":"https:\/\/www.eldiario.net\/portal\/2025\/01\/07\/tribunal-de-disciplina-de-la-fbf-excluye-a-royal-pari-de-la-division-profesional\/"},"wordCount":318,"publisher":{"@id":"https:\/\/www.eldiario.net\/portal\/#organization"},"image":{"@id":"https:\/\/www.eldiario.net\/portal\/2025\/01\/07\/tribunal-de-disciplina-de-la-fbf-excluye-a-royal-pari-de-la-division-profesional\/#primaryimage"},"thumbnailUrl":"https:\/\/www.eldiario.net\/portal\/wp-content\/uploads\/2025\/01\/Royal-Pari-06.jpg","articleSection":["Deportes"],"inLanguage":"es"},{"@type":"WebPage","@id":"https:\/\/www.eldiario.net\/portal\/2025\/01\/07\/tribunal-de-disciplina-de-la-fbf-excluye-a-royal-pari-de-la-division-profesional\/","url":"https:\/\/www.eldiario.net\/portal\/2025\/01\/07\/tribunal-de-disciplina-de-la-fbf-excluye-a-royal-pari-de-la-division-profesional\/","name":"Tribunal de Disciplina de la FBF excluye a Royal Pari de la Divisi\u00f3n Profesional - El Diario - Bolivia","isPartOf":{"@id":"https:\/\/www.eldiario.net\/portal\/#website"},"primaryImageOfPage":{"@id":"https:\/\/www.eldiario.net\/portal\/2025\/01\/07\/tribunal-de-disciplina-de-la-fbf-excluye-a-royal-pari-de-la-division-profesional\/#primaryimage"},"image":{"@id":"https:\/\/www.eldiario.net\/portal\/2025\/01\/07\/tribunal-de-disciplina-de-la-fbf-excluye-a-royal-pari-de-la-division-profesional\/#primaryimage"},"thumbnailUrl":"https:\/\/www.eldiario.net\/portal\/wp-content\/uploads\/2025\/01\/Royal-Pari-06.jpg","datePublished":"2025-01-07T10:16:25+00:00","breadcrumb":{"@id":"https:\/\/www.eldiario.net\/portal\/2025\/01\/07\/tribunal-de-disciplina-de-la-fbf-excluye-a-royal-pari-de-la-division-profesional\/#breadcrumb"},"inLanguage":"es","potentialAction":[{"@type":"ReadAction","target":["https:\/\/www.eldiario.net\/portal\/2025\/01\/07\/tribunal-de-disciplina-de-la-fbf-excluye-a-royal-pari-de-la-division-profesional\/"]}]},{"@type":"ImageObject","inLanguage":"es","@id":"https:\/\/www.eldiario.net\/portal\/2025\/01\/07\/tribunal-de-disciplina-de-la-fbf-excluye-a-royal-pari-de-la-division-profesional\/#primaryimage","url":"https:\/\/www.eldiario.net\/portal\/wp-content\/uploads\/2025\/01\/Royal-Pari-06.jpg","contentUrl":"https:\/\/www.eldiario.net\/portal\/wp-content\/uploads\/2025\/01\/Royal-Pari-06.jpg","width":1200,"height":838},{"@type":"BreadcrumbList","@id":"https:\/\/www.eldiario.net\/portal\/2025\/01\/07\/tribunal-de-disciplina-de-la-fbf-excluye-a-royal-pari-de-la-division-profesional\/#breadcrumb","itemListElement":[{"@type":"ListItem","position":1,"name":"Portada","item":"https:\/\/www.eldiario.net\/portal\/"},{"@type":"ListItem","position":2,"name":"Tribunal de Disciplina de la FBF excluye a Royal Pari de la Divisi\u00f3n Profesional"}]},{"@type":"WebSite","@id":"https:\/\/www.eldiario.net\/portal\/#website","url":"https:\/\/www.eldiario.net\/portal\/","name":"El Diario - Decano de la prensa nacional","description":"El Diario - Decano de la prensa nacional","publisher":{"@id":"https:\/\/www.eldiario.net\/portal\/#organization"},"potentialAction":[{"@type":"SearchAction","target":{"@type":"EntryPoint","urlTemplate":"https:\/\/www.eldiario.net\/portal\/?s={search_term_string}"},"query-input":{"@type":"PropertyValueSpecification","valueRequired":true,"valueName":"search_term_string"}}],"inLanguage":"es"},{"@type":"Organization","@id":"https:\/\/www.eldiario.net\/portal\/#organization","name":"El Diario - Decano de la prensa nacional","url":"https:\/\/www.eldiario.net\/portal\/","logo":{"@type":"ImageObject","inLanguage":"es","@id":"https:\/\/www.eldiario.net\/portal\/#\/schema\/logo\/image\/","url":"https:\/\/www.eldiario.net\/portal\/wp-content\/uploads\/2023\/07\/logo_ED.jpg","contentUrl":"https:\/\/www.eldiario.net\/portal\/wp-content\/uploads\/2023\/07\/logo_ED.jpg","width":272,"height":52,"caption":"El Diario - Decano de la prensa nacional"},"image":{"@id":"https:\/\/www.eldiario.net\/portal\/#\/schema\/logo\/image\/"},"sameAs":["https:\/\/www.facebook.com\/eldiario.bolivia\/","https:\/\/x.com\/eldiario_net"]},{"@type":"Person","@id":"https:\/\/www.eldiario.net\/portal\/#\/schema\/person\/f46445640444750d7d753ccd04ae01b7","name":"Jeanette","image":{"@type":"ImageObject","inLanguage":"es","@id":"https:\/\/secure.gravatar.com\/avatar\/3ea2118a5f7dad2b7138b1187a6b7ee55f160b9968b66013c3a3ef39dd7e5798?s=96&d=mm&r=g","url":"https:\/\/secure.gravatar.com\/avatar\/3ea2118a5f7dad2b7138b1187a6b7ee55f160b9968b66013c3a3ef39dd7e5798?s=96&d=mm&r=g","contentUrl":"https:\/\/secure.gravatar.com\/avatar\/3ea2118a5f7dad2b7138b1187a6b7ee55f160b9968b66013c3a3ef39dd7e5798?s=96&d=mm&r=g","caption":"Jeanette"},"sameAs":["https:\/\/www.eldiario.net\/portal"],"url":"https:\/\/www.eldiario.net\/portal\/author\/jeanette\/"}]}},"_links":{"self":[{"href":"https:\/\/www.eldiario.net\/portal\/wp-json\/wp\/v2\/posts\/272887","targetHints":{"allow":["GET"]}}],"collection":[{"href":"https:\/\/www.eldiario.net\/portal\/wp-json\/wp\/v2\/posts"}],"about":[{"href":"https:\/\/www.eldiario.net\/portal\/wp-json\/wp\/v2\/types\/post"}],"author":[{"embeddable":true,"href":"https:\/\/www.eldiario.net\/portal\/wp-json\/wp\/v2\/users\/1"}],"replies":[{"embeddable":true,"href":"https:\/\/www.eldiario.net\/portal\/wp-json\/wp\/v2\/comments?post=272887"}],"version-history":[{"count":1,"href":"https:\/\/www.eldiario.net\/portal\/wp-json\/wp\/v2\/posts\/272887\/revisions"}],"predecessor-version":[{"id":272889,"href":"https:\/\/www.eldiario.net\/portal\/wp-json\/wp\/v2\/posts\/272887\/revisions\/272889"}],"wp:featuredmedia":[{"embeddable":true,"href":"https:\/\/www.eldiario.net\/portal\/wp-json\/wp\/v2\/media\/272888"}],"wp:attachment":[{"href":"https:\/\/www.eldiario.net\/portal\/wp-json\/wp\/v2\/media?parent=272887"}],"wp:term":[{"taxonomy":"category","embeddable":true,"href":"https:\/\/www.eldiario.net\/portal\/wp-json\/wp\/v2\/categories?post=272887"},{"taxonomy":"post_tag","embeddable":true,"href":"https:\/\/www.eldiario.net\/portal\/wp-json\/wp\/v2\/tags?post=272887"}],"curies":[{"name":"wp","href":"https:\/\/api.w.org\/{rel}","templated":true}]}}