{"id":272830,"date":"2025-01-07T06:01:17","date_gmt":"2025-01-07T10:01:17","guid":{"rendered":"https:\/\/www.eldiario.net\/portal\/?p=272830"},"modified":"2025-01-07T06:01:17","modified_gmt":"2025-01-07T10:01:17","slug":"activan-plan-de-contingencia-por-la-epoca-de-lluvias","status":"publish","type":"post","link":"https:\/\/www.eldiario.net\/portal\/2025\/01\/07\/activan-plan-de-contingencia-por-la-epoca-de-lluvias\/","title":{"rendered":"Activan plan de contingencia  por la \u00e9poca de lluvias"},"content":{"rendered":"<p>La Unidad de Gesti\u00f3n y Riesgo (UGR) del municipio de Cercado activ\u00f3 el plan de contingencia para atender cualquier situaci\u00f3n de emergencia en el municipio, principalmente en las torrenteras de alto riesgo como: Logustani, Taqui\u00f1a y Pintumayu.<\/p>\n<p>El jefe de la UGR, Dennis Rosales, se\u00f1al\u00f3 que se tienen 200 personas desplazadas en los turnos de emergencia para atender cualquier incidente que se vaya a registrar en las zonas cr\u00edticas del municipio, tomando en cuenta que Cochabamba se encuentra bajo una alerta naranja hasta el 13 de enero.<\/p>\n<p>Resalt\u00f3 que en la \u00faltima lluvia que cay\u00f3 en el municipio solo se registr\u00f3 calles y avenidas anegadas pero esta situaci\u00f3n se registra por la cantidad de basura que se encuentra en v\u00eda p\u00fablica y genera colapso en los sistemas de alcantarillado.<\/p>\n<p>Recomend\u00f3 a la poblaci\u00f3n no botar basura en v\u00eda p\u00fablica, con el objeto que cuando llueva, el agua pueda seguir su corriente sin ocasionar colapso en las avenidas de la ciudad.<\/p>\n<p>\u201cEstamos con la maquinaria disponible en los puntos cr\u00edticos principalmente en las torrenteras del municipio\u201d, puntualiz\u00f3 Rosales.<\/p>\n<p>ZONAS INESTABLES<\/p>\n<p>Se realiza un monitoreo constante a la serran\u00eda de Takoloma que es de alto riesgo en donde ya se registr\u00f3 un nuevo deslizamiento; sin embargo, se realizaron los trabajos en la redirecci\u00f3n del agua a la torrentera que se tiene en la zona para evitar un deslizamiento acelerado.<\/p>\n<p>Lament\u00f3 que las familias contin\u00faen con su intransigencia en permanecer en esas zonas de riesgo, ya que se resisten a ir hacia los albergues temporales que solo tienen el objetivo de resguardar la seguridad de los habitantes del lugar.<\/p>\n<p>Resalt\u00f3 que para brindarles comodidad a todos los afectados se habilitaron dep\u00f3sitos, donde bajo inventario podr\u00e1n guardar sus pertenencias hasta que sean reubicados a otra zona.<\/p>\n<p>Record\u00f3 que se sostuvo varias reuniones de coordinaci\u00f3n con representantes de la Gobernaci\u00f3n y de la Agencia Estatal de Vivienda, en la cual se determin\u00f3 la elaboraci\u00f3n de fichas t\u00e9cnicas que se encuentran en la etapa de evaluaci\u00f3n para que posteriormente se publique una lista de las familias que ser\u00e1n beneficiadas con una vivienda social. (Cochabamba, agencias)<\/p>\n","protected":false},"excerpt":{"rendered":"<p>La Unidad de Gesti\u00f3n y Riesgo (UGR) del municipio de Cercado activ\u00f3 el plan de contingencia para atender cualquier situaci\u00f3n de emergencia en el municipio, principalmente en las torrenteras de alto riesgo como: Logustani, Taqui\u00f1a y Pintumayu. El jefe de la UGR, Dennis Rosales, se\u00f1al\u00f3 que se tienen 200 personas desplazadas en los turnos de [&hellip;]<\/p>\n","protected":false},"author":1,"featured_media":272831,"comment_status":"closed","ping_status":"open","sticky":false,"template":"","format":"standard","meta":{"_acf_changed":false,"footnotes":""},"categories":[12],"tags":[],"class_list":["post-272830","post","type-post","status-publish","format-standard","has-post-thumbnail","category-nacional"],"acf":{"antetitulo":"Cochabamba"},"yoast_head":"<!-- This site is optimized with the Yoast SEO plugin v28.3 - https:\/\/yoast.com\/product\/yoast-seo-wordpress\/ -->\n<title>Activan plan de contingencia por la \u00e9poca de lluvias - El Diario - Bolivia<\/title>\n<meta name=\"robots\" content=\"index, follow, max-snippet:-1, max-image-preview:large, max-video-preview:-1\" \/>\n<link rel=\"canonical\" href=\"https:\/\/www.eldiario.net\/portal\/2025\/01\/07\/activan-plan-de-contingencia-por-la-epoca-de-lluvias\/\" \/>\n<meta property=\"og:locale\" content=\"es_ES\" \/>\n<meta property=\"og:type\" content=\"article\" \/>\n<meta property=\"og:title\" content=\"Activan plan de contingencia por la \u00e9poca de lluvias - El Diario - Bolivia\" \/>\n<meta property=\"og:description\" content=\"La Unidad de Gesti\u00f3n y Riesgo (UGR) del municipio de Cercado activ\u00f3 el plan de contingencia para atender cualquier situaci\u00f3n de emergencia en el municipio, principalmente en las torrenteras de alto riesgo como: Logustani, Taqui\u00f1a y Pintumayu. El jefe de la UGR, Dennis Rosales, se\u00f1al\u00f3 que se tienen 200 personas desplazadas en los turnos de [&hellip;]\" \/>\n<meta property=\"og:url\" content=\"https:\/\/www.eldiario.net\/portal\/2025\/01\/07\/activan-plan-de-contingencia-por-la-epoca-de-lluvias\/\" \/>\n<meta property=\"og:site_name\" content=\"El Diario - Bolivia\" \/>\n<meta property=\"article:publisher\" content=\"https:\/\/www.facebook.com\/eldiario.bolivia\/\" \/>\n<meta property=\"article:published_time\" content=\"2025-01-07T10:01:17+00:00\" \/>\n<meta property=\"og:image\" content=\"https:\/\/www.eldiario.net\/portal\/wp-content\/uploads\/2025\/01\/CONTN-FOTO.jpg\" \/>\n\t<meta property=\"og:image:width\" content=\"1600\" \/>\n\t<meta property=\"og:image:height\" content=\"900\" \/>\n\t<meta property=\"og:image:type\" content=\"image\/jpeg\" \/>\n<meta name=\"author\" content=\"Jeanette\" \/>\n<meta name=\"twitter:card\" content=\"summary_large_image\" \/>\n<meta name=\"twitter:creator\" content=\"@eldiario_net\" \/>\n<meta name=\"twitter:site\" content=\"@eldiario_net\" \/>\n<meta name=\"twitter:label1\" content=\"Escrito por\" \/>\n\t<meta name=\"twitter:data1\" content=\"Jeanette\" \/>\n\t<meta name=\"twitter:label2\" content=\"Tiempo de lectura\" \/>\n\t<meta name=\"twitter:data2\" content=\"2 minutos\" \/>\n<script type=\"application\/ld+json\" class=\"yoast-schema-graph\">{\"@context\":\"https:\\\/\\\/schema.org\",\"@graph\":[{\"@type\":\"Article\",\"@id\":\"https:\\\/\\\/www.eldiario.net\\\/portal\\\/2025\\\/01\\\/07\\\/activan-plan-de-contingencia-por-la-epoca-de-lluvias\\\/#article\",\"isPartOf\":{\"@id\":\"https:\\\/\\\/www.eldiario.net\\\/portal\\\/2025\\\/01\\\/07\\\/activan-plan-de-contingencia-por-la-epoca-de-lluvias\\\/\"},\"author\":{\"name\":\"Jeanette\",\"@id\":\"https:\\\/\\\/www.eldiario.net\\\/portal\\\/#\\\/schema\\\/person\\\/f46445640444750d7d753ccd04ae01b7\"},\"headline\":\"Activan plan de contingencia por la \u00e9poca de lluvias\",\"datePublished\":\"2025-01-07T10:01:17+00:00\",\"mainEntityOfPage\":{\"@id\":\"https:\\\/\\\/www.eldiario.net\\\/portal\\\/2025\\\/01\\\/07\\\/activan-plan-de-contingencia-por-la-epoca-de-lluvias\\\/\"},\"wordCount\":379,\"publisher\":{\"@id\":\"https:\\\/\\\/www.eldiario.net\\\/portal\\\/#organization\"},\"image\":{\"@id\":\"https:\\\/\\\/www.eldiario.net\\\/portal\\\/2025\\\/01\\\/07\\\/activan-plan-de-contingencia-por-la-epoca-de-lluvias\\\/#primaryimage\"},\"thumbnailUrl\":\"https:\\\/\\\/www.eldiario.net\\\/portal\\\/wp-content\\\/uploads\\\/2025\\\/01\\\/CONTN-FOTO.jpg\",\"articleSection\":[\"Nacional\"],\"inLanguage\":\"es\"},{\"@type\":\"WebPage\",\"@id\":\"https:\\\/\\\/www.eldiario.net\\\/portal\\\/2025\\\/01\\\/07\\\/activan-plan-de-contingencia-por-la-epoca-de-lluvias\\\/\",\"url\":\"https:\\\/\\\/www.eldiario.net\\\/portal\\\/2025\\\/01\\\/07\\\/activan-plan-de-contingencia-por-la-epoca-de-lluvias\\\/\",\"name\":\"Activan plan de contingencia por la \u00e9poca de lluvias - El Diario - Bolivia\",\"isPartOf\":{\"@id\":\"https:\\\/\\\/www.eldiario.net\\\/portal\\\/#website\"},\"primaryImageOfPage\":{\"@id\":\"https:\\\/\\\/www.eldiario.net\\\/portal\\\/2025\\\/01\\\/07\\\/activan-plan-de-contingencia-por-la-epoca-de-lluvias\\\/#primaryimage\"},\"image\":{\"@id\":\"https:\\\/\\\/www.eldiario.net\\\/portal\\\/2025\\\/01\\\/07\\\/activan-plan-de-contingencia-por-la-epoca-de-lluvias\\\/#primaryimage\"},\"thumbnailUrl\":\"https:\\\/\\\/www.eldiario.net\\\/portal\\\/wp-content\\\/uploads\\\/2025\\\/01\\\/CONTN-FOTO.jpg\",\"datePublished\":\"2025-01-07T10:01:17+00:00\",\"breadcrumb\":{\"@id\":\"https:\\\/\\\/www.eldiario.net\\\/portal\\\/2025\\\/01\\\/07\\\/activan-plan-de-contingencia-por-la-epoca-de-lluvias\\\/#breadcrumb\"},\"inLanguage\":\"es\",\"potentialAction\":[{\"@type\":\"ReadAction\",\"target\":[\"https:\\\/\\\/www.eldiario.net\\\/portal\\\/2025\\\/01\\\/07\\\/activan-plan-de-contingencia-por-la-epoca-de-lluvias\\\/\"]}]},{\"@type\":\"ImageObject\",\"inLanguage\":\"es\",\"@id\":\"https:\\\/\\\/www.eldiario.net\\\/portal\\\/2025\\\/01\\\/07\\\/activan-plan-de-contingencia-por-la-epoca-de-lluvias\\\/#primaryimage\",\"url\":\"https:\\\/\\\/www.eldiario.net\\\/portal\\\/wp-content\\\/uploads\\\/2025\\\/01\\\/CONTN-FOTO.jpg\",\"contentUrl\":\"https:\\\/\\\/www.eldiario.net\\\/portal\\\/wp-content\\\/uploads\\\/2025\\\/01\\\/CONTN-FOTO.jpg\",\"width\":1600,\"height\":900,\"caption\":\"El jefe de la UGR, Dennis Rosales. FOTO: GAMC\"},{\"@type\":\"BreadcrumbList\",\"@id\":\"https:\\\/\\\/www.eldiario.net\\\/portal\\\/2025\\\/01\\\/07\\\/activan-plan-de-contingencia-por-la-epoca-de-lluvias\\\/#breadcrumb\",\"itemListElement\":[{\"@type\":\"ListItem\",\"position\":1,\"name\":\"Portada\",\"item\":\"https:\\\/\\\/www.eldiario.net\\\/portal\\\/\"},{\"@type\":\"ListItem\",\"position\":2,\"name\":\"Activan plan de contingencia por la \u00e9poca de lluvias\"}]},{\"@type\":\"WebSite\",\"@id\":\"https:\\\/\\\/www.eldiario.net\\\/portal\\\/#website\",\"url\":\"https:\\\/\\\/www.eldiario.net\\\/portal\\\/\",\"name\":\"El Diario - Decano de la prensa nacional\",\"description\":\"El Diario - Decano de la prensa nacional\",\"publisher\":{\"@id\":\"https:\\\/\\\/www.eldiario.net\\\/portal\\\/#organization\"},\"potentialAction\":[{\"@type\":\"SearchAction\",\"target\":{\"@type\":\"EntryPoint\",\"urlTemplate\":\"https:\\\/\\\/www.eldiario.net\\\/portal\\\/?s={search_term_string}\"},\"query-input\":{\"@type\":\"PropertyValueSpecification\",\"valueRequired\":true,\"valueName\":\"search_term_string\"}}],\"inLanguage\":\"es\"},{\"@type\":\"Organization\",\"@id\":\"https:\\\/\\\/www.eldiario.net\\\/portal\\\/#organization\",\"name\":\"El Diario - Decano de la prensa nacional\",\"url\":\"https:\\\/\\\/www.eldiario.net\\\/portal\\\/\",\"logo\":{\"@type\":\"ImageObject\",\"inLanguage\":\"es\",\"@id\":\"https:\\\/\\\/www.eldiario.net\\\/portal\\\/#\\\/schema\\\/logo\\\/image\\\/\",\"url\":\"https:\\\/\\\/www.eldiario.net\\\/portal\\\/wp-content\\\/uploads\\\/2023\\\/07\\\/logo_ED.jpg\",\"contentUrl\":\"https:\\\/\\\/www.eldiario.net\\\/portal\\\/wp-content\\\/uploads\\\/2023\\\/07\\\/logo_ED.jpg\",\"width\":272,\"height\":52,\"caption\":\"El Diario - Decano de la prensa nacional\"},\"image\":{\"@id\":\"https:\\\/\\\/www.eldiario.net\\\/portal\\\/#\\\/schema\\\/logo\\\/image\\\/\"},\"sameAs\":[\"https:\\\/\\\/www.facebook.com\\\/eldiario.bolivia\\\/\",\"https:\\\/\\\/x.com\\\/eldiario_net\"]},{\"@type\":\"Person\",\"@id\":\"https:\\\/\\\/www.eldiario.net\\\/portal\\\/#\\\/schema\\\/person\\\/f46445640444750d7d753ccd04ae01b7\",\"name\":\"Jeanette\",\"image\":{\"@type\":\"ImageObject\",\"inLanguage\":\"es\",\"@id\":\"https:\\\/\\\/secure.gravatar.com\\\/avatar\\\/3ea2118a5f7dad2b7138b1187a6b7ee55f160b9968b66013c3a3ef39dd7e5798?s=96&d=mm&r=g\",\"url\":\"https:\\\/\\\/secure.gravatar.com\\\/avatar\\\/3ea2118a5f7dad2b7138b1187a6b7ee55f160b9968b66013c3a3ef39dd7e5798?s=96&d=mm&r=g\",\"contentUrl\":\"https:\\\/\\\/secure.gravatar.com\\\/avatar\\\/3ea2118a5f7dad2b7138b1187a6b7ee55f160b9968b66013c3a3ef39dd7e5798?s=96&d=mm&r=g\",\"caption\":\"Jeanette\"},\"sameAs\":[\"https:\\\/\\\/www.eldiario.net\\\/portal\"],\"url\":\"https:\\\/\\\/www.eldiario.net\\\/portal\\\/author\\\/jeanette\\\/\"}]}<\/script>\n<!-- \/ Yoast SEO plugin. -->","yoast_head_json":{"title":"Activan plan de contingencia por la \u00e9poca de lluvias - El Diario - Bolivia","robots":{"index":"index","follow":"follow","max-snippet":"max-snippet:-1","max-image-preview":"max-image-preview:large","max-video-preview":"max-video-preview:-1"},"canonical":"https:\/\/www.eldiario.net\/portal\/2025\/01\/07\/activan-plan-de-contingencia-por-la-epoca-de-lluvias\/","og_locale":"es_ES","og_type":"article","og_title":"Activan plan de contingencia por la \u00e9poca de lluvias - El Diario - Bolivia","og_description":"La Unidad de Gesti\u00f3n y Riesgo (UGR) del municipio de Cercado activ\u00f3 el plan de contingencia para atender cualquier situaci\u00f3n de emergencia en el municipio, principalmente en las torrenteras de alto riesgo como: Logustani, Taqui\u00f1a y Pintumayu. El jefe de la UGR, Dennis Rosales, se\u00f1al\u00f3 que se tienen 200 personas desplazadas en los turnos de [&hellip;]","og_url":"https:\/\/www.eldiario.net\/portal\/2025\/01\/07\/activan-plan-de-contingencia-por-la-epoca-de-lluvias\/","og_site_name":"El Diario - Bolivia","article_publisher":"https:\/\/www.facebook.com\/eldiario.bolivia\/","article_published_time":"2025-01-07T10:01:17+00:00","og_image":[{"width":1600,"height":900,"url":"https:\/\/www.eldiario.net\/portal\/wp-content\/uploads\/2025\/01\/CONTN-FOTO.jpg","type":"image\/jpeg"}],"author":"Jeanette","twitter_card":"summary_large_image","twitter_creator":"@eldiario_net","twitter_site":"@eldiario_net","twitter_misc":{"Escrito por":"Jeanette","Tiempo de lectura":"2 minutos"},"schema":{"@context":"https:\/\/schema.org","@graph":[{"@type":"Article","@id":"https:\/\/www.eldiario.net\/portal\/2025\/01\/07\/activan-plan-de-contingencia-por-la-epoca-de-lluvias\/#article","isPartOf":{"@id":"https:\/\/www.eldiario.net\/portal\/2025\/01\/07\/activan-plan-de-contingencia-por-la-epoca-de-lluvias\/"},"author":{"name":"Jeanette","@id":"https:\/\/www.eldiario.net\/portal\/#\/schema\/person\/f46445640444750d7d753ccd04ae01b7"},"headline":"Activan plan de contingencia por la \u00e9poca de lluvias","datePublished":"2025-01-07T10:01:17+00:00","mainEntityOfPage":{"@id":"https:\/\/www.eldiario.net\/portal\/2025\/01\/07\/activan-plan-de-contingencia-por-la-epoca-de-lluvias\/"},"wordCount":379,"publisher":{"@id":"https:\/\/www.eldiario.net\/portal\/#organization"},"image":{"@id":"https:\/\/www.eldiario.net\/portal\/2025\/01\/07\/activan-plan-de-contingencia-por-la-epoca-de-lluvias\/#primaryimage"},"thumbnailUrl":"https:\/\/www.eldiario.net\/portal\/wp-content\/uploads\/2025\/01\/CONTN-FOTO.jpg","articleSection":["Nacional"],"inLanguage":"es"},{"@type":"WebPage","@id":"https:\/\/www.eldiario.net\/portal\/2025\/01\/07\/activan-plan-de-contingencia-por-la-epoca-de-lluvias\/","url":"https:\/\/www.eldiario.net\/portal\/2025\/01\/07\/activan-plan-de-contingencia-por-la-epoca-de-lluvias\/","name":"Activan plan de contingencia por la \u00e9poca de lluvias - El Diario - Bolivia","isPartOf":{"@id":"https:\/\/www.eldiario.net\/portal\/#website"},"primaryImageOfPage":{"@id":"https:\/\/www.eldiario.net\/portal\/2025\/01\/07\/activan-plan-de-contingencia-por-la-epoca-de-lluvias\/#primaryimage"},"image":{"@id":"https:\/\/www.eldiario.net\/portal\/2025\/01\/07\/activan-plan-de-contingencia-por-la-epoca-de-lluvias\/#primaryimage"},"thumbnailUrl":"https:\/\/www.eldiario.net\/portal\/wp-content\/uploads\/2025\/01\/CONTN-FOTO.jpg","datePublished":"2025-01-07T10:01:17+00:00","breadcrumb":{"@id":"https:\/\/www.eldiario.net\/portal\/2025\/01\/07\/activan-plan-de-contingencia-por-la-epoca-de-lluvias\/#breadcrumb"},"inLanguage":"es","potentialAction":[{"@type":"ReadAction","target":["https:\/\/www.eldiario.net\/portal\/2025\/01\/07\/activan-plan-de-contingencia-por-la-epoca-de-lluvias\/"]}]},{"@type":"ImageObject","inLanguage":"es","@id":"https:\/\/www.eldiario.net\/portal\/2025\/01\/07\/activan-plan-de-contingencia-por-la-epoca-de-lluvias\/#primaryimage","url":"https:\/\/www.eldiario.net\/portal\/wp-content\/uploads\/2025\/01\/CONTN-FOTO.jpg","contentUrl":"https:\/\/www.eldiario.net\/portal\/wp-content\/uploads\/2025\/01\/CONTN-FOTO.jpg","width":1600,"height":900,"caption":"El jefe de la UGR, Dennis Rosales. FOTO: GAMC"},{"@type":"BreadcrumbList","@id":"https:\/\/www.eldiario.net\/portal\/2025\/01\/07\/activan-plan-de-contingencia-por-la-epoca-de-lluvias\/#breadcrumb","itemListElement":[{"@type":"ListItem","position":1,"name":"Portada","item":"https:\/\/www.eldiario.net\/portal\/"},{"@type":"ListItem","position":2,"name":"Activan plan de contingencia por la \u00e9poca de lluvias"}]},{"@type":"WebSite","@id":"https:\/\/www.eldiario.net\/portal\/#website","url":"https:\/\/www.eldiario.net\/portal\/","name":"El Diario - Decano de la prensa nacional","description":"El Diario - Decano de la prensa nacional","publisher":{"@id":"https:\/\/www.eldiario.net\/portal\/#organization"},"potentialAction":[{"@type":"SearchAction","target":{"@type":"EntryPoint","urlTemplate":"https:\/\/www.eldiario.net\/portal\/?s={search_term_string}"},"query-input":{"@type":"PropertyValueSpecification","valueRequired":true,"valueName":"search_term_string"}}],"inLanguage":"es"},{"@type":"Organization","@id":"https:\/\/www.eldiario.net\/portal\/#organization","name":"El Diario - Decano de la prensa nacional","url":"https:\/\/www.eldiario.net\/portal\/","logo":{"@type":"ImageObject","inLanguage":"es","@id":"https:\/\/www.eldiario.net\/portal\/#\/schema\/logo\/image\/","url":"https:\/\/www.eldiario.net\/portal\/wp-content\/uploads\/2023\/07\/logo_ED.jpg","contentUrl":"https:\/\/www.eldiario.net\/portal\/wp-content\/uploads\/2023\/07\/logo_ED.jpg","width":272,"height":52,"caption":"El Diario - Decano de la prensa nacional"},"image":{"@id":"https:\/\/www.eldiario.net\/portal\/#\/schema\/logo\/image\/"},"sameAs":["https:\/\/www.facebook.com\/eldiario.bolivia\/","https:\/\/x.com\/eldiario_net"]},{"@type":"Person","@id":"https:\/\/www.eldiario.net\/portal\/#\/schema\/person\/f46445640444750d7d753ccd04ae01b7","name":"Jeanette","image":{"@type":"ImageObject","inLanguage":"es","@id":"https:\/\/secure.gravatar.com\/avatar\/3ea2118a5f7dad2b7138b1187a6b7ee55f160b9968b66013c3a3ef39dd7e5798?s=96&d=mm&r=g","url":"https:\/\/secure.gravatar.com\/avatar\/3ea2118a5f7dad2b7138b1187a6b7ee55f160b9968b66013c3a3ef39dd7e5798?s=96&d=mm&r=g","contentUrl":"https:\/\/secure.gravatar.com\/avatar\/3ea2118a5f7dad2b7138b1187a6b7ee55f160b9968b66013c3a3ef39dd7e5798?s=96&d=mm&r=g","caption":"Jeanette"},"sameAs":["https:\/\/www.eldiario.net\/portal"],"url":"https:\/\/www.eldiario.net\/portal\/author\/jeanette\/"}]}},"_links":{"self":[{"href":"https:\/\/www.eldiario.net\/portal\/wp-json\/wp\/v2\/posts\/272830","targetHints":{"allow":["GET"]}}],"collection":[{"href":"https:\/\/www.eldiario.net\/portal\/wp-json\/wp\/v2\/posts"}],"about":[{"href":"https:\/\/www.eldiario.net\/portal\/wp-json\/wp\/v2\/types\/post"}],"author":[{"embeddable":true,"href":"https:\/\/www.eldiario.net\/portal\/wp-json\/wp\/v2\/users\/1"}],"replies":[{"embeddable":true,"href":"https:\/\/www.eldiario.net\/portal\/wp-json\/wp\/v2\/comments?post=272830"}],"version-history":[{"count":1,"href":"https:\/\/www.eldiario.net\/portal\/wp-json\/wp\/v2\/posts\/272830\/revisions"}],"predecessor-version":[{"id":272832,"href":"https:\/\/www.eldiario.net\/portal\/wp-json\/wp\/v2\/posts\/272830\/revisions\/272832"}],"wp:featuredmedia":[{"embeddable":true,"href":"https:\/\/www.eldiario.net\/portal\/wp-json\/wp\/v2\/media\/272831"}],"wp:attachment":[{"href":"https:\/\/www.eldiario.net\/portal\/wp-json\/wp\/v2\/media?parent=272830"}],"wp:term":[{"taxonomy":"category","embeddable":true,"href":"https:\/\/www.eldiario.net\/portal\/wp-json\/wp\/v2\/categories?post=272830"},{"taxonomy":"post_tag","embeddable":true,"href":"https:\/\/www.eldiario.net\/portal\/wp-json\/wp\/v2\/tags?post=272830"}],"curies":[{"name":"wp","href":"https:\/\/api.w.org\/{rel}","templated":true}]}}