{"id":272827,"date":"2025-01-07T06:00:43","date_gmt":"2025-01-07T10:00:43","guid":{"rendered":"https:\/\/www.eldiario.net\/portal\/?p=272827"},"modified":"2025-01-07T06:00:43","modified_gmt":"2025-01-07T10:00:43","slug":"leve-baja-del-precio-de-la-carne-de-pollo-y-cerdo-en-mercados-de-cochabamba","status":"publish","type":"post","link":"https:\/\/www.eldiario.net\/portal\/2025\/01\/07\/leve-baja-del-precio-de-la-carne-de-pollo-y-cerdo-en-mercados-de-cochabamba\/","title":{"rendered":"Leve baja del precio de la carne de pollo  y cerdo en mercados de Cochabamba"},"content":{"rendered":"<p>Tras varios d\u00edas con precios elevados, ayer el kilo de la carne de cerdo y la carne de pollo tuvieron una leve baja en sus precios en los mercados de Cochabamba.<\/p>\n<p>En centros de abasto de la ciudad del valle se pudo corroborar que el pollo ha bajado entre un a dos bolivianos en su precio llegando a venderse entre 19 y 20 el kilo.<\/p>\n<p>Durante las semanas de celebraci\u00f3n por Navidad y A\u00f1o Nuevo se pod\u00eda encontrar este producto entre los 22 y 23 bolivianos, lo que sin duda afect\u00f3 de gran manera a las amas de casa y dem\u00e1s compradores.<\/p>\n<p>Ante esto, las comerciantes indicaron que esperan que el precio vuelva a normalizarse y llegue hasta los Bs 15 para as\u00ed mejorar las ventas que hoy en d\u00eda contin\u00faan bajas.<\/p>\n<p>Asimismo, la carne de cerdo tambi\u00e9n ha bajado su precio entre 3 a 5 bolivianos en comparaci\u00f3n a d\u00edas anteriores.<\/p>\n<p>Durante la celebraci\u00f3n de fin de a\u00f1o, el producto llegaba a comercializarse hasta en Bs 45 la costilla, mientras que ahora se encuentra en 40, por su parte, la paleta se halla en 38 bolivianos.<\/p>\n<p>Sin embargo, en el mercado Calatayud se pudo observar que la mayor\u00eda de los puestos est\u00e1n cerrados y algunas comerciantes afirman que se debe al desabastecimiento de cerdo, adem\u00e1s de sus ventas son bajas ya que los precios siguen elevados. (Cochabamba, agencias)<\/p>\n","protected":false},"excerpt":{"rendered":"<p>Tras varios d\u00edas con precios elevados, ayer el kilo de la carne de cerdo y la carne de pollo tuvieron una leve baja en sus precios en los mercados de Cochabamba. En centros de abasto de la ciudad del valle se pudo corroborar que el pollo ha bajado entre un a dos bolivianos en su [&hellip;]<\/p>\n","protected":false},"author":1,"featured_media":272828,"comment_status":"closed","ping_status":"open","sticky":false,"template":"","format":"standard","meta":{"_acf_changed":false,"footnotes":""},"categories":[12],"tags":[],"class_list":["post-272827","post","type-post","status-publish","format-standard","has-post-thumbnail","category-nacional"],"acf":{"antetitulo":""},"yoast_head":"<!-- This site is optimized with the Yoast SEO plugin v28.3 - https:\/\/yoast.com\/product\/yoast-seo-wordpress\/ -->\n<title>Leve baja del precio de la carne de pollo y cerdo en mercados de Cochabamba - El Diario - Bolivia<\/title>\n<meta name=\"robots\" content=\"index, follow, max-snippet:-1, max-image-preview:large, max-video-preview:-1\" \/>\n<link rel=\"canonical\" href=\"https:\/\/www.eldiario.net\/portal\/2025\/01\/07\/leve-baja-del-precio-de-la-carne-de-pollo-y-cerdo-en-mercados-de-cochabamba\/\" \/>\n<meta property=\"og:locale\" content=\"es_ES\" \/>\n<meta property=\"og:type\" content=\"article\" \/>\n<meta property=\"og:title\" content=\"Leve baja del precio de la carne de pollo y cerdo en mercados de Cochabamba - El Diario - Bolivia\" \/>\n<meta property=\"og:description\" content=\"Tras varios d\u00edas con precios elevados, ayer el kilo de la carne de cerdo y la carne de pollo tuvieron una leve baja en sus precios en los mercados de Cochabamba. En centros de abasto de la ciudad del valle se pudo corroborar que el pollo ha bajado entre un a dos bolivianos en su [&hellip;]\" \/>\n<meta property=\"og:url\" content=\"https:\/\/www.eldiario.net\/portal\/2025\/01\/07\/leve-baja-del-precio-de-la-carne-de-pollo-y-cerdo-en-mercados-de-cochabamba\/\" \/>\n<meta property=\"og:site_name\" content=\"El Diario - Bolivia\" \/>\n<meta property=\"article:publisher\" content=\"https:\/\/www.facebook.com\/eldiario.bolivia\/\" \/>\n<meta property=\"article:published_time\" content=\"2025-01-07T10:00:43+00:00\" \/>\n<meta property=\"og:image\" content=\"https:\/\/www.eldiario.net\/portal\/wp-content\/uploads\/2025\/01\/DOCER-FOTO.jpg\" \/>\n\t<meta property=\"og:image:width\" content=\"1280\" \/>\n\t<meta property=\"og:image:height\" content=\"545\" \/>\n\t<meta property=\"og:image:type\" content=\"image\/jpeg\" \/>\n<meta name=\"author\" content=\"Jeanette\" \/>\n<meta name=\"twitter:card\" content=\"summary_large_image\" \/>\n<meta name=\"twitter:creator\" content=\"@eldiario_net\" \/>\n<meta name=\"twitter:site\" content=\"@eldiario_net\" \/>\n<meta name=\"twitter:label1\" content=\"Escrito por\" \/>\n\t<meta name=\"twitter:data1\" content=\"Jeanette\" \/>\n\t<meta name=\"twitter:label2\" content=\"Tiempo de lectura\" \/>\n\t<meta name=\"twitter:data2\" content=\"2 minutos\" \/>\n<script type=\"application\/ld+json\" class=\"yoast-schema-graph\">{\"@context\":\"https:\\\/\\\/schema.org\",\"@graph\":[{\"@type\":\"Article\",\"@id\":\"https:\\\/\\\/www.eldiario.net\\\/portal\\\/2025\\\/01\\\/07\\\/leve-baja-del-precio-de-la-carne-de-pollo-y-cerdo-en-mercados-de-cochabamba\\\/#article\",\"isPartOf\":{\"@id\":\"https:\\\/\\\/www.eldiario.net\\\/portal\\\/2025\\\/01\\\/07\\\/leve-baja-del-precio-de-la-carne-de-pollo-y-cerdo-en-mercados-de-cochabamba\\\/\"},\"author\":{\"name\":\"Jeanette\",\"@id\":\"https:\\\/\\\/www.eldiario.net\\\/portal\\\/#\\\/schema\\\/person\\\/f46445640444750d7d753ccd04ae01b7\"},\"headline\":\"Leve baja del precio de la carne de pollo y cerdo en mercados de Cochabamba\",\"datePublished\":\"2025-01-07T10:00:43+00:00\",\"mainEntityOfPage\":{\"@id\":\"https:\\\/\\\/www.eldiario.net\\\/portal\\\/2025\\\/01\\\/07\\\/leve-baja-del-precio-de-la-carne-de-pollo-y-cerdo-en-mercados-de-cochabamba\\\/\"},\"wordCount\":249,\"publisher\":{\"@id\":\"https:\\\/\\\/www.eldiario.net\\\/portal\\\/#organization\"},\"image\":{\"@id\":\"https:\\\/\\\/www.eldiario.net\\\/portal\\\/2025\\\/01\\\/07\\\/leve-baja-del-precio-de-la-carne-de-pollo-y-cerdo-en-mercados-de-cochabamba\\\/#primaryimage\"},\"thumbnailUrl\":\"https:\\\/\\\/www.eldiario.net\\\/portal\\\/wp-content\\\/uploads\\\/2025\\\/01\\\/DOCER-FOTO.jpg\",\"articleSection\":[\"Nacional\"],\"inLanguage\":\"es\"},{\"@type\":\"WebPage\",\"@id\":\"https:\\\/\\\/www.eldiario.net\\\/portal\\\/2025\\\/01\\\/07\\\/leve-baja-del-precio-de-la-carne-de-pollo-y-cerdo-en-mercados-de-cochabamba\\\/\",\"url\":\"https:\\\/\\\/www.eldiario.net\\\/portal\\\/2025\\\/01\\\/07\\\/leve-baja-del-precio-de-la-carne-de-pollo-y-cerdo-en-mercados-de-cochabamba\\\/\",\"name\":\"Leve baja del precio de la carne de pollo y cerdo en mercados de Cochabamba - El Diario - Bolivia\",\"isPartOf\":{\"@id\":\"https:\\\/\\\/www.eldiario.net\\\/portal\\\/#website\"},\"primaryImageOfPage\":{\"@id\":\"https:\\\/\\\/www.eldiario.net\\\/portal\\\/2025\\\/01\\\/07\\\/leve-baja-del-precio-de-la-carne-de-pollo-y-cerdo-en-mercados-de-cochabamba\\\/#primaryimage\"},\"image\":{\"@id\":\"https:\\\/\\\/www.eldiario.net\\\/portal\\\/2025\\\/01\\\/07\\\/leve-baja-del-precio-de-la-carne-de-pollo-y-cerdo-en-mercados-de-cochabamba\\\/#primaryimage\"},\"thumbnailUrl\":\"https:\\\/\\\/www.eldiario.net\\\/portal\\\/wp-content\\\/uploads\\\/2025\\\/01\\\/DOCER-FOTO.jpg\",\"datePublished\":\"2025-01-07T10:00:43+00:00\",\"breadcrumb\":{\"@id\":\"https:\\\/\\\/www.eldiario.net\\\/portal\\\/2025\\\/01\\\/07\\\/leve-baja-del-precio-de-la-carne-de-pollo-y-cerdo-en-mercados-de-cochabamba\\\/#breadcrumb\"},\"inLanguage\":\"es\",\"potentialAction\":[{\"@type\":\"ReadAction\",\"target\":[\"https:\\\/\\\/www.eldiario.net\\\/portal\\\/2025\\\/01\\\/07\\\/leve-baja-del-precio-de-la-carne-de-pollo-y-cerdo-en-mercados-de-cochabamba\\\/\"]}]},{\"@type\":\"ImageObject\",\"inLanguage\":\"es\",\"@id\":\"https:\\\/\\\/www.eldiario.net\\\/portal\\\/2025\\\/01\\\/07\\\/leve-baja-del-precio-de-la-carne-de-pollo-y-cerdo-en-mercados-de-cochabamba\\\/#primaryimage\",\"url\":\"https:\\\/\\\/www.eldiario.net\\\/portal\\\/wp-content\\\/uploads\\\/2025\\\/01\\\/DOCER-FOTO.jpg\",\"contentUrl\":\"https:\\\/\\\/www.eldiario.net\\\/portal\\\/wp-content\\\/uploads\\\/2025\\\/01\\\/DOCER-FOTO.jpg\",\"width\":1280,\"height\":545,\"caption\":\"Venta de pollo en mercados de Cochabamba. FOTO: UNITEL\"},{\"@type\":\"BreadcrumbList\",\"@id\":\"https:\\\/\\\/www.eldiario.net\\\/portal\\\/2025\\\/01\\\/07\\\/leve-baja-del-precio-de-la-carne-de-pollo-y-cerdo-en-mercados-de-cochabamba\\\/#breadcrumb\",\"itemListElement\":[{\"@type\":\"ListItem\",\"position\":1,\"name\":\"Portada\",\"item\":\"https:\\\/\\\/www.eldiario.net\\\/portal\\\/\"},{\"@type\":\"ListItem\",\"position\":2,\"name\":\"Leve baja del precio de la carne de pollo y cerdo en mercados de Cochabamba\"}]},{\"@type\":\"WebSite\",\"@id\":\"https:\\\/\\\/www.eldiario.net\\\/portal\\\/#website\",\"url\":\"https:\\\/\\\/www.eldiario.net\\\/portal\\\/\",\"name\":\"El Diario - Decano de la prensa nacional\",\"description\":\"El Diario - Decano de la prensa nacional\",\"publisher\":{\"@id\":\"https:\\\/\\\/www.eldiario.net\\\/portal\\\/#organization\"},\"potentialAction\":[{\"@type\":\"SearchAction\",\"target\":{\"@type\":\"EntryPoint\",\"urlTemplate\":\"https:\\\/\\\/www.eldiario.net\\\/portal\\\/?s={search_term_string}\"},\"query-input\":{\"@type\":\"PropertyValueSpecification\",\"valueRequired\":true,\"valueName\":\"search_term_string\"}}],\"inLanguage\":\"es\"},{\"@type\":\"Organization\",\"@id\":\"https:\\\/\\\/www.eldiario.net\\\/portal\\\/#organization\",\"name\":\"El Diario - Decano de la prensa nacional\",\"url\":\"https:\\\/\\\/www.eldiario.net\\\/portal\\\/\",\"logo\":{\"@type\":\"ImageObject\",\"inLanguage\":\"es\",\"@id\":\"https:\\\/\\\/www.eldiario.net\\\/portal\\\/#\\\/schema\\\/logo\\\/image\\\/\",\"url\":\"https:\\\/\\\/www.eldiario.net\\\/portal\\\/wp-content\\\/uploads\\\/2023\\\/07\\\/logo_ED.jpg\",\"contentUrl\":\"https:\\\/\\\/www.eldiario.net\\\/portal\\\/wp-content\\\/uploads\\\/2023\\\/07\\\/logo_ED.jpg\",\"width\":272,\"height\":52,\"caption\":\"El Diario - Decano de la prensa nacional\"},\"image\":{\"@id\":\"https:\\\/\\\/www.eldiario.net\\\/portal\\\/#\\\/schema\\\/logo\\\/image\\\/\"},\"sameAs\":[\"https:\\\/\\\/www.facebook.com\\\/eldiario.bolivia\\\/\",\"https:\\\/\\\/x.com\\\/eldiario_net\"]},{\"@type\":\"Person\",\"@id\":\"https:\\\/\\\/www.eldiario.net\\\/portal\\\/#\\\/schema\\\/person\\\/f46445640444750d7d753ccd04ae01b7\",\"name\":\"Jeanette\",\"image\":{\"@type\":\"ImageObject\",\"inLanguage\":\"es\",\"@id\":\"https:\\\/\\\/secure.gravatar.com\\\/avatar\\\/3ea2118a5f7dad2b7138b1187a6b7ee55f160b9968b66013c3a3ef39dd7e5798?s=96&d=mm&r=g\",\"url\":\"https:\\\/\\\/secure.gravatar.com\\\/avatar\\\/3ea2118a5f7dad2b7138b1187a6b7ee55f160b9968b66013c3a3ef39dd7e5798?s=96&d=mm&r=g\",\"contentUrl\":\"https:\\\/\\\/secure.gravatar.com\\\/avatar\\\/3ea2118a5f7dad2b7138b1187a6b7ee55f160b9968b66013c3a3ef39dd7e5798?s=96&d=mm&r=g\",\"caption\":\"Jeanette\"},\"sameAs\":[\"https:\\\/\\\/www.eldiario.net\\\/portal\"],\"url\":\"https:\\\/\\\/www.eldiario.net\\\/portal\\\/author\\\/jeanette\\\/\"}]}<\/script>\n<!-- \/ Yoast SEO plugin. -->","yoast_head_json":{"title":"Leve baja del precio de la carne de pollo y cerdo en mercados de Cochabamba - El Diario - Bolivia","robots":{"index":"index","follow":"follow","max-snippet":"max-snippet:-1","max-image-preview":"max-image-preview:large","max-video-preview":"max-video-preview:-1"},"canonical":"https:\/\/www.eldiario.net\/portal\/2025\/01\/07\/leve-baja-del-precio-de-la-carne-de-pollo-y-cerdo-en-mercados-de-cochabamba\/","og_locale":"es_ES","og_type":"article","og_title":"Leve baja del precio de la carne de pollo y cerdo en mercados de Cochabamba - El Diario - Bolivia","og_description":"Tras varios d\u00edas con precios elevados, ayer el kilo de la carne de cerdo y la carne de pollo tuvieron una leve baja en sus precios en los mercados de Cochabamba. En centros de abasto de la ciudad del valle se pudo corroborar que el pollo ha bajado entre un a dos bolivianos en su [&hellip;]","og_url":"https:\/\/www.eldiario.net\/portal\/2025\/01\/07\/leve-baja-del-precio-de-la-carne-de-pollo-y-cerdo-en-mercados-de-cochabamba\/","og_site_name":"El Diario - Bolivia","article_publisher":"https:\/\/www.facebook.com\/eldiario.bolivia\/","article_published_time":"2025-01-07T10:00:43+00:00","og_image":[{"width":1280,"height":545,"url":"https:\/\/www.eldiario.net\/portal\/wp-content\/uploads\/2025\/01\/DOCER-FOTO.jpg","type":"image\/jpeg"}],"author":"Jeanette","twitter_card":"summary_large_image","twitter_creator":"@eldiario_net","twitter_site":"@eldiario_net","twitter_misc":{"Escrito por":"Jeanette","Tiempo de lectura":"2 minutos"},"schema":{"@context":"https:\/\/schema.org","@graph":[{"@type":"Article","@id":"https:\/\/www.eldiario.net\/portal\/2025\/01\/07\/leve-baja-del-precio-de-la-carne-de-pollo-y-cerdo-en-mercados-de-cochabamba\/#article","isPartOf":{"@id":"https:\/\/www.eldiario.net\/portal\/2025\/01\/07\/leve-baja-del-precio-de-la-carne-de-pollo-y-cerdo-en-mercados-de-cochabamba\/"},"author":{"name":"Jeanette","@id":"https:\/\/www.eldiario.net\/portal\/#\/schema\/person\/f46445640444750d7d753ccd04ae01b7"},"headline":"Leve baja del precio de la carne de pollo y cerdo en mercados de Cochabamba","datePublished":"2025-01-07T10:00:43+00:00","mainEntityOfPage":{"@id":"https:\/\/www.eldiario.net\/portal\/2025\/01\/07\/leve-baja-del-precio-de-la-carne-de-pollo-y-cerdo-en-mercados-de-cochabamba\/"},"wordCount":249,"publisher":{"@id":"https:\/\/www.eldiario.net\/portal\/#organization"},"image":{"@id":"https:\/\/www.eldiario.net\/portal\/2025\/01\/07\/leve-baja-del-precio-de-la-carne-de-pollo-y-cerdo-en-mercados-de-cochabamba\/#primaryimage"},"thumbnailUrl":"https:\/\/www.eldiario.net\/portal\/wp-content\/uploads\/2025\/01\/DOCER-FOTO.jpg","articleSection":["Nacional"],"inLanguage":"es"},{"@type":"WebPage","@id":"https:\/\/www.eldiario.net\/portal\/2025\/01\/07\/leve-baja-del-precio-de-la-carne-de-pollo-y-cerdo-en-mercados-de-cochabamba\/","url":"https:\/\/www.eldiario.net\/portal\/2025\/01\/07\/leve-baja-del-precio-de-la-carne-de-pollo-y-cerdo-en-mercados-de-cochabamba\/","name":"Leve baja del precio de la carne de pollo y cerdo en mercados de Cochabamba - El Diario - Bolivia","isPartOf":{"@id":"https:\/\/www.eldiario.net\/portal\/#website"},"primaryImageOfPage":{"@id":"https:\/\/www.eldiario.net\/portal\/2025\/01\/07\/leve-baja-del-precio-de-la-carne-de-pollo-y-cerdo-en-mercados-de-cochabamba\/#primaryimage"},"image":{"@id":"https:\/\/www.eldiario.net\/portal\/2025\/01\/07\/leve-baja-del-precio-de-la-carne-de-pollo-y-cerdo-en-mercados-de-cochabamba\/#primaryimage"},"thumbnailUrl":"https:\/\/www.eldiario.net\/portal\/wp-content\/uploads\/2025\/01\/DOCER-FOTO.jpg","datePublished":"2025-01-07T10:00:43+00:00","breadcrumb":{"@id":"https:\/\/www.eldiario.net\/portal\/2025\/01\/07\/leve-baja-del-precio-de-la-carne-de-pollo-y-cerdo-en-mercados-de-cochabamba\/#breadcrumb"},"inLanguage":"es","potentialAction":[{"@type":"ReadAction","target":["https:\/\/www.eldiario.net\/portal\/2025\/01\/07\/leve-baja-del-precio-de-la-carne-de-pollo-y-cerdo-en-mercados-de-cochabamba\/"]}]},{"@type":"ImageObject","inLanguage":"es","@id":"https:\/\/www.eldiario.net\/portal\/2025\/01\/07\/leve-baja-del-precio-de-la-carne-de-pollo-y-cerdo-en-mercados-de-cochabamba\/#primaryimage","url":"https:\/\/www.eldiario.net\/portal\/wp-content\/uploads\/2025\/01\/DOCER-FOTO.jpg","contentUrl":"https:\/\/www.eldiario.net\/portal\/wp-content\/uploads\/2025\/01\/DOCER-FOTO.jpg","width":1280,"height":545,"caption":"Venta de pollo en mercados de Cochabamba. FOTO: UNITEL"},{"@type":"BreadcrumbList","@id":"https:\/\/www.eldiario.net\/portal\/2025\/01\/07\/leve-baja-del-precio-de-la-carne-de-pollo-y-cerdo-en-mercados-de-cochabamba\/#breadcrumb","itemListElement":[{"@type":"ListItem","position":1,"name":"Portada","item":"https:\/\/www.eldiario.net\/portal\/"},{"@type":"ListItem","position":2,"name":"Leve baja del precio de la carne de pollo y cerdo en mercados de Cochabamba"}]},{"@type":"WebSite","@id":"https:\/\/www.eldiario.net\/portal\/#website","url":"https:\/\/www.eldiario.net\/portal\/","name":"El Diario - Decano de la prensa nacional","description":"El Diario - Decano de la prensa nacional","publisher":{"@id":"https:\/\/www.eldiario.net\/portal\/#organization"},"potentialAction":[{"@type":"SearchAction","target":{"@type":"EntryPoint","urlTemplate":"https:\/\/www.eldiario.net\/portal\/?s={search_term_string}"},"query-input":{"@type":"PropertyValueSpecification","valueRequired":true,"valueName":"search_term_string"}}],"inLanguage":"es"},{"@type":"Organization","@id":"https:\/\/www.eldiario.net\/portal\/#organization","name":"El Diario - Decano de la prensa nacional","url":"https:\/\/www.eldiario.net\/portal\/","logo":{"@type":"ImageObject","inLanguage":"es","@id":"https:\/\/www.eldiario.net\/portal\/#\/schema\/logo\/image\/","url":"https:\/\/www.eldiario.net\/portal\/wp-content\/uploads\/2023\/07\/logo_ED.jpg","contentUrl":"https:\/\/www.eldiario.net\/portal\/wp-content\/uploads\/2023\/07\/logo_ED.jpg","width":272,"height":52,"caption":"El Diario - Decano de la prensa nacional"},"image":{"@id":"https:\/\/www.eldiario.net\/portal\/#\/schema\/logo\/image\/"},"sameAs":["https:\/\/www.facebook.com\/eldiario.bolivia\/","https:\/\/x.com\/eldiario_net"]},{"@type":"Person","@id":"https:\/\/www.eldiario.net\/portal\/#\/schema\/person\/f46445640444750d7d753ccd04ae01b7","name":"Jeanette","image":{"@type":"ImageObject","inLanguage":"es","@id":"https:\/\/secure.gravatar.com\/avatar\/3ea2118a5f7dad2b7138b1187a6b7ee55f160b9968b66013c3a3ef39dd7e5798?s=96&d=mm&r=g","url":"https:\/\/secure.gravatar.com\/avatar\/3ea2118a5f7dad2b7138b1187a6b7ee55f160b9968b66013c3a3ef39dd7e5798?s=96&d=mm&r=g","contentUrl":"https:\/\/secure.gravatar.com\/avatar\/3ea2118a5f7dad2b7138b1187a6b7ee55f160b9968b66013c3a3ef39dd7e5798?s=96&d=mm&r=g","caption":"Jeanette"},"sameAs":["https:\/\/www.eldiario.net\/portal"],"url":"https:\/\/www.eldiario.net\/portal\/author\/jeanette\/"}]}},"_links":{"self":[{"href":"https:\/\/www.eldiario.net\/portal\/wp-json\/wp\/v2\/posts\/272827","targetHints":{"allow":["GET"]}}],"collection":[{"href":"https:\/\/www.eldiario.net\/portal\/wp-json\/wp\/v2\/posts"}],"about":[{"href":"https:\/\/www.eldiario.net\/portal\/wp-json\/wp\/v2\/types\/post"}],"author":[{"embeddable":true,"href":"https:\/\/www.eldiario.net\/portal\/wp-json\/wp\/v2\/users\/1"}],"replies":[{"embeddable":true,"href":"https:\/\/www.eldiario.net\/portal\/wp-json\/wp\/v2\/comments?post=272827"}],"version-history":[{"count":1,"href":"https:\/\/www.eldiario.net\/portal\/wp-json\/wp\/v2\/posts\/272827\/revisions"}],"predecessor-version":[{"id":272829,"href":"https:\/\/www.eldiario.net\/portal\/wp-json\/wp\/v2\/posts\/272827\/revisions\/272829"}],"wp:featuredmedia":[{"embeddable":true,"href":"https:\/\/www.eldiario.net\/portal\/wp-json\/wp\/v2\/media\/272828"}],"wp:attachment":[{"href":"https:\/\/www.eldiario.net\/portal\/wp-json\/wp\/v2\/media?parent=272827"}],"wp:term":[{"taxonomy":"category","embeddable":true,"href":"https:\/\/www.eldiario.net\/portal\/wp-json\/wp\/v2\/categories?post=272827"},{"taxonomy":"post_tag","embeddable":true,"href":"https:\/\/www.eldiario.net\/portal\/wp-json\/wp\/v2\/tags?post=272827"}],"curies":[{"name":"wp","href":"https:\/\/api.w.org\/{rel}","templated":true}]}}