{"id":272261,"date":"2025-01-05T05:56:28","date_gmt":"2025-01-05T09:56:28","guid":{"rendered":"https:\/\/www.eldiario.net\/portal\/?p=272261"},"modified":"2025-01-05T05:56:28","modified_gmt":"2025-01-05T09:56:28","slug":"arce-no-cambiara-modelo-e-inflacion-crece-en-bolivia","status":"publish","type":"post","link":"https:\/\/www.eldiario.net\/portal\/2025\/01\/05\/arce-no-cambiara-modelo-e-inflacion-crece-en-bolivia\/","title":{"rendered":"Arce no cambiar\u00e1 modelo  e inflaci\u00f3n crece en Bolivia"},"content":{"rendered":"<p>Tras los datos difundidos por el Instituto Nacional de Estad\u00edstica (INE) que sostienen que, en 2024 la inflaci\u00f3n acumulada lleg\u00f3 al 9.97%, una de las m\u00e1s altas en los \u00faltimos 17 a\u00f1os, el presidente Luis Arce afirm\u00f3 ayer en Santa Cruz que no habr\u00e1 cambio de modelo econ\u00f3mico, ya que impuls\u00f3 la estabilidad en Bolivia.<br \/>\n\u201cNosotros conquistamos esa estabilidad, le dimos estabilidad al pa\u00eds, y le seguiremos dando estabilidad econ\u00f3mica a los bolivianos\u201d, manifest\u00f3 Arce en la Federaci\u00f3n de Mujeres Campesinas Ind\u00edgenas Originarias de Santa Cruz \u2018Bartolina Sisa\u2019.<br \/>\nEl \u00faltimo reporte del Instituto Nacional de Estad\u00edstica (INE), en el que se da a conocer que la inflaci\u00f3n acumulada del 2024 lleg\u00f3 al 9,97%, cuando el Gobierno proyect\u00f3 que dicha cifra iba a llegar al 3.60%.<br \/>\nLa inflaci\u00f3n en Bolivia comenz\u00f3 a acentuarse en agosto del a\u00f1o pasado, cuando ese mes se registr\u00f3 una inflaci\u00f3n del 1.58 y una acumulada de 4.61. Desde entonces las cifras fueron en ascenso.<\/p>\n<p>DEPENDENCIA<br \/>\nDEL D\u00d3LAR<br \/>\nPara el presidente del Colegio Departamental de Economistas de Tarija, Fernando Romero, a pesar de que la econom\u00eda est\u00e1 bolivianizada, es muy dependiente de la estadounidense, debido a las pol\u00edticas desacertadas del BCB, lo que provoc\u00f3 menos d\u00f3lares en los bancos.<br \/>\nAdem\u00e1s, la decisi\u00f3n de febrero de 2023 del BCB, de establecer un tipo de cambio preferencial para los exportadores en 6,95 bolivianos por d\u00f3lar, alent\u00f3 la creaci\u00f3n de un mercado paralelo, en donde la divisa est\u00e1 por encima de los 11 bolivianos por d\u00f3lar.<br \/>\nEl analista Joshua Bellott, en contacto con Cadena A, dijo que el modelo econ\u00f3mico del MAS volvi\u00f3 a Bolivia m\u00e1s dependiente del d\u00f3lar, al establecer un tipo de cambio fijo que abarat\u00f3 la importaci\u00f3n de productos, as\u00ed como de insumos.<br \/>\n\u201cDependemos del d\u00f3lar para importar gasolina\u201d, se\u00f1al\u00f3 y agreg\u00f3 que al Gobierno le gusta maquillar las cifras, como lo hizo con las Reservas Internacionales.<\/p>\n","protected":false},"excerpt":{"rendered":"<p>Tras los datos difundidos por el Instituto Nacional de Estad\u00edstica (INE) que sostienen que, en 2024 la inflaci\u00f3n acumulada lleg\u00f3 al 9.97%, una de las m\u00e1s altas en los \u00faltimos 17 a\u00f1os, el presidente Luis Arce afirm\u00f3 ayer en Santa Cruz que no habr\u00e1 cambio de modelo econ\u00f3mico, ya que impuls\u00f3 la estabilidad en Bolivia. [&hellip;]<\/p>\n","protected":false},"author":1,"featured_media":272262,"comment_status":"closed","ping_status":"open","sticky":false,"template":"","format":"standard","meta":{"_acf_changed":false,"footnotes":""},"categories":[17],"tags":[],"class_list":["post-272261","post","type-post","status-publish","format-standard","has-post-thumbnail","category-principal"],"acf":{"antetitulo":"Cotizaci\u00f3n del d\u00f3lar en mercado paralelo llega a Bs 11,40"},"yoast_head":"<!-- This site is optimized with the Yoast SEO plugin v28.3 - https:\/\/yoast.com\/product\/yoast-seo-wordpress\/ -->\n<title>Arce no cambiar\u00e1 modelo e inflaci\u00f3n crece en Bolivia - El Diario - Bolivia<\/title>\n<meta name=\"robots\" content=\"index, follow, max-snippet:-1, max-image-preview:large, max-video-preview:-1\" \/>\n<link rel=\"canonical\" href=\"https:\/\/www.eldiario.net\/portal\/2025\/01\/05\/arce-no-cambiara-modelo-e-inflacion-crece-en-bolivia\/\" \/>\n<meta property=\"og:locale\" content=\"es_ES\" \/>\n<meta property=\"og:type\" content=\"article\" \/>\n<meta property=\"og:title\" content=\"Arce no cambiar\u00e1 modelo e inflaci\u00f3n crece en Bolivia - El Diario - Bolivia\" \/>\n<meta property=\"og:description\" content=\"Tras los datos difundidos por el Instituto Nacional de Estad\u00edstica (INE) que sostienen que, en 2024 la inflaci\u00f3n acumulada lleg\u00f3 al 9.97%, una de las m\u00e1s altas en los \u00faltimos 17 a\u00f1os, el presidente Luis Arce afirm\u00f3 ayer en Santa Cruz que no habr\u00e1 cambio de modelo econ\u00f3mico, ya que impuls\u00f3 la estabilidad en Bolivia. [&hellip;]\" \/>\n<meta property=\"og:url\" content=\"https:\/\/www.eldiario.net\/portal\/2025\/01\/05\/arce-no-cambiara-modelo-e-inflacion-crece-en-bolivia\/\" \/>\n<meta property=\"og:site_name\" content=\"El Diario - Bolivia\" \/>\n<meta property=\"article:publisher\" content=\"https:\/\/www.facebook.com\/eldiario.bolivia\/\" \/>\n<meta property=\"article:published_time\" content=\"2025-01-05T09:56:28+00:00\" \/>\n<meta property=\"og:image\" content=\"https:\/\/www.eldiario.net\/portal\/wp-content\/uploads\/2025\/01\/P-1-15-cm-x-11.jpg\" \/>\n\t<meta property=\"og:image:width\" content=\"1772\" \/>\n\t<meta property=\"og:image:height\" content=\"1299\" \/>\n\t<meta property=\"og:image:type\" content=\"image\/jpeg\" \/>\n<meta name=\"author\" content=\"Jeanette\" \/>\n<meta name=\"twitter:card\" content=\"summary_large_image\" \/>\n<meta name=\"twitter:creator\" content=\"@eldiario_net\" \/>\n<meta name=\"twitter:site\" content=\"@eldiario_net\" \/>\n<meta name=\"twitter:label1\" content=\"Escrito por\" \/>\n\t<meta name=\"twitter:data1\" content=\"Jeanette\" \/>\n\t<meta name=\"twitter:label2\" content=\"Tiempo de lectura\" \/>\n\t<meta name=\"twitter:data2\" content=\"2 minutos\" \/>\n<script type=\"application\/ld+json\" class=\"yoast-schema-graph\">{\"@context\":\"https:\\\/\\\/schema.org\",\"@graph\":[{\"@type\":\"Article\",\"@id\":\"https:\\\/\\\/www.eldiario.net\\\/portal\\\/2025\\\/01\\\/05\\\/arce-no-cambiara-modelo-e-inflacion-crece-en-bolivia\\\/#article\",\"isPartOf\":{\"@id\":\"https:\\\/\\\/www.eldiario.net\\\/portal\\\/2025\\\/01\\\/05\\\/arce-no-cambiara-modelo-e-inflacion-crece-en-bolivia\\\/\"},\"author\":{\"name\":\"Jeanette\",\"@id\":\"https:\\\/\\\/www.eldiario.net\\\/portal\\\/#\\\/schema\\\/person\\\/f46445640444750d7d753ccd04ae01b7\"},\"headline\":\"Arce no cambiar\u00e1 modelo e inflaci\u00f3n crece en Bolivia\",\"datePublished\":\"2025-01-05T09:56:28+00:00\",\"mainEntityOfPage\":{\"@id\":\"https:\\\/\\\/www.eldiario.net\\\/portal\\\/2025\\\/01\\\/05\\\/arce-no-cambiara-modelo-e-inflacion-crece-en-bolivia\\\/\"},\"wordCount\":338,\"publisher\":{\"@id\":\"https:\\\/\\\/www.eldiario.net\\\/portal\\\/#organization\"},\"image\":{\"@id\":\"https:\\\/\\\/www.eldiario.net\\\/portal\\\/2025\\\/01\\\/05\\\/arce-no-cambiara-modelo-e-inflacion-crece-en-bolivia\\\/#primaryimage\"},\"thumbnailUrl\":\"https:\\\/\\\/www.eldiario.net\\\/portal\\\/wp-content\\\/uploads\\\/2025\\\/01\\\/P-1-15-cm-x-11.jpg\",\"articleSection\":[\"Principal\"],\"inLanguage\":\"es\"},{\"@type\":\"WebPage\",\"@id\":\"https:\\\/\\\/www.eldiario.net\\\/portal\\\/2025\\\/01\\\/05\\\/arce-no-cambiara-modelo-e-inflacion-crece-en-bolivia\\\/\",\"url\":\"https:\\\/\\\/www.eldiario.net\\\/portal\\\/2025\\\/01\\\/05\\\/arce-no-cambiara-modelo-e-inflacion-crece-en-bolivia\\\/\",\"name\":\"Arce no cambiar\u00e1 modelo e inflaci\u00f3n crece en Bolivia - El Diario - Bolivia\",\"isPartOf\":{\"@id\":\"https:\\\/\\\/www.eldiario.net\\\/portal\\\/#website\"},\"primaryImageOfPage\":{\"@id\":\"https:\\\/\\\/www.eldiario.net\\\/portal\\\/2025\\\/01\\\/05\\\/arce-no-cambiara-modelo-e-inflacion-crece-en-bolivia\\\/#primaryimage\"},\"image\":{\"@id\":\"https:\\\/\\\/www.eldiario.net\\\/portal\\\/2025\\\/01\\\/05\\\/arce-no-cambiara-modelo-e-inflacion-crece-en-bolivia\\\/#primaryimage\"},\"thumbnailUrl\":\"https:\\\/\\\/www.eldiario.net\\\/portal\\\/wp-content\\\/uploads\\\/2025\\\/01\\\/P-1-15-cm-x-11.jpg\",\"datePublished\":\"2025-01-05T09:56:28+00:00\",\"breadcrumb\":{\"@id\":\"https:\\\/\\\/www.eldiario.net\\\/portal\\\/2025\\\/01\\\/05\\\/arce-no-cambiara-modelo-e-inflacion-crece-en-bolivia\\\/#breadcrumb\"},\"inLanguage\":\"es\",\"potentialAction\":[{\"@type\":\"ReadAction\",\"target\":[\"https:\\\/\\\/www.eldiario.net\\\/portal\\\/2025\\\/01\\\/05\\\/arce-no-cambiara-modelo-e-inflacion-crece-en-bolivia\\\/\"]}]},{\"@type\":\"ImageObject\",\"inLanguage\":\"es\",\"@id\":\"https:\\\/\\\/www.eldiario.net\\\/portal\\\/2025\\\/01\\\/05\\\/arce-no-cambiara-modelo-e-inflacion-crece-en-bolivia\\\/#primaryimage\",\"url\":\"https:\\\/\\\/www.eldiario.net\\\/portal\\\/wp-content\\\/uploads\\\/2025\\\/01\\\/P-1-15-cm-x-11.jpg\",\"contentUrl\":\"https:\\\/\\\/www.eldiario.net\\\/portal\\\/wp-content\\\/uploads\\\/2025\\\/01\\\/P-1-15-cm-x-11.jpg\",\"width\":1772,\"height\":1299,\"caption\":\"La inflaci\u00f3n acumulada el 2024 en Bolivia lleg\u00f3 al 9,97% y el Gobierno proyectaba un 3,60%, debido al incremento de precios de los productos de la canasta familiar.\"},{\"@type\":\"BreadcrumbList\",\"@id\":\"https:\\\/\\\/www.eldiario.net\\\/portal\\\/2025\\\/01\\\/05\\\/arce-no-cambiara-modelo-e-inflacion-crece-en-bolivia\\\/#breadcrumb\",\"itemListElement\":[{\"@type\":\"ListItem\",\"position\":1,\"name\":\"Portada\",\"item\":\"https:\\\/\\\/www.eldiario.net\\\/portal\\\/\"},{\"@type\":\"ListItem\",\"position\":2,\"name\":\"Arce no cambiar\u00e1 modelo e inflaci\u00f3n crece en Bolivia\"}]},{\"@type\":\"WebSite\",\"@id\":\"https:\\\/\\\/www.eldiario.net\\\/portal\\\/#website\",\"url\":\"https:\\\/\\\/www.eldiario.net\\\/portal\\\/\",\"name\":\"El Diario - Decano de la prensa nacional\",\"description\":\"El Diario - Decano de la prensa nacional\",\"publisher\":{\"@id\":\"https:\\\/\\\/www.eldiario.net\\\/portal\\\/#organization\"},\"potentialAction\":[{\"@type\":\"SearchAction\",\"target\":{\"@type\":\"EntryPoint\",\"urlTemplate\":\"https:\\\/\\\/www.eldiario.net\\\/portal\\\/?s={search_term_string}\"},\"query-input\":{\"@type\":\"PropertyValueSpecification\",\"valueRequired\":true,\"valueName\":\"search_term_string\"}}],\"inLanguage\":\"es\"},{\"@type\":\"Organization\",\"@id\":\"https:\\\/\\\/www.eldiario.net\\\/portal\\\/#organization\",\"name\":\"El Diario - Decano de la prensa nacional\",\"url\":\"https:\\\/\\\/www.eldiario.net\\\/portal\\\/\",\"logo\":{\"@type\":\"ImageObject\",\"inLanguage\":\"es\",\"@id\":\"https:\\\/\\\/www.eldiario.net\\\/portal\\\/#\\\/schema\\\/logo\\\/image\\\/\",\"url\":\"https:\\\/\\\/www.eldiario.net\\\/portal\\\/wp-content\\\/uploads\\\/2023\\\/07\\\/logo_ED.jpg\",\"contentUrl\":\"https:\\\/\\\/www.eldiario.net\\\/portal\\\/wp-content\\\/uploads\\\/2023\\\/07\\\/logo_ED.jpg\",\"width\":272,\"height\":52,\"caption\":\"El Diario - Decano de la prensa nacional\"},\"image\":{\"@id\":\"https:\\\/\\\/www.eldiario.net\\\/portal\\\/#\\\/schema\\\/logo\\\/image\\\/\"},\"sameAs\":[\"https:\\\/\\\/www.facebook.com\\\/eldiario.bolivia\\\/\",\"https:\\\/\\\/x.com\\\/eldiario_net\"]},{\"@type\":\"Person\",\"@id\":\"https:\\\/\\\/www.eldiario.net\\\/portal\\\/#\\\/schema\\\/person\\\/f46445640444750d7d753ccd04ae01b7\",\"name\":\"Jeanette\",\"image\":{\"@type\":\"ImageObject\",\"inLanguage\":\"es\",\"@id\":\"https:\\\/\\\/secure.gravatar.com\\\/avatar\\\/3ea2118a5f7dad2b7138b1187a6b7ee55f160b9968b66013c3a3ef39dd7e5798?s=96&d=mm&r=g\",\"url\":\"https:\\\/\\\/secure.gravatar.com\\\/avatar\\\/3ea2118a5f7dad2b7138b1187a6b7ee55f160b9968b66013c3a3ef39dd7e5798?s=96&d=mm&r=g\",\"contentUrl\":\"https:\\\/\\\/secure.gravatar.com\\\/avatar\\\/3ea2118a5f7dad2b7138b1187a6b7ee55f160b9968b66013c3a3ef39dd7e5798?s=96&d=mm&r=g\",\"caption\":\"Jeanette\"},\"sameAs\":[\"https:\\\/\\\/www.eldiario.net\\\/portal\"],\"url\":\"https:\\\/\\\/www.eldiario.net\\\/portal\\\/author\\\/jeanette\\\/\"}]}<\/script>\n<!-- \/ Yoast SEO plugin. -->","yoast_head_json":{"title":"Arce no cambiar\u00e1 modelo e inflaci\u00f3n crece en Bolivia - El Diario - Bolivia","robots":{"index":"index","follow":"follow","max-snippet":"max-snippet:-1","max-image-preview":"max-image-preview:large","max-video-preview":"max-video-preview:-1"},"canonical":"https:\/\/www.eldiario.net\/portal\/2025\/01\/05\/arce-no-cambiara-modelo-e-inflacion-crece-en-bolivia\/","og_locale":"es_ES","og_type":"article","og_title":"Arce no cambiar\u00e1 modelo e inflaci\u00f3n crece en Bolivia - El Diario - Bolivia","og_description":"Tras los datos difundidos por el Instituto Nacional de Estad\u00edstica (INE) que sostienen que, en 2024 la inflaci\u00f3n acumulada lleg\u00f3 al 9.97%, una de las m\u00e1s altas en los \u00faltimos 17 a\u00f1os, el presidente Luis Arce afirm\u00f3 ayer en Santa Cruz que no habr\u00e1 cambio de modelo econ\u00f3mico, ya que impuls\u00f3 la estabilidad en Bolivia. [&hellip;]","og_url":"https:\/\/www.eldiario.net\/portal\/2025\/01\/05\/arce-no-cambiara-modelo-e-inflacion-crece-en-bolivia\/","og_site_name":"El Diario - Bolivia","article_publisher":"https:\/\/www.facebook.com\/eldiario.bolivia\/","article_published_time":"2025-01-05T09:56:28+00:00","og_image":[{"width":1772,"height":1299,"url":"https:\/\/www.eldiario.net\/portal\/wp-content\/uploads\/2025\/01\/P-1-15-cm-x-11.jpg","type":"image\/jpeg"}],"author":"Jeanette","twitter_card":"summary_large_image","twitter_creator":"@eldiario_net","twitter_site":"@eldiario_net","twitter_misc":{"Escrito por":"Jeanette","Tiempo de lectura":"2 minutos"},"schema":{"@context":"https:\/\/schema.org","@graph":[{"@type":"Article","@id":"https:\/\/www.eldiario.net\/portal\/2025\/01\/05\/arce-no-cambiara-modelo-e-inflacion-crece-en-bolivia\/#article","isPartOf":{"@id":"https:\/\/www.eldiario.net\/portal\/2025\/01\/05\/arce-no-cambiara-modelo-e-inflacion-crece-en-bolivia\/"},"author":{"name":"Jeanette","@id":"https:\/\/www.eldiario.net\/portal\/#\/schema\/person\/f46445640444750d7d753ccd04ae01b7"},"headline":"Arce no cambiar\u00e1 modelo e inflaci\u00f3n crece en Bolivia","datePublished":"2025-01-05T09:56:28+00:00","mainEntityOfPage":{"@id":"https:\/\/www.eldiario.net\/portal\/2025\/01\/05\/arce-no-cambiara-modelo-e-inflacion-crece-en-bolivia\/"},"wordCount":338,"publisher":{"@id":"https:\/\/www.eldiario.net\/portal\/#organization"},"image":{"@id":"https:\/\/www.eldiario.net\/portal\/2025\/01\/05\/arce-no-cambiara-modelo-e-inflacion-crece-en-bolivia\/#primaryimage"},"thumbnailUrl":"https:\/\/www.eldiario.net\/portal\/wp-content\/uploads\/2025\/01\/P-1-15-cm-x-11.jpg","articleSection":["Principal"],"inLanguage":"es"},{"@type":"WebPage","@id":"https:\/\/www.eldiario.net\/portal\/2025\/01\/05\/arce-no-cambiara-modelo-e-inflacion-crece-en-bolivia\/","url":"https:\/\/www.eldiario.net\/portal\/2025\/01\/05\/arce-no-cambiara-modelo-e-inflacion-crece-en-bolivia\/","name":"Arce no cambiar\u00e1 modelo e inflaci\u00f3n crece en Bolivia - El Diario - Bolivia","isPartOf":{"@id":"https:\/\/www.eldiario.net\/portal\/#website"},"primaryImageOfPage":{"@id":"https:\/\/www.eldiario.net\/portal\/2025\/01\/05\/arce-no-cambiara-modelo-e-inflacion-crece-en-bolivia\/#primaryimage"},"image":{"@id":"https:\/\/www.eldiario.net\/portal\/2025\/01\/05\/arce-no-cambiara-modelo-e-inflacion-crece-en-bolivia\/#primaryimage"},"thumbnailUrl":"https:\/\/www.eldiario.net\/portal\/wp-content\/uploads\/2025\/01\/P-1-15-cm-x-11.jpg","datePublished":"2025-01-05T09:56:28+00:00","breadcrumb":{"@id":"https:\/\/www.eldiario.net\/portal\/2025\/01\/05\/arce-no-cambiara-modelo-e-inflacion-crece-en-bolivia\/#breadcrumb"},"inLanguage":"es","potentialAction":[{"@type":"ReadAction","target":["https:\/\/www.eldiario.net\/portal\/2025\/01\/05\/arce-no-cambiara-modelo-e-inflacion-crece-en-bolivia\/"]}]},{"@type":"ImageObject","inLanguage":"es","@id":"https:\/\/www.eldiario.net\/portal\/2025\/01\/05\/arce-no-cambiara-modelo-e-inflacion-crece-en-bolivia\/#primaryimage","url":"https:\/\/www.eldiario.net\/portal\/wp-content\/uploads\/2025\/01\/P-1-15-cm-x-11.jpg","contentUrl":"https:\/\/www.eldiario.net\/portal\/wp-content\/uploads\/2025\/01\/P-1-15-cm-x-11.jpg","width":1772,"height":1299,"caption":"La inflaci\u00f3n acumulada el 2024 en Bolivia lleg\u00f3 al 9,97% y el Gobierno proyectaba un 3,60%, debido al incremento de precios de los productos de la canasta familiar."},{"@type":"BreadcrumbList","@id":"https:\/\/www.eldiario.net\/portal\/2025\/01\/05\/arce-no-cambiara-modelo-e-inflacion-crece-en-bolivia\/#breadcrumb","itemListElement":[{"@type":"ListItem","position":1,"name":"Portada","item":"https:\/\/www.eldiario.net\/portal\/"},{"@type":"ListItem","position":2,"name":"Arce no cambiar\u00e1 modelo e inflaci\u00f3n crece en Bolivia"}]},{"@type":"WebSite","@id":"https:\/\/www.eldiario.net\/portal\/#website","url":"https:\/\/www.eldiario.net\/portal\/","name":"El Diario - Decano de la prensa nacional","description":"El Diario - Decano de la prensa nacional","publisher":{"@id":"https:\/\/www.eldiario.net\/portal\/#organization"},"potentialAction":[{"@type":"SearchAction","target":{"@type":"EntryPoint","urlTemplate":"https:\/\/www.eldiario.net\/portal\/?s={search_term_string}"},"query-input":{"@type":"PropertyValueSpecification","valueRequired":true,"valueName":"search_term_string"}}],"inLanguage":"es"},{"@type":"Organization","@id":"https:\/\/www.eldiario.net\/portal\/#organization","name":"El Diario - Decano de la prensa nacional","url":"https:\/\/www.eldiario.net\/portal\/","logo":{"@type":"ImageObject","inLanguage":"es","@id":"https:\/\/www.eldiario.net\/portal\/#\/schema\/logo\/image\/","url":"https:\/\/www.eldiario.net\/portal\/wp-content\/uploads\/2023\/07\/logo_ED.jpg","contentUrl":"https:\/\/www.eldiario.net\/portal\/wp-content\/uploads\/2023\/07\/logo_ED.jpg","width":272,"height":52,"caption":"El Diario - Decano de la prensa nacional"},"image":{"@id":"https:\/\/www.eldiario.net\/portal\/#\/schema\/logo\/image\/"},"sameAs":["https:\/\/www.facebook.com\/eldiario.bolivia\/","https:\/\/x.com\/eldiario_net"]},{"@type":"Person","@id":"https:\/\/www.eldiario.net\/portal\/#\/schema\/person\/f46445640444750d7d753ccd04ae01b7","name":"Jeanette","image":{"@type":"ImageObject","inLanguage":"es","@id":"https:\/\/secure.gravatar.com\/avatar\/3ea2118a5f7dad2b7138b1187a6b7ee55f160b9968b66013c3a3ef39dd7e5798?s=96&d=mm&r=g","url":"https:\/\/secure.gravatar.com\/avatar\/3ea2118a5f7dad2b7138b1187a6b7ee55f160b9968b66013c3a3ef39dd7e5798?s=96&d=mm&r=g","contentUrl":"https:\/\/secure.gravatar.com\/avatar\/3ea2118a5f7dad2b7138b1187a6b7ee55f160b9968b66013c3a3ef39dd7e5798?s=96&d=mm&r=g","caption":"Jeanette"},"sameAs":["https:\/\/www.eldiario.net\/portal"],"url":"https:\/\/www.eldiario.net\/portal\/author\/jeanette\/"}]}},"_links":{"self":[{"href":"https:\/\/www.eldiario.net\/portal\/wp-json\/wp\/v2\/posts\/272261","targetHints":{"allow":["GET"]}}],"collection":[{"href":"https:\/\/www.eldiario.net\/portal\/wp-json\/wp\/v2\/posts"}],"about":[{"href":"https:\/\/www.eldiario.net\/portal\/wp-json\/wp\/v2\/types\/post"}],"author":[{"embeddable":true,"href":"https:\/\/www.eldiario.net\/portal\/wp-json\/wp\/v2\/users\/1"}],"replies":[{"embeddable":true,"href":"https:\/\/www.eldiario.net\/portal\/wp-json\/wp\/v2\/comments?post=272261"}],"version-history":[{"count":1,"href":"https:\/\/www.eldiario.net\/portal\/wp-json\/wp\/v2\/posts\/272261\/revisions"}],"predecessor-version":[{"id":272263,"href":"https:\/\/www.eldiario.net\/portal\/wp-json\/wp\/v2\/posts\/272261\/revisions\/272263"}],"wp:featuredmedia":[{"embeddable":true,"href":"https:\/\/www.eldiario.net\/portal\/wp-json\/wp\/v2\/media\/272262"}],"wp:attachment":[{"href":"https:\/\/www.eldiario.net\/portal\/wp-json\/wp\/v2\/media?parent=272261"}],"wp:term":[{"taxonomy":"category","embeddable":true,"href":"https:\/\/www.eldiario.net\/portal\/wp-json\/wp\/v2\/categories?post=272261"},{"taxonomy":"post_tag","embeddable":true,"href":"https:\/\/www.eldiario.net\/portal\/wp-json\/wp\/v2\/tags?post=272261"}],"curies":[{"name":"wp","href":"https:\/\/api.w.org\/{rel}","templated":true}]}}