{"id":271688,"date":"2025-01-01T01:20:54","date_gmt":"2025-01-01T05:20:54","guid":{"rendered":"https:\/\/www.eldiario.net\/portal\/?p=271688"},"modified":"2024-12-31T21:02:25","modified_gmt":"2025-01-01T01:02:25","slug":"fallece-hugo-cholo-sotil-estrella-del-futbol-peruano","status":"publish","type":"post","link":"https:\/\/www.eldiario.net\/portal\/2025\/01\/01\/fallece-hugo-cholo-sotil-estrella-del-futbol-peruano\/","title":{"rendered":"Fallece Hugo  &#8216;Cholo&#8217; Sotil, estrella del f\u00fatbol peruano"},"content":{"rendered":"<p>Hugo &#8216;Cholo&#8217; Sotil ha fallecido el lunes a la edad de 75 a\u00f1os v\u00edctima de una larga enfermedad. El futbolista jug\u00f3 en el Barcelona en la d\u00e9cada de los 70, concretamente desde 1973 a 1976, donde coincidi\u00f3 con Johan Cruyff ganando la famosa Liga de 1973\/74. Fue un jugador muy querido por la afici\u00f3n azulgrana.<br \/>\nSotil form\u00f3 parte del equipo azulgrana que gan\u00f3 por 0-5 en el Santiago Bernab\u00e9u. Adem\u00e1s, fue uno de los goleadores del partido concretamente cerrando la cuenta. El futbolista regres\u00f3 a Per\u00fa en el 76 despu\u00e9s de que el Barcelona fichara a Johan Neeskens y debido a los problemas que tuvo para nacionalizarse espa\u00f1ol.<br \/>\nUna vez finalizada su etapa como jugador azulgrana regres\u00f3 a Per\u00fa donde se convirti\u00f3 en una aut\u00e9ntica leyenda. Por aquel entonces, el combinado peruano era muy potente contando con otro excelente jugador como Te\u00f3filo Cubillas. Una selecci\u00f3n que logr\u00f3 ganar la Copa Am\u00e9rica en 1975. Sotil hab\u00eda estado en Barcelona hace pocos d\u00edas con motivo de los actos organizados por el 125 Aniversario del club. Su delicado estado de salud le obligaba ya a trasladarse en silla de ruedas. El club azulgrana ha lamentado esta p\u00e9rdida: \u00abEl FC Barcelona lamenta la muerte de Hugo Sotil, jugador azulgrana entre el 1973 y el 1976, y quiere expresar su p\u00e9same a la familia y amistades. Descanse en paz, Cholo.\u00bb (MARCA)<\/p>\n","protected":false},"excerpt":{"rendered":"<p>Hugo &#8216;Cholo&#8217; Sotil ha fallecido el lunes a la edad de 75 a\u00f1os v\u00edctima de una larga enfermedad. El futbolista jug\u00f3 en el Barcelona en la d\u00e9cada de los 70, concretamente desde 1973 a 1976, donde coincidi\u00f3 con Johan Cruyff ganando la famosa Liga de 1973\/74. Fue un jugador muy querido por la afici\u00f3n azulgrana. [&hellip;]<\/p>\n","protected":false},"author":1,"featured_media":271689,"comment_status":"closed","ping_status":"open","sticky":false,"template":"","format":"standard","meta":{"_acf_changed":false,"footnotes":""},"categories":[6],"tags":[],"class_list":["post-271688","post","type-post","status-publish","format-standard","has-post-thumbnail","category-deportes"],"acf":{"antetitulo":""},"yoast_head":"<!-- This site is optimized with the Yoast SEO plugin v28.4 - https:\/\/yoast.com\/product\/yoast-seo-wordpress\/ -->\n<title>Fallece Hugo &#039;Cholo&#039; Sotil, estrella del f\u00fatbol peruano - El Diario - Bolivia<\/title>\n<meta name=\"robots\" content=\"index, follow, max-snippet:-1, max-image-preview:large, max-video-preview:-1\" \/>\n<link rel=\"canonical\" href=\"https:\/\/www.eldiario.net\/portal\/2025\/01\/01\/fallece-hugo-cholo-sotil-estrella-del-futbol-peruano\/\" \/>\n<meta property=\"og:locale\" content=\"es_ES\" \/>\n<meta property=\"og:type\" content=\"article\" \/>\n<meta property=\"og:title\" content=\"Fallece Hugo &#039;Cholo&#039; Sotil, estrella del f\u00fatbol peruano - El Diario - Bolivia\" \/>\n<meta property=\"og:description\" content=\"Hugo &#8216;Cholo&#8217; Sotil ha fallecido el lunes a la edad de 75 a\u00f1os v\u00edctima de una larga enfermedad. El futbolista jug\u00f3 en el Barcelona en la d\u00e9cada de los 70, concretamente desde 1973 a 1976, donde coincidi\u00f3 con Johan Cruyff ganando la famosa Liga de 1973\/74. Fue un jugador muy querido por la afici\u00f3n azulgrana. [&hellip;]\" \/>\n<meta property=\"og:url\" content=\"https:\/\/www.eldiario.net\/portal\/2025\/01\/01\/fallece-hugo-cholo-sotil-estrella-del-futbol-peruano\/\" \/>\n<meta property=\"og:site_name\" content=\"El Diario - Bolivia\" \/>\n<meta property=\"article:publisher\" content=\"https:\/\/www.facebook.com\/eldiario.bolivia\/\" \/>\n<meta property=\"article:published_time\" content=\"2025-01-01T05:20:54+00:00\" \/>\n<meta property=\"og:image\" content=\"https:\/\/www.eldiario.net\/portal\/wp-content\/uploads\/2024\/12\/FOTO-75-4.jpg\" \/>\n\t<meta property=\"og:image:width\" content=\"358\" \/>\n\t<meta property=\"og:image:height\" content=\"398\" \/>\n\t<meta property=\"og:image:type\" content=\"image\/jpeg\" \/>\n<meta name=\"author\" content=\"Jeanette\" \/>\n<meta name=\"twitter:card\" content=\"summary_large_image\" \/>\n<meta name=\"twitter:creator\" content=\"@eldiario_net\" \/>\n<meta name=\"twitter:site\" content=\"@eldiario_net\" \/>\n<meta name=\"twitter:label1\" content=\"Escrito por\" \/>\n\t<meta name=\"twitter:data1\" content=\"Jeanette\" \/>\n\t<meta name=\"twitter:label2\" content=\"Tiempo de lectura\" \/>\n\t<meta name=\"twitter:data2\" content=\"2 minutos\" \/>\n<script type=\"application\/ld+json\" class=\"yoast-schema-graph\">{\"@context\":\"https:\\\/\\\/schema.org\",\"@graph\":[{\"@type\":\"Article\",\"@id\":\"https:\\\/\\\/www.eldiario.net\\\/portal\\\/2025\\\/01\\\/01\\\/fallece-hugo-cholo-sotil-estrella-del-futbol-peruano\\\/#article\",\"isPartOf\":{\"@id\":\"https:\\\/\\\/www.eldiario.net\\\/portal\\\/2025\\\/01\\\/01\\\/fallece-hugo-cholo-sotil-estrella-del-futbol-peruano\\\/\"},\"author\":{\"name\":\"Jeanette\",\"@id\":\"https:\\\/\\\/www.eldiario.net\\\/portal\\\/#\\\/schema\\\/person\\\/2c57cf2b7a7ae032e449e4c9b1019eac\"},\"headline\":\"Fallece Hugo &#8216;Cholo&#8217; Sotil, estrella del f\u00fatbol peruano\",\"datePublished\":\"2025-01-01T05:20:54+00:00\",\"mainEntityOfPage\":{\"@id\":\"https:\\\/\\\/www.eldiario.net\\\/portal\\\/2025\\\/01\\\/01\\\/fallece-hugo-cholo-sotil-estrella-del-futbol-peruano\\\/\"},\"wordCount\":241,\"publisher\":{\"@id\":\"https:\\\/\\\/www.eldiario.net\\\/portal\\\/#organization\"},\"image\":{\"@id\":\"https:\\\/\\\/www.eldiario.net\\\/portal\\\/2025\\\/01\\\/01\\\/fallece-hugo-cholo-sotil-estrella-del-futbol-peruano\\\/#primaryimage\"},\"thumbnailUrl\":\"https:\\\/\\\/www.eldiario.net\\\/portal\\\/wp-content\\\/uploads\\\/2024\\\/12\\\/FOTO-75-4.jpg\",\"articleSection\":[\"Deportes\"],\"inLanguage\":\"es\"},{\"@type\":\"WebPage\",\"@id\":\"https:\\\/\\\/www.eldiario.net\\\/portal\\\/2025\\\/01\\\/01\\\/fallece-hugo-cholo-sotil-estrella-del-futbol-peruano\\\/\",\"url\":\"https:\\\/\\\/www.eldiario.net\\\/portal\\\/2025\\\/01\\\/01\\\/fallece-hugo-cholo-sotil-estrella-del-futbol-peruano\\\/\",\"name\":\"Fallece Hugo 'Cholo' Sotil, estrella del f\u00fatbol peruano - El Diario - Bolivia\",\"isPartOf\":{\"@id\":\"https:\\\/\\\/www.eldiario.net\\\/portal\\\/#website\"},\"primaryImageOfPage\":{\"@id\":\"https:\\\/\\\/www.eldiario.net\\\/portal\\\/2025\\\/01\\\/01\\\/fallece-hugo-cholo-sotil-estrella-del-futbol-peruano\\\/#primaryimage\"},\"image\":{\"@id\":\"https:\\\/\\\/www.eldiario.net\\\/portal\\\/2025\\\/01\\\/01\\\/fallece-hugo-cholo-sotil-estrella-del-futbol-peruano\\\/#primaryimage\"},\"thumbnailUrl\":\"https:\\\/\\\/www.eldiario.net\\\/portal\\\/wp-content\\\/uploads\\\/2024\\\/12\\\/FOTO-75-4.jpg\",\"datePublished\":\"2025-01-01T05:20:54+00:00\",\"breadcrumb\":{\"@id\":\"https:\\\/\\\/www.eldiario.net\\\/portal\\\/2025\\\/01\\\/01\\\/fallece-hugo-cholo-sotil-estrella-del-futbol-peruano\\\/#breadcrumb\"},\"inLanguage\":\"es\",\"potentialAction\":[{\"@type\":\"ReadAction\",\"target\":[\"https:\\\/\\\/www.eldiario.net\\\/portal\\\/2025\\\/01\\\/01\\\/fallece-hugo-cholo-sotil-estrella-del-futbol-peruano\\\/\"]}]},{\"@type\":\"ImageObject\",\"inLanguage\":\"es\",\"@id\":\"https:\\\/\\\/www.eldiario.net\\\/portal\\\/2025\\\/01\\\/01\\\/fallece-hugo-cholo-sotil-estrella-del-futbol-peruano\\\/#primaryimage\",\"url\":\"https:\\\/\\\/www.eldiario.net\\\/portal\\\/wp-content\\\/uploads\\\/2024\\\/12\\\/FOTO-75-4.jpg\",\"contentUrl\":\"https:\\\/\\\/www.eldiario.net\\\/portal\\\/wp-content\\\/uploads\\\/2024\\\/12\\\/FOTO-75-4.jpg\",\"width\":358,\"height\":398},{\"@type\":\"BreadcrumbList\",\"@id\":\"https:\\\/\\\/www.eldiario.net\\\/portal\\\/2025\\\/01\\\/01\\\/fallece-hugo-cholo-sotil-estrella-del-futbol-peruano\\\/#breadcrumb\",\"itemListElement\":[{\"@type\":\"ListItem\",\"position\":1,\"name\":\"Portada\",\"item\":\"https:\\\/\\\/www.eldiario.net\\\/portal\\\/\"},{\"@type\":\"ListItem\",\"position\":2,\"name\":\"Fallece Hugo &#8216;Cholo&#8217; Sotil, estrella del f\u00fatbol peruano\"}]},{\"@type\":\"WebSite\",\"@id\":\"https:\\\/\\\/www.eldiario.net\\\/portal\\\/#website\",\"url\":\"https:\\\/\\\/www.eldiario.net\\\/portal\\\/\",\"name\":\"El Diario - Decano de la prensa nacional\",\"description\":\"El Diario - Decano de la prensa nacional\",\"publisher\":{\"@id\":\"https:\\\/\\\/www.eldiario.net\\\/portal\\\/#organization\"},\"potentialAction\":[{\"@type\":\"SearchAction\",\"target\":{\"@type\":\"EntryPoint\",\"urlTemplate\":\"https:\\\/\\\/www.eldiario.net\\\/portal\\\/?s={search_term_string}\"},\"query-input\":{\"@type\":\"PropertyValueSpecification\",\"valueRequired\":true,\"valueName\":\"search_term_string\"}}],\"inLanguage\":\"es\"},{\"@type\":\"Organization\",\"@id\":\"https:\\\/\\\/www.eldiario.net\\\/portal\\\/#organization\",\"name\":\"El Diario - Decano de la prensa nacional\",\"url\":\"https:\\\/\\\/www.eldiario.net\\\/portal\\\/\",\"logo\":{\"@type\":\"ImageObject\",\"inLanguage\":\"es\",\"@id\":\"https:\\\/\\\/www.eldiario.net\\\/portal\\\/#\\\/schema\\\/logo\\\/image\\\/\",\"url\":\"https:\\\/\\\/www.eldiario.net\\\/portal\\\/wp-content\\\/uploads\\\/2023\\\/07\\\/logo_ED.jpg\",\"contentUrl\":\"https:\\\/\\\/www.eldiario.net\\\/portal\\\/wp-content\\\/uploads\\\/2023\\\/07\\\/logo_ED.jpg\",\"width\":272,\"height\":52,\"caption\":\"El Diario - Decano de la prensa nacional\"},\"image\":{\"@id\":\"https:\\\/\\\/www.eldiario.net\\\/portal\\\/#\\\/schema\\\/logo\\\/image\\\/\"},\"sameAs\":[\"https:\\\/\\\/www.facebook.com\\\/eldiario.bolivia\\\/\",\"https:\\\/\\\/x.com\\\/eldiario_net\"]},{\"@type\":\"Person\",\"@id\":\"https:\\\/\\\/www.eldiario.net\\\/portal\\\/#\\\/schema\\\/person\\\/2c57cf2b7a7ae032e449e4c9b1019eac\",\"name\":\"Jeanette\",\"image\":{\"@type\":\"ImageObject\",\"inLanguage\":\"es\",\"@id\":\"https:\\\/\\\/secure.gravatar.com\\\/avatar\\\/3ea2118a5f7dad2b7138b1187a6b7ee55f160b9968b66013c3a3ef39dd7e5798?s=96&d=mm&r=g\",\"url\":\"https:\\\/\\\/secure.gravatar.com\\\/avatar\\\/3ea2118a5f7dad2b7138b1187a6b7ee55f160b9968b66013c3a3ef39dd7e5798?s=96&d=mm&r=g\",\"contentUrl\":\"https:\\\/\\\/secure.gravatar.com\\\/avatar\\\/3ea2118a5f7dad2b7138b1187a6b7ee55f160b9968b66013c3a3ef39dd7e5798?s=96&d=mm&r=g\",\"caption\":\"Jeanette\"},\"sameAs\":[\"https:\\\/\\\/www.eldiario.net\\\/portal\"],\"url\":\"https:\\\/\\\/www.eldiario.net\\\/portal\\\/author\\\/jeanette\\\/\"}]}<\/script>\n<!-- \/ Yoast SEO plugin. -->","yoast_head_json":{"title":"Fallece Hugo 'Cholo' Sotil, estrella del f\u00fatbol peruano - El Diario - Bolivia","robots":{"index":"index","follow":"follow","max-snippet":"max-snippet:-1","max-image-preview":"max-image-preview:large","max-video-preview":"max-video-preview:-1"},"canonical":"https:\/\/www.eldiario.net\/portal\/2025\/01\/01\/fallece-hugo-cholo-sotil-estrella-del-futbol-peruano\/","og_locale":"es_ES","og_type":"article","og_title":"Fallece Hugo 'Cholo' Sotil, estrella del f\u00fatbol peruano - El Diario - Bolivia","og_description":"Hugo &#8216;Cholo&#8217; Sotil ha fallecido el lunes a la edad de 75 a\u00f1os v\u00edctima de una larga enfermedad. El futbolista jug\u00f3 en el Barcelona en la d\u00e9cada de los 70, concretamente desde 1973 a 1976, donde coincidi\u00f3 con Johan Cruyff ganando la famosa Liga de 1973\/74. Fue un jugador muy querido por la afici\u00f3n azulgrana. [&hellip;]","og_url":"https:\/\/www.eldiario.net\/portal\/2025\/01\/01\/fallece-hugo-cholo-sotil-estrella-del-futbol-peruano\/","og_site_name":"El Diario - Bolivia","article_publisher":"https:\/\/www.facebook.com\/eldiario.bolivia\/","article_published_time":"2025-01-01T05:20:54+00:00","og_image":[{"width":358,"height":398,"url":"https:\/\/www.eldiario.net\/portal\/wp-content\/uploads\/2024\/12\/FOTO-75-4.jpg","type":"image\/jpeg"}],"author":"Jeanette","twitter_card":"summary_large_image","twitter_creator":"@eldiario_net","twitter_site":"@eldiario_net","twitter_misc":{"Escrito por":"Jeanette","Tiempo de lectura":"2 minutos"},"schema":{"@context":"https:\/\/schema.org","@graph":[{"@type":"Article","@id":"https:\/\/www.eldiario.net\/portal\/2025\/01\/01\/fallece-hugo-cholo-sotil-estrella-del-futbol-peruano\/#article","isPartOf":{"@id":"https:\/\/www.eldiario.net\/portal\/2025\/01\/01\/fallece-hugo-cholo-sotil-estrella-del-futbol-peruano\/"},"author":{"name":"Jeanette","@id":"https:\/\/www.eldiario.net\/portal\/#\/schema\/person\/2c57cf2b7a7ae032e449e4c9b1019eac"},"headline":"Fallece Hugo &#8216;Cholo&#8217; Sotil, estrella del f\u00fatbol peruano","datePublished":"2025-01-01T05:20:54+00:00","mainEntityOfPage":{"@id":"https:\/\/www.eldiario.net\/portal\/2025\/01\/01\/fallece-hugo-cholo-sotil-estrella-del-futbol-peruano\/"},"wordCount":241,"publisher":{"@id":"https:\/\/www.eldiario.net\/portal\/#organization"},"image":{"@id":"https:\/\/www.eldiario.net\/portal\/2025\/01\/01\/fallece-hugo-cholo-sotil-estrella-del-futbol-peruano\/#primaryimage"},"thumbnailUrl":"https:\/\/www.eldiario.net\/portal\/wp-content\/uploads\/2024\/12\/FOTO-75-4.jpg","articleSection":["Deportes"],"inLanguage":"es"},{"@type":"WebPage","@id":"https:\/\/www.eldiario.net\/portal\/2025\/01\/01\/fallece-hugo-cholo-sotil-estrella-del-futbol-peruano\/","url":"https:\/\/www.eldiario.net\/portal\/2025\/01\/01\/fallece-hugo-cholo-sotil-estrella-del-futbol-peruano\/","name":"Fallece Hugo 'Cholo' Sotil, estrella del f\u00fatbol peruano - El Diario - Bolivia","isPartOf":{"@id":"https:\/\/www.eldiario.net\/portal\/#website"},"primaryImageOfPage":{"@id":"https:\/\/www.eldiario.net\/portal\/2025\/01\/01\/fallece-hugo-cholo-sotil-estrella-del-futbol-peruano\/#primaryimage"},"image":{"@id":"https:\/\/www.eldiario.net\/portal\/2025\/01\/01\/fallece-hugo-cholo-sotil-estrella-del-futbol-peruano\/#primaryimage"},"thumbnailUrl":"https:\/\/www.eldiario.net\/portal\/wp-content\/uploads\/2024\/12\/FOTO-75-4.jpg","datePublished":"2025-01-01T05:20:54+00:00","breadcrumb":{"@id":"https:\/\/www.eldiario.net\/portal\/2025\/01\/01\/fallece-hugo-cholo-sotil-estrella-del-futbol-peruano\/#breadcrumb"},"inLanguage":"es","potentialAction":[{"@type":"ReadAction","target":["https:\/\/www.eldiario.net\/portal\/2025\/01\/01\/fallece-hugo-cholo-sotil-estrella-del-futbol-peruano\/"]}]},{"@type":"ImageObject","inLanguage":"es","@id":"https:\/\/www.eldiario.net\/portal\/2025\/01\/01\/fallece-hugo-cholo-sotil-estrella-del-futbol-peruano\/#primaryimage","url":"https:\/\/www.eldiario.net\/portal\/wp-content\/uploads\/2024\/12\/FOTO-75-4.jpg","contentUrl":"https:\/\/www.eldiario.net\/portal\/wp-content\/uploads\/2024\/12\/FOTO-75-4.jpg","width":358,"height":398},{"@type":"BreadcrumbList","@id":"https:\/\/www.eldiario.net\/portal\/2025\/01\/01\/fallece-hugo-cholo-sotil-estrella-del-futbol-peruano\/#breadcrumb","itemListElement":[{"@type":"ListItem","position":1,"name":"Portada","item":"https:\/\/www.eldiario.net\/portal\/"},{"@type":"ListItem","position":2,"name":"Fallece Hugo &#8216;Cholo&#8217; Sotil, estrella del f\u00fatbol peruano"}]},{"@type":"WebSite","@id":"https:\/\/www.eldiario.net\/portal\/#website","url":"https:\/\/www.eldiario.net\/portal\/","name":"El Diario - Decano de la prensa nacional","description":"El Diario - Decano de la prensa nacional","publisher":{"@id":"https:\/\/www.eldiario.net\/portal\/#organization"},"potentialAction":[{"@type":"SearchAction","target":{"@type":"EntryPoint","urlTemplate":"https:\/\/www.eldiario.net\/portal\/?s={search_term_string}"},"query-input":{"@type":"PropertyValueSpecification","valueRequired":true,"valueName":"search_term_string"}}],"inLanguage":"es"},{"@type":"Organization","@id":"https:\/\/www.eldiario.net\/portal\/#organization","name":"El Diario - Decano de la prensa nacional","url":"https:\/\/www.eldiario.net\/portal\/","logo":{"@type":"ImageObject","inLanguage":"es","@id":"https:\/\/www.eldiario.net\/portal\/#\/schema\/logo\/image\/","url":"https:\/\/www.eldiario.net\/portal\/wp-content\/uploads\/2023\/07\/logo_ED.jpg","contentUrl":"https:\/\/www.eldiario.net\/portal\/wp-content\/uploads\/2023\/07\/logo_ED.jpg","width":272,"height":52,"caption":"El Diario - Decano de la prensa nacional"},"image":{"@id":"https:\/\/www.eldiario.net\/portal\/#\/schema\/logo\/image\/"},"sameAs":["https:\/\/www.facebook.com\/eldiario.bolivia\/","https:\/\/x.com\/eldiario_net"]},{"@type":"Person","@id":"https:\/\/www.eldiario.net\/portal\/#\/schema\/person\/2c57cf2b7a7ae032e449e4c9b1019eac","name":"Jeanette","image":{"@type":"ImageObject","inLanguage":"es","@id":"https:\/\/secure.gravatar.com\/avatar\/3ea2118a5f7dad2b7138b1187a6b7ee55f160b9968b66013c3a3ef39dd7e5798?s=96&d=mm&r=g","url":"https:\/\/secure.gravatar.com\/avatar\/3ea2118a5f7dad2b7138b1187a6b7ee55f160b9968b66013c3a3ef39dd7e5798?s=96&d=mm&r=g","contentUrl":"https:\/\/secure.gravatar.com\/avatar\/3ea2118a5f7dad2b7138b1187a6b7ee55f160b9968b66013c3a3ef39dd7e5798?s=96&d=mm&r=g","caption":"Jeanette"},"sameAs":["https:\/\/www.eldiario.net\/portal"],"url":"https:\/\/www.eldiario.net\/portal\/author\/jeanette\/"}]}},"_links":{"self":[{"href":"https:\/\/www.eldiario.net\/portal\/wp-json\/wp\/v2\/posts\/271688","targetHints":{"allow":["GET"]}}],"collection":[{"href":"https:\/\/www.eldiario.net\/portal\/wp-json\/wp\/v2\/posts"}],"about":[{"href":"https:\/\/www.eldiario.net\/portal\/wp-json\/wp\/v2\/types\/post"}],"author":[{"embeddable":true,"href":"https:\/\/www.eldiario.net\/portal\/wp-json\/wp\/v2\/users\/1"}],"replies":[{"embeddable":true,"href":"https:\/\/www.eldiario.net\/portal\/wp-json\/wp\/v2\/comments?post=271688"}],"version-history":[{"count":1,"href":"https:\/\/www.eldiario.net\/portal\/wp-json\/wp\/v2\/posts\/271688\/revisions"}],"predecessor-version":[{"id":271690,"href":"https:\/\/www.eldiario.net\/portal\/wp-json\/wp\/v2\/posts\/271688\/revisions\/271690"}],"wp:featuredmedia":[{"embeddable":true,"href":"https:\/\/www.eldiario.net\/portal\/wp-json\/wp\/v2\/media\/271689"}],"wp:attachment":[{"href":"https:\/\/www.eldiario.net\/portal\/wp-json\/wp\/v2\/media?parent=271688"}],"wp:term":[{"taxonomy":"category","embeddable":true,"href":"https:\/\/www.eldiario.net\/portal\/wp-json\/wp\/v2\/categories?post=271688"},{"taxonomy":"post_tag","embeddable":true,"href":"https:\/\/www.eldiario.net\/portal\/wp-json\/wp\/v2\/tags?post=271688"}],"curies":[{"name":"wp","href":"https:\/\/api.w.org\/{rel}","templated":true}]}}