{"id":271685,"date":"2025-01-01T01:20:21","date_gmt":"2025-01-01T05:20:21","guid":{"rendered":"https:\/\/www.eldiario.net\/portal\/?p=271685"},"modified":"2024-12-31T20:20:51","modified_gmt":"2025-01-01T00:20:51","slug":"denuncia-por-abusos-a-gimnastas-sacude-al-deporte-mundial","status":"publish","type":"post","link":"https:\/\/www.eldiario.net\/portal\/2025\/01\/01\/denuncia-por-abusos-a-gimnastas-sacude-al-deporte-mundial\/","title":{"rendered":"Denuncia por abusos a gimnastas sacude al deporte mundial"},"content":{"rendered":"<p>La gimnasia alemana enfrenta un nuevo esc\u00e1ndalo tras las graves acusaciones de abusos f\u00edsicos y psicol\u00f3gicos realizadas por Tabea Alt y Michelle Timm. Ambas deportistas retiradas denunciaron a trav\u00e9s de redes sociales las pr\u00e1cticas sistem\u00e1ticas de maltrato que sufrieron en el centro de entrenamiento de Stuttgart. Despu\u00e9s que sus historias salieron a la luz, la Federaci\u00f3n de Gimnasia Alemana (DTB) prometi\u00f3 abrir una investigaci\u00f3n por lo sucedido.<br \/>\nTabea Alt, medallista mundial y que se retir\u00f3 a los 21 a\u00f1os, denunci\u00f3 que su salud fue puesta en peligro deliberadamente por quienes estaban a cargo de su entrenamiento. \u201cIgnoraron prescripciones m\u00e9dicas, me hicieron competir con huesos rotos y fomentar trastornos alimenticios era parte de la rutina\u201d, declar\u00f3 la joven. Tambi\u00e9n revel\u00f3 haber enviado una carta al presidente de la DTB en 2021, donde detall\u00f3 los abusos sufridos y expres\u00f3 su disposici\u00f3n para colaborar en un cambio sist\u00e9mico. Sin embargo, asegura que sus denuncias fueron ignoradas. \u201cHoy s\u00e9 que fue un abuso f\u00edsico y mental sistem\u00e1tico\u201d, escribi\u00f3 la gimnasta.<br \/>\nEn su publicaci\u00f3n, Alt tambi\u00e9n reflexion\u00f3 sobre el impacto emocional de sus experiencias. \u201cLa idea de abordar estas cuestiones a nivel interno me parec\u00eda m\u00e1s segura, pero tuve que darme cuenta con pesar de que no se tom\u00f3 en serio.\u201d, expres\u00f3. (INFOBAE)<\/p>\n","protected":false},"excerpt":{"rendered":"<p>La gimnasia alemana enfrenta un nuevo esc\u00e1ndalo tras las graves acusaciones de abusos f\u00edsicos y psicol\u00f3gicos realizadas por Tabea Alt y Michelle Timm. Ambas deportistas retiradas denunciaron a trav\u00e9s de redes sociales las pr\u00e1cticas sistem\u00e1ticas de maltrato que sufrieron en el centro de entrenamiento de Stuttgart. Despu\u00e9s que sus historias salieron a la luz, la [&hellip;]<\/p>\n","protected":false},"author":1,"featured_media":271686,"comment_status":"closed","ping_status":"open","sticky":false,"template":"","format":"standard","meta":{"_acf_changed":false,"footnotes":""},"categories":[6],"tags":[],"class_list":["post-271685","post","type-post","status-publish","format-standard","has-post-thumbnail","category-deportes"],"acf":{"antetitulo":""},"yoast_head":"<!-- This site is optimized with the Yoast SEO plugin v28.4 - https:\/\/yoast.com\/product\/yoast-seo-wordpress\/ -->\n<title>Denuncia por abusos a gimnastas sacude al deporte mundial - El Diario - Bolivia<\/title>\n<meta name=\"robots\" content=\"index, follow, max-snippet:-1, max-image-preview:large, max-video-preview:-1\" \/>\n<link rel=\"canonical\" href=\"https:\/\/www.eldiario.net\/portal\/2025\/01\/01\/denuncia-por-abusos-a-gimnastas-sacude-al-deporte-mundial\/\" \/>\n<meta property=\"og:locale\" content=\"es_ES\" \/>\n<meta property=\"og:type\" content=\"article\" \/>\n<meta property=\"og:title\" content=\"Denuncia por abusos a gimnastas sacude al deporte mundial - El Diario - Bolivia\" \/>\n<meta property=\"og:description\" content=\"La gimnasia alemana enfrenta un nuevo esc\u00e1ndalo tras las graves acusaciones de abusos f\u00edsicos y psicol\u00f3gicos realizadas por Tabea Alt y Michelle Timm. Ambas deportistas retiradas denunciaron a trav\u00e9s de redes sociales las pr\u00e1cticas sistem\u00e1ticas de maltrato que sufrieron en el centro de entrenamiento de Stuttgart. Despu\u00e9s que sus historias salieron a la luz, la [&hellip;]\" \/>\n<meta property=\"og:url\" content=\"https:\/\/www.eldiario.net\/portal\/2025\/01\/01\/denuncia-por-abusos-a-gimnastas-sacude-al-deporte-mundial\/\" \/>\n<meta property=\"og:site_name\" content=\"El Diario - Bolivia\" \/>\n<meta property=\"article:publisher\" content=\"https:\/\/www.facebook.com\/eldiario.bolivia\/\" \/>\n<meta property=\"article:published_time\" content=\"2025-01-01T05:20:21+00:00\" \/>\n<meta property=\"og:image\" content=\"https:\/\/www.eldiario.net\/portal\/wp-content\/uploads\/2024\/12\/FOTO-74-5.jpg\" \/>\n\t<meta property=\"og:image:width\" content=\"720\" \/>\n\t<meta property=\"og:image:height\" content=\"429\" \/>\n\t<meta property=\"og:image:type\" content=\"image\/jpeg\" \/>\n<meta name=\"author\" content=\"Jeanette\" \/>\n<meta name=\"twitter:card\" content=\"summary_large_image\" \/>\n<meta name=\"twitter:creator\" content=\"@eldiario_net\" \/>\n<meta name=\"twitter:site\" content=\"@eldiario_net\" \/>\n<meta name=\"twitter:label1\" content=\"Escrito por\" \/>\n\t<meta name=\"twitter:data1\" content=\"Jeanette\" \/>\n\t<meta name=\"twitter:label2\" content=\"Tiempo de lectura\" \/>\n\t<meta name=\"twitter:data2\" content=\"2 minutos\" \/>\n<script type=\"application\/ld+json\" class=\"yoast-schema-graph\">{\"@context\":\"https:\\\/\\\/schema.org\",\"@graph\":[{\"@type\":\"Article\",\"@id\":\"https:\\\/\\\/www.eldiario.net\\\/portal\\\/2025\\\/01\\\/01\\\/denuncia-por-abusos-a-gimnastas-sacude-al-deporte-mundial\\\/#article\",\"isPartOf\":{\"@id\":\"https:\\\/\\\/www.eldiario.net\\\/portal\\\/2025\\\/01\\\/01\\\/denuncia-por-abusos-a-gimnastas-sacude-al-deporte-mundial\\\/\"},\"author\":{\"name\":\"Jeanette\",\"@id\":\"https:\\\/\\\/www.eldiario.net\\\/portal\\\/#\\\/schema\\\/person\\\/2c57cf2b7a7ae032e449e4c9b1019eac\"},\"headline\":\"Denuncia por abusos a gimnastas sacude al deporte mundial\",\"datePublished\":\"2025-01-01T05:20:21+00:00\",\"mainEntityOfPage\":{\"@id\":\"https:\\\/\\\/www.eldiario.net\\\/portal\\\/2025\\\/01\\\/01\\\/denuncia-por-abusos-a-gimnastas-sacude-al-deporte-mundial\\\/\"},\"wordCount\":235,\"publisher\":{\"@id\":\"https:\\\/\\\/www.eldiario.net\\\/portal\\\/#organization\"},\"image\":{\"@id\":\"https:\\\/\\\/www.eldiario.net\\\/portal\\\/2025\\\/01\\\/01\\\/denuncia-por-abusos-a-gimnastas-sacude-al-deporte-mundial\\\/#primaryimage\"},\"thumbnailUrl\":\"https:\\\/\\\/www.eldiario.net\\\/portal\\\/wp-content\\\/uploads\\\/2024\\\/12\\\/FOTO-74-5.jpg\",\"articleSection\":[\"Deportes\"],\"inLanguage\":\"es\"},{\"@type\":\"WebPage\",\"@id\":\"https:\\\/\\\/www.eldiario.net\\\/portal\\\/2025\\\/01\\\/01\\\/denuncia-por-abusos-a-gimnastas-sacude-al-deporte-mundial\\\/\",\"url\":\"https:\\\/\\\/www.eldiario.net\\\/portal\\\/2025\\\/01\\\/01\\\/denuncia-por-abusos-a-gimnastas-sacude-al-deporte-mundial\\\/\",\"name\":\"Denuncia por abusos a gimnastas sacude al deporte mundial - El Diario - Bolivia\",\"isPartOf\":{\"@id\":\"https:\\\/\\\/www.eldiario.net\\\/portal\\\/#website\"},\"primaryImageOfPage\":{\"@id\":\"https:\\\/\\\/www.eldiario.net\\\/portal\\\/2025\\\/01\\\/01\\\/denuncia-por-abusos-a-gimnastas-sacude-al-deporte-mundial\\\/#primaryimage\"},\"image\":{\"@id\":\"https:\\\/\\\/www.eldiario.net\\\/portal\\\/2025\\\/01\\\/01\\\/denuncia-por-abusos-a-gimnastas-sacude-al-deporte-mundial\\\/#primaryimage\"},\"thumbnailUrl\":\"https:\\\/\\\/www.eldiario.net\\\/portal\\\/wp-content\\\/uploads\\\/2024\\\/12\\\/FOTO-74-5.jpg\",\"datePublished\":\"2025-01-01T05:20:21+00:00\",\"breadcrumb\":{\"@id\":\"https:\\\/\\\/www.eldiario.net\\\/portal\\\/2025\\\/01\\\/01\\\/denuncia-por-abusos-a-gimnastas-sacude-al-deporte-mundial\\\/#breadcrumb\"},\"inLanguage\":\"es\",\"potentialAction\":[{\"@type\":\"ReadAction\",\"target\":[\"https:\\\/\\\/www.eldiario.net\\\/portal\\\/2025\\\/01\\\/01\\\/denuncia-por-abusos-a-gimnastas-sacude-al-deporte-mundial\\\/\"]}]},{\"@type\":\"ImageObject\",\"inLanguage\":\"es\",\"@id\":\"https:\\\/\\\/www.eldiario.net\\\/portal\\\/2025\\\/01\\\/01\\\/denuncia-por-abusos-a-gimnastas-sacude-al-deporte-mundial\\\/#primaryimage\",\"url\":\"https:\\\/\\\/www.eldiario.net\\\/portal\\\/wp-content\\\/uploads\\\/2024\\\/12\\\/FOTO-74-5.jpg\",\"contentUrl\":\"https:\\\/\\\/www.eldiario.net\\\/portal\\\/wp-content\\\/uploads\\\/2024\\\/12\\\/FOTO-74-5.jpg\",\"width\":720,\"height\":429},{\"@type\":\"BreadcrumbList\",\"@id\":\"https:\\\/\\\/www.eldiario.net\\\/portal\\\/2025\\\/01\\\/01\\\/denuncia-por-abusos-a-gimnastas-sacude-al-deporte-mundial\\\/#breadcrumb\",\"itemListElement\":[{\"@type\":\"ListItem\",\"position\":1,\"name\":\"Portada\",\"item\":\"https:\\\/\\\/www.eldiario.net\\\/portal\\\/\"},{\"@type\":\"ListItem\",\"position\":2,\"name\":\"Denuncia por abusos a gimnastas sacude al deporte mundial\"}]},{\"@type\":\"WebSite\",\"@id\":\"https:\\\/\\\/www.eldiario.net\\\/portal\\\/#website\",\"url\":\"https:\\\/\\\/www.eldiario.net\\\/portal\\\/\",\"name\":\"El Diario - Decano de la prensa nacional\",\"description\":\"El Diario - Decano de la prensa nacional\",\"publisher\":{\"@id\":\"https:\\\/\\\/www.eldiario.net\\\/portal\\\/#organization\"},\"potentialAction\":[{\"@type\":\"SearchAction\",\"target\":{\"@type\":\"EntryPoint\",\"urlTemplate\":\"https:\\\/\\\/www.eldiario.net\\\/portal\\\/?s={search_term_string}\"},\"query-input\":{\"@type\":\"PropertyValueSpecification\",\"valueRequired\":true,\"valueName\":\"search_term_string\"}}],\"inLanguage\":\"es\"},{\"@type\":\"Organization\",\"@id\":\"https:\\\/\\\/www.eldiario.net\\\/portal\\\/#organization\",\"name\":\"El Diario - Decano de la prensa nacional\",\"url\":\"https:\\\/\\\/www.eldiario.net\\\/portal\\\/\",\"logo\":{\"@type\":\"ImageObject\",\"inLanguage\":\"es\",\"@id\":\"https:\\\/\\\/www.eldiario.net\\\/portal\\\/#\\\/schema\\\/logo\\\/image\\\/\",\"url\":\"https:\\\/\\\/www.eldiario.net\\\/portal\\\/wp-content\\\/uploads\\\/2023\\\/07\\\/logo_ED.jpg\",\"contentUrl\":\"https:\\\/\\\/www.eldiario.net\\\/portal\\\/wp-content\\\/uploads\\\/2023\\\/07\\\/logo_ED.jpg\",\"width\":272,\"height\":52,\"caption\":\"El Diario - Decano de la prensa nacional\"},\"image\":{\"@id\":\"https:\\\/\\\/www.eldiario.net\\\/portal\\\/#\\\/schema\\\/logo\\\/image\\\/\"},\"sameAs\":[\"https:\\\/\\\/www.facebook.com\\\/eldiario.bolivia\\\/\",\"https:\\\/\\\/x.com\\\/eldiario_net\"]},{\"@type\":\"Person\",\"@id\":\"https:\\\/\\\/www.eldiario.net\\\/portal\\\/#\\\/schema\\\/person\\\/2c57cf2b7a7ae032e449e4c9b1019eac\",\"name\":\"Jeanette\",\"image\":{\"@type\":\"ImageObject\",\"inLanguage\":\"es\",\"@id\":\"https:\\\/\\\/secure.gravatar.com\\\/avatar\\\/3ea2118a5f7dad2b7138b1187a6b7ee55f160b9968b66013c3a3ef39dd7e5798?s=96&d=mm&r=g\",\"url\":\"https:\\\/\\\/secure.gravatar.com\\\/avatar\\\/3ea2118a5f7dad2b7138b1187a6b7ee55f160b9968b66013c3a3ef39dd7e5798?s=96&d=mm&r=g\",\"contentUrl\":\"https:\\\/\\\/secure.gravatar.com\\\/avatar\\\/3ea2118a5f7dad2b7138b1187a6b7ee55f160b9968b66013c3a3ef39dd7e5798?s=96&d=mm&r=g\",\"caption\":\"Jeanette\"},\"sameAs\":[\"https:\\\/\\\/www.eldiario.net\\\/portal\"],\"url\":\"https:\\\/\\\/www.eldiario.net\\\/portal\\\/author\\\/jeanette\\\/\"}]}<\/script>\n<!-- \/ Yoast SEO plugin. -->","yoast_head_json":{"title":"Denuncia por abusos a gimnastas sacude al deporte mundial - El Diario - Bolivia","robots":{"index":"index","follow":"follow","max-snippet":"max-snippet:-1","max-image-preview":"max-image-preview:large","max-video-preview":"max-video-preview:-1"},"canonical":"https:\/\/www.eldiario.net\/portal\/2025\/01\/01\/denuncia-por-abusos-a-gimnastas-sacude-al-deporte-mundial\/","og_locale":"es_ES","og_type":"article","og_title":"Denuncia por abusos a gimnastas sacude al deporte mundial - El Diario - Bolivia","og_description":"La gimnasia alemana enfrenta un nuevo esc\u00e1ndalo tras las graves acusaciones de abusos f\u00edsicos y psicol\u00f3gicos realizadas por Tabea Alt y Michelle Timm. Ambas deportistas retiradas denunciaron a trav\u00e9s de redes sociales las pr\u00e1cticas sistem\u00e1ticas de maltrato que sufrieron en el centro de entrenamiento de Stuttgart. Despu\u00e9s que sus historias salieron a la luz, la [&hellip;]","og_url":"https:\/\/www.eldiario.net\/portal\/2025\/01\/01\/denuncia-por-abusos-a-gimnastas-sacude-al-deporte-mundial\/","og_site_name":"El Diario - Bolivia","article_publisher":"https:\/\/www.facebook.com\/eldiario.bolivia\/","article_published_time":"2025-01-01T05:20:21+00:00","og_image":[{"width":720,"height":429,"url":"https:\/\/www.eldiario.net\/portal\/wp-content\/uploads\/2024\/12\/FOTO-74-5.jpg","type":"image\/jpeg"}],"author":"Jeanette","twitter_card":"summary_large_image","twitter_creator":"@eldiario_net","twitter_site":"@eldiario_net","twitter_misc":{"Escrito por":"Jeanette","Tiempo de lectura":"2 minutos"},"schema":{"@context":"https:\/\/schema.org","@graph":[{"@type":"Article","@id":"https:\/\/www.eldiario.net\/portal\/2025\/01\/01\/denuncia-por-abusos-a-gimnastas-sacude-al-deporte-mundial\/#article","isPartOf":{"@id":"https:\/\/www.eldiario.net\/portal\/2025\/01\/01\/denuncia-por-abusos-a-gimnastas-sacude-al-deporte-mundial\/"},"author":{"name":"Jeanette","@id":"https:\/\/www.eldiario.net\/portal\/#\/schema\/person\/2c57cf2b7a7ae032e449e4c9b1019eac"},"headline":"Denuncia por abusos a gimnastas sacude al deporte mundial","datePublished":"2025-01-01T05:20:21+00:00","mainEntityOfPage":{"@id":"https:\/\/www.eldiario.net\/portal\/2025\/01\/01\/denuncia-por-abusos-a-gimnastas-sacude-al-deporte-mundial\/"},"wordCount":235,"publisher":{"@id":"https:\/\/www.eldiario.net\/portal\/#organization"},"image":{"@id":"https:\/\/www.eldiario.net\/portal\/2025\/01\/01\/denuncia-por-abusos-a-gimnastas-sacude-al-deporte-mundial\/#primaryimage"},"thumbnailUrl":"https:\/\/www.eldiario.net\/portal\/wp-content\/uploads\/2024\/12\/FOTO-74-5.jpg","articleSection":["Deportes"],"inLanguage":"es"},{"@type":"WebPage","@id":"https:\/\/www.eldiario.net\/portal\/2025\/01\/01\/denuncia-por-abusos-a-gimnastas-sacude-al-deporte-mundial\/","url":"https:\/\/www.eldiario.net\/portal\/2025\/01\/01\/denuncia-por-abusos-a-gimnastas-sacude-al-deporte-mundial\/","name":"Denuncia por abusos a gimnastas sacude al deporte mundial - El Diario - Bolivia","isPartOf":{"@id":"https:\/\/www.eldiario.net\/portal\/#website"},"primaryImageOfPage":{"@id":"https:\/\/www.eldiario.net\/portal\/2025\/01\/01\/denuncia-por-abusos-a-gimnastas-sacude-al-deporte-mundial\/#primaryimage"},"image":{"@id":"https:\/\/www.eldiario.net\/portal\/2025\/01\/01\/denuncia-por-abusos-a-gimnastas-sacude-al-deporte-mundial\/#primaryimage"},"thumbnailUrl":"https:\/\/www.eldiario.net\/portal\/wp-content\/uploads\/2024\/12\/FOTO-74-5.jpg","datePublished":"2025-01-01T05:20:21+00:00","breadcrumb":{"@id":"https:\/\/www.eldiario.net\/portal\/2025\/01\/01\/denuncia-por-abusos-a-gimnastas-sacude-al-deporte-mundial\/#breadcrumb"},"inLanguage":"es","potentialAction":[{"@type":"ReadAction","target":["https:\/\/www.eldiario.net\/portal\/2025\/01\/01\/denuncia-por-abusos-a-gimnastas-sacude-al-deporte-mundial\/"]}]},{"@type":"ImageObject","inLanguage":"es","@id":"https:\/\/www.eldiario.net\/portal\/2025\/01\/01\/denuncia-por-abusos-a-gimnastas-sacude-al-deporte-mundial\/#primaryimage","url":"https:\/\/www.eldiario.net\/portal\/wp-content\/uploads\/2024\/12\/FOTO-74-5.jpg","contentUrl":"https:\/\/www.eldiario.net\/portal\/wp-content\/uploads\/2024\/12\/FOTO-74-5.jpg","width":720,"height":429},{"@type":"BreadcrumbList","@id":"https:\/\/www.eldiario.net\/portal\/2025\/01\/01\/denuncia-por-abusos-a-gimnastas-sacude-al-deporte-mundial\/#breadcrumb","itemListElement":[{"@type":"ListItem","position":1,"name":"Portada","item":"https:\/\/www.eldiario.net\/portal\/"},{"@type":"ListItem","position":2,"name":"Denuncia por abusos a gimnastas sacude al deporte mundial"}]},{"@type":"WebSite","@id":"https:\/\/www.eldiario.net\/portal\/#website","url":"https:\/\/www.eldiario.net\/portal\/","name":"El Diario - Decano de la prensa nacional","description":"El Diario - Decano de la prensa nacional","publisher":{"@id":"https:\/\/www.eldiario.net\/portal\/#organization"},"potentialAction":[{"@type":"SearchAction","target":{"@type":"EntryPoint","urlTemplate":"https:\/\/www.eldiario.net\/portal\/?s={search_term_string}"},"query-input":{"@type":"PropertyValueSpecification","valueRequired":true,"valueName":"search_term_string"}}],"inLanguage":"es"},{"@type":"Organization","@id":"https:\/\/www.eldiario.net\/portal\/#organization","name":"El Diario - Decano de la prensa nacional","url":"https:\/\/www.eldiario.net\/portal\/","logo":{"@type":"ImageObject","inLanguage":"es","@id":"https:\/\/www.eldiario.net\/portal\/#\/schema\/logo\/image\/","url":"https:\/\/www.eldiario.net\/portal\/wp-content\/uploads\/2023\/07\/logo_ED.jpg","contentUrl":"https:\/\/www.eldiario.net\/portal\/wp-content\/uploads\/2023\/07\/logo_ED.jpg","width":272,"height":52,"caption":"El Diario - Decano de la prensa nacional"},"image":{"@id":"https:\/\/www.eldiario.net\/portal\/#\/schema\/logo\/image\/"},"sameAs":["https:\/\/www.facebook.com\/eldiario.bolivia\/","https:\/\/x.com\/eldiario_net"]},{"@type":"Person","@id":"https:\/\/www.eldiario.net\/portal\/#\/schema\/person\/2c57cf2b7a7ae032e449e4c9b1019eac","name":"Jeanette","image":{"@type":"ImageObject","inLanguage":"es","@id":"https:\/\/secure.gravatar.com\/avatar\/3ea2118a5f7dad2b7138b1187a6b7ee55f160b9968b66013c3a3ef39dd7e5798?s=96&d=mm&r=g","url":"https:\/\/secure.gravatar.com\/avatar\/3ea2118a5f7dad2b7138b1187a6b7ee55f160b9968b66013c3a3ef39dd7e5798?s=96&d=mm&r=g","contentUrl":"https:\/\/secure.gravatar.com\/avatar\/3ea2118a5f7dad2b7138b1187a6b7ee55f160b9968b66013c3a3ef39dd7e5798?s=96&d=mm&r=g","caption":"Jeanette"},"sameAs":["https:\/\/www.eldiario.net\/portal"],"url":"https:\/\/www.eldiario.net\/portal\/author\/jeanette\/"}]}},"_links":{"self":[{"href":"https:\/\/www.eldiario.net\/portal\/wp-json\/wp\/v2\/posts\/271685","targetHints":{"allow":["GET"]}}],"collection":[{"href":"https:\/\/www.eldiario.net\/portal\/wp-json\/wp\/v2\/posts"}],"about":[{"href":"https:\/\/www.eldiario.net\/portal\/wp-json\/wp\/v2\/types\/post"}],"author":[{"embeddable":true,"href":"https:\/\/www.eldiario.net\/portal\/wp-json\/wp\/v2\/users\/1"}],"replies":[{"embeddable":true,"href":"https:\/\/www.eldiario.net\/portal\/wp-json\/wp\/v2\/comments?post=271685"}],"version-history":[{"count":1,"href":"https:\/\/www.eldiario.net\/portal\/wp-json\/wp\/v2\/posts\/271685\/revisions"}],"predecessor-version":[{"id":271687,"href":"https:\/\/www.eldiario.net\/portal\/wp-json\/wp\/v2\/posts\/271685\/revisions\/271687"}],"wp:featuredmedia":[{"embeddable":true,"href":"https:\/\/www.eldiario.net\/portal\/wp-json\/wp\/v2\/media\/271686"}],"wp:attachment":[{"href":"https:\/\/www.eldiario.net\/portal\/wp-json\/wp\/v2\/media?parent=271685"}],"wp:term":[{"taxonomy":"category","embeddable":true,"href":"https:\/\/www.eldiario.net\/portal\/wp-json\/wp\/v2\/categories?post=271685"},{"taxonomy":"post_tag","embeddable":true,"href":"https:\/\/www.eldiario.net\/portal\/wp-json\/wp\/v2\/tags?post=271685"}],"curies":[{"name":"wp","href":"https:\/\/api.w.org\/{rel}","templated":true}]}}