{"id":270969,"date":"2024-12-29T06:55:05","date_gmt":"2024-12-29T10:55:05","guid":{"rendered":"https:\/\/www.eldiario.net\/portal\/?p=270969"},"modified":"2024-12-29T08:01:15","modified_gmt":"2024-12-29T12:01:15","slug":"chancay-abre-oportunidad-para-el-comercio-boliviano","status":"publish","type":"post","link":"https:\/\/www.eldiario.net\/portal\/2024\/12\/29\/chancay-abre-oportunidad-para-el-comercio-boliviano\/","title":{"rendered":"Chancay abre oportunidad para el comercio boliviano"},"content":{"rendered":"<p>Bolivia al no gravitar en el Pac\u00edfico con Ilo, ahora se le presenta la oportunidad de mejorar su comercio exterior con Chancay, puerto peruano que reci\u00e9n fue inaugurado, sostuvo el experto portuario, Juan Carlos Fern\u00e1ndez, quien dijo que una zona franca cerca a la terminal portuaria ser\u00e1 vital, as\u00ed como el transporte ferroviario.<br \/>\nLos exportadores bolivianos muestran un gran inter\u00e9s en la nueva terminal peruana, debido al costo y la log\u00edstica.<\/p>\n<p>&nbsp;<\/p>\n","protected":false},"excerpt":{"rendered":"<p>Bolivia al no gravitar en el Pac\u00edfico con Ilo, ahora se le presenta la oportunidad de mejorar su comercio exterior con Chancay, puerto peruano que reci\u00e9n fue inaugurado, sostuvo el experto portuario, Juan Carlos Fern\u00e1ndez, quien dijo que una zona franca cerca a la terminal portuaria ser\u00e1 vital, as\u00ed como el transporte ferroviario. Los exportadores [&hellip;]<\/p>\n","protected":false},"author":1,"featured_media":271081,"comment_status":"closed","ping_status":"open","sticky":false,"template":"","format":"standard","meta":{"_acf_changed":false,"footnotes":""},"categories":[15],"tags":[],"class_list":["post-270969","post","type-post","status-publish","format-standard","has-post-thumbnail","category-portada"],"acf":{"antetitulo":"No pudo gravitar en Ilo"},"yoast_head":"<!-- This site is optimized with the Yoast SEO plugin v28.3 - https:\/\/yoast.com\/product\/yoast-seo-wordpress\/ -->\n<title>Chancay abre oportunidad para el comercio boliviano - El Diario - Bolivia<\/title>\n<meta name=\"robots\" content=\"index, follow, max-snippet:-1, max-image-preview:large, max-video-preview:-1\" \/>\n<link rel=\"canonical\" href=\"https:\/\/www.eldiario.net\/portal\/2024\/12\/29\/chancay-abre-oportunidad-para-el-comercio-boliviano\/\" \/>\n<meta property=\"og:locale\" content=\"es_ES\" \/>\n<meta property=\"og:type\" content=\"article\" \/>\n<meta property=\"og:title\" content=\"Chancay abre oportunidad para el comercio boliviano - El Diario - Bolivia\" \/>\n<meta property=\"og:description\" content=\"Bolivia al no gravitar en el Pac\u00edfico con Ilo, ahora se le presenta la oportunidad de mejorar su comercio exterior con Chancay, puerto peruano que reci\u00e9n fue inaugurado, sostuvo el experto portuario, Juan Carlos Fern\u00e1ndez, quien dijo que una zona franca cerca a la terminal portuaria ser\u00e1 vital, as\u00ed como el transporte ferroviario. Los exportadores [&hellip;]\" \/>\n<meta property=\"og:url\" content=\"https:\/\/www.eldiario.net\/portal\/2024\/12\/29\/chancay-abre-oportunidad-para-el-comercio-boliviano\/\" \/>\n<meta property=\"og:site_name\" content=\"El Diario - Bolivia\" \/>\n<meta property=\"article:publisher\" content=\"https:\/\/www.facebook.com\/eldiario.bolivia\/\" \/>\n<meta property=\"article:published_time\" content=\"2024-12-29T10:55:05+00:00\" \/>\n<meta property=\"article:modified_time\" content=\"2024-12-29T12:01:15+00:00\" \/>\n<meta property=\"og:image\" content=\"https:\/\/www.eldiario.net\/portal\/wp-content\/uploads\/2024\/12\/P-3-10-cm-x-7-8.jpg\" \/>\n\t<meta property=\"og:image:width\" content=\"450\" \/>\n\t<meta property=\"og:image:height\" content=\"450\" \/>\n\t<meta property=\"og:image:type\" content=\"image\/jpeg\" \/>\n<meta name=\"author\" content=\"Jeanette\" \/>\n<meta name=\"twitter:card\" content=\"summary_large_image\" \/>\n<meta name=\"twitter:creator\" content=\"@eldiario_net\" \/>\n<meta name=\"twitter:site\" content=\"@eldiario_net\" \/>\n<meta name=\"twitter:label1\" content=\"Escrito por\" \/>\n\t<meta name=\"twitter:data1\" content=\"Jeanette\" \/>\n\t<meta name=\"twitter:label2\" content=\"Tiempo de lectura\" \/>\n\t<meta name=\"twitter:data2\" content=\"1 minuto\" \/>\n<script type=\"application\/ld+json\" class=\"yoast-schema-graph\">{\"@context\":\"https:\\\/\\\/schema.org\",\"@graph\":[{\"@type\":\"Article\",\"@id\":\"https:\\\/\\\/www.eldiario.net\\\/portal\\\/2024\\\/12\\\/29\\\/chancay-abre-oportunidad-para-el-comercio-boliviano\\\/#article\",\"isPartOf\":{\"@id\":\"https:\\\/\\\/www.eldiario.net\\\/portal\\\/2024\\\/12\\\/29\\\/chancay-abre-oportunidad-para-el-comercio-boliviano\\\/\"},\"author\":{\"name\":\"Jeanette\",\"@id\":\"https:\\\/\\\/www.eldiario.net\\\/portal\\\/#\\\/schema\\\/person\\\/f46445640444750d7d753ccd04ae01b7\"},\"headline\":\"Chancay abre oportunidad para el comercio boliviano\",\"datePublished\":\"2024-12-29T10:55:05+00:00\",\"dateModified\":\"2024-12-29T12:01:15+00:00\",\"mainEntityOfPage\":{\"@id\":\"https:\\\/\\\/www.eldiario.net\\\/portal\\\/2024\\\/12\\\/29\\\/chancay-abre-oportunidad-para-el-comercio-boliviano\\\/\"},\"wordCount\":84,\"publisher\":{\"@id\":\"https:\\\/\\\/www.eldiario.net\\\/portal\\\/#organization\"},\"image\":{\"@id\":\"https:\\\/\\\/www.eldiario.net\\\/portal\\\/2024\\\/12\\\/29\\\/chancay-abre-oportunidad-para-el-comercio-boliviano\\\/#primaryimage\"},\"thumbnailUrl\":\"https:\\\/\\\/www.eldiario.net\\\/portal\\\/wp-content\\\/uploads\\\/2024\\\/12\\\/P-3-10-cm-x-7-8.jpg\",\"articleSection\":[\"Portada\"],\"inLanguage\":\"es\"},{\"@type\":\"WebPage\",\"@id\":\"https:\\\/\\\/www.eldiario.net\\\/portal\\\/2024\\\/12\\\/29\\\/chancay-abre-oportunidad-para-el-comercio-boliviano\\\/\",\"url\":\"https:\\\/\\\/www.eldiario.net\\\/portal\\\/2024\\\/12\\\/29\\\/chancay-abre-oportunidad-para-el-comercio-boliviano\\\/\",\"name\":\"Chancay abre oportunidad para el comercio boliviano - El Diario - Bolivia\",\"isPartOf\":{\"@id\":\"https:\\\/\\\/www.eldiario.net\\\/portal\\\/#website\"},\"primaryImageOfPage\":{\"@id\":\"https:\\\/\\\/www.eldiario.net\\\/portal\\\/2024\\\/12\\\/29\\\/chancay-abre-oportunidad-para-el-comercio-boliviano\\\/#primaryimage\"},\"image\":{\"@id\":\"https:\\\/\\\/www.eldiario.net\\\/portal\\\/2024\\\/12\\\/29\\\/chancay-abre-oportunidad-para-el-comercio-boliviano\\\/#primaryimage\"},\"thumbnailUrl\":\"https:\\\/\\\/www.eldiario.net\\\/portal\\\/wp-content\\\/uploads\\\/2024\\\/12\\\/P-3-10-cm-x-7-8.jpg\",\"datePublished\":\"2024-12-29T10:55:05+00:00\",\"dateModified\":\"2024-12-29T12:01:15+00:00\",\"breadcrumb\":{\"@id\":\"https:\\\/\\\/www.eldiario.net\\\/portal\\\/2024\\\/12\\\/29\\\/chancay-abre-oportunidad-para-el-comercio-boliviano\\\/#breadcrumb\"},\"inLanguage\":\"es\",\"potentialAction\":[{\"@type\":\"ReadAction\",\"target\":[\"https:\\\/\\\/www.eldiario.net\\\/portal\\\/2024\\\/12\\\/29\\\/chancay-abre-oportunidad-para-el-comercio-boliviano\\\/\"]}]},{\"@type\":\"ImageObject\",\"inLanguage\":\"es\",\"@id\":\"https:\\\/\\\/www.eldiario.net\\\/portal\\\/2024\\\/12\\\/29\\\/chancay-abre-oportunidad-para-el-comercio-boliviano\\\/#primaryimage\",\"url\":\"https:\\\/\\\/www.eldiario.net\\\/portal\\\/wp-content\\\/uploads\\\/2024\\\/12\\\/P-3-10-cm-x-7-8.jpg\",\"contentUrl\":\"https:\\\/\\\/www.eldiario.net\\\/portal\\\/wp-content\\\/uploads\\\/2024\\\/12\\\/P-3-10-cm-x-7-8.jpg\",\"width\":450,\"height\":450},{\"@type\":\"BreadcrumbList\",\"@id\":\"https:\\\/\\\/www.eldiario.net\\\/portal\\\/2024\\\/12\\\/29\\\/chancay-abre-oportunidad-para-el-comercio-boliviano\\\/#breadcrumb\",\"itemListElement\":[{\"@type\":\"ListItem\",\"position\":1,\"name\":\"Portada\",\"item\":\"https:\\\/\\\/www.eldiario.net\\\/portal\\\/\"},{\"@type\":\"ListItem\",\"position\":2,\"name\":\"Chancay abre oportunidad para el comercio boliviano\"}]},{\"@type\":\"WebSite\",\"@id\":\"https:\\\/\\\/www.eldiario.net\\\/portal\\\/#website\",\"url\":\"https:\\\/\\\/www.eldiario.net\\\/portal\\\/\",\"name\":\"El Diario - Decano de la prensa nacional\",\"description\":\"El Diario - Decano de la prensa nacional\",\"publisher\":{\"@id\":\"https:\\\/\\\/www.eldiario.net\\\/portal\\\/#organization\"},\"potentialAction\":[{\"@type\":\"SearchAction\",\"target\":{\"@type\":\"EntryPoint\",\"urlTemplate\":\"https:\\\/\\\/www.eldiario.net\\\/portal\\\/?s={search_term_string}\"},\"query-input\":{\"@type\":\"PropertyValueSpecification\",\"valueRequired\":true,\"valueName\":\"search_term_string\"}}],\"inLanguage\":\"es\"},{\"@type\":\"Organization\",\"@id\":\"https:\\\/\\\/www.eldiario.net\\\/portal\\\/#organization\",\"name\":\"El Diario - Decano de la prensa nacional\",\"url\":\"https:\\\/\\\/www.eldiario.net\\\/portal\\\/\",\"logo\":{\"@type\":\"ImageObject\",\"inLanguage\":\"es\",\"@id\":\"https:\\\/\\\/www.eldiario.net\\\/portal\\\/#\\\/schema\\\/logo\\\/image\\\/\",\"url\":\"https:\\\/\\\/www.eldiario.net\\\/portal\\\/wp-content\\\/uploads\\\/2023\\\/07\\\/logo_ED.jpg\",\"contentUrl\":\"https:\\\/\\\/www.eldiario.net\\\/portal\\\/wp-content\\\/uploads\\\/2023\\\/07\\\/logo_ED.jpg\",\"width\":272,\"height\":52,\"caption\":\"El Diario - Decano de la prensa nacional\"},\"image\":{\"@id\":\"https:\\\/\\\/www.eldiario.net\\\/portal\\\/#\\\/schema\\\/logo\\\/image\\\/\"},\"sameAs\":[\"https:\\\/\\\/www.facebook.com\\\/eldiario.bolivia\\\/\",\"https:\\\/\\\/x.com\\\/eldiario_net\"]},{\"@type\":\"Person\",\"@id\":\"https:\\\/\\\/www.eldiario.net\\\/portal\\\/#\\\/schema\\\/person\\\/f46445640444750d7d753ccd04ae01b7\",\"name\":\"Jeanette\",\"image\":{\"@type\":\"ImageObject\",\"inLanguage\":\"es\",\"@id\":\"https:\\\/\\\/secure.gravatar.com\\\/avatar\\\/3ea2118a5f7dad2b7138b1187a6b7ee55f160b9968b66013c3a3ef39dd7e5798?s=96&d=mm&r=g\",\"url\":\"https:\\\/\\\/secure.gravatar.com\\\/avatar\\\/3ea2118a5f7dad2b7138b1187a6b7ee55f160b9968b66013c3a3ef39dd7e5798?s=96&d=mm&r=g\",\"contentUrl\":\"https:\\\/\\\/secure.gravatar.com\\\/avatar\\\/3ea2118a5f7dad2b7138b1187a6b7ee55f160b9968b66013c3a3ef39dd7e5798?s=96&d=mm&r=g\",\"caption\":\"Jeanette\"},\"sameAs\":[\"https:\\\/\\\/www.eldiario.net\\\/portal\"],\"url\":\"https:\\\/\\\/www.eldiario.net\\\/portal\\\/author\\\/jeanette\\\/\"}]}<\/script>\n<!-- \/ Yoast SEO plugin. -->","yoast_head_json":{"title":"Chancay abre oportunidad para el comercio boliviano - El Diario - Bolivia","robots":{"index":"index","follow":"follow","max-snippet":"max-snippet:-1","max-image-preview":"max-image-preview:large","max-video-preview":"max-video-preview:-1"},"canonical":"https:\/\/www.eldiario.net\/portal\/2024\/12\/29\/chancay-abre-oportunidad-para-el-comercio-boliviano\/","og_locale":"es_ES","og_type":"article","og_title":"Chancay abre oportunidad para el comercio boliviano - El Diario - Bolivia","og_description":"Bolivia al no gravitar en el Pac\u00edfico con Ilo, ahora se le presenta la oportunidad de mejorar su comercio exterior con Chancay, puerto peruano que reci\u00e9n fue inaugurado, sostuvo el experto portuario, Juan Carlos Fern\u00e1ndez, quien dijo que una zona franca cerca a la terminal portuaria ser\u00e1 vital, as\u00ed como el transporte ferroviario. Los exportadores [&hellip;]","og_url":"https:\/\/www.eldiario.net\/portal\/2024\/12\/29\/chancay-abre-oportunidad-para-el-comercio-boliviano\/","og_site_name":"El Diario - Bolivia","article_publisher":"https:\/\/www.facebook.com\/eldiario.bolivia\/","article_published_time":"2024-12-29T10:55:05+00:00","article_modified_time":"2024-12-29T12:01:15+00:00","og_image":[{"width":450,"height":450,"url":"https:\/\/www.eldiario.net\/portal\/wp-content\/uploads\/2024\/12\/P-3-10-cm-x-7-8.jpg","type":"image\/jpeg"}],"author":"Jeanette","twitter_card":"summary_large_image","twitter_creator":"@eldiario_net","twitter_site":"@eldiario_net","twitter_misc":{"Escrito por":"Jeanette","Tiempo de lectura":"1 minuto"},"schema":{"@context":"https:\/\/schema.org","@graph":[{"@type":"Article","@id":"https:\/\/www.eldiario.net\/portal\/2024\/12\/29\/chancay-abre-oportunidad-para-el-comercio-boliviano\/#article","isPartOf":{"@id":"https:\/\/www.eldiario.net\/portal\/2024\/12\/29\/chancay-abre-oportunidad-para-el-comercio-boliviano\/"},"author":{"name":"Jeanette","@id":"https:\/\/www.eldiario.net\/portal\/#\/schema\/person\/f46445640444750d7d753ccd04ae01b7"},"headline":"Chancay abre oportunidad para el comercio boliviano","datePublished":"2024-12-29T10:55:05+00:00","dateModified":"2024-12-29T12:01:15+00:00","mainEntityOfPage":{"@id":"https:\/\/www.eldiario.net\/portal\/2024\/12\/29\/chancay-abre-oportunidad-para-el-comercio-boliviano\/"},"wordCount":84,"publisher":{"@id":"https:\/\/www.eldiario.net\/portal\/#organization"},"image":{"@id":"https:\/\/www.eldiario.net\/portal\/2024\/12\/29\/chancay-abre-oportunidad-para-el-comercio-boliviano\/#primaryimage"},"thumbnailUrl":"https:\/\/www.eldiario.net\/portal\/wp-content\/uploads\/2024\/12\/P-3-10-cm-x-7-8.jpg","articleSection":["Portada"],"inLanguage":"es"},{"@type":"WebPage","@id":"https:\/\/www.eldiario.net\/portal\/2024\/12\/29\/chancay-abre-oportunidad-para-el-comercio-boliviano\/","url":"https:\/\/www.eldiario.net\/portal\/2024\/12\/29\/chancay-abre-oportunidad-para-el-comercio-boliviano\/","name":"Chancay abre oportunidad para el comercio boliviano - El Diario - Bolivia","isPartOf":{"@id":"https:\/\/www.eldiario.net\/portal\/#website"},"primaryImageOfPage":{"@id":"https:\/\/www.eldiario.net\/portal\/2024\/12\/29\/chancay-abre-oportunidad-para-el-comercio-boliviano\/#primaryimage"},"image":{"@id":"https:\/\/www.eldiario.net\/portal\/2024\/12\/29\/chancay-abre-oportunidad-para-el-comercio-boliviano\/#primaryimage"},"thumbnailUrl":"https:\/\/www.eldiario.net\/portal\/wp-content\/uploads\/2024\/12\/P-3-10-cm-x-7-8.jpg","datePublished":"2024-12-29T10:55:05+00:00","dateModified":"2024-12-29T12:01:15+00:00","breadcrumb":{"@id":"https:\/\/www.eldiario.net\/portal\/2024\/12\/29\/chancay-abre-oportunidad-para-el-comercio-boliviano\/#breadcrumb"},"inLanguage":"es","potentialAction":[{"@type":"ReadAction","target":["https:\/\/www.eldiario.net\/portal\/2024\/12\/29\/chancay-abre-oportunidad-para-el-comercio-boliviano\/"]}]},{"@type":"ImageObject","inLanguage":"es","@id":"https:\/\/www.eldiario.net\/portal\/2024\/12\/29\/chancay-abre-oportunidad-para-el-comercio-boliviano\/#primaryimage","url":"https:\/\/www.eldiario.net\/portal\/wp-content\/uploads\/2024\/12\/P-3-10-cm-x-7-8.jpg","contentUrl":"https:\/\/www.eldiario.net\/portal\/wp-content\/uploads\/2024\/12\/P-3-10-cm-x-7-8.jpg","width":450,"height":450},{"@type":"BreadcrumbList","@id":"https:\/\/www.eldiario.net\/portal\/2024\/12\/29\/chancay-abre-oportunidad-para-el-comercio-boliviano\/#breadcrumb","itemListElement":[{"@type":"ListItem","position":1,"name":"Portada","item":"https:\/\/www.eldiario.net\/portal\/"},{"@type":"ListItem","position":2,"name":"Chancay abre oportunidad para el comercio boliviano"}]},{"@type":"WebSite","@id":"https:\/\/www.eldiario.net\/portal\/#website","url":"https:\/\/www.eldiario.net\/portal\/","name":"El Diario - Decano de la prensa nacional","description":"El Diario - Decano de la prensa nacional","publisher":{"@id":"https:\/\/www.eldiario.net\/portal\/#organization"},"potentialAction":[{"@type":"SearchAction","target":{"@type":"EntryPoint","urlTemplate":"https:\/\/www.eldiario.net\/portal\/?s={search_term_string}"},"query-input":{"@type":"PropertyValueSpecification","valueRequired":true,"valueName":"search_term_string"}}],"inLanguage":"es"},{"@type":"Organization","@id":"https:\/\/www.eldiario.net\/portal\/#organization","name":"El Diario - Decano de la prensa nacional","url":"https:\/\/www.eldiario.net\/portal\/","logo":{"@type":"ImageObject","inLanguage":"es","@id":"https:\/\/www.eldiario.net\/portal\/#\/schema\/logo\/image\/","url":"https:\/\/www.eldiario.net\/portal\/wp-content\/uploads\/2023\/07\/logo_ED.jpg","contentUrl":"https:\/\/www.eldiario.net\/portal\/wp-content\/uploads\/2023\/07\/logo_ED.jpg","width":272,"height":52,"caption":"El Diario - Decano de la prensa nacional"},"image":{"@id":"https:\/\/www.eldiario.net\/portal\/#\/schema\/logo\/image\/"},"sameAs":["https:\/\/www.facebook.com\/eldiario.bolivia\/","https:\/\/x.com\/eldiario_net"]},{"@type":"Person","@id":"https:\/\/www.eldiario.net\/portal\/#\/schema\/person\/f46445640444750d7d753ccd04ae01b7","name":"Jeanette","image":{"@type":"ImageObject","inLanguage":"es","@id":"https:\/\/secure.gravatar.com\/avatar\/3ea2118a5f7dad2b7138b1187a6b7ee55f160b9968b66013c3a3ef39dd7e5798?s=96&d=mm&r=g","url":"https:\/\/secure.gravatar.com\/avatar\/3ea2118a5f7dad2b7138b1187a6b7ee55f160b9968b66013c3a3ef39dd7e5798?s=96&d=mm&r=g","contentUrl":"https:\/\/secure.gravatar.com\/avatar\/3ea2118a5f7dad2b7138b1187a6b7ee55f160b9968b66013c3a3ef39dd7e5798?s=96&d=mm&r=g","caption":"Jeanette"},"sameAs":["https:\/\/www.eldiario.net\/portal"],"url":"https:\/\/www.eldiario.net\/portal\/author\/jeanette\/"}]}},"_links":{"self":[{"href":"https:\/\/www.eldiario.net\/portal\/wp-json\/wp\/v2\/posts\/270969","targetHints":{"allow":["GET"]}}],"collection":[{"href":"https:\/\/www.eldiario.net\/portal\/wp-json\/wp\/v2\/posts"}],"about":[{"href":"https:\/\/www.eldiario.net\/portal\/wp-json\/wp\/v2\/types\/post"}],"author":[{"embeddable":true,"href":"https:\/\/www.eldiario.net\/portal\/wp-json\/wp\/v2\/users\/1"}],"replies":[{"embeddable":true,"href":"https:\/\/www.eldiario.net\/portal\/wp-json\/wp\/v2\/comments?post=270969"}],"version-history":[{"count":1,"href":"https:\/\/www.eldiario.net\/portal\/wp-json\/wp\/v2\/posts\/270969\/revisions"}],"predecessor-version":[{"id":270970,"href":"https:\/\/www.eldiario.net\/portal\/wp-json\/wp\/v2\/posts\/270969\/revisions\/270970"}],"wp:featuredmedia":[{"embeddable":true,"href":"https:\/\/www.eldiario.net\/portal\/wp-json\/wp\/v2\/media\/271081"}],"wp:attachment":[{"href":"https:\/\/www.eldiario.net\/portal\/wp-json\/wp\/v2\/media?parent=270969"}],"wp:term":[{"taxonomy":"category","embeddable":true,"href":"https:\/\/www.eldiario.net\/portal\/wp-json\/wp\/v2\/categories?post=270969"},{"taxonomy":"post_tag","embeddable":true,"href":"https:\/\/www.eldiario.net\/portal\/wp-json\/wp\/v2\/tags?post=270969"}],"curies":[{"name":"wp","href":"https:\/\/api.w.org\/{rel}","templated":true}]}}